{"id":19485,"date":"2026-01-15T06:39:52","date_gmt":"2026-01-15T09:39:52","guid":{"rendered":"https:\/\/brasilnoticias.org\/site\/?p=19485"},"modified":"2026-01-15T06:39:52","modified_gmt":"2026-01-15T09:39:52","slug":"receita-federal-volta-a-negar-taxacao-do-pix-e-alerta-para-golpes","status":"publish","type":"post","link":"https:\/\/brasilnoticias.org\/site\/receita-federal-volta-a-negar-taxacao-do-pix-e-alerta-para-golpes\/","title":{"rendered":"Receita Federal volta a negar taxa\u00e7\u00e3o do Pix e alerta para golpes"},"content":{"rendered":"<p>A Receita Federal do Brasil voltou a desmentir boatos e informa\u00e7\u00f5es falsas que circulam nas redes sociais sobre uma suposta taxa\u00e7\u00e3o ou monitoramento das transa\u00e7\u00f5es feitas pelo Pix, um dos meios de pagamento mais usados no pa\u00eds. O \u00f3rg\u00e3o esclareceu, em nota oficial, que n\u00e3o existe tributa\u00e7\u00e3o sobre o Pix nem fiscaliza\u00e7\u00e3o com esse objetivo, e que qualquer cobran\u00e7a desse tipo seria proibida pela Constitui\u00e7\u00e3o Federal.<\/p>\n<p>As mensagens alarmistas que mencionam \u201ctaxa do Pix\u201d ou \u201cimposto sobre transfer\u00eancias\u201d se baseiam em interpreta\u00e7\u00f5es erradas de uma Instru\u00e7\u00e3o Normativa, mas, na pr\u00e1tica, essa normativa apenas estende \u00e0s fintechs as mesmas obriga\u00e7\u00f5es de transpar\u00eancia que os bancos j\u00e1 t\u00eam para ajudar no combate \u00e0 lavagem de dinheiro e \u00e0 oculta\u00e7\u00e3o de patrim\u00f4nio.<\/p>\n<p>A Receita tamb\u00e9m destacou que boatos sobre cobran\u00e7a de impostos no Pix podem estimular golpes e pr\u00e1ticas fraudulentas. Criminosos tendem a usar esse tipo de desinforma\u00e7\u00e3o para enviar mensagens falsas por redes sociais e aplicativos, pedindo pagamentos indevidos ou tentando obter dados pessoais das v\u00edtimas. O \u00f3rg\u00e3o recomenda desconfiar de mensagens sensacionalistas, n\u00e3o compartilhar conte\u00fados sem fonte confi\u00e1vel e buscar informa\u00e7\u00e3o em canais oficiais do governo ou na imprensa profissional.<\/p>\n<p>Al\u00e9m disso, a nota lembra que mudan\u00e7as recentes no Imposto de Renda \u2014 como a isen\u00e7\u00e3o para quem recebe at\u00e9 R$ 5 mil por m\u00eas \u2014 n\u00e3o t\u00eam rela\u00e7\u00e3o com o Pix nem com qualquer taxa sobre transa\u00e7\u00f5es.<\/p>\n<p>Foto: Bruno Peres\/Ag\u00eancia Brasil<br \/>\nFonte: Ag\u00eancia Brasil<\/p>\n","protected":false},"excerpt":{"rendered":"<p>A Receita Federal do Brasil voltou a desmentir boatos e informa\u00e7\u00f5es falsas que circulam nas redes sociais sobre uma suposta<\/p>\n","protected":false},"author":4,"featured_media":19486,"comment_status":"open","ping_status":"open","sticky":false,"template":"","format":"standard","meta":{"colormag_page_container_layout":"default_layout","colormag_page_sidebar_layout":"default_layout","_FSMCFIC_featured_image_caption":"","_FSMCFIC_featured_image_nocaption":"","_FSMCFIC_featured_image_hide":"","footnotes":""},"categories":[7,1],"tags":[],"class_list":["post-19485","post","type-post","status-publish","format-standard","has-post-thumbnail","hentry","category-justica","category-ultimas"],"yoast_head":"<!-- This site is optimized with the Yoast SEO plugin v27.1.1 - https:\/\/yoast.com\/product\/yoast-seo-wordpress\/ -->\n<title>Receita Federal volta a negar taxa\u00e7\u00e3o do Pix e alerta para golpes - Brasil not\u00edcias<\/title>\n<meta name=\"robots\" content=\"index, follow, max-snippet:-1, max-image-preview:large, max-video-preview:-1\" \/>\n<link rel=\"canonical\" href=\"https:\/\/brasilnoticias.org\/site\/receita-federal-volta-a-negar-taxacao-do-pix-e-alerta-para-golpes\/\" \/>\n<meta property=\"og:locale\" content=\"pt_PT\" \/>\n<meta property=\"og:type\" content=\"article\" \/>\n<meta property=\"og:title\" content=\"Receita Federal volta a negar taxa\u00e7\u00e3o do Pix e alerta para golpes - Brasil not\u00edcias\" \/>\n<meta property=\"og:description\" content=\"A Receita Federal do Brasil voltou a desmentir boatos e informa\u00e7\u00f5es falsas que circulam nas redes sociais sobre uma suposta\" \/>\n<meta property=\"og:url\" content=\"https:\/\/brasilnoticias.org\/site\/receita-federal-volta-a-negar-taxacao-do-pix-e-alerta-para-golpes\/\" \/>\n<meta property=\"og:site_name\" content=\"Brasil not\u00edcias\" \/>\n<meta property=\"article:published_time\" content=\"2026-01-15T09:39:52+00:00\" \/>\n<meta property=\"og:image\" content=\"https:\/\/brasilnoticias.org\/site\/wp-content\/uploads\/2026\/01\/mg_5213.webp\" \/>\n\t<meta property=\"og:image:width\" content=\"1170\" \/>\n\t<meta property=\"og:image:height\" content=\"700\" \/>\n\t<meta property=\"og:image:type\" content=\"image\/webp\" \/>\n<meta name=\"author\" content=\"Reda\u00e7\u00e3o\" \/>\n<meta name=\"twitter:card\" content=\"summary_large_image\" \/>\n<meta name=\"twitter:label1\" content=\"Escrito por\" \/>\n\t<meta name=\"twitter:data1\" content=\"Reda\u00e7\u00e3o\" \/>\n\t<meta name=\"twitter:label2\" content=\"Tempo estimado de leitura\" \/>\n\t<meta name=\"twitter:data2\" content=\"1 minuto\" \/>\n<script type=\"application\/ld+json\" class=\"yoast-schema-graph\">{\"@context\":\"https:\/\/schema.org\",\"@graph\":[{\"@type\":\"Article\",\"@id\":\"https:\/\/brasilnoticias.org\/site\/receita-federal-volta-a-negar-taxacao-do-pix-e-alerta-para-golpes\/#article\",\"isPartOf\":{\"@id\":\"https:\/\/brasilnoticias.org\/site\/receita-federal-volta-a-negar-taxacao-do-pix-e-alerta-para-golpes\/\"},\"author\":{\"name\":\"Reda\u00e7\u00e3o\",\"@id\":\"https:\/\/brasilnoticias.org\/site\/#\/schema\/person\/03bbbfe6c7634ad18c26444ea39049fa\"},\"headline\":\"Receita Federal volta a negar taxa\u00e7\u00e3o do Pix e alerta para golpes\",\"datePublished\":\"2026-01-15T09:39:52+00:00\",\"mainEntityOfPage\":{\"@id\":\"https:\/\/brasilnoticias.org\/site\/receita-federal-volta-a-negar-taxacao-do-pix-e-alerta-para-golpes\/\"},\"wordCount\":282,\"commentCount\":0,\"publisher\":{\"@id\":\"https:\/\/brasilnoticias.org\/site\/#organization\"},\"image\":{\"@id\":\"https:\/\/brasilnoticias.org\/site\/receita-federal-volta-a-negar-taxacao-do-pix-e-alerta-para-golpes\/#primaryimage\"},\"thumbnailUrl\":\"https:\/\/brasilnoticias.org\/site\/wp-content\/uploads\/2026\/01\/mg_5213.webp\",\"articleSection\":[\"Justi\u00e7a\",\"\u00daltimas\"],\"inLanguage\":\"pt-PT\",\"potentialAction\":[{\"@type\":\"CommentAction\",\"name\":\"Comment\",\"target\":[\"https:\/\/brasilnoticias.org\/site\/receita-federal-volta-a-negar-taxacao-do-pix-e-alerta-para-golpes\/#respond\"]}]},{\"@type\":\"WebPage\",\"@id\":\"https:\/\/brasilnoticias.org\/site\/receita-federal-volta-a-negar-taxacao-do-pix-e-alerta-para-golpes\/\",\"url\":\"https:\/\/brasilnoticias.org\/site\/receita-federal-volta-a-negar-taxacao-do-pix-e-alerta-para-golpes\/\",\"name\":\"Receita Federal volta a negar taxa\u00e7\u00e3o do Pix e alerta para golpes - Brasil not\u00edcias\",\"isPartOf\":{\"@id\":\"https:\/\/brasilnoticias.org\/site\/#website\"},\"primaryImageOfPage\":{\"@id\":\"https:\/\/brasilnoticias.org\/site\/receita-federal-volta-a-negar-taxacao-do-pix-e-alerta-para-golpes\/#primaryimage\"},\"image\":{\"@id\":\"https:\/\/brasilnoticias.org\/site\/receita-federal-volta-a-negar-taxacao-do-pix-e-alerta-para-golpes\/#primaryimage\"},\"thumbnailUrl\":\"https:\/\/brasilnoticias.org\/site\/wp-content\/uploads\/2026\/01\/mg_5213.webp\",\"datePublished\":\"2026-01-15T09:39:52+00:00\",\"breadcrumb\":{\"@id\":\"https:\/\/brasilnoticias.org\/site\/receita-federal-volta-a-negar-taxacao-do-pix-e-alerta-para-golpes\/#breadcrumb\"},\"inLanguage\":\"pt-PT\",\"potentialAction\":[{\"@type\":\"ReadAction\",\"target\":[\"https:\/\/brasilnoticias.org\/site\/receita-federal-volta-a-negar-taxacao-do-pix-e-alerta-para-golpes\/\"]}]},{\"@type\":\"ImageObject\",\"inLanguage\":\"pt-PT\",\"@id\":\"https:\/\/brasilnoticias.org\/site\/receita-federal-volta-a-negar-taxacao-do-pix-e-alerta-para-golpes\/#primaryimage\",\"url\":\"https:\/\/brasilnoticias.org\/site\/wp-content\/uploads\/2026\/01\/mg_5213.webp\",\"contentUrl\":\"https:\/\/brasilnoticias.org\/site\/wp-content\/uploads\/2026\/01\/mg_5213.webp\",\"width\":1170,\"height\":700},{\"@type\":\"BreadcrumbList\",\"@id\":\"https:\/\/brasilnoticias.org\/site\/receita-federal-volta-a-negar-taxacao-do-pix-e-alerta-para-golpes\/#breadcrumb\",\"itemListElement\":[{\"@type\":\"ListItem\",\"position\":1,\"name\":\"In\u00edcio\",\"item\":\"https:\/\/brasilnoticias.org\/site\/\"},{\"@type\":\"ListItem\",\"position\":2,\"name\":\"Receita Federal volta a negar taxa\u00e7\u00e3o do Pix e alerta para golpes\"}]},{\"@type\":\"WebSite\",\"@id\":\"https:\/\/brasilnoticias.org\/site\/#website\",\"url\":\"https:\/\/brasilnoticias.org\/site\/\",\"name\":\"Brasil not\u00edcias\",\"description\":\"Brasil not\u00edcias\",\"publisher\":{\"@id\":\"https:\/\/brasilnoticias.org\/site\/#organization\"},\"potentialAction\":[{\"@type\":\"SearchAction\",\"target\":{\"@type\":\"EntryPoint\",\"urlTemplate\":\"https:\/\/brasilnoticias.org\/site\/?s={search_term_string}\"},\"query-input\":{\"@type\":\"PropertyValueSpecification\",\"valueRequired\":true,\"valueName\":\"search_term_string\"}}],\"inLanguage\":\"pt-PT\"},{\"@type\":\"Organization\",\"@id\":\"https:\/\/brasilnoticias.org\/site\/#organization\",\"name\":\"Brasil not\u00edcias\",\"url\":\"https:\/\/brasilnoticias.org\/site\/\",\"logo\":{\"@type\":\"ImageObject\",\"inLanguage\":\"pt-PT\",\"@id\":\"https:\/\/brasilnoticias.org\/site\/#\/schema\/logo\/image\/\",\"url\":\"https:\/\/brasilnoticias.org\/site\/wp-content\/uploads\/2022\/05\/cropped-brasilnoticias-mini.jpg\",\"contentUrl\":\"https:\/\/brasilnoticias.org\/site\/wp-content\/uploads\/2022\/05\/cropped-brasilnoticias-mini.jpg\",\"width\":314,\"height\":86,\"caption\":\"Brasil not\u00edcias\"},\"image\":{\"@id\":\"https:\/\/brasilnoticias.org\/site\/#\/schema\/logo\/image\/\"}},{\"@type\":\"Person\",\"@id\":\"https:\/\/brasilnoticias.org\/site\/#\/schema\/person\/03bbbfe6c7634ad18c26444ea39049fa\",\"name\":\"Reda\u00e7\u00e3o\",\"image\":{\"@type\":\"ImageObject\",\"inLanguage\":\"pt-PT\",\"@id\":\"https:\/\/brasilnoticias.org\/site\/#\/schema\/person\/image\/\",\"url\":\"https:\/\/secure.gravatar.com\/avatar\/9ecaf7327a696cb23ad926fedded5f1f04d7049de9e445375d55b48c001a6e42?s=96&d=mm&r=g\",\"contentUrl\":\"https:\/\/secure.gravatar.com\/avatar\/9ecaf7327a696cb23ad926fedded5f1f04d7049de9e445375d55b48c001a6e42?s=96&d=mm&r=g\",\"caption\":\"Reda\u00e7\u00e3o\"},\"url\":\"https:\/\/brasilnoticias.org\/site\/author\/henrique\/\"}]}<\/script>\n<!-- \/ Yoast SEO plugin. -->","yoast_head_json":{"title":"Receita Federal volta a negar taxa\u00e7\u00e3o do Pix e alerta para golpes - Brasil not\u00edcias","robots":{"index":"index","follow":"follow","max-snippet":"max-snippet:-1","max-image-preview":"max-image-preview:large","max-video-preview":"max-video-preview:-1"},"canonical":"https:\/\/brasilnoticias.org\/site\/receita-federal-volta-a-negar-taxacao-do-pix-e-alerta-para-golpes\/","og_locale":"pt_PT","og_type":"article","og_title":"Receita Federal volta a negar taxa\u00e7\u00e3o do Pix e alerta para golpes - Brasil not\u00edcias","og_description":"A Receita Federal do Brasil voltou a desmentir boatos e informa\u00e7\u00f5es falsas que circulam nas redes sociais sobre uma suposta","og_url":"https:\/\/brasilnoticias.org\/site\/receita-federal-volta-a-negar-taxacao-do-pix-e-alerta-para-golpes\/","og_site_name":"Brasil not\u00edcias","article_published_time":"2026-01-15T09:39:52+00:00","og_image":[{"width":1170,"height":700,"url":"https:\/\/brasilnoticias.org\/site\/wp-content\/uploads\/2026\/01\/mg_5213.webp","type":"image\/webp"}],"author":"Reda\u00e7\u00e3o","twitter_card":"summary_large_image","twitter_misc":{"Escrito por":"Reda\u00e7\u00e3o","Tempo estimado de leitura":"1 minuto"},"schema":{"@context":"https:\/\/schema.org","@graph":[{"@type":"Article","@id":"https:\/\/brasilnoticias.org\/site\/receita-federal-volta-a-negar-taxacao-do-pix-e-alerta-para-golpes\/#article","isPartOf":{"@id":"https:\/\/brasilnoticias.org\/site\/receita-federal-volta-a-negar-taxacao-do-pix-e-alerta-para-golpes\/"},"author":{"name":"Reda\u00e7\u00e3o","@id":"https:\/\/brasilnoticias.org\/site\/#\/schema\/person\/03bbbfe6c7634ad18c26444ea39049fa"},"headline":"Receita Federal volta a negar taxa\u00e7\u00e3o do Pix e alerta para golpes","datePublished":"2026-01-15T09:39:52+00:00","mainEntityOfPage":{"@id":"https:\/\/brasilnoticias.org\/site\/receita-federal-volta-a-negar-taxacao-do-pix-e-alerta-para-golpes\/"},"wordCount":282,"commentCount":0,"publisher":{"@id":"https:\/\/brasilnoticias.org\/site\/#organization"},"image":{"@id":"https:\/\/brasilnoticias.org\/site\/receita-federal-volta-a-negar-taxacao-do-pix-e-alerta-para-golpes\/#primaryimage"},"thumbnailUrl":"https:\/\/brasilnoticias.org\/site\/wp-content\/uploads\/2026\/01\/mg_5213.webp","articleSection":["Justi\u00e7a","\u00daltimas"],"inLanguage":"pt-PT","potentialAction":[{"@type":"CommentAction","name":"Comment","target":["https:\/\/brasilnoticias.org\/site\/receita-federal-volta-a-negar-taxacao-do-pix-e-alerta-para-golpes\/#respond"]}]},{"@type":"WebPage","@id":"https:\/\/brasilnoticias.org\/site\/receita-federal-volta-a-negar-taxacao-do-pix-e-alerta-para-golpes\/","url":"https:\/\/brasilnoticias.org\/site\/receita-federal-volta-a-negar-taxacao-do-pix-e-alerta-para-golpes\/","name":"Receita Federal volta a negar taxa\u00e7\u00e3o do Pix e alerta para golpes - Brasil not\u00edcias","isPartOf":{"@id":"https:\/\/brasilnoticias.org\/site\/#website"},"primaryImageOfPage":{"@id":"https:\/\/brasilnoticias.org\/site\/receita-federal-volta-a-negar-taxacao-do-pix-e-alerta-para-golpes\/#primaryimage"},"image":{"@id":"https:\/\/brasilnoticias.org\/site\/receita-federal-volta-a-negar-taxacao-do-pix-e-alerta-para-golpes\/#primaryimage"},"thumbnailUrl":"https:\/\/brasilnoticias.org\/site\/wp-content\/uploads\/2026\/01\/mg_5213.webp","datePublished":"2026-01-15T09:39:52+00:00","breadcrumb":{"@id":"https:\/\/brasilnoticias.org\/site\/receita-federal-volta-a-negar-taxacao-do-pix-e-alerta-para-golpes\/#breadcrumb"},"inLanguage":"pt-PT","potentialAction":[{"@type":"ReadAction","target":["https:\/\/brasilnoticias.org\/site\/receita-federal-volta-a-negar-taxacao-do-pix-e-alerta-para-golpes\/"]}]},{"@type":"ImageObject","inLanguage":"pt-PT","@id":"https:\/\/brasilnoticias.org\/site\/receita-federal-volta-a-negar-taxacao-do-pix-e-alerta-para-golpes\/#primaryimage","url":"https:\/\/brasilnoticias.org\/site\/wp-content\/uploads\/2026\/01\/mg_5213.webp","contentUrl":"https:\/\/brasilnoticias.org\/site\/wp-content\/uploads\/2026\/01\/mg_5213.webp","width":1170,"height":700},{"@type":"BreadcrumbList","@id":"https:\/\/brasilnoticias.org\/site\/receita-federal-volta-a-negar-taxacao-do-pix-e-alerta-para-golpes\/#breadcrumb","itemListElement":[{"@type":"ListItem","position":1,"name":"In\u00edcio","item":"https:\/\/brasilnoticias.org\/site\/"},{"@type":"ListItem","position":2,"name":"Receita Federal volta a negar taxa\u00e7\u00e3o do Pix e alerta para golpes"}]},{"@type":"WebSite","@id":"https:\/\/brasilnoticias.org\/site\/#website","url":"https:\/\/brasilnoticias.org\/site\/","name":"Brasil not\u00edcias","description":"Brasil not\u00edcias","publisher":{"@id":"https:\/\/brasilnoticias.org\/site\/#organization"},"potentialAction":[{"@type":"SearchAction","target":{"@type":"EntryPoint","urlTemplate":"https:\/\/brasilnoticias.org\/site\/?s={search_term_string}"},"query-input":{"@type":"PropertyValueSpecification","valueRequired":true,"valueName":"search_term_string"}}],"inLanguage":"pt-PT"},{"@type":"Organization","@id":"https:\/\/brasilnoticias.org\/site\/#organization","name":"Brasil not\u00edcias","url":"https:\/\/brasilnoticias.org\/site\/","logo":{"@type":"ImageObject","inLanguage":"pt-PT","@id":"https:\/\/brasilnoticias.org\/site\/#\/schema\/logo\/image\/","url":"https:\/\/brasilnoticias.org\/site\/wp-content\/uploads\/2022\/05\/cropped-brasilnoticias-mini.jpg","contentUrl":"https:\/\/brasilnoticias.org\/site\/wp-content\/uploads\/2022\/05\/cropped-brasilnoticias-mini.jpg","width":314,"height":86,"caption":"Brasil not\u00edcias"},"image":{"@id":"https:\/\/brasilnoticias.org\/site\/#\/schema\/logo\/image\/"}},{"@type":"Person","@id":"https:\/\/brasilnoticias.org\/site\/#\/schema\/person\/03bbbfe6c7634ad18c26444ea39049fa","name":"Reda\u00e7\u00e3o","image":{"@type":"ImageObject","inLanguage":"pt-PT","@id":"https:\/\/brasilnoticias.org\/site\/#\/schema\/person\/image\/","url":"https:\/\/secure.gravatar.com\/avatar\/9ecaf7327a696cb23ad926fedded5f1f04d7049de9e445375d55b48c001a6e42?s=96&d=mm&r=g","contentUrl":"https:\/\/secure.gravatar.com\/avatar\/9ecaf7327a696cb23ad926fedded5f1f04d7049de9e445375d55b48c001a6e42?s=96&d=mm&r=g","caption":"Reda\u00e7\u00e3o"},"url":"https:\/\/brasilnoticias.org\/site\/author\/henrique\/"}]}},"_links":{"self":[{"href":"https:\/\/brasilnoticias.org\/site\/wp-json\/wp\/v2\/posts\/19485","targetHints":{"allow":["GET"]}}],"collection":[{"href":"https:\/\/brasilnoticias.org\/site\/wp-json\/wp\/v2\/posts"}],"about":[{"href":"https:\/\/brasilnoticias.org\/site\/wp-json\/wp\/v2\/types\/post"}],"author":[{"embeddable":true,"href":"https:\/\/brasilnoticias.org\/site\/wp-json\/wp\/v2\/users\/4"}],"replies":[{"embeddable":true,"href":"https:\/\/brasilnoticias.org\/site\/wp-json\/wp\/v2\/comments?post=19485"}],"version-history":[{"count":1,"href":"https:\/\/brasilnoticias.org\/site\/wp-json\/wp\/v2\/posts\/19485\/revisions"}],"predecessor-version":[{"id":19487,"href":"https:\/\/brasilnoticias.org\/site\/wp-json\/wp\/v2\/posts\/19485\/revisions\/19487"}],"wp:featuredmedia":[{"embeddable":true,"href":"https:\/\/brasilnoticias.org\/site\/wp-json\/wp\/v2\/media\/19486"}],"wp:attachment":[{"href":"https:\/\/brasilnoticias.org\/site\/wp-json\/wp\/v2\/media?parent=19485"}],"wp:term":[{"taxonomy":"category","embeddable":true,"href":"https:\/\/brasilnoticias.org\/site\/wp-json\/wp\/v2\/categories?post=19485"},{"taxonomy":"post_tag","embeddable":true,"href":"https:\/\/brasilnoticias.org\/site\/wp-json\/wp\/v2\/tags?post=19485"}],"curies":[{"name":"wp","href":"https:\/\/api.w.org\/{rel}","templated":true}]}}