{"id":1950,"date":"2022-10-17T07:00:06","date_gmt":"2022-10-17T10:00:06","guid":{"rendered":"https:\/\/brasilnoticias.org\/site\/?p=1950"},"modified":"2022-10-16T22:32:27","modified_gmt":"2022-10-17T01:32:27","slug":"1950-2","status":"publish","type":"post","link":"https:\/\/brasilnoticias.org\/site\/1950-2\/","title":{"rendered":""},"content":{"rendered":"<p>A vacina\u00e7\u00e3o contra a Covid-19 segue em Salvador na segunda-feira (16), com aplica\u00e7\u00e3o da 4\u00aa dose de imunizantes para pessoas com 18 anos ou mais. O grupo far\u00e1 parte da estrat\u00e9gia &#8216;Liberou Geral&#8217;, que tamb\u00e9m tem aplica\u00e7\u00e3o da 1\u00aa, 2\u00aa e 3\u00aa para pessoas com 18 anos ou mais, independentemente de ser residente na capital.<\/p>\n<p>No momento da vacina\u00e7\u00e3o, \u00e9 preciso apresentar originais e c\u00f3pias do cart\u00e3o de vacina, carteira nacional de vacina\u00e7\u00e3o digital (Conectsus atualizado), documento de identifica\u00e7\u00e3o com foto, cart\u00e3o SUS vinculado a algum munic\u00edpio baiano e comprovante de resid\u00eancia em territ\u00f3rio estadual.<\/p>\n<p>A 4\u00aa dose para imunossuprimidos com 12 anos ou mais segue exclusivamente para pessoas com nome na lista do site da Secretaria Municipal da Sa\u00fade (SMS). A aplica\u00e7\u00e3o segue tamb\u00e9m para crian\u00e7as de 3 a 11 anos com nome na lista do site da SMS e em institui\u00e7\u00f5es de ensino da capital.<\/p>\n<p>Al\u00e9m disso, a imuniza\u00e7\u00e3o tem continuidade para indiv\u00edduos com 18 anos ou mais vacinados com a Janssen no esquema prim\u00e1rio. De acordo com a nova determina\u00e7\u00e3o prevista pelo Minist\u00e9rio da Sa\u00fade, quem tomou a segunda dose da Johnson &#038; Johnson no intervalo de 4 meses est\u00e1 apto a receber a 3\u00aa dose. A recomenda\u00e7\u00e3o \u00e9 que sejam usadas as vacinas AstraZeneca, Pfizer ou Janssen como segundo refor\u00e7o (3\u00aa dose).<\/p>\n<p>Os demais grupos que n\u00e3o est\u00e3o inclu\u00eddos na estrat\u00e9gia \u2018Liberou Geral\u2019, devem residir em Salvador e ter o nome na lista do site da SMS.<\/p>\n<p>Confira os pontos de vacina\u00e7\u00e3o:<br \/>\n1\u00aa DOSE DE CRIAN\u00c7AS DE 5 A 11 ANOS E 2\u00aa DOSE DA PFIZER PEDI\u00c1TRICA DE CRIAN\u00c7AS DE 5 A 11 ANOS (incluindo crian\u00e7as imunossuprimidas)<\/p>\n<p>Postos fixos: UBS P\u00e9ricles Cardoso (Barbalho), USF Gamboa, UBS Virg\u00edlio Carvalho (Bonfim), USF Capelinha, USF Lealdina Barros (Vale da Muri\u00e7oca), USF Menino Joel (Nordeste de Amaralina), UBS Pires da Veiga (Pau da Lima), UBS Cecy Andrade (Castelo Branco), USF Jo\u00e3o Roma Filho (Jardim Nova Esperan\u00e7a), USF Cajazeiras IV, UBS Jos\u00e9 Mariane (Itapu\u00e3), CSU Pernambu\u00e9s, Multicentro Liberdade, USF Curralinho, UBS Manoel Victorino (Brotas), UBS S\u00e9rgio Arouca (Paripe), USF Bom Jesus dos Passos, USF Ilha de Mar\u00e9 e USF Paramana.<\/p>\n<p>OBSERVA\u00c7\u00c3O: De acordo com a NOTA T\u00c9CNICA N\u00ba 2\/2022-SECOVID\/GAB\/SECOVID\/MS que trata sobre a vacina\u00e7\u00e3o das crian\u00e7as de 5 a 11 anos, crian\u00e7as com 11 anos que iniciaram o esquema vacinal com a vacina Pfizer pedi\u00e1trica, mas que, entre a primeira e a segunda dose, completaram 12 anos, dever\u00e3o completar o esquema com o imunizante da Pfizer pedi\u00e1trica.<\/p>\n<p>1\u00aa DOSE DE CRIAN\u00c7AS DE 3 E 4 ANOS \u2013 CORONAVAC PEDI\u00c1TRICA \u2013 COM O NOME NO SITE \u2013 8H \u00c0S 16 HORAS (incluindo crian\u00e7as imunossuprimidas)<\/p>\n<p>Postos fixos: USF Lealdina Barros (Vale da Muri\u00e7oca), CSU Pernambu\u00e9s, UBS Sergio Arouca (Paripe), USF Bom Jesus dos Passos, USF Ilha de Mar\u00e9 e USF Paramana.<\/p>\n<p>2\u00aa DOSE DE CRIAN\u00c7AS DE 3 A 11 ANOS \u2013 CORONAVAC PEDI\u00c1TRICA \u2013 COM O NOME NO SITE \u2013 8H \u00c0S 16 HORAS (incluindo crian\u00e7as imunossuprimidas)<\/p>\n<p>Postos fixos: USF Lealdina Barros (Vale da Muri\u00e7oca), USF Menino Joel (Nordeste de Amaralina), USF Curralinho, UBS Cosme de Farias, UBS Manoel Victorino (Brotas), CSU Pernambu\u00e9s, USF Cajazeiras V, USF Cajazeiras XI, UBS P\u00e9ricles Cardoso (Barbalho), USF Gamboa, UBS Virg\u00edlio Carvalho (Bonfim), USF Joanes Centro Oeste, UBS Jos\u00e9 Mariane (Itapu\u00e3), USF Mussurunga I, UBS Maria Concei\u00e7\u00e3o Imbassahy (Pau Mi\u00fado), Multicentro Liberdade, UBS Cecy Andrade (Castelo Branco), USF Jo\u00e3o Roma Filho (Jardim Nova Esperan\u00e7a), USF Luiz Braga (Piraj\u00e1), UBS Sergio Arouca (Paripe), USF S\u00e3o Tom\u00e9 de Paripe, USF Colinas de Periperi, USF Alto da Terezinha, USF Beira Mangue, USF Bom Jesus dos Passos, USF Ilha de Mar\u00e9 e USF Paramana.<\/p>\n<p>DOCUMENTOS:<\/p>\n<p>CRIAN\u00c7A ACOMPANHADA PELO PAI OU M\u00c3E: Necess\u00e1rio estar com nome no site da SMS e no ato da vacina\u00e7\u00e3o apresentar originais e c\u00f3pias do documento de identifica\u00e7\u00e3o, com foto do pai ou da m\u00e3e que estiver presente, original e c\u00f3pia do documento de identifica\u00e7\u00e3o da crian\u00e7a, e originais da caderneta de vacina e cart\u00e3o SUS de Salvador da crian\u00e7a.<\/p>\n<p>CRIAN\u00c7A DESACOMPANHADA DO PAI OU DA M\u00c3E: Necess\u00e1rio estar com nome no site e no ato da vacina\u00e7\u00e3o estar acompanhada por outra pessoa maior de 18 anos. Al\u00e9m disso, dever\u00e1 ser apresentar Formul\u00e1rio de Vacina\u00e7\u00e3o preenchido e assinado pelo genitor da crian\u00e7a (pai ou m\u00e3e), c\u00f3pia do documento de identifica\u00e7\u00e3o com foto do respons\u00e1vel pela assinatura no documento, original e c\u00f3pia do documento de identifica\u00e7\u00e3o da crian\u00e7a, al\u00e9m dos originais da caderneta de vacina e do cart\u00e3o SUS de Salvador da crian\u00e7a. O Formul\u00e1rio de Vacina est\u00e1 dispon\u00edvel para impress\u00e3o pela internet.<\/p>\n<p>OBSERVA\u00c7\u00c3O: Os casos excepcionais relacionados \u00e0 falta de apresenta\u00e7\u00e3o da documenta\u00e7\u00e3o completa ser\u00e3o tratados individualmente no pr\u00f3prio ato\/local da vacina\u00e7\u00e3o, como vem ocorrendo desde o in\u00edcio da estrat\u00e9gia.<\/p>\n<p>VACINA\u00c7\u00c3O ADULTO \u2013 1\u00aa, 2\u00aa, 3\u00aa E 4\u00aa DOSES \u2013 8H \u00c0S 16 HORAS (Exceto 2\u00aa dose Coronavac)<\/p>\n<p>A estrat\u00e9gia de 2\u00aa dose nessas unidades ser\u00e1 exclusiva para os indiv\u00edduos que receberam a 1\u00aa dose dos imunizantes Pfizer e Oxford<\/p>\n<p>Drive-thru: 5\u00ba Centro, Shopping Bela Vista (9h \u00e0s 16h), Vila Militar (Dendezeiros).<\/p>\n<p>Pontos Fixos Volantes: Esta\u00e7\u00e3o Mussurunga, Shopping Bela Vista (9h \u00e0s 16h).<\/p>\n<p>PONTO EXCLUSIVO 3\u00aa E 4\u00aa DOSES: Esta\u00e7\u00e3o Mussurunga.<\/p>\n<p>POSTOS FIXOS (08h \u00e0s 16h): 5\u00ba Centro de Sa\u00fade, UBS Santa Cruz (8h \u00e0s 14h30), USF Federa\u00e7\u00e3o, USF Menino Joel (Nordeste de Amaralina), USF Alto das Pombas, USF Sabino Silva (Nordeste de Alaralina), USF Lealdina Barros (Vale da Muri\u00e7oca), USF Imbu\u00ed, USF Curralinho, USF M\u00e1rio Andr\u00e9a (Sete Portas), USF Santa Luzia (Engenho Velho de Brotas), USF Vale do Matatu, USF Sussuarana I, USF Cajazeiras X, USF Boca da Mata, USF Yolanda Pires, USF Cajazeiras V, USF Cajazeiras IX, USF Jardim das Mangabeiras, UBS Ramiro de Azevedo (Campo da P\u00f3lvora), USF Terreiro de Jesus, UBS Ministro Alkimin (Massaranduba), USF Joanes Leste, USF Joanes Centro Oeste, USF Alto do Coqueirinho, USF Km 17, UBS Eduardo Mamede (Mussurunga), USF Parque S\u00e3o Crist\u00f3v\u00e3o, USF Jardim Campo Verde, USF Cora\u00e7\u00e3o de Maria, USF Aristides Maltez, USF Ceasa I e II, USF Itapu\u00e3, USF Jardim das Margaridas, UBS Orlando Imbassahy (Bairro da Paz), USF Vila Verde, USF S\u00e3o Crist\u00f3v\u00e3o, USF Mussurunga I, UBS S\u00e3o Crist\u00f3v\u00e3o, USF Nova Esperan\u00e7a, USF IAPI, USF San Martim I, USF San Martim III, UBS Cecy Andrade (Castelo Branco), USF Vila Nova de Pitua\u00e7u, USF Nova Bras\u00edlia, USF Dom Avelar, UBS Vale dos Lagos, USF Boa Vista de S\u00e3o Caetano, USF Alto do Peru, USF Recanto da Lagoa II, USF San Martim II, USF Antonio Lazzarotto (Plataforma), USF Alto do Cabrito, UBS P\u00e9ricles Laranjeiras (Fazenda Grande do Retiro), USF Vista Alegre, USF Itacaranha, USF Alto de Coutos II, USF Plataforma, USF Tubar\u00e3o, USF Alto do Cruzeiro, USF Nova Constituinte, USF Congo, USF Fazenda Coutos III, UBS Periperi, USF Bom Jesus dos Passos, USF Ilha de Mar\u00e9 e USF Paramana.<br \/>\n2\u00aa DOSE DA CORONAVAC \u2013 18 ANOS OU MAIS \u2013 LIBEROU GERAL \u2013 8H \u00c0S 16 HORAS<\/p>\n<p>USF Lealdina Barros (Vale da Muri\u00e7oca), USF Curralinho, UBS Cosme de Farias, CSU Pernambu\u00e9s, USF Cajazeiras V, UBS P\u00e9ricles Esteves Cardoso (Barbalho), UBS Virg\u00edlio Carvalho (Bonfim), USF Mussurunga I, UBS Maria Concei\u00e7\u00e3o Santiago Imbassahy (Pau Mi\u00fado), USF Jo\u00e3o Roma Filho (Jardim Nova Esperan\u00e7a), USF Deputado Luiz Braga (Piraj\u00e1) e UBS S\u00e9rgio Arouca (Paripe).<\/p>\n<p>Confira os aprazamentos:<br \/>\n2\u00aa DOSE \u2013 Crian\u00e7as e adolescentes de 3 a 17 anos \u2013 que tomaram a primeira dose at\u00e9 o dia 20\/09\/2022 \u2013 Com nome no site \u2013 CORONAVAC<\/p>\n<p>2\u00aa DOSE \u2013 Crian\u00e7as 5 a 11 anos \u2013 que tomaram a primeira dose at\u00e9 o dia 23\/08\/2022 \u2013 Com nome no site \u2013 Pfizer pedi\u00e1trica<\/p>\n<p>2\u00aa DOSE CORONAVAC \u2013 aprazados at\u00e9 17\/10\/2022 \u2013 Liberou Geral<\/p>\n<p>2\u00aa DOSE JANSSEN \u2013 para quem tomou a primeira dose\/dose \u00fanica da Janssen at\u00e9 a data de 16\/08\/2022 \u2013 Com nome no site<\/p>\n<p>2\u00aa DOSE OXFORD \u2013 aprazados at\u00e9 12\/11\/2022 \u2013 Com nome no site<\/p>\n<p>2\u00aa DOSE PFIZER \u2013 12 ANOS OU MAIS \u2013 aprazados at\u00e9 12\/11\/2022 \u2013 Liberou Geral<\/p>\n<p>2\u00aa DOSE DE GESTANTES E PU\u00c9RPERAS \u2013 aprazadas at\u00e9 12\/11\/2022 \u2013 Com nome no site<\/p>\n<p>3\u00aa DOSE 12 A 17 ANOS \u2013 que tomaram a segunda dose at\u00e9 o dia 18\/06\/2022 \u2013 Com nome no site<\/p>\n<p>3\u00aa 18 ANOS OU MAIS \u2013 que tomaram a segunda dose at\u00e9 o dia 18\/06\/2022 \u2013 Liberou Geral<\/p>\n<p>DOSE DE REOFR\u00c7O IMUNOSSUPRIMIDOS com 12 anos ou mais que tomaram a segunda dose at\u00e9 o dia 21\/08\/2022 \u2013 PFIZER \u2013 com nome no Site<\/p>\n<p>DOSE DE REFOR\u00c7O GESTANTE E PU\u00c9RPERA \u2013 que tomaram a 2\u00aa dose at\u00e9 o dia 15\/05\/2022 \u2013 Com nome no site<\/p>\n<p>4\u00aa DOSE \u2013 PESSOAS COM 18 ANOS OU MAIS \u2013 que tomaram a 3\u00aa dose at\u00e9 o dia 19\/06\/2022 \u2013 Liberou Geral<\/p>\n<p>4\u00aa DOSE \u2013 PESSOAS COM 12 ANOS OU MAIS IMUNOSSUPRESSOS \u2013 Com nome na lista<\/p>\n<p>Exig\u00eancia: o interessado imunocomprometido deve ter 12 anos ou mais, j\u00e1 ter tomado as tr\u00eas doses do esquema vacinal, tendo tomado a terceira dose at\u00e9 o dia 16\/06\/2022. Al\u00e9m disso precisa obrigatoriamente estar com o nome no site da SMS.<\/p>\n<p>G1<br \/>\nFoto Internet<\/p>\n","protected":false},"excerpt":{"rendered":"<p>A vacina\u00e7\u00e3o contra a Covid-19 segue em Salvador na segunda-feira (16), com aplica\u00e7\u00e3o da 4\u00aa dose de imunizantes para pessoas<\/p>\n","protected":false},"author":1,"featured_media":1703,"comment_status":"open","ping_status":"open","sticky":false,"template":"","format":"standard","meta":{"colormag_page_container_layout":"default_layout","colormag_page_sidebar_layout":"default_layout","_FSMCFIC_featured_image_caption":"","_FSMCFIC_featured_image_nocaption":"","_FSMCFIC_featured_image_hide":"","footnotes":""},"categories":[2,1],"tags":[],"class_list":["post-1950","post","type-post","status-publish","format-standard","has-post-thumbnail","hentry","category-noticias","category-ultimas"],"yoast_head":"<!-- This site is optimized with the Yoast SEO plugin v27.1.1 - https:\/\/yoast.com\/product\/yoast-seo-wordpress\/ -->\n<title>- Brasil not\u00edcias<\/title>\n<meta name=\"robots\" content=\"index, follow, max-snippet:-1, max-image-preview:large, max-video-preview:-1\" \/>\n<link rel=\"canonical\" href=\"https:\/\/brasilnoticias.org\/site\/1950-2\/\" \/>\n<meta property=\"og:locale\" content=\"pt_PT\" \/>\n<meta property=\"og:type\" content=\"article\" \/>\n<meta property=\"og:title\" content=\"- Brasil not\u00edcias\" \/>\n<meta property=\"og:description\" content=\"A vacina\u00e7\u00e3o contra a Covid-19 segue em Salvador na segunda-feira (16), com aplica\u00e7\u00e3o da 4\u00aa dose de imunizantes para pessoas\" \/>\n<meta property=\"og:url\" content=\"https:\/\/brasilnoticias.org\/site\/1950-2\/\" \/>\n<meta property=\"og:site_name\" content=\"Brasil not\u00edcias\" \/>\n<meta property=\"article:published_time\" content=\"2022-10-17T10:00:06+00:00\" \/>\n<meta property=\"og:image\" content=\"https:\/\/brasilnoticias.org\/site\/wp-content\/uploads\/2022\/10\/129155variola-dos-macacos-primeiro-lote-de-vacinas-chega-ao-brasil-3.jpg\" \/>\n\t<meta property=\"og:image:width\" content=\"1600\" \/>\n\t<meta property=\"og:image:height\" content=\"752\" \/>\n\t<meta property=\"og:image:type\" content=\"image\/jpeg\" \/>\n<meta name=\"author\" content=\"Reda\u00e7\u00e3o\" \/>\n<meta name=\"twitter:card\" content=\"summary_large_image\" \/>\n<meta name=\"twitter:label1\" content=\"Escrito por\" \/>\n\t<meta name=\"twitter:data1\" content=\"Reda\u00e7\u00e3o\" \/>\n\t<meta name=\"twitter:label2\" content=\"Tempo estimado de leitura\" \/>\n\t<meta name=\"twitter:data2\" content=\"8 minutos\" \/>\n<script type=\"application\/ld+json\" class=\"yoast-schema-graph\">{\"@context\":\"https:\/\/schema.org\",\"@graph\":[{\"@type\":\"Article\",\"@id\":\"https:\/\/brasilnoticias.org\/site\/1950-2\/#article\",\"isPartOf\":{\"@id\":\"https:\/\/brasilnoticias.org\/site\/1950-2\/\"},\"author\":{\"name\":\"Reda\u00e7\u00e3o\",\"@id\":\"https:\/\/brasilnoticias.org\/site\/#\/schema\/person\/a0e05b973ec4d15c658d51911e53507b\"},\"headline\":\"Sem t\u00edtulo\",\"datePublished\":\"2022-10-17T10:00:06+00:00\",\"mainEntityOfPage\":{\"@id\":\"https:\/\/brasilnoticias.org\/site\/1950-2\/\"},\"wordCount\":1504,\"commentCount\":0,\"publisher\":{\"@id\":\"https:\/\/brasilnoticias.org\/site\/#organization\"},\"image\":{\"@id\":\"https:\/\/brasilnoticias.org\/site\/1950-2\/#primaryimage\"},\"thumbnailUrl\":\"https:\/\/brasilnoticias.org\/site\/wp-content\/uploads\/2022\/10\/129155variola-dos-macacos-primeiro-lote-de-vacinas-chega-ao-brasil-3.jpg\",\"articleSection\":[\"Not\u00edcias\",\"\u00daltimas\"],\"inLanguage\":\"pt-PT\",\"potentialAction\":[{\"@type\":\"CommentAction\",\"name\":\"Comment\",\"target\":[\"https:\/\/brasilnoticias.org\/site\/1950-2\/#respond\"]}]},{\"@type\":\"WebPage\",\"@id\":\"https:\/\/brasilnoticias.org\/site\/1950-2\/\",\"url\":\"https:\/\/brasilnoticias.org\/site\/1950-2\/\",\"name\":\"- Brasil not\u00edcias\",\"isPartOf\":{\"@id\":\"https:\/\/brasilnoticias.org\/site\/#website\"},\"primaryImageOfPage\":{\"@id\":\"https:\/\/brasilnoticias.org\/site\/1950-2\/#primaryimage\"},\"image\":{\"@id\":\"https:\/\/brasilnoticias.org\/site\/1950-2\/#primaryimage\"},\"thumbnailUrl\":\"https:\/\/brasilnoticias.org\/site\/wp-content\/uploads\/2022\/10\/129155variola-dos-macacos-primeiro-lote-de-vacinas-chega-ao-brasil-3.jpg\",\"datePublished\":\"2022-10-17T10:00:06+00:00\",\"inLanguage\":\"pt-PT\",\"potentialAction\":[{\"@type\":\"ReadAction\",\"target\":[\"https:\/\/brasilnoticias.org\/site\/1950-2\/\"]}]},{\"@type\":\"ImageObject\",\"inLanguage\":\"pt-PT\",\"@id\":\"https:\/\/brasilnoticias.org\/site\/1950-2\/#primaryimage\",\"url\":\"https:\/\/brasilnoticias.org\/site\/wp-content\/uploads\/2022\/10\/129155variola-dos-macacos-primeiro-lote-de-vacinas-chega-ao-brasil-3.jpg\",\"contentUrl\":\"https:\/\/brasilnoticias.org\/site\/wp-content\/uploads\/2022\/10\/129155variola-dos-macacos-primeiro-lote-de-vacinas-chega-ao-brasil-3.jpg\",\"width\":1600,\"height\":752},{\"@type\":\"WebSite\",\"@id\":\"https:\/\/brasilnoticias.org\/site\/#website\",\"url\":\"https:\/\/brasilnoticias.org\/site\/\",\"name\":\"Brasil not\u00edcias\",\"description\":\"Brasil not\u00edcias\",\"publisher\":{\"@id\":\"https:\/\/brasilnoticias.org\/site\/#organization\"},\"potentialAction\":[{\"@type\":\"SearchAction\",\"target\":{\"@type\":\"EntryPoint\",\"urlTemplate\":\"https:\/\/brasilnoticias.org\/site\/?s={search_term_string}\"},\"query-input\":{\"@type\":\"PropertyValueSpecification\",\"valueRequired\":true,\"valueName\":\"search_term_string\"}}],\"inLanguage\":\"pt-PT\"},{\"@type\":\"Organization\",\"@id\":\"https:\/\/brasilnoticias.org\/site\/#organization\",\"name\":\"Brasil not\u00edcias\",\"url\":\"https:\/\/brasilnoticias.org\/site\/\",\"logo\":{\"@type\":\"ImageObject\",\"inLanguage\":\"pt-PT\",\"@id\":\"https:\/\/brasilnoticias.org\/site\/#\/schema\/logo\/image\/\",\"url\":\"https:\/\/brasilnoticias.org\/site\/wp-content\/uploads\/2022\/05\/cropped-brasilnoticias-mini.jpg\",\"contentUrl\":\"https:\/\/brasilnoticias.org\/site\/wp-content\/uploads\/2022\/05\/cropped-brasilnoticias-mini.jpg\",\"width\":314,\"height\":86,\"caption\":\"Brasil not\u00edcias\"},\"image\":{\"@id\":\"https:\/\/brasilnoticias.org\/site\/#\/schema\/logo\/image\/\"}},{\"@type\":\"Person\",\"@id\":\"https:\/\/brasilnoticias.org\/site\/#\/schema\/person\/a0e05b973ec4d15c658d51911e53507b\",\"name\":\"Reda\u00e7\u00e3o\",\"image\":{\"@type\":\"ImageObject\",\"inLanguage\":\"pt-PT\",\"@id\":\"https:\/\/brasilnoticias.org\/site\/#\/schema\/person\/image\/\",\"url\":\"https:\/\/secure.gravatar.com\/avatar\/75d8b050df2de108b08ae78dfb8e374892df24a383c67db9c46a9c604f6aee9c?s=96&d=mm&r=g\",\"contentUrl\":\"https:\/\/secure.gravatar.com\/avatar\/75d8b050df2de108b08ae78dfb8e374892df24a383c67db9c46a9c604f6aee9c?s=96&d=mm&r=g\",\"caption\":\"Reda\u00e7\u00e3o\"},\"sameAs\":[\"https:\/\/brasilnoticias.org\/site\"],\"url\":\"https:\/\/brasilnoticias.org\/site\/author\/fernandozsngmail-com\/\"}]}<\/script>\n<!-- \/ Yoast SEO plugin. -->","yoast_head_json":{"title":"- Brasil not\u00edcias","robots":{"index":"index","follow":"follow","max-snippet":"max-snippet:-1","max-image-preview":"max-image-preview:large","max-video-preview":"max-video-preview:-1"},"canonical":"https:\/\/brasilnoticias.org\/site\/1950-2\/","og_locale":"pt_PT","og_type":"article","og_title":"- Brasil not\u00edcias","og_description":"A vacina\u00e7\u00e3o contra a Covid-19 segue em Salvador na segunda-feira (16), com aplica\u00e7\u00e3o da 4\u00aa dose de imunizantes para pessoas","og_url":"https:\/\/brasilnoticias.org\/site\/1950-2\/","og_site_name":"Brasil not\u00edcias","article_published_time":"2022-10-17T10:00:06+00:00","og_image":[{"width":1600,"height":752,"url":"https:\/\/brasilnoticias.org\/site\/wp-content\/uploads\/2022\/10\/129155variola-dos-macacos-primeiro-lote-de-vacinas-chega-ao-brasil-3.jpg","type":"image\/jpeg"}],"author":"Reda\u00e7\u00e3o","twitter_card":"summary_large_image","twitter_misc":{"Escrito por":"Reda\u00e7\u00e3o","Tempo estimado de leitura":"8 minutos"},"schema":{"@context":"https:\/\/schema.org","@graph":[{"@type":"Article","@id":"https:\/\/brasilnoticias.org\/site\/1950-2\/#article","isPartOf":{"@id":"https:\/\/brasilnoticias.org\/site\/1950-2\/"},"author":{"name":"Reda\u00e7\u00e3o","@id":"https:\/\/brasilnoticias.org\/site\/#\/schema\/person\/a0e05b973ec4d15c658d51911e53507b"},"headline":"Sem t\u00edtulo","datePublished":"2022-10-17T10:00:06+00:00","mainEntityOfPage":{"@id":"https:\/\/brasilnoticias.org\/site\/1950-2\/"},"wordCount":1504,"commentCount":0,"publisher":{"@id":"https:\/\/brasilnoticias.org\/site\/#organization"},"image":{"@id":"https:\/\/brasilnoticias.org\/site\/1950-2\/#primaryimage"},"thumbnailUrl":"https:\/\/brasilnoticias.org\/site\/wp-content\/uploads\/2022\/10\/129155variola-dos-macacos-primeiro-lote-de-vacinas-chega-ao-brasil-3.jpg","articleSection":["Not\u00edcias","\u00daltimas"],"inLanguage":"pt-PT","potentialAction":[{"@type":"CommentAction","name":"Comment","target":["https:\/\/brasilnoticias.org\/site\/1950-2\/#respond"]}]},{"@type":"WebPage","@id":"https:\/\/brasilnoticias.org\/site\/1950-2\/","url":"https:\/\/brasilnoticias.org\/site\/1950-2\/","name":"- Brasil not\u00edcias","isPartOf":{"@id":"https:\/\/brasilnoticias.org\/site\/#website"},"primaryImageOfPage":{"@id":"https:\/\/brasilnoticias.org\/site\/1950-2\/#primaryimage"},"image":{"@id":"https:\/\/brasilnoticias.org\/site\/1950-2\/#primaryimage"},"thumbnailUrl":"https:\/\/brasilnoticias.org\/site\/wp-content\/uploads\/2022\/10\/129155variola-dos-macacos-primeiro-lote-de-vacinas-chega-ao-brasil-3.jpg","datePublished":"2022-10-17T10:00:06+00:00","inLanguage":"pt-PT","potentialAction":[{"@type":"ReadAction","target":["https:\/\/brasilnoticias.org\/site\/1950-2\/"]}]},{"@type":"ImageObject","inLanguage":"pt-PT","@id":"https:\/\/brasilnoticias.org\/site\/1950-2\/#primaryimage","url":"https:\/\/brasilnoticias.org\/site\/wp-content\/uploads\/2022\/10\/129155variola-dos-macacos-primeiro-lote-de-vacinas-chega-ao-brasil-3.jpg","contentUrl":"https:\/\/brasilnoticias.org\/site\/wp-content\/uploads\/2022\/10\/129155variola-dos-macacos-primeiro-lote-de-vacinas-chega-ao-brasil-3.jpg","width":1600,"height":752},{"@type":"WebSite","@id":"https:\/\/brasilnoticias.org\/site\/#website","url":"https:\/\/brasilnoticias.org\/site\/","name":"Brasil not\u00edcias","description":"Brasil not\u00edcias","publisher":{"@id":"https:\/\/brasilnoticias.org\/site\/#organization"},"potentialAction":[{"@type":"SearchAction","target":{"@type":"EntryPoint","urlTemplate":"https:\/\/brasilnoticias.org\/site\/?s={search_term_string}"},"query-input":{"@type":"PropertyValueSpecification","valueRequired":true,"valueName":"search_term_string"}}],"inLanguage":"pt-PT"},{"@type":"Organization","@id":"https:\/\/brasilnoticias.org\/site\/#organization","name":"Brasil not\u00edcias","url":"https:\/\/brasilnoticias.org\/site\/","logo":{"@type":"ImageObject","inLanguage":"pt-PT","@id":"https:\/\/brasilnoticias.org\/site\/#\/schema\/logo\/image\/","url":"https:\/\/brasilnoticias.org\/site\/wp-content\/uploads\/2022\/05\/cropped-brasilnoticias-mini.jpg","contentUrl":"https:\/\/brasilnoticias.org\/site\/wp-content\/uploads\/2022\/05\/cropped-brasilnoticias-mini.jpg","width":314,"height":86,"caption":"Brasil not\u00edcias"},"image":{"@id":"https:\/\/brasilnoticias.org\/site\/#\/schema\/logo\/image\/"}},{"@type":"Person","@id":"https:\/\/brasilnoticias.org\/site\/#\/schema\/person\/a0e05b973ec4d15c658d51911e53507b","name":"Reda\u00e7\u00e3o","image":{"@type":"ImageObject","inLanguage":"pt-PT","@id":"https:\/\/brasilnoticias.org\/site\/#\/schema\/person\/image\/","url":"https:\/\/secure.gravatar.com\/avatar\/75d8b050df2de108b08ae78dfb8e374892df24a383c67db9c46a9c604f6aee9c?s=96&d=mm&r=g","contentUrl":"https:\/\/secure.gravatar.com\/avatar\/75d8b050df2de108b08ae78dfb8e374892df24a383c67db9c46a9c604f6aee9c?s=96&d=mm&r=g","caption":"Reda\u00e7\u00e3o"},"sameAs":["https:\/\/brasilnoticias.org\/site"],"url":"https:\/\/brasilnoticias.org\/site\/author\/fernandozsngmail-com\/"}]}},"_links":{"self":[{"href":"https:\/\/brasilnoticias.org\/site\/wp-json\/wp\/v2\/posts\/1950","targetHints":{"allow":["GET"]}}],"collection":[{"href":"https:\/\/brasilnoticias.org\/site\/wp-json\/wp\/v2\/posts"}],"about":[{"href":"https:\/\/brasilnoticias.org\/site\/wp-json\/wp\/v2\/types\/post"}],"author":[{"embeddable":true,"href":"https:\/\/brasilnoticias.org\/site\/wp-json\/wp\/v2\/users\/1"}],"replies":[{"embeddable":true,"href":"https:\/\/brasilnoticias.org\/site\/wp-json\/wp\/v2\/comments?post=1950"}],"version-history":[{"count":1,"href":"https:\/\/brasilnoticias.org\/site\/wp-json\/wp\/v2\/posts\/1950\/revisions"}],"predecessor-version":[{"id":1951,"href":"https:\/\/brasilnoticias.org\/site\/wp-json\/wp\/v2\/posts\/1950\/revisions\/1951"}],"wp:featuredmedia":[{"embeddable":true,"href":"https:\/\/brasilnoticias.org\/site\/wp-json\/wp\/v2\/media\/1703"}],"wp:attachment":[{"href":"https:\/\/brasilnoticias.org\/site\/wp-json\/wp\/v2\/media?parent=1950"}],"wp:term":[{"taxonomy":"category","embeddable":true,"href":"https:\/\/brasilnoticias.org\/site\/wp-json\/wp\/v2\/categories?post=1950"},{"taxonomy":"post_tag","embeddable":true,"href":"https:\/\/brasilnoticias.org\/site\/wp-json\/wp\/v2\/tags?post=1950"}],"curies":[{"name":"wp","href":"https:\/\/api.w.org\/{rel}","templated":true}]}}