{"id":1952,"date":"2022-10-17T18:20:37","date_gmt":"2022-10-17T21:20:37","guid":{"rendered":"https:\/\/brasilnoticias.org\/site\/?p=1952"},"modified":"2022-10-16T22:35:31","modified_gmt":"2022-10-17T01:35:31","slug":"foragido-da-justica-e-preso-no-dia-do-aniversario-no-oeste-da-bahia","status":"publish","type":"post","link":"https:\/\/brasilnoticias.org\/site\/foragido-da-justica-e-preso-no-dia-do-aniversario-no-oeste-da-bahia\/","title":{"rendered":"Foragido da Justi\u00e7a \u00e9 preso no dia do anivers\u00e1rio no oeste da Bahia"},"content":{"rendered":"<p>Um homem considerado foragido da Justi\u00e7a foi preso no fim da tarde de s\u00e1bado (15), dia em que completou 41 anos. O caso ocorreu em Planalto, no oeste da Bahia, e o suspeito era procurado ap\u00f3s ter sido autuado por viol\u00eancia contra mulher.<\/p>\n<p>A situa\u00e7\u00e3o aconteceu no km 777 da BR-116, em uma a\u00e7\u00e3o da Pol\u00edcia Rodovi\u00e1ria Federal (PRF). O homem dirigia um carro e foi abordado em uma fiscaliza\u00e7\u00e3o de rotina. Ao consultar os sistemas de seguran\u00e7a p\u00fablica, os agentes descobriram que que havia um mandado de pris\u00e3o contra ele, por descumprimento de medida protetiva da Lei Maria da Penha e amea\u00e7a.<\/p>\n<p>O homem disse aos policiais que tinha conhecimento do mandado de pris\u00e3o, e que havia contratado um advogado para resolver a situa\u00e7\u00e3o. Os crimes cometidos por ele n\u00e3o foram detalhados, e a identidade dele n\u00e3o foi revelada, por causa da Lei Geral de Prote\u00e7\u00e3o de Dados.<\/p>\n<p>Conforme a PRF, a ordem judicial foi expedida em maio deste ano, pela Vara de Jurisdi\u00e7\u00e3o Plena de Planalto, e tinha validade at\u00e9 maio de 2026. O preso foi levado at\u00e9 a Delegacia de Pol\u00edcia Civil, onde foi lavrado o flagrante.<\/p>\n<p>G1<br \/>\nfoto  PRF<\/p>\n","protected":false},"excerpt":{"rendered":"<p>Um homem considerado foragido da Justi\u00e7a foi preso no fim da tarde de s\u00e1bado (15), dia em que completou 41<\/p>\n","protected":false},"author":1,"featured_media":1953,"comment_status":"open","ping_status":"open","sticky":false,"template":"","format":"standard","meta":{"colormag_page_container_layout":"default_layout","colormag_page_sidebar_layout":"default_layout","_FSMCFIC_featured_image_caption":"","_FSMCFIC_featured_image_nocaption":"","_FSMCFIC_featured_image_hide":"","footnotes":""},"categories":[3,1],"tags":[],"class_list":["post-1952","post","type-post","status-publish","format-standard","has-post-thumbnail","hentry","category-policia","category-ultimas"],"yoast_head":"<!-- This site is optimized with the Yoast SEO plugin v27.1.1 - https:\/\/yoast.com\/product\/yoast-seo-wordpress\/ -->\n<title>Foragido da Justi\u00e7a \u00e9 preso no dia do anivers\u00e1rio no oeste da Bahia - Brasil not\u00edcias<\/title>\n<meta name=\"robots\" content=\"index, follow, max-snippet:-1, max-image-preview:large, max-video-preview:-1\" \/>\n<link rel=\"canonical\" href=\"https:\/\/brasilnoticias.org\/site\/foragido-da-justica-e-preso-no-dia-do-aniversario-no-oeste-da-bahia\/\" \/>\n<meta property=\"og:locale\" content=\"pt_PT\" \/>\n<meta property=\"og:type\" content=\"article\" \/>\n<meta property=\"og:title\" content=\"Foragido da Justi\u00e7a \u00e9 preso no dia do anivers\u00e1rio no oeste da Bahia - Brasil not\u00edcias\" \/>\n<meta property=\"og:description\" content=\"Um homem considerado foragido da Justi\u00e7a foi preso no fim da tarde de s\u00e1bado (15), dia em que completou 41\" \/>\n<meta property=\"og:url\" content=\"https:\/\/brasilnoticias.org\/site\/foragido-da-justica-e-preso-no-dia-do-aniversario-no-oeste-da-bahia\/\" \/>\n<meta property=\"og:site_name\" content=\"Brasil not\u00edcias\" \/>\n<meta property=\"article:published_time\" content=\"2022-10-17T21:20:37+00:00\" \/>\n<meta property=\"og:image\" content=\"https:\/\/brasilnoticias.org\/site\/wp-content\/uploads\/2022\/10\/Capturar-19.jpg\" \/>\n\t<meta property=\"og:image:width\" content=\"643\" \/>\n\t<meta property=\"og:image:height\" content=\"484\" \/>\n\t<meta property=\"og:image:type\" content=\"image\/jpeg\" \/>\n<meta name=\"author\" content=\"Reda\u00e7\u00e3o\" \/>\n<meta name=\"twitter:card\" content=\"summary_large_image\" \/>\n<meta name=\"twitter:label1\" content=\"Escrito por\" \/>\n\t<meta name=\"twitter:data1\" content=\"Reda\u00e7\u00e3o\" \/>\n\t<meta name=\"twitter:label2\" content=\"Tempo estimado de leitura\" \/>\n\t<meta name=\"twitter:data2\" content=\"1 minuto\" \/>\n<script type=\"application\/ld+json\" class=\"yoast-schema-graph\">{\"@context\":\"https:\/\/schema.org\",\"@graph\":[{\"@type\":\"Article\",\"@id\":\"https:\/\/brasilnoticias.org\/site\/foragido-da-justica-e-preso-no-dia-do-aniversario-no-oeste-da-bahia\/#article\",\"isPartOf\":{\"@id\":\"https:\/\/brasilnoticias.org\/site\/foragido-da-justica-e-preso-no-dia-do-aniversario-no-oeste-da-bahia\/\"},\"author\":{\"name\":\"Reda\u00e7\u00e3o\",\"@id\":\"https:\/\/brasilnoticias.org\/site\/#\/schema\/person\/a0e05b973ec4d15c658d51911e53507b\"},\"headline\":\"Foragido da Justi\u00e7a \u00e9 preso no dia do anivers\u00e1rio no oeste da Bahia\",\"datePublished\":\"2022-10-17T21:20:37+00:00\",\"mainEntityOfPage\":{\"@id\":\"https:\/\/brasilnoticias.org\/site\/foragido-da-justica-e-preso-no-dia-do-aniversario-no-oeste-da-bahia\/\"},\"wordCount\":223,\"commentCount\":0,\"publisher\":{\"@id\":\"https:\/\/brasilnoticias.org\/site\/#organization\"},\"image\":{\"@id\":\"https:\/\/brasilnoticias.org\/site\/foragido-da-justica-e-preso-no-dia-do-aniversario-no-oeste-da-bahia\/#primaryimage\"},\"thumbnailUrl\":\"https:\/\/brasilnoticias.org\/site\/wp-content\/uploads\/2022\/10\/Capturar-19.jpg\",\"articleSection\":[\"Pol\u00edcia\",\"\u00daltimas\"],\"inLanguage\":\"pt-PT\",\"potentialAction\":[{\"@type\":\"CommentAction\",\"name\":\"Comment\",\"target\":[\"https:\/\/brasilnoticias.org\/site\/foragido-da-justica-e-preso-no-dia-do-aniversario-no-oeste-da-bahia\/#respond\"]}]},{\"@type\":\"WebPage\",\"@id\":\"https:\/\/brasilnoticias.org\/site\/foragido-da-justica-e-preso-no-dia-do-aniversario-no-oeste-da-bahia\/\",\"url\":\"https:\/\/brasilnoticias.org\/site\/foragido-da-justica-e-preso-no-dia-do-aniversario-no-oeste-da-bahia\/\",\"name\":\"Foragido da Justi\u00e7a \u00e9 preso no dia do anivers\u00e1rio no oeste da Bahia - Brasil not\u00edcias\",\"isPartOf\":{\"@id\":\"https:\/\/brasilnoticias.org\/site\/#website\"},\"primaryImageOfPage\":{\"@id\":\"https:\/\/brasilnoticias.org\/site\/foragido-da-justica-e-preso-no-dia-do-aniversario-no-oeste-da-bahia\/#primaryimage\"},\"image\":{\"@id\":\"https:\/\/brasilnoticias.org\/site\/foragido-da-justica-e-preso-no-dia-do-aniversario-no-oeste-da-bahia\/#primaryimage\"},\"thumbnailUrl\":\"https:\/\/brasilnoticias.org\/site\/wp-content\/uploads\/2022\/10\/Capturar-19.jpg\",\"datePublished\":\"2022-10-17T21:20:37+00:00\",\"breadcrumb\":{\"@id\":\"https:\/\/brasilnoticias.org\/site\/foragido-da-justica-e-preso-no-dia-do-aniversario-no-oeste-da-bahia\/#breadcrumb\"},\"inLanguage\":\"pt-PT\",\"potentialAction\":[{\"@type\":\"ReadAction\",\"target\":[\"https:\/\/brasilnoticias.org\/site\/foragido-da-justica-e-preso-no-dia-do-aniversario-no-oeste-da-bahia\/\"]}]},{\"@type\":\"ImageObject\",\"inLanguage\":\"pt-PT\",\"@id\":\"https:\/\/brasilnoticias.org\/site\/foragido-da-justica-e-preso-no-dia-do-aniversario-no-oeste-da-bahia\/#primaryimage\",\"url\":\"https:\/\/brasilnoticias.org\/site\/wp-content\/uploads\/2022\/10\/Capturar-19.jpg\",\"contentUrl\":\"https:\/\/brasilnoticias.org\/site\/wp-content\/uploads\/2022\/10\/Capturar-19.jpg\",\"width\":643,\"height\":484},{\"@type\":\"BreadcrumbList\",\"@id\":\"https:\/\/brasilnoticias.org\/site\/foragido-da-justica-e-preso-no-dia-do-aniversario-no-oeste-da-bahia\/#breadcrumb\",\"itemListElement\":[{\"@type\":\"ListItem\",\"position\":1,\"name\":\"In\u00edcio\",\"item\":\"https:\/\/brasilnoticias.org\/site\/\"},{\"@type\":\"ListItem\",\"position\":2,\"name\":\"Foragido da Justi\u00e7a \u00e9 preso no dia do anivers\u00e1rio no oeste da Bahia\"}]},{\"@type\":\"WebSite\",\"@id\":\"https:\/\/brasilnoticias.org\/site\/#website\",\"url\":\"https:\/\/brasilnoticias.org\/site\/\",\"name\":\"Brasil not\u00edcias\",\"description\":\"Brasil not\u00edcias\",\"publisher\":{\"@id\":\"https:\/\/brasilnoticias.org\/site\/#organization\"},\"potentialAction\":[{\"@type\":\"SearchAction\",\"target\":{\"@type\":\"EntryPoint\",\"urlTemplate\":\"https:\/\/brasilnoticias.org\/site\/?s={search_term_string}\"},\"query-input\":{\"@type\":\"PropertyValueSpecification\",\"valueRequired\":true,\"valueName\":\"search_term_string\"}}],\"inLanguage\":\"pt-PT\"},{\"@type\":\"Organization\",\"@id\":\"https:\/\/brasilnoticias.org\/site\/#organization\",\"name\":\"Brasil not\u00edcias\",\"url\":\"https:\/\/brasilnoticias.org\/site\/\",\"logo\":{\"@type\":\"ImageObject\",\"inLanguage\":\"pt-PT\",\"@id\":\"https:\/\/brasilnoticias.org\/site\/#\/schema\/logo\/image\/\",\"url\":\"https:\/\/brasilnoticias.org\/site\/wp-content\/uploads\/2022\/05\/cropped-brasilnoticias-mini.jpg\",\"contentUrl\":\"https:\/\/brasilnoticias.org\/site\/wp-content\/uploads\/2022\/05\/cropped-brasilnoticias-mini.jpg\",\"width\":314,\"height\":86,\"caption\":\"Brasil not\u00edcias\"},\"image\":{\"@id\":\"https:\/\/brasilnoticias.org\/site\/#\/schema\/logo\/image\/\"}},{\"@type\":\"Person\",\"@id\":\"https:\/\/brasilnoticias.org\/site\/#\/schema\/person\/a0e05b973ec4d15c658d51911e53507b\",\"name\":\"Reda\u00e7\u00e3o\",\"image\":{\"@type\":\"ImageObject\",\"inLanguage\":\"pt-PT\",\"@id\":\"https:\/\/brasilnoticias.org\/site\/#\/schema\/person\/image\/\",\"url\":\"https:\/\/secure.gravatar.com\/avatar\/75d8b050df2de108b08ae78dfb8e374892df24a383c67db9c46a9c604f6aee9c?s=96&d=mm&r=g\",\"contentUrl\":\"https:\/\/secure.gravatar.com\/avatar\/75d8b050df2de108b08ae78dfb8e374892df24a383c67db9c46a9c604f6aee9c?s=96&d=mm&r=g\",\"caption\":\"Reda\u00e7\u00e3o\"},\"sameAs\":[\"https:\/\/brasilnoticias.org\/site\"],\"url\":\"https:\/\/brasilnoticias.org\/site\/author\/fernandozsngmail-com\/\"}]}<\/script>\n<!-- \/ Yoast SEO plugin. -->","yoast_head_json":{"title":"Foragido da Justi\u00e7a \u00e9 preso no dia do anivers\u00e1rio no oeste da Bahia - Brasil not\u00edcias","robots":{"index":"index","follow":"follow","max-snippet":"max-snippet:-1","max-image-preview":"max-image-preview:large","max-video-preview":"max-video-preview:-1"},"canonical":"https:\/\/brasilnoticias.org\/site\/foragido-da-justica-e-preso-no-dia-do-aniversario-no-oeste-da-bahia\/","og_locale":"pt_PT","og_type":"article","og_title":"Foragido da Justi\u00e7a \u00e9 preso no dia do anivers\u00e1rio no oeste da Bahia - Brasil not\u00edcias","og_description":"Um homem considerado foragido da Justi\u00e7a foi preso no fim da tarde de s\u00e1bado (15), dia em que completou 41","og_url":"https:\/\/brasilnoticias.org\/site\/foragido-da-justica-e-preso-no-dia-do-aniversario-no-oeste-da-bahia\/","og_site_name":"Brasil not\u00edcias","article_published_time":"2022-10-17T21:20:37+00:00","og_image":[{"width":643,"height":484,"url":"https:\/\/brasilnoticias.org\/site\/wp-content\/uploads\/2022\/10\/Capturar-19.jpg","type":"image\/jpeg"}],"author":"Reda\u00e7\u00e3o","twitter_card":"summary_large_image","twitter_misc":{"Escrito por":"Reda\u00e7\u00e3o","Tempo estimado de leitura":"1 minuto"},"schema":{"@context":"https:\/\/schema.org","@graph":[{"@type":"Article","@id":"https:\/\/brasilnoticias.org\/site\/foragido-da-justica-e-preso-no-dia-do-aniversario-no-oeste-da-bahia\/#article","isPartOf":{"@id":"https:\/\/brasilnoticias.org\/site\/foragido-da-justica-e-preso-no-dia-do-aniversario-no-oeste-da-bahia\/"},"author":{"name":"Reda\u00e7\u00e3o","@id":"https:\/\/brasilnoticias.org\/site\/#\/schema\/person\/a0e05b973ec4d15c658d51911e53507b"},"headline":"Foragido da Justi\u00e7a \u00e9 preso no dia do anivers\u00e1rio no oeste da Bahia","datePublished":"2022-10-17T21:20:37+00:00","mainEntityOfPage":{"@id":"https:\/\/brasilnoticias.org\/site\/foragido-da-justica-e-preso-no-dia-do-aniversario-no-oeste-da-bahia\/"},"wordCount":223,"commentCount":0,"publisher":{"@id":"https:\/\/brasilnoticias.org\/site\/#organization"},"image":{"@id":"https:\/\/brasilnoticias.org\/site\/foragido-da-justica-e-preso-no-dia-do-aniversario-no-oeste-da-bahia\/#primaryimage"},"thumbnailUrl":"https:\/\/brasilnoticias.org\/site\/wp-content\/uploads\/2022\/10\/Capturar-19.jpg","articleSection":["Pol\u00edcia","\u00daltimas"],"inLanguage":"pt-PT","potentialAction":[{"@type":"CommentAction","name":"Comment","target":["https:\/\/brasilnoticias.org\/site\/foragido-da-justica-e-preso-no-dia-do-aniversario-no-oeste-da-bahia\/#respond"]}]},{"@type":"WebPage","@id":"https:\/\/brasilnoticias.org\/site\/foragido-da-justica-e-preso-no-dia-do-aniversario-no-oeste-da-bahia\/","url":"https:\/\/brasilnoticias.org\/site\/foragido-da-justica-e-preso-no-dia-do-aniversario-no-oeste-da-bahia\/","name":"Foragido da Justi\u00e7a \u00e9 preso no dia do anivers\u00e1rio no oeste da Bahia - Brasil not\u00edcias","isPartOf":{"@id":"https:\/\/brasilnoticias.org\/site\/#website"},"primaryImageOfPage":{"@id":"https:\/\/brasilnoticias.org\/site\/foragido-da-justica-e-preso-no-dia-do-aniversario-no-oeste-da-bahia\/#primaryimage"},"image":{"@id":"https:\/\/brasilnoticias.org\/site\/foragido-da-justica-e-preso-no-dia-do-aniversario-no-oeste-da-bahia\/#primaryimage"},"thumbnailUrl":"https:\/\/brasilnoticias.org\/site\/wp-content\/uploads\/2022\/10\/Capturar-19.jpg","datePublished":"2022-10-17T21:20:37+00:00","breadcrumb":{"@id":"https:\/\/brasilnoticias.org\/site\/foragido-da-justica-e-preso-no-dia-do-aniversario-no-oeste-da-bahia\/#breadcrumb"},"inLanguage":"pt-PT","potentialAction":[{"@type":"ReadAction","target":["https:\/\/brasilnoticias.org\/site\/foragido-da-justica-e-preso-no-dia-do-aniversario-no-oeste-da-bahia\/"]}]},{"@type":"ImageObject","inLanguage":"pt-PT","@id":"https:\/\/brasilnoticias.org\/site\/foragido-da-justica-e-preso-no-dia-do-aniversario-no-oeste-da-bahia\/#primaryimage","url":"https:\/\/brasilnoticias.org\/site\/wp-content\/uploads\/2022\/10\/Capturar-19.jpg","contentUrl":"https:\/\/brasilnoticias.org\/site\/wp-content\/uploads\/2022\/10\/Capturar-19.jpg","width":643,"height":484},{"@type":"BreadcrumbList","@id":"https:\/\/brasilnoticias.org\/site\/foragido-da-justica-e-preso-no-dia-do-aniversario-no-oeste-da-bahia\/#breadcrumb","itemListElement":[{"@type":"ListItem","position":1,"name":"In\u00edcio","item":"https:\/\/brasilnoticias.org\/site\/"},{"@type":"ListItem","position":2,"name":"Foragido da Justi\u00e7a \u00e9 preso no dia do anivers\u00e1rio no oeste da Bahia"}]},{"@type":"WebSite","@id":"https:\/\/brasilnoticias.org\/site\/#website","url":"https:\/\/brasilnoticias.org\/site\/","name":"Brasil not\u00edcias","description":"Brasil not\u00edcias","publisher":{"@id":"https:\/\/brasilnoticias.org\/site\/#organization"},"potentialAction":[{"@type":"SearchAction","target":{"@type":"EntryPoint","urlTemplate":"https:\/\/brasilnoticias.org\/site\/?s={search_term_string}"},"query-input":{"@type":"PropertyValueSpecification","valueRequired":true,"valueName":"search_term_string"}}],"inLanguage":"pt-PT"},{"@type":"Organization","@id":"https:\/\/brasilnoticias.org\/site\/#organization","name":"Brasil not\u00edcias","url":"https:\/\/brasilnoticias.org\/site\/","logo":{"@type":"ImageObject","inLanguage":"pt-PT","@id":"https:\/\/brasilnoticias.org\/site\/#\/schema\/logo\/image\/","url":"https:\/\/brasilnoticias.org\/site\/wp-content\/uploads\/2022\/05\/cropped-brasilnoticias-mini.jpg","contentUrl":"https:\/\/brasilnoticias.org\/site\/wp-content\/uploads\/2022\/05\/cropped-brasilnoticias-mini.jpg","width":314,"height":86,"caption":"Brasil not\u00edcias"},"image":{"@id":"https:\/\/brasilnoticias.org\/site\/#\/schema\/logo\/image\/"}},{"@type":"Person","@id":"https:\/\/brasilnoticias.org\/site\/#\/schema\/person\/a0e05b973ec4d15c658d51911e53507b","name":"Reda\u00e7\u00e3o","image":{"@type":"ImageObject","inLanguage":"pt-PT","@id":"https:\/\/brasilnoticias.org\/site\/#\/schema\/person\/image\/","url":"https:\/\/secure.gravatar.com\/avatar\/75d8b050df2de108b08ae78dfb8e374892df24a383c67db9c46a9c604f6aee9c?s=96&d=mm&r=g","contentUrl":"https:\/\/secure.gravatar.com\/avatar\/75d8b050df2de108b08ae78dfb8e374892df24a383c67db9c46a9c604f6aee9c?s=96&d=mm&r=g","caption":"Reda\u00e7\u00e3o"},"sameAs":["https:\/\/brasilnoticias.org\/site"],"url":"https:\/\/brasilnoticias.org\/site\/author\/fernandozsngmail-com\/"}]}},"_links":{"self":[{"href":"https:\/\/brasilnoticias.org\/site\/wp-json\/wp\/v2\/posts\/1952","targetHints":{"allow":["GET"]}}],"collection":[{"href":"https:\/\/brasilnoticias.org\/site\/wp-json\/wp\/v2\/posts"}],"about":[{"href":"https:\/\/brasilnoticias.org\/site\/wp-json\/wp\/v2\/types\/post"}],"author":[{"embeddable":true,"href":"https:\/\/brasilnoticias.org\/site\/wp-json\/wp\/v2\/users\/1"}],"replies":[{"embeddable":true,"href":"https:\/\/brasilnoticias.org\/site\/wp-json\/wp\/v2\/comments?post=1952"}],"version-history":[{"count":1,"href":"https:\/\/brasilnoticias.org\/site\/wp-json\/wp\/v2\/posts\/1952\/revisions"}],"predecessor-version":[{"id":1954,"href":"https:\/\/brasilnoticias.org\/site\/wp-json\/wp\/v2\/posts\/1952\/revisions\/1954"}],"wp:featuredmedia":[{"embeddable":true,"href":"https:\/\/brasilnoticias.org\/site\/wp-json\/wp\/v2\/media\/1953"}],"wp:attachment":[{"href":"https:\/\/brasilnoticias.org\/site\/wp-json\/wp\/v2\/media?parent=1952"}],"wp:term":[{"taxonomy":"category","embeddable":true,"href":"https:\/\/brasilnoticias.org\/site\/wp-json\/wp\/v2\/categories?post=1952"},{"taxonomy":"post_tag","embeddable":true,"href":"https:\/\/brasilnoticias.org\/site\/wp-json\/wp\/v2\/tags?post=1952"}],"curies":[{"name":"wp","href":"https:\/\/api.w.org\/{rel}","templated":true}]}}