{"id":19523,"date":"2026-01-16T12:07:32","date_gmt":"2026-01-16T15:07:32","guid":{"rendered":"https:\/\/brasilnoticias.org\/site\/?p=19523"},"modified":"2026-01-16T12:07:32","modified_gmt":"2026-01-16T15:07:32","slug":"mpba-e-corpo-de-bombeiros-impoem-limite-de-pessoas-em-cima-dos-trios-para-o-carnaval-de-salvador","status":"publish","type":"post","link":"https:\/\/brasilnoticias.org\/site\/mpba-e-corpo-de-bombeiros-impoem-limite-de-pessoas-em-cima-dos-trios-para-o-carnaval-de-salvador\/","title":{"rendered":"MPBA e Corpo de Bombeiros imp\u00f5em limite de pessoas em cima dos trios para o Carnaval de Salvador"},"content":{"rendered":"<p>O Minist\u00e9rio P\u00fablico do Estado da Bahia (MPBA) e o Corpo de Bombeiros Militar da Bahia (CBMBA) definiram crit\u00e9rios de seguran\u00e7a para o Carnaval de Salvador 2026, incluindo o limite m\u00e1ximo de pessoas permitidas em cima dos trios el\u00e9tricos durante as apresenta\u00e7\u00f5es nas festas da folia. Em reuni\u00e3o realizada no Parque Tecnol\u00f3gico da Bahia, na \u00faltima quarta-feira (14), as autoridades estabeleceram que a ocupa\u00e7\u00e3o dos trios deve seguir normas t\u00e9cnicas para evitar superlota\u00e7\u00e3o e riscos de acidentes, especialmente em ambientes de grande circula\u00e7\u00e3o.<\/p>\n<p>Com base na Instru\u00e7\u00e3o T\u00e9cnica n\u00ba 46\/2024 do Corpo de Bombeiros, ficou determinado que o n\u00famero de foli\u00f5es nos trios deve ser limitado em at\u00e9 tr\u00eas pessoas por metro quadrado de \u00e1rea \u00fatil, um par\u00e2metro pensado para reduzir a chance de deslizamentos, quedas ou outras situa\u00e7\u00f5es de perigo durante a festa.<\/p>\n<p>A reuni\u00e3o tamb\u00e9m abordou a obrigatoriedade de vistorias t\u00e9cnicas, fiscaliza\u00e7\u00e3o da lota\u00e7\u00e3o dos equipamentos e a implementa\u00e7\u00e3o de medidas preventivas para a organiza\u00e7\u00e3o tanto de trios el\u00e9tricos quanto de camarotes, com foco na seguran\u00e7a dos participantes.<\/p>\n<p>Essa a\u00e7\u00e3o integrada dos \u00f3rg\u00e3os busca garantir uma festa mais segura e estruturada para os milh\u00f5es de foli\u00f5es que participam dos circuitos oficiais do Carnaval em Salvador, refor\u00e7ando a presen\u00e7a do Minist\u00e9rio P\u00fablico e do Corpo de Bombeiros na supervis\u00e3o do evento.<\/p>\n<p>Foto: Lucas Moura\/Secom<br \/>\nFonte: A Tarde<\/p>\n","protected":false},"excerpt":{"rendered":"<p>O Minist\u00e9rio P\u00fablico do Estado da Bahia (MPBA) e o Corpo de Bombeiros Militar da Bahia (CBMBA) definiram crit\u00e9rios de<\/p>\n","protected":false},"author":4,"featured_media":19524,"comment_status":"open","ping_status":"open","sticky":false,"template":"","format":"standard","meta":{"colormag_page_container_layout":"default_layout","colormag_page_sidebar_layout":"default_layout","_FSMCFIC_featured_image_caption":"","_FSMCFIC_featured_image_nocaption":"","_FSMCFIC_featured_image_hide":"","footnotes":""},"categories":[2,1],"tags":[],"class_list":["post-19523","post","type-post","status-publish","format-standard","has-post-thumbnail","hentry","category-noticias","category-ultimas"],"yoast_head":"<!-- This site is optimized with the Yoast SEO plugin v27.1.1 - https:\/\/yoast.com\/product\/yoast-seo-wordpress\/ -->\n<title>MPBA e Corpo de Bombeiros imp\u00f5em limite de pessoas em cima dos trios para o Carnaval de Salvador - Brasil not\u00edcias<\/title>\n<meta name=\"robots\" content=\"index, follow, max-snippet:-1, max-image-preview:large, max-video-preview:-1\" \/>\n<link rel=\"canonical\" href=\"https:\/\/brasilnoticias.org\/site\/mpba-e-corpo-de-bombeiros-impoem-limite-de-pessoas-em-cima-dos-trios-para-o-carnaval-de-salvador\/\" \/>\n<meta property=\"og:locale\" content=\"pt_PT\" \/>\n<meta property=\"og:type\" content=\"article\" \/>\n<meta property=\"og:title\" content=\"MPBA e Corpo de Bombeiros imp\u00f5em limite de pessoas em cima dos trios para o Carnaval de Salvador - Brasil not\u00edcias\" \/>\n<meta property=\"og:description\" content=\"O Minist\u00e9rio P\u00fablico do Estado da Bahia (MPBA) e o Corpo de Bombeiros Militar da Bahia (CBMBA) definiram crit\u00e9rios de\" \/>\n<meta property=\"og:url\" content=\"https:\/\/brasilnoticias.org\/site\/mpba-e-corpo-de-bombeiros-impoem-limite-de-pessoas-em-cima-dos-trios-para-o-carnaval-de-salvador\/\" \/>\n<meta property=\"og:site_name\" content=\"Brasil not\u00edcias\" \/>\n<meta property=\"article:published_time\" content=\"2026-01-16T15:07:32+00:00\" \/>\n<meta property=\"og:image\" content=\"https:\/\/brasilnoticias.org\/site\/wp-content\/uploads\/2026\/01\/176366carnaval-de-salvador-mp-estabelece-limite-para-numero-de-pessoas-em-trio-3.jpg\" \/>\n\t<meta property=\"og:image:width\" content=\"1600\" \/>\n\t<meta property=\"og:image:height\" content=\"752\" \/>\n\t<meta property=\"og:image:type\" content=\"image\/jpeg\" \/>\n<meta name=\"author\" content=\"Reda\u00e7\u00e3o\" \/>\n<meta name=\"twitter:card\" content=\"summary_large_image\" \/>\n<meta name=\"twitter:label1\" content=\"Escrito por\" \/>\n\t<meta name=\"twitter:data1\" content=\"Reda\u00e7\u00e3o\" \/>\n\t<meta name=\"twitter:label2\" content=\"Tempo estimado de leitura\" \/>\n\t<meta name=\"twitter:data2\" content=\"1 minuto\" \/>\n<script type=\"application\/ld+json\" class=\"yoast-schema-graph\">{\"@context\":\"https:\/\/schema.org\",\"@graph\":[{\"@type\":\"Article\",\"@id\":\"https:\/\/brasilnoticias.org\/site\/mpba-e-corpo-de-bombeiros-impoem-limite-de-pessoas-em-cima-dos-trios-para-o-carnaval-de-salvador\/#article\",\"isPartOf\":{\"@id\":\"https:\/\/brasilnoticias.org\/site\/mpba-e-corpo-de-bombeiros-impoem-limite-de-pessoas-em-cima-dos-trios-para-o-carnaval-de-salvador\/\"},\"author\":{\"name\":\"Reda\u00e7\u00e3o\",\"@id\":\"https:\/\/brasilnoticias.org\/site\/#\/schema\/person\/03bbbfe6c7634ad18c26444ea39049fa\"},\"headline\":\"MPBA e Corpo de Bombeiros imp\u00f5em limite de pessoas em cima dos trios para o Carnaval de Salvador\",\"datePublished\":\"2026-01-16T15:07:32+00:00\",\"mainEntityOfPage\":{\"@id\":\"https:\/\/brasilnoticias.org\/site\/mpba-e-corpo-de-bombeiros-impoem-limite-de-pessoas-em-cima-dos-trios-para-o-carnaval-de-salvador\/\"},\"wordCount\":273,\"commentCount\":0,\"publisher\":{\"@id\":\"https:\/\/brasilnoticias.org\/site\/#organization\"},\"image\":{\"@id\":\"https:\/\/brasilnoticias.org\/site\/mpba-e-corpo-de-bombeiros-impoem-limite-de-pessoas-em-cima-dos-trios-para-o-carnaval-de-salvador\/#primaryimage\"},\"thumbnailUrl\":\"https:\/\/brasilnoticias.org\/site\/wp-content\/uploads\/2026\/01\/176366carnaval-de-salvador-mp-estabelece-limite-para-numero-de-pessoas-em-trio-3.jpg\",\"articleSection\":[\"Not\u00edcias\",\"\u00daltimas\"],\"inLanguage\":\"pt-PT\",\"potentialAction\":[{\"@type\":\"CommentAction\",\"name\":\"Comment\",\"target\":[\"https:\/\/brasilnoticias.org\/site\/mpba-e-corpo-de-bombeiros-impoem-limite-de-pessoas-em-cima-dos-trios-para-o-carnaval-de-salvador\/#respond\"]}]},{\"@type\":\"WebPage\",\"@id\":\"https:\/\/brasilnoticias.org\/site\/mpba-e-corpo-de-bombeiros-impoem-limite-de-pessoas-em-cima-dos-trios-para-o-carnaval-de-salvador\/\",\"url\":\"https:\/\/brasilnoticias.org\/site\/mpba-e-corpo-de-bombeiros-impoem-limite-de-pessoas-em-cima-dos-trios-para-o-carnaval-de-salvador\/\",\"name\":\"MPBA e Corpo de Bombeiros imp\u00f5em limite de pessoas em cima dos trios para o Carnaval de Salvador - Brasil not\u00edcias\",\"isPartOf\":{\"@id\":\"https:\/\/brasilnoticias.org\/site\/#website\"},\"primaryImageOfPage\":{\"@id\":\"https:\/\/brasilnoticias.org\/site\/mpba-e-corpo-de-bombeiros-impoem-limite-de-pessoas-em-cima-dos-trios-para-o-carnaval-de-salvador\/#primaryimage\"},\"image\":{\"@id\":\"https:\/\/brasilnoticias.org\/site\/mpba-e-corpo-de-bombeiros-impoem-limite-de-pessoas-em-cima-dos-trios-para-o-carnaval-de-salvador\/#primaryimage\"},\"thumbnailUrl\":\"https:\/\/brasilnoticias.org\/site\/wp-content\/uploads\/2026\/01\/176366carnaval-de-salvador-mp-estabelece-limite-para-numero-de-pessoas-em-trio-3.jpg\",\"datePublished\":\"2026-01-16T15:07:32+00:00\",\"breadcrumb\":{\"@id\":\"https:\/\/brasilnoticias.org\/site\/mpba-e-corpo-de-bombeiros-impoem-limite-de-pessoas-em-cima-dos-trios-para-o-carnaval-de-salvador\/#breadcrumb\"},\"inLanguage\":\"pt-PT\",\"potentialAction\":[{\"@type\":\"ReadAction\",\"target\":[\"https:\/\/brasilnoticias.org\/site\/mpba-e-corpo-de-bombeiros-impoem-limite-de-pessoas-em-cima-dos-trios-para-o-carnaval-de-salvador\/\"]}]},{\"@type\":\"ImageObject\",\"inLanguage\":\"pt-PT\",\"@id\":\"https:\/\/brasilnoticias.org\/site\/mpba-e-corpo-de-bombeiros-impoem-limite-de-pessoas-em-cima-dos-trios-para-o-carnaval-de-salvador\/#primaryimage\",\"url\":\"https:\/\/brasilnoticias.org\/site\/wp-content\/uploads\/2026\/01\/176366carnaval-de-salvador-mp-estabelece-limite-para-numero-de-pessoas-em-trio-3.jpg\",\"contentUrl\":\"https:\/\/brasilnoticias.org\/site\/wp-content\/uploads\/2026\/01\/176366carnaval-de-salvador-mp-estabelece-limite-para-numero-de-pessoas-em-trio-3.jpg\",\"width\":1600,\"height\":752},{\"@type\":\"BreadcrumbList\",\"@id\":\"https:\/\/brasilnoticias.org\/site\/mpba-e-corpo-de-bombeiros-impoem-limite-de-pessoas-em-cima-dos-trios-para-o-carnaval-de-salvador\/#breadcrumb\",\"itemListElement\":[{\"@type\":\"ListItem\",\"position\":1,\"name\":\"In\u00edcio\",\"item\":\"https:\/\/brasilnoticias.org\/site\/\"},{\"@type\":\"ListItem\",\"position\":2,\"name\":\"MPBA e Corpo de Bombeiros imp\u00f5em limite de pessoas em cima dos trios para o Carnaval de Salvador\"}]},{\"@type\":\"WebSite\",\"@id\":\"https:\/\/brasilnoticias.org\/site\/#website\",\"url\":\"https:\/\/brasilnoticias.org\/site\/\",\"name\":\"Brasil not\u00edcias\",\"description\":\"Brasil not\u00edcias\",\"publisher\":{\"@id\":\"https:\/\/brasilnoticias.org\/site\/#organization\"},\"potentialAction\":[{\"@type\":\"SearchAction\",\"target\":{\"@type\":\"EntryPoint\",\"urlTemplate\":\"https:\/\/brasilnoticias.org\/site\/?s={search_term_string}\"},\"query-input\":{\"@type\":\"PropertyValueSpecification\",\"valueRequired\":true,\"valueName\":\"search_term_string\"}}],\"inLanguage\":\"pt-PT\"},{\"@type\":\"Organization\",\"@id\":\"https:\/\/brasilnoticias.org\/site\/#organization\",\"name\":\"Brasil not\u00edcias\",\"url\":\"https:\/\/brasilnoticias.org\/site\/\",\"logo\":{\"@type\":\"ImageObject\",\"inLanguage\":\"pt-PT\",\"@id\":\"https:\/\/brasilnoticias.org\/site\/#\/schema\/logo\/image\/\",\"url\":\"https:\/\/brasilnoticias.org\/site\/wp-content\/uploads\/2022\/05\/cropped-brasilnoticias-mini.jpg\",\"contentUrl\":\"https:\/\/brasilnoticias.org\/site\/wp-content\/uploads\/2022\/05\/cropped-brasilnoticias-mini.jpg\",\"width\":314,\"height\":86,\"caption\":\"Brasil not\u00edcias\"},\"image\":{\"@id\":\"https:\/\/brasilnoticias.org\/site\/#\/schema\/logo\/image\/\"}},{\"@type\":\"Person\",\"@id\":\"https:\/\/brasilnoticias.org\/site\/#\/schema\/person\/03bbbfe6c7634ad18c26444ea39049fa\",\"name\":\"Reda\u00e7\u00e3o\",\"image\":{\"@type\":\"ImageObject\",\"inLanguage\":\"pt-PT\",\"@id\":\"https:\/\/brasilnoticias.org\/site\/#\/schema\/person\/image\/\",\"url\":\"https:\/\/secure.gravatar.com\/avatar\/9ecaf7327a696cb23ad926fedded5f1f04d7049de9e445375d55b48c001a6e42?s=96&d=mm&r=g\",\"contentUrl\":\"https:\/\/secure.gravatar.com\/avatar\/9ecaf7327a696cb23ad926fedded5f1f04d7049de9e445375d55b48c001a6e42?s=96&d=mm&r=g\",\"caption\":\"Reda\u00e7\u00e3o\"},\"url\":\"https:\/\/brasilnoticias.org\/site\/author\/henrique\/\"}]}<\/script>\n<!-- \/ Yoast SEO plugin. -->","yoast_head_json":{"title":"MPBA e Corpo de Bombeiros imp\u00f5em limite de pessoas em cima dos trios para o Carnaval de Salvador - Brasil not\u00edcias","robots":{"index":"index","follow":"follow","max-snippet":"max-snippet:-1","max-image-preview":"max-image-preview:large","max-video-preview":"max-video-preview:-1"},"canonical":"https:\/\/brasilnoticias.org\/site\/mpba-e-corpo-de-bombeiros-impoem-limite-de-pessoas-em-cima-dos-trios-para-o-carnaval-de-salvador\/","og_locale":"pt_PT","og_type":"article","og_title":"MPBA e Corpo de Bombeiros imp\u00f5em limite de pessoas em cima dos trios para o Carnaval de Salvador - Brasil not\u00edcias","og_description":"O Minist\u00e9rio P\u00fablico do Estado da Bahia (MPBA) e o Corpo de Bombeiros Militar da Bahia (CBMBA) definiram crit\u00e9rios de","og_url":"https:\/\/brasilnoticias.org\/site\/mpba-e-corpo-de-bombeiros-impoem-limite-de-pessoas-em-cima-dos-trios-para-o-carnaval-de-salvador\/","og_site_name":"Brasil not\u00edcias","article_published_time":"2026-01-16T15:07:32+00:00","og_image":[{"width":1600,"height":752,"url":"https:\/\/brasilnoticias.org\/site\/wp-content\/uploads\/2026\/01\/176366carnaval-de-salvador-mp-estabelece-limite-para-numero-de-pessoas-em-trio-3.jpg","type":"image\/jpeg"}],"author":"Reda\u00e7\u00e3o","twitter_card":"summary_large_image","twitter_misc":{"Escrito por":"Reda\u00e7\u00e3o","Tempo estimado de leitura":"1 minuto"},"schema":{"@context":"https:\/\/schema.org","@graph":[{"@type":"Article","@id":"https:\/\/brasilnoticias.org\/site\/mpba-e-corpo-de-bombeiros-impoem-limite-de-pessoas-em-cima-dos-trios-para-o-carnaval-de-salvador\/#article","isPartOf":{"@id":"https:\/\/brasilnoticias.org\/site\/mpba-e-corpo-de-bombeiros-impoem-limite-de-pessoas-em-cima-dos-trios-para-o-carnaval-de-salvador\/"},"author":{"name":"Reda\u00e7\u00e3o","@id":"https:\/\/brasilnoticias.org\/site\/#\/schema\/person\/03bbbfe6c7634ad18c26444ea39049fa"},"headline":"MPBA e Corpo de Bombeiros imp\u00f5em limite de pessoas em cima dos trios para o Carnaval de Salvador","datePublished":"2026-01-16T15:07:32+00:00","mainEntityOfPage":{"@id":"https:\/\/brasilnoticias.org\/site\/mpba-e-corpo-de-bombeiros-impoem-limite-de-pessoas-em-cima-dos-trios-para-o-carnaval-de-salvador\/"},"wordCount":273,"commentCount":0,"publisher":{"@id":"https:\/\/brasilnoticias.org\/site\/#organization"},"image":{"@id":"https:\/\/brasilnoticias.org\/site\/mpba-e-corpo-de-bombeiros-impoem-limite-de-pessoas-em-cima-dos-trios-para-o-carnaval-de-salvador\/#primaryimage"},"thumbnailUrl":"https:\/\/brasilnoticias.org\/site\/wp-content\/uploads\/2026\/01\/176366carnaval-de-salvador-mp-estabelece-limite-para-numero-de-pessoas-em-trio-3.jpg","articleSection":["Not\u00edcias","\u00daltimas"],"inLanguage":"pt-PT","potentialAction":[{"@type":"CommentAction","name":"Comment","target":["https:\/\/brasilnoticias.org\/site\/mpba-e-corpo-de-bombeiros-impoem-limite-de-pessoas-em-cima-dos-trios-para-o-carnaval-de-salvador\/#respond"]}]},{"@type":"WebPage","@id":"https:\/\/brasilnoticias.org\/site\/mpba-e-corpo-de-bombeiros-impoem-limite-de-pessoas-em-cima-dos-trios-para-o-carnaval-de-salvador\/","url":"https:\/\/brasilnoticias.org\/site\/mpba-e-corpo-de-bombeiros-impoem-limite-de-pessoas-em-cima-dos-trios-para-o-carnaval-de-salvador\/","name":"MPBA e Corpo de Bombeiros imp\u00f5em limite de pessoas em cima dos trios para o Carnaval de Salvador - Brasil not\u00edcias","isPartOf":{"@id":"https:\/\/brasilnoticias.org\/site\/#website"},"primaryImageOfPage":{"@id":"https:\/\/brasilnoticias.org\/site\/mpba-e-corpo-de-bombeiros-impoem-limite-de-pessoas-em-cima-dos-trios-para-o-carnaval-de-salvador\/#primaryimage"},"image":{"@id":"https:\/\/brasilnoticias.org\/site\/mpba-e-corpo-de-bombeiros-impoem-limite-de-pessoas-em-cima-dos-trios-para-o-carnaval-de-salvador\/#primaryimage"},"thumbnailUrl":"https:\/\/brasilnoticias.org\/site\/wp-content\/uploads\/2026\/01\/176366carnaval-de-salvador-mp-estabelece-limite-para-numero-de-pessoas-em-trio-3.jpg","datePublished":"2026-01-16T15:07:32+00:00","breadcrumb":{"@id":"https:\/\/brasilnoticias.org\/site\/mpba-e-corpo-de-bombeiros-impoem-limite-de-pessoas-em-cima-dos-trios-para-o-carnaval-de-salvador\/#breadcrumb"},"inLanguage":"pt-PT","potentialAction":[{"@type":"ReadAction","target":["https:\/\/brasilnoticias.org\/site\/mpba-e-corpo-de-bombeiros-impoem-limite-de-pessoas-em-cima-dos-trios-para-o-carnaval-de-salvador\/"]}]},{"@type":"ImageObject","inLanguage":"pt-PT","@id":"https:\/\/brasilnoticias.org\/site\/mpba-e-corpo-de-bombeiros-impoem-limite-de-pessoas-em-cima-dos-trios-para-o-carnaval-de-salvador\/#primaryimage","url":"https:\/\/brasilnoticias.org\/site\/wp-content\/uploads\/2026\/01\/176366carnaval-de-salvador-mp-estabelece-limite-para-numero-de-pessoas-em-trio-3.jpg","contentUrl":"https:\/\/brasilnoticias.org\/site\/wp-content\/uploads\/2026\/01\/176366carnaval-de-salvador-mp-estabelece-limite-para-numero-de-pessoas-em-trio-3.jpg","width":1600,"height":752},{"@type":"BreadcrumbList","@id":"https:\/\/brasilnoticias.org\/site\/mpba-e-corpo-de-bombeiros-impoem-limite-de-pessoas-em-cima-dos-trios-para-o-carnaval-de-salvador\/#breadcrumb","itemListElement":[{"@type":"ListItem","position":1,"name":"In\u00edcio","item":"https:\/\/brasilnoticias.org\/site\/"},{"@type":"ListItem","position":2,"name":"MPBA e Corpo de Bombeiros imp\u00f5em limite de pessoas em cima dos trios para o Carnaval de Salvador"}]},{"@type":"WebSite","@id":"https:\/\/brasilnoticias.org\/site\/#website","url":"https:\/\/brasilnoticias.org\/site\/","name":"Brasil not\u00edcias","description":"Brasil not\u00edcias","publisher":{"@id":"https:\/\/brasilnoticias.org\/site\/#organization"},"potentialAction":[{"@type":"SearchAction","target":{"@type":"EntryPoint","urlTemplate":"https:\/\/brasilnoticias.org\/site\/?s={search_term_string}"},"query-input":{"@type":"PropertyValueSpecification","valueRequired":true,"valueName":"search_term_string"}}],"inLanguage":"pt-PT"},{"@type":"Organization","@id":"https:\/\/brasilnoticias.org\/site\/#organization","name":"Brasil not\u00edcias","url":"https:\/\/brasilnoticias.org\/site\/","logo":{"@type":"ImageObject","inLanguage":"pt-PT","@id":"https:\/\/brasilnoticias.org\/site\/#\/schema\/logo\/image\/","url":"https:\/\/brasilnoticias.org\/site\/wp-content\/uploads\/2022\/05\/cropped-brasilnoticias-mini.jpg","contentUrl":"https:\/\/brasilnoticias.org\/site\/wp-content\/uploads\/2022\/05\/cropped-brasilnoticias-mini.jpg","width":314,"height":86,"caption":"Brasil not\u00edcias"},"image":{"@id":"https:\/\/brasilnoticias.org\/site\/#\/schema\/logo\/image\/"}},{"@type":"Person","@id":"https:\/\/brasilnoticias.org\/site\/#\/schema\/person\/03bbbfe6c7634ad18c26444ea39049fa","name":"Reda\u00e7\u00e3o","image":{"@type":"ImageObject","inLanguage":"pt-PT","@id":"https:\/\/brasilnoticias.org\/site\/#\/schema\/person\/image\/","url":"https:\/\/secure.gravatar.com\/avatar\/9ecaf7327a696cb23ad926fedded5f1f04d7049de9e445375d55b48c001a6e42?s=96&d=mm&r=g","contentUrl":"https:\/\/secure.gravatar.com\/avatar\/9ecaf7327a696cb23ad926fedded5f1f04d7049de9e445375d55b48c001a6e42?s=96&d=mm&r=g","caption":"Reda\u00e7\u00e3o"},"url":"https:\/\/brasilnoticias.org\/site\/author\/henrique\/"}]}},"_links":{"self":[{"href":"https:\/\/brasilnoticias.org\/site\/wp-json\/wp\/v2\/posts\/19523","targetHints":{"allow":["GET"]}}],"collection":[{"href":"https:\/\/brasilnoticias.org\/site\/wp-json\/wp\/v2\/posts"}],"about":[{"href":"https:\/\/brasilnoticias.org\/site\/wp-json\/wp\/v2\/types\/post"}],"author":[{"embeddable":true,"href":"https:\/\/brasilnoticias.org\/site\/wp-json\/wp\/v2\/users\/4"}],"replies":[{"embeddable":true,"href":"https:\/\/brasilnoticias.org\/site\/wp-json\/wp\/v2\/comments?post=19523"}],"version-history":[{"count":1,"href":"https:\/\/brasilnoticias.org\/site\/wp-json\/wp\/v2\/posts\/19523\/revisions"}],"predecessor-version":[{"id":19525,"href":"https:\/\/brasilnoticias.org\/site\/wp-json\/wp\/v2\/posts\/19523\/revisions\/19525"}],"wp:featuredmedia":[{"embeddable":true,"href":"https:\/\/brasilnoticias.org\/site\/wp-json\/wp\/v2\/media\/19524"}],"wp:attachment":[{"href":"https:\/\/brasilnoticias.org\/site\/wp-json\/wp\/v2\/media?parent=19523"}],"wp:term":[{"taxonomy":"category","embeddable":true,"href":"https:\/\/brasilnoticias.org\/site\/wp-json\/wp\/v2\/categories?post=19523"},{"taxonomy":"post_tag","embeddable":true,"href":"https:\/\/brasilnoticias.org\/site\/wp-json\/wp\/v2\/tags?post=19523"}],"curies":[{"name":"wp","href":"https:\/\/api.w.org\/{rel}","templated":true}]}}