{"id":19529,"date":"2026-01-16T12:22:21","date_gmt":"2026-01-16T15:22:21","guid":{"rendered":"https:\/\/brasilnoticias.org\/site\/?p=19529"},"modified":"2026-01-16T12:22:21","modified_gmt":"2026-01-16T15:22:21","slug":"agerba-reajusta-tarifas-de-onibus-intermunicipais-na-bahia-novos-valores-comecam-a-valer-sabado","status":"publish","type":"post","link":"https:\/\/brasilnoticias.org\/site\/agerba-reajusta-tarifas-de-onibus-intermunicipais-na-bahia-novos-valores-comecam-a-valer-sabado\/","title":{"rendered":"Agerba reajusta tarifas de \u00f4nibus intermunicipais na Bahia; novos valores come\u00e7am a valer s\u00e1bado"},"content":{"rendered":"<p>A Ag\u00eancia Estadual de Regula\u00e7\u00e3o de Servi\u00e7os P\u00fablicos de Energia, Transportes e Comunica\u00e7\u00f5es da Bahia (Agerba) anunciou um reajuste nas tarifas do transporte rodovi\u00e1rio intermunicipal no estado. As novas tarifas entram em vigor neste s\u00e1bado (17 de janeiro de 2026) e valem tanto para viagens de longa dist\u00e2ncia quanto para servi\u00e7os semiurbanos e a taxa de embarque na rodovi\u00e1ria.<\/p>\n<p>No transporte rodovi\u00e1rio intermunicipal, as passagens ter\u00e3o um aumento de 6,28% para linhas de longa dist\u00e2ncia e para as que partem de terminais rodovi\u00e1rios da regi\u00e3o metropolitana de Salvador. As linhas semiurbanas, fora da Regi\u00e3o Metropolitana de Salvador, sofrer\u00e3o um reajuste maior, de 8,44%, com varia\u00e7\u00e3o de acordo com o destino.<\/p>\n<p>Al\u00e9m disso, a tarifa de embarque (Tarifa de Utiliza\u00e7\u00e3o de Terminal \u2013 TUTE) tamb\u00e9m foi reajustada em 5,17%. Os novos valores passam a vigorar conforme a seguinte tabela:<\/p>\n<p>R$ 9,08 para viagens interestaduais;<\/p>\n<p>R$ 3,75 para viagens intermunicipais;<\/p>\n<p>R$ 1,55 para viagens intermunicipais metropolitanas.<\/p>\n<p>O reajuste foi publicado no Di\u00e1rio Oficial do Estado e segue crit\u00e9rios contratuais definidos com as concession\u00e1rias que operam as linhas intermunicipais e os terminais rodovi\u00e1rios.<\/p>\n<p>Foto: Camila Souza | GOVBA<br \/>\nFonte: A TARDE<\/p>\n","protected":false},"excerpt":{"rendered":"<p>A Ag\u00eancia Estadual de Regula\u00e7\u00e3o de Servi\u00e7os P\u00fablicos de Energia, Transportes e Comunica\u00e7\u00f5es da Bahia (Agerba) anunciou um reajuste nas<\/p>\n","protected":false},"author":4,"featured_media":19530,"comment_status":"open","ping_status":"open","sticky":false,"template":"","format":"standard","meta":{"colormag_page_container_layout":"default_layout","colormag_page_sidebar_layout":"default_layout","_FSMCFIC_featured_image_caption":"","_FSMCFIC_featured_image_nocaption":"","_FSMCFIC_featured_image_hide":"","footnotes":""},"categories":[2,1],"tags":[],"class_list":["post-19529","post","type-post","status-publish","format-standard","has-post-thumbnail","hentry","category-noticias","category-ultimas"],"yoast_head":"<!-- This site is optimized with the Yoast SEO plugin v27.1.1 - https:\/\/yoast.com\/product\/yoast-seo-wordpress\/ -->\n<title>Agerba reajusta tarifas de \u00f4nibus intermunicipais na Bahia; novos valores come\u00e7am a valer s\u00e1bado - Brasil not\u00edcias<\/title>\n<meta name=\"robots\" content=\"index, follow, max-snippet:-1, max-image-preview:large, max-video-preview:-1\" \/>\n<link rel=\"canonical\" href=\"https:\/\/brasilnoticias.org\/site\/agerba-reajusta-tarifas-de-onibus-intermunicipais-na-bahia-novos-valores-comecam-a-valer-sabado\/\" \/>\n<meta property=\"og:locale\" content=\"pt_PT\" \/>\n<meta property=\"og:type\" content=\"article\" \/>\n<meta property=\"og:title\" content=\"Agerba reajusta tarifas de \u00f4nibus intermunicipais na Bahia; novos valores come\u00e7am a valer s\u00e1bado - Brasil not\u00edcias\" \/>\n<meta property=\"og:description\" content=\"A Ag\u00eancia Estadual de Regula\u00e7\u00e3o de Servi\u00e7os P\u00fablicos de Energia, Transportes e Comunica\u00e7\u00f5es da Bahia (Agerba) anunciou um reajuste nas\" \/>\n<meta property=\"og:url\" content=\"https:\/\/brasilnoticias.org\/site\/agerba-reajusta-tarifas-de-onibus-intermunicipais-na-bahia-novos-valores-comecam-a-valer-sabado\/\" \/>\n<meta property=\"og:site_name\" content=\"Brasil not\u00edcias\" \/>\n<meta property=\"article:published_time\" content=\"2026-01-16T15:22:21+00:00\" \/>\n<meta property=\"og:image\" content=\"https:\/\/brasilnoticias.org\/site\/wp-content\/uploads\/2026\/01\/tarifas-de-onibus-intermunicipais-ficam-mais-caras0137627000202601152220-ScaleDownProportional.webp\" \/>\n\t<meta property=\"og:image:width\" content=\"1024\" \/>\n\t<meta property=\"og:image:height\" content=\"683\" \/>\n\t<meta property=\"og:image:type\" content=\"image\/webp\" \/>\n<meta name=\"author\" content=\"Reda\u00e7\u00e3o\" \/>\n<meta name=\"twitter:card\" content=\"summary_large_image\" \/>\n<meta name=\"twitter:label1\" content=\"Escrito por\" \/>\n\t<meta name=\"twitter:data1\" content=\"Reda\u00e7\u00e3o\" \/>\n\t<meta name=\"twitter:label2\" content=\"Tempo estimado de leitura\" \/>\n\t<meta name=\"twitter:data2\" content=\"1 minuto\" \/>\n<script type=\"application\/ld+json\" class=\"yoast-schema-graph\">{\"@context\":\"https:\/\/schema.org\",\"@graph\":[{\"@type\":\"Article\",\"@id\":\"https:\/\/brasilnoticias.org\/site\/agerba-reajusta-tarifas-de-onibus-intermunicipais-na-bahia-novos-valores-comecam-a-valer-sabado\/#article\",\"isPartOf\":{\"@id\":\"https:\/\/brasilnoticias.org\/site\/agerba-reajusta-tarifas-de-onibus-intermunicipais-na-bahia-novos-valores-comecam-a-valer-sabado\/\"},\"author\":{\"name\":\"Reda\u00e7\u00e3o\",\"@id\":\"https:\/\/brasilnoticias.org\/site\/#\/schema\/person\/03bbbfe6c7634ad18c26444ea39049fa\"},\"headline\":\"Agerba reajusta tarifas de \u00f4nibus intermunicipais na Bahia; novos valores come\u00e7am a valer s\u00e1bado\",\"datePublished\":\"2026-01-16T15:22:21+00:00\",\"mainEntityOfPage\":{\"@id\":\"https:\/\/brasilnoticias.org\/site\/agerba-reajusta-tarifas-de-onibus-intermunicipais-na-bahia-novos-valores-comecam-a-valer-sabado\/\"},\"wordCount\":219,\"commentCount\":0,\"publisher\":{\"@id\":\"https:\/\/brasilnoticias.org\/site\/#organization\"},\"image\":{\"@id\":\"https:\/\/brasilnoticias.org\/site\/agerba-reajusta-tarifas-de-onibus-intermunicipais-na-bahia-novos-valores-comecam-a-valer-sabado\/#primaryimage\"},\"thumbnailUrl\":\"https:\/\/brasilnoticias.org\/site\/wp-content\/uploads\/2026\/01\/tarifas-de-onibus-intermunicipais-ficam-mais-caras0137627000202601152220-ScaleDownProportional.webp\",\"articleSection\":[\"Not\u00edcias\",\"\u00daltimas\"],\"inLanguage\":\"pt-PT\",\"potentialAction\":[{\"@type\":\"CommentAction\",\"name\":\"Comment\",\"target\":[\"https:\/\/brasilnoticias.org\/site\/agerba-reajusta-tarifas-de-onibus-intermunicipais-na-bahia-novos-valores-comecam-a-valer-sabado\/#respond\"]}]},{\"@type\":\"WebPage\",\"@id\":\"https:\/\/brasilnoticias.org\/site\/agerba-reajusta-tarifas-de-onibus-intermunicipais-na-bahia-novos-valores-comecam-a-valer-sabado\/\",\"url\":\"https:\/\/brasilnoticias.org\/site\/agerba-reajusta-tarifas-de-onibus-intermunicipais-na-bahia-novos-valores-comecam-a-valer-sabado\/\",\"name\":\"Agerba reajusta tarifas de \u00f4nibus intermunicipais na Bahia; novos valores come\u00e7am a valer s\u00e1bado - Brasil not\u00edcias\",\"isPartOf\":{\"@id\":\"https:\/\/brasilnoticias.org\/site\/#website\"},\"primaryImageOfPage\":{\"@id\":\"https:\/\/brasilnoticias.org\/site\/agerba-reajusta-tarifas-de-onibus-intermunicipais-na-bahia-novos-valores-comecam-a-valer-sabado\/#primaryimage\"},\"image\":{\"@id\":\"https:\/\/brasilnoticias.org\/site\/agerba-reajusta-tarifas-de-onibus-intermunicipais-na-bahia-novos-valores-comecam-a-valer-sabado\/#primaryimage\"},\"thumbnailUrl\":\"https:\/\/brasilnoticias.org\/site\/wp-content\/uploads\/2026\/01\/tarifas-de-onibus-intermunicipais-ficam-mais-caras0137627000202601152220-ScaleDownProportional.webp\",\"datePublished\":\"2026-01-16T15:22:21+00:00\",\"breadcrumb\":{\"@id\":\"https:\/\/brasilnoticias.org\/site\/agerba-reajusta-tarifas-de-onibus-intermunicipais-na-bahia-novos-valores-comecam-a-valer-sabado\/#breadcrumb\"},\"inLanguage\":\"pt-PT\",\"potentialAction\":[{\"@type\":\"ReadAction\",\"target\":[\"https:\/\/brasilnoticias.org\/site\/agerba-reajusta-tarifas-de-onibus-intermunicipais-na-bahia-novos-valores-comecam-a-valer-sabado\/\"]}]},{\"@type\":\"ImageObject\",\"inLanguage\":\"pt-PT\",\"@id\":\"https:\/\/brasilnoticias.org\/site\/agerba-reajusta-tarifas-de-onibus-intermunicipais-na-bahia-novos-valores-comecam-a-valer-sabado\/#primaryimage\",\"url\":\"https:\/\/brasilnoticias.org\/site\/wp-content\/uploads\/2026\/01\/tarifas-de-onibus-intermunicipais-ficam-mais-caras0137627000202601152220-ScaleDownProportional.webp\",\"contentUrl\":\"https:\/\/brasilnoticias.org\/site\/wp-content\/uploads\/2026\/01\/tarifas-de-onibus-intermunicipais-ficam-mais-caras0137627000202601152220-ScaleDownProportional.webp\",\"width\":1024,\"height\":683},{\"@type\":\"BreadcrumbList\",\"@id\":\"https:\/\/brasilnoticias.org\/site\/agerba-reajusta-tarifas-de-onibus-intermunicipais-na-bahia-novos-valores-comecam-a-valer-sabado\/#breadcrumb\",\"itemListElement\":[{\"@type\":\"ListItem\",\"position\":1,\"name\":\"In\u00edcio\",\"item\":\"https:\/\/brasilnoticias.org\/site\/\"},{\"@type\":\"ListItem\",\"position\":2,\"name\":\"Agerba reajusta tarifas de \u00f4nibus intermunicipais na Bahia; novos valores come\u00e7am a valer s\u00e1bado\"}]},{\"@type\":\"WebSite\",\"@id\":\"https:\/\/brasilnoticias.org\/site\/#website\",\"url\":\"https:\/\/brasilnoticias.org\/site\/\",\"name\":\"Brasil not\u00edcias\",\"description\":\"Brasil not\u00edcias\",\"publisher\":{\"@id\":\"https:\/\/brasilnoticias.org\/site\/#organization\"},\"potentialAction\":[{\"@type\":\"SearchAction\",\"target\":{\"@type\":\"EntryPoint\",\"urlTemplate\":\"https:\/\/brasilnoticias.org\/site\/?s={search_term_string}\"},\"query-input\":{\"@type\":\"PropertyValueSpecification\",\"valueRequired\":true,\"valueName\":\"search_term_string\"}}],\"inLanguage\":\"pt-PT\"},{\"@type\":\"Organization\",\"@id\":\"https:\/\/brasilnoticias.org\/site\/#organization\",\"name\":\"Brasil not\u00edcias\",\"url\":\"https:\/\/brasilnoticias.org\/site\/\",\"logo\":{\"@type\":\"ImageObject\",\"inLanguage\":\"pt-PT\",\"@id\":\"https:\/\/brasilnoticias.org\/site\/#\/schema\/logo\/image\/\",\"url\":\"https:\/\/brasilnoticias.org\/site\/wp-content\/uploads\/2022\/05\/cropped-brasilnoticias-mini.jpg\",\"contentUrl\":\"https:\/\/brasilnoticias.org\/site\/wp-content\/uploads\/2022\/05\/cropped-brasilnoticias-mini.jpg\",\"width\":314,\"height\":86,\"caption\":\"Brasil not\u00edcias\"},\"image\":{\"@id\":\"https:\/\/brasilnoticias.org\/site\/#\/schema\/logo\/image\/\"}},{\"@type\":\"Person\",\"@id\":\"https:\/\/brasilnoticias.org\/site\/#\/schema\/person\/03bbbfe6c7634ad18c26444ea39049fa\",\"name\":\"Reda\u00e7\u00e3o\",\"image\":{\"@type\":\"ImageObject\",\"inLanguage\":\"pt-PT\",\"@id\":\"https:\/\/brasilnoticias.org\/site\/#\/schema\/person\/image\/\",\"url\":\"https:\/\/secure.gravatar.com\/avatar\/9ecaf7327a696cb23ad926fedded5f1f04d7049de9e445375d55b48c001a6e42?s=96&d=mm&r=g\",\"contentUrl\":\"https:\/\/secure.gravatar.com\/avatar\/9ecaf7327a696cb23ad926fedded5f1f04d7049de9e445375d55b48c001a6e42?s=96&d=mm&r=g\",\"caption\":\"Reda\u00e7\u00e3o\"},\"url\":\"https:\/\/brasilnoticias.org\/site\/author\/henrique\/\"}]}<\/script>\n<!-- \/ Yoast SEO plugin. -->","yoast_head_json":{"title":"Agerba reajusta tarifas de \u00f4nibus intermunicipais na Bahia; novos valores come\u00e7am a valer s\u00e1bado - Brasil not\u00edcias","robots":{"index":"index","follow":"follow","max-snippet":"max-snippet:-1","max-image-preview":"max-image-preview:large","max-video-preview":"max-video-preview:-1"},"canonical":"https:\/\/brasilnoticias.org\/site\/agerba-reajusta-tarifas-de-onibus-intermunicipais-na-bahia-novos-valores-comecam-a-valer-sabado\/","og_locale":"pt_PT","og_type":"article","og_title":"Agerba reajusta tarifas de \u00f4nibus intermunicipais na Bahia; novos valores come\u00e7am a valer s\u00e1bado - Brasil not\u00edcias","og_description":"A Ag\u00eancia Estadual de Regula\u00e7\u00e3o de Servi\u00e7os P\u00fablicos de Energia, Transportes e Comunica\u00e7\u00f5es da Bahia (Agerba) anunciou um reajuste nas","og_url":"https:\/\/brasilnoticias.org\/site\/agerba-reajusta-tarifas-de-onibus-intermunicipais-na-bahia-novos-valores-comecam-a-valer-sabado\/","og_site_name":"Brasil not\u00edcias","article_published_time":"2026-01-16T15:22:21+00:00","og_image":[{"width":1024,"height":683,"url":"https:\/\/brasilnoticias.org\/site\/wp-content\/uploads\/2026\/01\/tarifas-de-onibus-intermunicipais-ficam-mais-caras0137627000202601152220-ScaleDownProportional.webp","type":"image\/webp"}],"author":"Reda\u00e7\u00e3o","twitter_card":"summary_large_image","twitter_misc":{"Escrito por":"Reda\u00e7\u00e3o","Tempo estimado de leitura":"1 minuto"},"schema":{"@context":"https:\/\/schema.org","@graph":[{"@type":"Article","@id":"https:\/\/brasilnoticias.org\/site\/agerba-reajusta-tarifas-de-onibus-intermunicipais-na-bahia-novos-valores-comecam-a-valer-sabado\/#article","isPartOf":{"@id":"https:\/\/brasilnoticias.org\/site\/agerba-reajusta-tarifas-de-onibus-intermunicipais-na-bahia-novos-valores-comecam-a-valer-sabado\/"},"author":{"name":"Reda\u00e7\u00e3o","@id":"https:\/\/brasilnoticias.org\/site\/#\/schema\/person\/03bbbfe6c7634ad18c26444ea39049fa"},"headline":"Agerba reajusta tarifas de \u00f4nibus intermunicipais na Bahia; novos valores come\u00e7am a valer s\u00e1bado","datePublished":"2026-01-16T15:22:21+00:00","mainEntityOfPage":{"@id":"https:\/\/brasilnoticias.org\/site\/agerba-reajusta-tarifas-de-onibus-intermunicipais-na-bahia-novos-valores-comecam-a-valer-sabado\/"},"wordCount":219,"commentCount":0,"publisher":{"@id":"https:\/\/brasilnoticias.org\/site\/#organization"},"image":{"@id":"https:\/\/brasilnoticias.org\/site\/agerba-reajusta-tarifas-de-onibus-intermunicipais-na-bahia-novos-valores-comecam-a-valer-sabado\/#primaryimage"},"thumbnailUrl":"https:\/\/brasilnoticias.org\/site\/wp-content\/uploads\/2026\/01\/tarifas-de-onibus-intermunicipais-ficam-mais-caras0137627000202601152220-ScaleDownProportional.webp","articleSection":["Not\u00edcias","\u00daltimas"],"inLanguage":"pt-PT","potentialAction":[{"@type":"CommentAction","name":"Comment","target":["https:\/\/brasilnoticias.org\/site\/agerba-reajusta-tarifas-de-onibus-intermunicipais-na-bahia-novos-valores-comecam-a-valer-sabado\/#respond"]}]},{"@type":"WebPage","@id":"https:\/\/brasilnoticias.org\/site\/agerba-reajusta-tarifas-de-onibus-intermunicipais-na-bahia-novos-valores-comecam-a-valer-sabado\/","url":"https:\/\/brasilnoticias.org\/site\/agerba-reajusta-tarifas-de-onibus-intermunicipais-na-bahia-novos-valores-comecam-a-valer-sabado\/","name":"Agerba reajusta tarifas de \u00f4nibus intermunicipais na Bahia; novos valores come\u00e7am a valer s\u00e1bado - Brasil not\u00edcias","isPartOf":{"@id":"https:\/\/brasilnoticias.org\/site\/#website"},"primaryImageOfPage":{"@id":"https:\/\/brasilnoticias.org\/site\/agerba-reajusta-tarifas-de-onibus-intermunicipais-na-bahia-novos-valores-comecam-a-valer-sabado\/#primaryimage"},"image":{"@id":"https:\/\/brasilnoticias.org\/site\/agerba-reajusta-tarifas-de-onibus-intermunicipais-na-bahia-novos-valores-comecam-a-valer-sabado\/#primaryimage"},"thumbnailUrl":"https:\/\/brasilnoticias.org\/site\/wp-content\/uploads\/2026\/01\/tarifas-de-onibus-intermunicipais-ficam-mais-caras0137627000202601152220-ScaleDownProportional.webp","datePublished":"2026-01-16T15:22:21+00:00","breadcrumb":{"@id":"https:\/\/brasilnoticias.org\/site\/agerba-reajusta-tarifas-de-onibus-intermunicipais-na-bahia-novos-valores-comecam-a-valer-sabado\/#breadcrumb"},"inLanguage":"pt-PT","potentialAction":[{"@type":"ReadAction","target":["https:\/\/brasilnoticias.org\/site\/agerba-reajusta-tarifas-de-onibus-intermunicipais-na-bahia-novos-valores-comecam-a-valer-sabado\/"]}]},{"@type":"ImageObject","inLanguage":"pt-PT","@id":"https:\/\/brasilnoticias.org\/site\/agerba-reajusta-tarifas-de-onibus-intermunicipais-na-bahia-novos-valores-comecam-a-valer-sabado\/#primaryimage","url":"https:\/\/brasilnoticias.org\/site\/wp-content\/uploads\/2026\/01\/tarifas-de-onibus-intermunicipais-ficam-mais-caras0137627000202601152220-ScaleDownProportional.webp","contentUrl":"https:\/\/brasilnoticias.org\/site\/wp-content\/uploads\/2026\/01\/tarifas-de-onibus-intermunicipais-ficam-mais-caras0137627000202601152220-ScaleDownProportional.webp","width":1024,"height":683},{"@type":"BreadcrumbList","@id":"https:\/\/brasilnoticias.org\/site\/agerba-reajusta-tarifas-de-onibus-intermunicipais-na-bahia-novos-valores-comecam-a-valer-sabado\/#breadcrumb","itemListElement":[{"@type":"ListItem","position":1,"name":"In\u00edcio","item":"https:\/\/brasilnoticias.org\/site\/"},{"@type":"ListItem","position":2,"name":"Agerba reajusta tarifas de \u00f4nibus intermunicipais na Bahia; novos valores come\u00e7am a valer s\u00e1bado"}]},{"@type":"WebSite","@id":"https:\/\/brasilnoticias.org\/site\/#website","url":"https:\/\/brasilnoticias.org\/site\/","name":"Brasil not\u00edcias","description":"Brasil not\u00edcias","publisher":{"@id":"https:\/\/brasilnoticias.org\/site\/#organization"},"potentialAction":[{"@type":"SearchAction","target":{"@type":"EntryPoint","urlTemplate":"https:\/\/brasilnoticias.org\/site\/?s={search_term_string}"},"query-input":{"@type":"PropertyValueSpecification","valueRequired":true,"valueName":"search_term_string"}}],"inLanguage":"pt-PT"},{"@type":"Organization","@id":"https:\/\/brasilnoticias.org\/site\/#organization","name":"Brasil not\u00edcias","url":"https:\/\/brasilnoticias.org\/site\/","logo":{"@type":"ImageObject","inLanguage":"pt-PT","@id":"https:\/\/brasilnoticias.org\/site\/#\/schema\/logo\/image\/","url":"https:\/\/brasilnoticias.org\/site\/wp-content\/uploads\/2022\/05\/cropped-brasilnoticias-mini.jpg","contentUrl":"https:\/\/brasilnoticias.org\/site\/wp-content\/uploads\/2022\/05\/cropped-brasilnoticias-mini.jpg","width":314,"height":86,"caption":"Brasil not\u00edcias"},"image":{"@id":"https:\/\/brasilnoticias.org\/site\/#\/schema\/logo\/image\/"}},{"@type":"Person","@id":"https:\/\/brasilnoticias.org\/site\/#\/schema\/person\/03bbbfe6c7634ad18c26444ea39049fa","name":"Reda\u00e7\u00e3o","image":{"@type":"ImageObject","inLanguage":"pt-PT","@id":"https:\/\/brasilnoticias.org\/site\/#\/schema\/person\/image\/","url":"https:\/\/secure.gravatar.com\/avatar\/9ecaf7327a696cb23ad926fedded5f1f04d7049de9e445375d55b48c001a6e42?s=96&d=mm&r=g","contentUrl":"https:\/\/secure.gravatar.com\/avatar\/9ecaf7327a696cb23ad926fedded5f1f04d7049de9e445375d55b48c001a6e42?s=96&d=mm&r=g","caption":"Reda\u00e7\u00e3o"},"url":"https:\/\/brasilnoticias.org\/site\/author\/henrique\/"}]}},"_links":{"self":[{"href":"https:\/\/brasilnoticias.org\/site\/wp-json\/wp\/v2\/posts\/19529","targetHints":{"allow":["GET"]}}],"collection":[{"href":"https:\/\/brasilnoticias.org\/site\/wp-json\/wp\/v2\/posts"}],"about":[{"href":"https:\/\/brasilnoticias.org\/site\/wp-json\/wp\/v2\/types\/post"}],"author":[{"embeddable":true,"href":"https:\/\/brasilnoticias.org\/site\/wp-json\/wp\/v2\/users\/4"}],"replies":[{"embeddable":true,"href":"https:\/\/brasilnoticias.org\/site\/wp-json\/wp\/v2\/comments?post=19529"}],"version-history":[{"count":2,"href":"https:\/\/brasilnoticias.org\/site\/wp-json\/wp\/v2\/posts\/19529\/revisions"}],"predecessor-version":[{"id":19532,"href":"https:\/\/brasilnoticias.org\/site\/wp-json\/wp\/v2\/posts\/19529\/revisions\/19532"}],"wp:featuredmedia":[{"embeddable":true,"href":"https:\/\/brasilnoticias.org\/site\/wp-json\/wp\/v2\/media\/19530"}],"wp:attachment":[{"href":"https:\/\/brasilnoticias.org\/site\/wp-json\/wp\/v2\/media?parent=19529"}],"wp:term":[{"taxonomy":"category","embeddable":true,"href":"https:\/\/brasilnoticias.org\/site\/wp-json\/wp\/v2\/categories?post=19529"},{"taxonomy":"post_tag","embeddable":true,"href":"https:\/\/brasilnoticias.org\/site\/wp-json\/wp\/v2\/tags?post=19529"}],"curies":[{"name":"wp","href":"https:\/\/api.w.org\/{rel}","templated":true}]}}