{"id":19568,"date":"2026-01-17T09:10:03","date_gmt":"2026-01-17T12:10:03","guid":{"rendered":"https:\/\/brasilnoticias.org\/site\/?p=19568"},"modified":"2026-01-17T09:10:03","modified_gmt":"2026-01-17T12:10:03","slug":"salvador-integra-pesquisa-da-fiocruz-que-avalia-injecao-contra-hiv-no-sus","status":"publish","type":"post","link":"https:\/\/brasilnoticias.org\/site\/salvador-integra-pesquisa-da-fiocruz-que-avalia-injecao-contra-hiv-no-sus\/","title":{"rendered":"Salvador integra pesquisa da Fiocruz que avalia inje\u00e7\u00e3o contra HIV no SUS"},"content":{"rendered":"<p>A cidade de Salvador foi inclu\u00edda em um estudo cl\u00ednico coordenado pela Funda\u00e7\u00e3o Oswaldo Cruz (Fiocruz) que est\u00e1 avaliando uma inje\u00e7\u00e3o de longa dura\u00e7\u00e3o contra o HIV a ser oferecida, futuramente, pelo Sistema \u00danico de Sa\u00fade (SUS). Trata-se de uma pesquisa inovadora que busca alternativas \u00e0 terapia di\u00e1ria atual, com o objetivo de melhorar a ades\u00e3o e a qualidade de vida de pacientes soropositivos.<\/p>\n<p>O estudo cl\u00ednico envolve volunt\u00e1rios que j\u00e1 vivem com HIV e j\u00e1 fazem uso de medicamentos antirretrovirais. A nova abordagem consiste em aplicar uma inje\u00e7\u00e3o mensal ou trimestral, substituindo o comprimido di\u00e1rio, o que pode representar um avan\u00e7o importante no tratamento e preven\u00e7\u00e3o do v\u00edrus, especialmente para quem enfrenta dificuldades em manter uma rotina de medica\u00e7\u00e3o cont\u00ednua.<\/p>\n<p>Segundo os pesquisadores, a participa\u00e7\u00e3o de Salvador \u00e9 relevante porque a cidade possui um n\u00famero expressivo de pacientes acompanhados em centros de refer\u00eancia em infectologia, garantindo diversidade no perfil dos participantes e maior confiabilidade nos resultados que ser\u00e3o obtidos.<\/p>\n<p>Ainda n\u00e3o h\u00e1 previs\u00e3o de quando o medicamento \u2014 caso seja aprovado \u2014 estar\u00e1 dispon\u00edvel no SUS, mas a expectativa \u00e9 que, se os resultados forem positivos, ele possa ser incorporado nas diretrizes de tratamento nos pr\u00f3ximos anos, ap\u00f3s avalia\u00e7\u00e3o de efic\u00e1cia e seguran\u00e7a pelas autoridades de sa\u00fade.<\/p>\n<p>A pesquisa integra um conjunto de estudos em andamento no Brasil que visam ampliar as op\u00e7\u00f5es terap\u00eauticas e preventivas contra o HIV, com apoio de institui\u00e7\u00f5es p\u00fablicas e privadas.<\/p>\n<p>Foto: Jos\u00e9 Cruz \/ Ag\u00eancia Brasil<br \/>\nFonte: Metro1<\/p>\n","protected":false},"excerpt":{"rendered":"<p>A cidade de Salvador foi inclu\u00edda em um estudo cl\u00ednico coordenado pela Funda\u00e7\u00e3o Oswaldo Cruz (Fiocruz) que est\u00e1 avaliando uma<\/p>\n","protected":false},"author":4,"featured_media":19569,"comment_status":"open","ping_status":"open","sticky":false,"template":"","format":"standard","meta":{"colormag_page_container_layout":"default_layout","colormag_page_sidebar_layout":"default_layout","_FSMCFIC_featured_image_caption":"","_FSMCFIC_featured_image_nocaption":"","_FSMCFIC_featured_image_hide":"","footnotes":""},"categories":[2,1],"tags":[],"class_list":["post-19568","post","type-post","status-publish","format-standard","has-post-thumbnail","hentry","category-noticias","category-ultimas"],"yoast_head":"<!-- This site is optimized with the Yoast SEO plugin v27.1.1 - https:\/\/yoast.com\/product\/yoast-seo-wordpress\/ -->\n<title>Salvador integra pesquisa da Fiocruz que avalia inje\u00e7\u00e3o contra HIV no SUS - Brasil not\u00edcias<\/title>\n<meta name=\"robots\" content=\"index, follow, max-snippet:-1, max-image-preview:large, max-video-preview:-1\" \/>\n<link rel=\"canonical\" href=\"https:\/\/brasilnoticias.org\/site\/salvador-integra-pesquisa-da-fiocruz-que-avalia-injecao-contra-hiv-no-sus\/\" \/>\n<meta property=\"og:locale\" content=\"pt_PT\" \/>\n<meta property=\"og:type\" content=\"article\" \/>\n<meta property=\"og:title\" content=\"Salvador integra pesquisa da Fiocruz que avalia inje\u00e7\u00e3o contra HIV no SUS - Brasil not\u00edcias\" \/>\n<meta property=\"og:description\" content=\"A cidade de Salvador foi inclu\u00edda em um estudo cl\u00ednico coordenado pela Funda\u00e7\u00e3o Oswaldo Cruz (Fiocruz) que est\u00e1 avaliando uma\" \/>\n<meta property=\"og:url\" content=\"https:\/\/brasilnoticias.org\/site\/salvador-integra-pesquisa-da-fiocruz-que-avalia-injecao-contra-hiv-no-sus\/\" \/>\n<meta property=\"og:site_name\" content=\"Brasil not\u00edcias\" \/>\n<meta property=\"article:published_time\" content=\"2026-01-17T12:10:03+00:00\" \/>\n<meta property=\"og:image\" content=\"https:\/\/brasilnoticias.org\/site\/wp-content\/uploads\/2026\/01\/176411salvador-integra-pesquisa-da-fiocruz-que-avalia-injecao-contra-hiv-no-sus-3.jpg\" \/>\n\t<meta property=\"og:image:width\" content=\"1600\" \/>\n\t<meta property=\"og:image:height\" content=\"752\" \/>\n\t<meta property=\"og:image:type\" content=\"image\/jpeg\" \/>\n<meta name=\"author\" content=\"Reda\u00e7\u00e3o\" \/>\n<meta name=\"twitter:card\" content=\"summary_large_image\" \/>\n<meta name=\"twitter:label1\" content=\"Escrito por\" \/>\n\t<meta name=\"twitter:data1\" content=\"Reda\u00e7\u00e3o\" \/>\n\t<meta name=\"twitter:label2\" content=\"Tempo estimado de leitura\" \/>\n\t<meta name=\"twitter:data2\" content=\"1 minuto\" \/>\n<script type=\"application\/ld+json\" class=\"yoast-schema-graph\">{\"@context\":\"https:\/\/schema.org\",\"@graph\":[{\"@type\":\"Article\",\"@id\":\"https:\/\/brasilnoticias.org\/site\/salvador-integra-pesquisa-da-fiocruz-que-avalia-injecao-contra-hiv-no-sus\/#article\",\"isPartOf\":{\"@id\":\"https:\/\/brasilnoticias.org\/site\/salvador-integra-pesquisa-da-fiocruz-que-avalia-injecao-contra-hiv-no-sus\/\"},\"author\":{\"name\":\"Reda\u00e7\u00e3o\",\"@id\":\"https:\/\/brasilnoticias.org\/site\/#\/schema\/person\/03bbbfe6c7634ad18c26444ea39049fa\"},\"headline\":\"Salvador integra pesquisa da Fiocruz que avalia inje\u00e7\u00e3o contra HIV no SUS\",\"datePublished\":\"2026-01-17T12:10:03+00:00\",\"mainEntityOfPage\":{\"@id\":\"https:\/\/brasilnoticias.org\/site\/salvador-integra-pesquisa-da-fiocruz-que-avalia-injecao-contra-hiv-no-sus\/\"},\"wordCount\":287,\"commentCount\":0,\"publisher\":{\"@id\":\"https:\/\/brasilnoticias.org\/site\/#organization\"},\"image\":{\"@id\":\"https:\/\/brasilnoticias.org\/site\/salvador-integra-pesquisa-da-fiocruz-que-avalia-injecao-contra-hiv-no-sus\/#primaryimage\"},\"thumbnailUrl\":\"https:\/\/brasilnoticias.org\/site\/wp-content\/uploads\/2026\/01\/176411salvador-integra-pesquisa-da-fiocruz-que-avalia-injecao-contra-hiv-no-sus-3.jpg\",\"articleSection\":[\"Not\u00edcias\",\"\u00daltimas\"],\"inLanguage\":\"pt-PT\",\"potentialAction\":[{\"@type\":\"CommentAction\",\"name\":\"Comment\",\"target\":[\"https:\/\/brasilnoticias.org\/site\/salvador-integra-pesquisa-da-fiocruz-que-avalia-injecao-contra-hiv-no-sus\/#respond\"]}]},{\"@type\":\"WebPage\",\"@id\":\"https:\/\/brasilnoticias.org\/site\/salvador-integra-pesquisa-da-fiocruz-que-avalia-injecao-contra-hiv-no-sus\/\",\"url\":\"https:\/\/brasilnoticias.org\/site\/salvador-integra-pesquisa-da-fiocruz-que-avalia-injecao-contra-hiv-no-sus\/\",\"name\":\"Salvador integra pesquisa da Fiocruz que avalia inje\u00e7\u00e3o contra HIV no SUS - Brasil not\u00edcias\",\"isPartOf\":{\"@id\":\"https:\/\/brasilnoticias.org\/site\/#website\"},\"primaryImageOfPage\":{\"@id\":\"https:\/\/brasilnoticias.org\/site\/salvador-integra-pesquisa-da-fiocruz-que-avalia-injecao-contra-hiv-no-sus\/#primaryimage\"},\"image\":{\"@id\":\"https:\/\/brasilnoticias.org\/site\/salvador-integra-pesquisa-da-fiocruz-que-avalia-injecao-contra-hiv-no-sus\/#primaryimage\"},\"thumbnailUrl\":\"https:\/\/brasilnoticias.org\/site\/wp-content\/uploads\/2026\/01\/176411salvador-integra-pesquisa-da-fiocruz-que-avalia-injecao-contra-hiv-no-sus-3.jpg\",\"datePublished\":\"2026-01-17T12:10:03+00:00\",\"breadcrumb\":{\"@id\":\"https:\/\/brasilnoticias.org\/site\/salvador-integra-pesquisa-da-fiocruz-que-avalia-injecao-contra-hiv-no-sus\/#breadcrumb\"},\"inLanguage\":\"pt-PT\",\"potentialAction\":[{\"@type\":\"ReadAction\",\"target\":[\"https:\/\/brasilnoticias.org\/site\/salvador-integra-pesquisa-da-fiocruz-que-avalia-injecao-contra-hiv-no-sus\/\"]}]},{\"@type\":\"ImageObject\",\"inLanguage\":\"pt-PT\",\"@id\":\"https:\/\/brasilnoticias.org\/site\/salvador-integra-pesquisa-da-fiocruz-que-avalia-injecao-contra-hiv-no-sus\/#primaryimage\",\"url\":\"https:\/\/brasilnoticias.org\/site\/wp-content\/uploads\/2026\/01\/176411salvador-integra-pesquisa-da-fiocruz-que-avalia-injecao-contra-hiv-no-sus-3.jpg\",\"contentUrl\":\"https:\/\/brasilnoticias.org\/site\/wp-content\/uploads\/2026\/01\/176411salvador-integra-pesquisa-da-fiocruz-que-avalia-injecao-contra-hiv-no-sus-3.jpg\",\"width\":1600,\"height\":752},{\"@type\":\"BreadcrumbList\",\"@id\":\"https:\/\/brasilnoticias.org\/site\/salvador-integra-pesquisa-da-fiocruz-que-avalia-injecao-contra-hiv-no-sus\/#breadcrumb\",\"itemListElement\":[{\"@type\":\"ListItem\",\"position\":1,\"name\":\"In\u00edcio\",\"item\":\"https:\/\/brasilnoticias.org\/site\/\"},{\"@type\":\"ListItem\",\"position\":2,\"name\":\"Salvador integra pesquisa da Fiocruz que avalia inje\u00e7\u00e3o contra HIV no SUS\"}]},{\"@type\":\"WebSite\",\"@id\":\"https:\/\/brasilnoticias.org\/site\/#website\",\"url\":\"https:\/\/brasilnoticias.org\/site\/\",\"name\":\"Brasil not\u00edcias\",\"description\":\"Brasil not\u00edcias\",\"publisher\":{\"@id\":\"https:\/\/brasilnoticias.org\/site\/#organization\"},\"potentialAction\":[{\"@type\":\"SearchAction\",\"target\":{\"@type\":\"EntryPoint\",\"urlTemplate\":\"https:\/\/brasilnoticias.org\/site\/?s={search_term_string}\"},\"query-input\":{\"@type\":\"PropertyValueSpecification\",\"valueRequired\":true,\"valueName\":\"search_term_string\"}}],\"inLanguage\":\"pt-PT\"},{\"@type\":\"Organization\",\"@id\":\"https:\/\/brasilnoticias.org\/site\/#organization\",\"name\":\"Brasil not\u00edcias\",\"url\":\"https:\/\/brasilnoticias.org\/site\/\",\"logo\":{\"@type\":\"ImageObject\",\"inLanguage\":\"pt-PT\",\"@id\":\"https:\/\/brasilnoticias.org\/site\/#\/schema\/logo\/image\/\",\"url\":\"https:\/\/brasilnoticias.org\/site\/wp-content\/uploads\/2022\/05\/cropped-brasilnoticias-mini.jpg\",\"contentUrl\":\"https:\/\/brasilnoticias.org\/site\/wp-content\/uploads\/2022\/05\/cropped-brasilnoticias-mini.jpg\",\"width\":314,\"height\":86,\"caption\":\"Brasil not\u00edcias\"},\"image\":{\"@id\":\"https:\/\/brasilnoticias.org\/site\/#\/schema\/logo\/image\/\"}},{\"@type\":\"Person\",\"@id\":\"https:\/\/brasilnoticias.org\/site\/#\/schema\/person\/03bbbfe6c7634ad18c26444ea39049fa\",\"name\":\"Reda\u00e7\u00e3o\",\"image\":{\"@type\":\"ImageObject\",\"inLanguage\":\"pt-PT\",\"@id\":\"https:\/\/brasilnoticias.org\/site\/#\/schema\/person\/image\/\",\"url\":\"https:\/\/secure.gravatar.com\/avatar\/9ecaf7327a696cb23ad926fedded5f1f04d7049de9e445375d55b48c001a6e42?s=96&d=mm&r=g\",\"contentUrl\":\"https:\/\/secure.gravatar.com\/avatar\/9ecaf7327a696cb23ad926fedded5f1f04d7049de9e445375d55b48c001a6e42?s=96&d=mm&r=g\",\"caption\":\"Reda\u00e7\u00e3o\"},\"url\":\"https:\/\/brasilnoticias.org\/site\/author\/henrique\/\"}]}<\/script>\n<!-- \/ Yoast SEO plugin. -->","yoast_head_json":{"title":"Salvador integra pesquisa da Fiocruz que avalia inje\u00e7\u00e3o contra HIV no SUS - Brasil not\u00edcias","robots":{"index":"index","follow":"follow","max-snippet":"max-snippet:-1","max-image-preview":"max-image-preview:large","max-video-preview":"max-video-preview:-1"},"canonical":"https:\/\/brasilnoticias.org\/site\/salvador-integra-pesquisa-da-fiocruz-que-avalia-injecao-contra-hiv-no-sus\/","og_locale":"pt_PT","og_type":"article","og_title":"Salvador integra pesquisa da Fiocruz que avalia inje\u00e7\u00e3o contra HIV no SUS - Brasil not\u00edcias","og_description":"A cidade de Salvador foi inclu\u00edda em um estudo cl\u00ednico coordenado pela Funda\u00e7\u00e3o Oswaldo Cruz (Fiocruz) que est\u00e1 avaliando uma","og_url":"https:\/\/brasilnoticias.org\/site\/salvador-integra-pesquisa-da-fiocruz-que-avalia-injecao-contra-hiv-no-sus\/","og_site_name":"Brasil not\u00edcias","article_published_time":"2026-01-17T12:10:03+00:00","og_image":[{"width":1600,"height":752,"url":"https:\/\/brasilnoticias.org\/site\/wp-content\/uploads\/2026\/01\/176411salvador-integra-pesquisa-da-fiocruz-que-avalia-injecao-contra-hiv-no-sus-3.jpg","type":"image\/jpeg"}],"author":"Reda\u00e7\u00e3o","twitter_card":"summary_large_image","twitter_misc":{"Escrito por":"Reda\u00e7\u00e3o","Tempo estimado de leitura":"1 minuto"},"schema":{"@context":"https:\/\/schema.org","@graph":[{"@type":"Article","@id":"https:\/\/brasilnoticias.org\/site\/salvador-integra-pesquisa-da-fiocruz-que-avalia-injecao-contra-hiv-no-sus\/#article","isPartOf":{"@id":"https:\/\/brasilnoticias.org\/site\/salvador-integra-pesquisa-da-fiocruz-que-avalia-injecao-contra-hiv-no-sus\/"},"author":{"name":"Reda\u00e7\u00e3o","@id":"https:\/\/brasilnoticias.org\/site\/#\/schema\/person\/03bbbfe6c7634ad18c26444ea39049fa"},"headline":"Salvador integra pesquisa da Fiocruz que avalia inje\u00e7\u00e3o contra HIV no SUS","datePublished":"2026-01-17T12:10:03+00:00","mainEntityOfPage":{"@id":"https:\/\/brasilnoticias.org\/site\/salvador-integra-pesquisa-da-fiocruz-que-avalia-injecao-contra-hiv-no-sus\/"},"wordCount":287,"commentCount":0,"publisher":{"@id":"https:\/\/brasilnoticias.org\/site\/#organization"},"image":{"@id":"https:\/\/brasilnoticias.org\/site\/salvador-integra-pesquisa-da-fiocruz-que-avalia-injecao-contra-hiv-no-sus\/#primaryimage"},"thumbnailUrl":"https:\/\/brasilnoticias.org\/site\/wp-content\/uploads\/2026\/01\/176411salvador-integra-pesquisa-da-fiocruz-que-avalia-injecao-contra-hiv-no-sus-3.jpg","articleSection":["Not\u00edcias","\u00daltimas"],"inLanguage":"pt-PT","potentialAction":[{"@type":"CommentAction","name":"Comment","target":["https:\/\/brasilnoticias.org\/site\/salvador-integra-pesquisa-da-fiocruz-que-avalia-injecao-contra-hiv-no-sus\/#respond"]}]},{"@type":"WebPage","@id":"https:\/\/brasilnoticias.org\/site\/salvador-integra-pesquisa-da-fiocruz-que-avalia-injecao-contra-hiv-no-sus\/","url":"https:\/\/brasilnoticias.org\/site\/salvador-integra-pesquisa-da-fiocruz-que-avalia-injecao-contra-hiv-no-sus\/","name":"Salvador integra pesquisa da Fiocruz que avalia inje\u00e7\u00e3o contra HIV no SUS - Brasil not\u00edcias","isPartOf":{"@id":"https:\/\/brasilnoticias.org\/site\/#website"},"primaryImageOfPage":{"@id":"https:\/\/brasilnoticias.org\/site\/salvador-integra-pesquisa-da-fiocruz-que-avalia-injecao-contra-hiv-no-sus\/#primaryimage"},"image":{"@id":"https:\/\/brasilnoticias.org\/site\/salvador-integra-pesquisa-da-fiocruz-que-avalia-injecao-contra-hiv-no-sus\/#primaryimage"},"thumbnailUrl":"https:\/\/brasilnoticias.org\/site\/wp-content\/uploads\/2026\/01\/176411salvador-integra-pesquisa-da-fiocruz-que-avalia-injecao-contra-hiv-no-sus-3.jpg","datePublished":"2026-01-17T12:10:03+00:00","breadcrumb":{"@id":"https:\/\/brasilnoticias.org\/site\/salvador-integra-pesquisa-da-fiocruz-que-avalia-injecao-contra-hiv-no-sus\/#breadcrumb"},"inLanguage":"pt-PT","potentialAction":[{"@type":"ReadAction","target":["https:\/\/brasilnoticias.org\/site\/salvador-integra-pesquisa-da-fiocruz-que-avalia-injecao-contra-hiv-no-sus\/"]}]},{"@type":"ImageObject","inLanguage":"pt-PT","@id":"https:\/\/brasilnoticias.org\/site\/salvador-integra-pesquisa-da-fiocruz-que-avalia-injecao-contra-hiv-no-sus\/#primaryimage","url":"https:\/\/brasilnoticias.org\/site\/wp-content\/uploads\/2026\/01\/176411salvador-integra-pesquisa-da-fiocruz-que-avalia-injecao-contra-hiv-no-sus-3.jpg","contentUrl":"https:\/\/brasilnoticias.org\/site\/wp-content\/uploads\/2026\/01\/176411salvador-integra-pesquisa-da-fiocruz-que-avalia-injecao-contra-hiv-no-sus-3.jpg","width":1600,"height":752},{"@type":"BreadcrumbList","@id":"https:\/\/brasilnoticias.org\/site\/salvador-integra-pesquisa-da-fiocruz-que-avalia-injecao-contra-hiv-no-sus\/#breadcrumb","itemListElement":[{"@type":"ListItem","position":1,"name":"In\u00edcio","item":"https:\/\/brasilnoticias.org\/site\/"},{"@type":"ListItem","position":2,"name":"Salvador integra pesquisa da Fiocruz que avalia inje\u00e7\u00e3o contra HIV no SUS"}]},{"@type":"WebSite","@id":"https:\/\/brasilnoticias.org\/site\/#website","url":"https:\/\/brasilnoticias.org\/site\/","name":"Brasil not\u00edcias","description":"Brasil not\u00edcias","publisher":{"@id":"https:\/\/brasilnoticias.org\/site\/#organization"},"potentialAction":[{"@type":"SearchAction","target":{"@type":"EntryPoint","urlTemplate":"https:\/\/brasilnoticias.org\/site\/?s={search_term_string}"},"query-input":{"@type":"PropertyValueSpecification","valueRequired":true,"valueName":"search_term_string"}}],"inLanguage":"pt-PT"},{"@type":"Organization","@id":"https:\/\/brasilnoticias.org\/site\/#organization","name":"Brasil not\u00edcias","url":"https:\/\/brasilnoticias.org\/site\/","logo":{"@type":"ImageObject","inLanguage":"pt-PT","@id":"https:\/\/brasilnoticias.org\/site\/#\/schema\/logo\/image\/","url":"https:\/\/brasilnoticias.org\/site\/wp-content\/uploads\/2022\/05\/cropped-brasilnoticias-mini.jpg","contentUrl":"https:\/\/brasilnoticias.org\/site\/wp-content\/uploads\/2022\/05\/cropped-brasilnoticias-mini.jpg","width":314,"height":86,"caption":"Brasil not\u00edcias"},"image":{"@id":"https:\/\/brasilnoticias.org\/site\/#\/schema\/logo\/image\/"}},{"@type":"Person","@id":"https:\/\/brasilnoticias.org\/site\/#\/schema\/person\/03bbbfe6c7634ad18c26444ea39049fa","name":"Reda\u00e7\u00e3o","image":{"@type":"ImageObject","inLanguage":"pt-PT","@id":"https:\/\/brasilnoticias.org\/site\/#\/schema\/person\/image\/","url":"https:\/\/secure.gravatar.com\/avatar\/9ecaf7327a696cb23ad926fedded5f1f04d7049de9e445375d55b48c001a6e42?s=96&d=mm&r=g","contentUrl":"https:\/\/secure.gravatar.com\/avatar\/9ecaf7327a696cb23ad926fedded5f1f04d7049de9e445375d55b48c001a6e42?s=96&d=mm&r=g","caption":"Reda\u00e7\u00e3o"},"url":"https:\/\/brasilnoticias.org\/site\/author\/henrique\/"}]}},"_links":{"self":[{"href":"https:\/\/brasilnoticias.org\/site\/wp-json\/wp\/v2\/posts\/19568","targetHints":{"allow":["GET"]}}],"collection":[{"href":"https:\/\/brasilnoticias.org\/site\/wp-json\/wp\/v2\/posts"}],"about":[{"href":"https:\/\/brasilnoticias.org\/site\/wp-json\/wp\/v2\/types\/post"}],"author":[{"embeddable":true,"href":"https:\/\/brasilnoticias.org\/site\/wp-json\/wp\/v2\/users\/4"}],"replies":[{"embeddable":true,"href":"https:\/\/brasilnoticias.org\/site\/wp-json\/wp\/v2\/comments?post=19568"}],"version-history":[{"count":1,"href":"https:\/\/brasilnoticias.org\/site\/wp-json\/wp\/v2\/posts\/19568\/revisions"}],"predecessor-version":[{"id":19570,"href":"https:\/\/brasilnoticias.org\/site\/wp-json\/wp\/v2\/posts\/19568\/revisions\/19570"}],"wp:featuredmedia":[{"embeddable":true,"href":"https:\/\/brasilnoticias.org\/site\/wp-json\/wp\/v2\/media\/19569"}],"wp:attachment":[{"href":"https:\/\/brasilnoticias.org\/site\/wp-json\/wp\/v2\/media?parent=19568"}],"wp:term":[{"taxonomy":"category","embeddable":true,"href":"https:\/\/brasilnoticias.org\/site\/wp-json\/wp\/v2\/categories?post=19568"},{"taxonomy":"post_tag","embeddable":true,"href":"https:\/\/brasilnoticias.org\/site\/wp-json\/wp\/v2\/tags?post=19568"}],"curies":[{"name":"wp","href":"https:\/\/api.w.org\/{rel}","templated":true}]}}