{"id":1958,"date":"2022-10-16T22:40:52","date_gmt":"2022-10-17T01:40:52","guid":{"rendered":"https:\/\/brasilnoticias.org\/site\/?p=1958"},"modified":"2022-10-16T22:40:52","modified_gmt":"2022-10-17T01:40:52","slug":"articulador-da-campanha-de-jeronimo-geddel-manda-ex-vice-presidenta-do-pt-da-meia-hora-de-c","status":"publish","type":"post","link":"https:\/\/brasilnoticias.org\/site\/articulador-da-campanha-de-jeronimo-geddel-manda-ex-vice-presidenta-do-pt-da-meia-hora-de-c\/","title":{"rendered":"Articulador da campanha de Jer\u00f4nimo, Geddel manda ex-vice-presidenta do PT \u201cd\u00e1 meia hora de c*\u201d"},"content":{"rendered":"<p>\u00cdcone da corrup\u00e7\u00e3o mundial e articulador da campanha de Jer\u00f4nimo Rodrigues (PT) ao Governo, Geddel Vieira Lima (MDB), voltou a criar repulso e at\u00e9 nojo. Desta vez ele atacou a ex-vice-presidenta estadual do PT na Bahia, C\u00e9lia Regina Arouca, que fez um desabafo nas redes sociais, neste s\u00e1bado (15\/10).<\/p>\n<p>A ativista social fez um post nos stories do seu Instagram e o homem das malas de R$51 milh\u00f5es foi at\u00e9 o seu privado. Aparentemente, Geddel tentou calar as cr\u00edticas de C\u00e9lia contra a alian\u00e7a com o MDB e ficou irritado com a negativa.<\/p>\n<p>\u201cVamos fazer um acordo? Eu calo a boca e vc vai d\u00e1 (sic!) meia hora de c*, dif\u00edcil vai ser achar quem queira comer, pela foto, voc\u00ea est\u00e1 uma velha bem caidinha, ent\u00e3o, sem acordos mesmo. Vai dar o c*\u201d, escreveu o articulador da campanha de Jer\u00f4nimo Rodrigues.<\/p>\n<p><img loading=\"lazy\" decoding=\"async\" class=\"alignnone size-full wp-image-1825\" src=\"http:\/\/massanoticias.com.br\/wp-content\/uploads\/2022\/10\/Capturar1.jpg\" alt=\"\" width=\"498\" height=\"310\" \/><\/p>\n<p>C\u00e9lia, diante das ofensas, desabafou e tratou Geddel como \u201caliado de Rui e conselheiro de Jer\u00f4nimo\u201d.<\/p>\n<p>\u201cO ambiente pol\u00edtico est\u00e1 cada dia mais mis\u00f3gino, machista, racista e homof\u00f3bico. Quem acompanha minha trajet\u00f3ria, sabe que ajudei por 20 anos \u00e0 construir o @ptbahia. Mas, na mesma noite em que @ruicostagov anunciou o vice de @jeronimorodriguesba, indica\u00e7\u00e3o de @geddel_113, na mesma noite me desfiliei e migrei para o @psolbahia que me acolheu com honra\u201d, disse a ex-vice-presidenta do PT.<\/p>\n<p>\u201cA narrativa \u00e9 para dizer que, em momento algum duvidei de que tipo de pessoa Rui Costa estaria se aliando. Agora, est\u00e1 bem aqui a prova e pergunto \u00e0s mulheres que reconhecem uma viol\u00eancia: Qual a diferen\u00e7a entre @jairmessiasbolsonaro e @geddel_113 o atual conselheiro de Jer\u00f4nimo Rodrigues?\u201d, questionou.<\/p>\n<p>\u201cEra sobre isso, manas. Ah\u2026. As ofensas do \u201caliado de Rui e conselheiro de Jer\u00f4nimo\u201d seguem no meu direct. Votem nessa chapa, mas n\u00e3o digam: \u2018N\u00e3o fomos avisadas\u2019, desabafou e assinou o texto como \u201cC\u00e9lia Regina Carvalho Arouca, Ex vice presidenta do PT da Bahia\u201d.<\/p>\n","protected":false},"excerpt":{"rendered":"<p>\u00cdcone da corrup\u00e7\u00e3o mundial e articulador da campanha de Jer\u00f4nimo Rodrigues (PT) ao Governo, Geddel Vieira Lima (MDB), voltou a<\/p>\n","protected":false},"author":1,"featured_media":1959,"comment_status":"open","ping_status":"open","sticky":false,"template":"","format":"standard","meta":{"colormag_page_container_layout":"default_layout","colormag_page_sidebar_layout":"default_layout","_FSMCFIC_featured_image_caption":"","_FSMCFIC_featured_image_nocaption":"","_FSMCFIC_featured_image_hide":"","footnotes":""},"categories":[5,1],"tags":[],"class_list":["post-1958","post","type-post","status-publish","format-standard","has-post-thumbnail","hentry","category-politica","category-ultimas"],"yoast_head":"<!-- This site is optimized with the Yoast SEO plugin v27.1.1 - https:\/\/yoast.com\/product\/yoast-seo-wordpress\/ -->\n<title>Articulador da campanha de Jer\u00f4nimo, Geddel manda ex-vice-presidenta do PT \u201cd\u00e1 meia hora de c*\u201d - Brasil not\u00edcias<\/title>\n<meta name=\"robots\" content=\"index, follow, max-snippet:-1, max-image-preview:large, max-video-preview:-1\" \/>\n<link rel=\"canonical\" href=\"https:\/\/brasilnoticias.org\/site\/articulador-da-campanha-de-jeronimo-geddel-manda-ex-vice-presidenta-do-pt-da-meia-hora-de-c\/\" \/>\n<meta property=\"og:locale\" content=\"pt_PT\" \/>\n<meta property=\"og:type\" content=\"article\" \/>\n<meta property=\"og:title\" content=\"Articulador da campanha de Jer\u00f4nimo, Geddel manda ex-vice-presidenta do PT \u201cd\u00e1 meia hora de c*\u201d - Brasil not\u00edcias\" \/>\n<meta property=\"og:description\" content=\"\u00cdcone da corrup\u00e7\u00e3o mundial e articulador da campanha de Jer\u00f4nimo Rodrigues (PT) ao Governo, Geddel Vieira Lima (MDB), voltou a\" \/>\n<meta property=\"og:url\" content=\"https:\/\/brasilnoticias.org\/site\/articulador-da-campanha-de-jeronimo-geddel-manda-ex-vice-presidenta-do-pt-da-meia-hora-de-c\/\" \/>\n<meta property=\"og:site_name\" content=\"Brasil not\u00edcias\" \/>\n<meta property=\"article:published_time\" content=\"2022-10-17T01:40:52+00:00\" \/>\n<meta property=\"og:image\" content=\"https:\/\/brasilnoticias.org\/site\/wp-content\/uploads\/2022\/10\/Capturar-21.jpg\" \/>\n\t<meta property=\"og:image:width\" content=\"614\" \/>\n\t<meta property=\"og:image:height\" content=\"342\" \/>\n\t<meta property=\"og:image:type\" content=\"image\/jpeg\" \/>\n<meta name=\"author\" content=\"Reda\u00e7\u00e3o\" \/>\n<meta name=\"twitter:card\" content=\"summary_large_image\" \/>\n<meta name=\"twitter:label1\" content=\"Escrito por\" \/>\n\t<meta name=\"twitter:data1\" content=\"Reda\u00e7\u00e3o\" \/>\n\t<meta name=\"twitter:label2\" content=\"Tempo estimado de leitura\" \/>\n\t<meta name=\"twitter:data2\" content=\"2 minutos\" \/>\n<script type=\"application\/ld+json\" class=\"yoast-schema-graph\">{\"@context\":\"https:\/\/schema.org\",\"@graph\":[{\"@type\":\"Article\",\"@id\":\"https:\/\/brasilnoticias.org\/site\/articulador-da-campanha-de-jeronimo-geddel-manda-ex-vice-presidenta-do-pt-da-meia-hora-de-c\/#article\",\"isPartOf\":{\"@id\":\"https:\/\/brasilnoticias.org\/site\/articulador-da-campanha-de-jeronimo-geddel-manda-ex-vice-presidenta-do-pt-da-meia-hora-de-c\/\"},\"author\":{\"name\":\"Reda\u00e7\u00e3o\",\"@id\":\"https:\/\/brasilnoticias.org\/site\/#\/schema\/person\/a0e05b973ec4d15c658d51911e53507b\"},\"headline\":\"Articulador da campanha de Jer\u00f4nimo, Geddel manda ex-vice-presidenta do PT \u201cd\u00e1 meia hora de c*\u201d\",\"datePublished\":\"2022-10-17T01:40:52+00:00\",\"mainEntityOfPage\":{\"@id\":\"https:\/\/brasilnoticias.org\/site\/articulador-da-campanha-de-jeronimo-geddel-manda-ex-vice-presidenta-do-pt-da-meia-hora-de-c\/\"},\"wordCount\":348,\"commentCount\":0,\"publisher\":{\"@id\":\"https:\/\/brasilnoticias.org\/site\/#organization\"},\"image\":{\"@id\":\"https:\/\/brasilnoticias.org\/site\/articulador-da-campanha-de-jeronimo-geddel-manda-ex-vice-presidenta-do-pt-da-meia-hora-de-c\/#primaryimage\"},\"thumbnailUrl\":\"https:\/\/brasilnoticias.org\/site\/wp-content\/uploads\/2022\/10\/Capturar-21.jpg\",\"articleSection\":[\"Pol\u00edtica\",\"\u00daltimas\"],\"inLanguage\":\"pt-PT\",\"potentialAction\":[{\"@type\":\"CommentAction\",\"name\":\"Comment\",\"target\":[\"https:\/\/brasilnoticias.org\/site\/articulador-da-campanha-de-jeronimo-geddel-manda-ex-vice-presidenta-do-pt-da-meia-hora-de-c\/#respond\"]}]},{\"@type\":\"WebPage\",\"@id\":\"https:\/\/brasilnoticias.org\/site\/articulador-da-campanha-de-jeronimo-geddel-manda-ex-vice-presidenta-do-pt-da-meia-hora-de-c\/\",\"url\":\"https:\/\/brasilnoticias.org\/site\/articulador-da-campanha-de-jeronimo-geddel-manda-ex-vice-presidenta-do-pt-da-meia-hora-de-c\/\",\"name\":\"Articulador da campanha de Jer\u00f4nimo, Geddel manda ex-vice-presidenta do PT \u201cd\u00e1 meia hora de c*\u201d - Brasil not\u00edcias\",\"isPartOf\":{\"@id\":\"https:\/\/brasilnoticias.org\/site\/#website\"},\"primaryImageOfPage\":{\"@id\":\"https:\/\/brasilnoticias.org\/site\/articulador-da-campanha-de-jeronimo-geddel-manda-ex-vice-presidenta-do-pt-da-meia-hora-de-c\/#primaryimage\"},\"image\":{\"@id\":\"https:\/\/brasilnoticias.org\/site\/articulador-da-campanha-de-jeronimo-geddel-manda-ex-vice-presidenta-do-pt-da-meia-hora-de-c\/#primaryimage\"},\"thumbnailUrl\":\"https:\/\/brasilnoticias.org\/site\/wp-content\/uploads\/2022\/10\/Capturar-21.jpg\",\"datePublished\":\"2022-10-17T01:40:52+00:00\",\"breadcrumb\":{\"@id\":\"https:\/\/brasilnoticias.org\/site\/articulador-da-campanha-de-jeronimo-geddel-manda-ex-vice-presidenta-do-pt-da-meia-hora-de-c\/#breadcrumb\"},\"inLanguage\":\"pt-PT\",\"potentialAction\":[{\"@type\":\"ReadAction\",\"target\":[\"https:\/\/brasilnoticias.org\/site\/articulador-da-campanha-de-jeronimo-geddel-manda-ex-vice-presidenta-do-pt-da-meia-hora-de-c\/\"]}]},{\"@type\":\"ImageObject\",\"inLanguage\":\"pt-PT\",\"@id\":\"https:\/\/brasilnoticias.org\/site\/articulador-da-campanha-de-jeronimo-geddel-manda-ex-vice-presidenta-do-pt-da-meia-hora-de-c\/#primaryimage\",\"url\":\"https:\/\/brasilnoticias.org\/site\/wp-content\/uploads\/2022\/10\/Capturar-21.jpg\",\"contentUrl\":\"https:\/\/brasilnoticias.org\/site\/wp-content\/uploads\/2022\/10\/Capturar-21.jpg\",\"width\":614,\"height\":342},{\"@type\":\"BreadcrumbList\",\"@id\":\"https:\/\/brasilnoticias.org\/site\/articulador-da-campanha-de-jeronimo-geddel-manda-ex-vice-presidenta-do-pt-da-meia-hora-de-c\/#breadcrumb\",\"itemListElement\":[{\"@type\":\"ListItem\",\"position\":1,\"name\":\"In\u00edcio\",\"item\":\"https:\/\/brasilnoticias.org\/site\/\"},{\"@type\":\"ListItem\",\"position\":2,\"name\":\"Articulador da campanha de Jer\u00f4nimo, Geddel manda ex-vice-presidenta do PT \u201cd\u00e1 meia hora de c*\u201d\"}]},{\"@type\":\"WebSite\",\"@id\":\"https:\/\/brasilnoticias.org\/site\/#website\",\"url\":\"https:\/\/brasilnoticias.org\/site\/\",\"name\":\"Brasil not\u00edcias\",\"description\":\"Brasil not\u00edcias\",\"publisher\":{\"@id\":\"https:\/\/brasilnoticias.org\/site\/#organization\"},\"potentialAction\":[{\"@type\":\"SearchAction\",\"target\":{\"@type\":\"EntryPoint\",\"urlTemplate\":\"https:\/\/brasilnoticias.org\/site\/?s={search_term_string}\"},\"query-input\":{\"@type\":\"PropertyValueSpecification\",\"valueRequired\":true,\"valueName\":\"search_term_string\"}}],\"inLanguage\":\"pt-PT\"},{\"@type\":\"Organization\",\"@id\":\"https:\/\/brasilnoticias.org\/site\/#organization\",\"name\":\"Brasil not\u00edcias\",\"url\":\"https:\/\/brasilnoticias.org\/site\/\",\"logo\":{\"@type\":\"ImageObject\",\"inLanguage\":\"pt-PT\",\"@id\":\"https:\/\/brasilnoticias.org\/site\/#\/schema\/logo\/image\/\",\"url\":\"https:\/\/brasilnoticias.org\/site\/wp-content\/uploads\/2022\/05\/cropped-brasilnoticias-mini.jpg\",\"contentUrl\":\"https:\/\/brasilnoticias.org\/site\/wp-content\/uploads\/2022\/05\/cropped-brasilnoticias-mini.jpg\",\"width\":314,\"height\":86,\"caption\":\"Brasil not\u00edcias\"},\"image\":{\"@id\":\"https:\/\/brasilnoticias.org\/site\/#\/schema\/logo\/image\/\"}},{\"@type\":\"Person\",\"@id\":\"https:\/\/brasilnoticias.org\/site\/#\/schema\/person\/a0e05b973ec4d15c658d51911e53507b\",\"name\":\"Reda\u00e7\u00e3o\",\"image\":{\"@type\":\"ImageObject\",\"inLanguage\":\"pt-PT\",\"@id\":\"https:\/\/brasilnoticias.org\/site\/#\/schema\/person\/image\/\",\"url\":\"https:\/\/secure.gravatar.com\/avatar\/75d8b050df2de108b08ae78dfb8e374892df24a383c67db9c46a9c604f6aee9c?s=96&d=mm&r=g\",\"contentUrl\":\"https:\/\/secure.gravatar.com\/avatar\/75d8b050df2de108b08ae78dfb8e374892df24a383c67db9c46a9c604f6aee9c?s=96&d=mm&r=g\",\"caption\":\"Reda\u00e7\u00e3o\"},\"sameAs\":[\"https:\/\/brasilnoticias.org\/site\"],\"url\":\"https:\/\/brasilnoticias.org\/site\/author\/fernandozsngmail-com\/\"}]}<\/script>\n<!-- \/ Yoast SEO plugin. -->","yoast_head_json":{"title":"Articulador da campanha de Jer\u00f4nimo, Geddel manda ex-vice-presidenta do PT \u201cd\u00e1 meia hora de c*\u201d - Brasil not\u00edcias","robots":{"index":"index","follow":"follow","max-snippet":"max-snippet:-1","max-image-preview":"max-image-preview:large","max-video-preview":"max-video-preview:-1"},"canonical":"https:\/\/brasilnoticias.org\/site\/articulador-da-campanha-de-jeronimo-geddel-manda-ex-vice-presidenta-do-pt-da-meia-hora-de-c\/","og_locale":"pt_PT","og_type":"article","og_title":"Articulador da campanha de Jer\u00f4nimo, Geddel manda ex-vice-presidenta do PT \u201cd\u00e1 meia hora de c*\u201d - Brasil not\u00edcias","og_description":"\u00cdcone da corrup\u00e7\u00e3o mundial e articulador da campanha de Jer\u00f4nimo Rodrigues (PT) ao Governo, Geddel Vieira Lima (MDB), voltou a","og_url":"https:\/\/brasilnoticias.org\/site\/articulador-da-campanha-de-jeronimo-geddel-manda-ex-vice-presidenta-do-pt-da-meia-hora-de-c\/","og_site_name":"Brasil not\u00edcias","article_published_time":"2022-10-17T01:40:52+00:00","og_image":[{"width":614,"height":342,"url":"https:\/\/brasilnoticias.org\/site\/wp-content\/uploads\/2022\/10\/Capturar-21.jpg","type":"image\/jpeg"}],"author":"Reda\u00e7\u00e3o","twitter_card":"summary_large_image","twitter_misc":{"Escrito por":"Reda\u00e7\u00e3o","Tempo estimado de leitura":"2 minutos"},"schema":{"@context":"https:\/\/schema.org","@graph":[{"@type":"Article","@id":"https:\/\/brasilnoticias.org\/site\/articulador-da-campanha-de-jeronimo-geddel-manda-ex-vice-presidenta-do-pt-da-meia-hora-de-c\/#article","isPartOf":{"@id":"https:\/\/brasilnoticias.org\/site\/articulador-da-campanha-de-jeronimo-geddel-manda-ex-vice-presidenta-do-pt-da-meia-hora-de-c\/"},"author":{"name":"Reda\u00e7\u00e3o","@id":"https:\/\/brasilnoticias.org\/site\/#\/schema\/person\/a0e05b973ec4d15c658d51911e53507b"},"headline":"Articulador da campanha de Jer\u00f4nimo, Geddel manda ex-vice-presidenta do PT \u201cd\u00e1 meia hora de c*\u201d","datePublished":"2022-10-17T01:40:52+00:00","mainEntityOfPage":{"@id":"https:\/\/brasilnoticias.org\/site\/articulador-da-campanha-de-jeronimo-geddel-manda-ex-vice-presidenta-do-pt-da-meia-hora-de-c\/"},"wordCount":348,"commentCount":0,"publisher":{"@id":"https:\/\/brasilnoticias.org\/site\/#organization"},"image":{"@id":"https:\/\/brasilnoticias.org\/site\/articulador-da-campanha-de-jeronimo-geddel-manda-ex-vice-presidenta-do-pt-da-meia-hora-de-c\/#primaryimage"},"thumbnailUrl":"https:\/\/brasilnoticias.org\/site\/wp-content\/uploads\/2022\/10\/Capturar-21.jpg","articleSection":["Pol\u00edtica","\u00daltimas"],"inLanguage":"pt-PT","potentialAction":[{"@type":"CommentAction","name":"Comment","target":["https:\/\/brasilnoticias.org\/site\/articulador-da-campanha-de-jeronimo-geddel-manda-ex-vice-presidenta-do-pt-da-meia-hora-de-c\/#respond"]}]},{"@type":"WebPage","@id":"https:\/\/brasilnoticias.org\/site\/articulador-da-campanha-de-jeronimo-geddel-manda-ex-vice-presidenta-do-pt-da-meia-hora-de-c\/","url":"https:\/\/brasilnoticias.org\/site\/articulador-da-campanha-de-jeronimo-geddel-manda-ex-vice-presidenta-do-pt-da-meia-hora-de-c\/","name":"Articulador da campanha de Jer\u00f4nimo, Geddel manda ex-vice-presidenta do PT \u201cd\u00e1 meia hora de c*\u201d - Brasil not\u00edcias","isPartOf":{"@id":"https:\/\/brasilnoticias.org\/site\/#website"},"primaryImageOfPage":{"@id":"https:\/\/brasilnoticias.org\/site\/articulador-da-campanha-de-jeronimo-geddel-manda-ex-vice-presidenta-do-pt-da-meia-hora-de-c\/#primaryimage"},"image":{"@id":"https:\/\/brasilnoticias.org\/site\/articulador-da-campanha-de-jeronimo-geddel-manda-ex-vice-presidenta-do-pt-da-meia-hora-de-c\/#primaryimage"},"thumbnailUrl":"https:\/\/brasilnoticias.org\/site\/wp-content\/uploads\/2022\/10\/Capturar-21.jpg","datePublished":"2022-10-17T01:40:52+00:00","breadcrumb":{"@id":"https:\/\/brasilnoticias.org\/site\/articulador-da-campanha-de-jeronimo-geddel-manda-ex-vice-presidenta-do-pt-da-meia-hora-de-c\/#breadcrumb"},"inLanguage":"pt-PT","potentialAction":[{"@type":"ReadAction","target":["https:\/\/brasilnoticias.org\/site\/articulador-da-campanha-de-jeronimo-geddel-manda-ex-vice-presidenta-do-pt-da-meia-hora-de-c\/"]}]},{"@type":"ImageObject","inLanguage":"pt-PT","@id":"https:\/\/brasilnoticias.org\/site\/articulador-da-campanha-de-jeronimo-geddel-manda-ex-vice-presidenta-do-pt-da-meia-hora-de-c\/#primaryimage","url":"https:\/\/brasilnoticias.org\/site\/wp-content\/uploads\/2022\/10\/Capturar-21.jpg","contentUrl":"https:\/\/brasilnoticias.org\/site\/wp-content\/uploads\/2022\/10\/Capturar-21.jpg","width":614,"height":342},{"@type":"BreadcrumbList","@id":"https:\/\/brasilnoticias.org\/site\/articulador-da-campanha-de-jeronimo-geddel-manda-ex-vice-presidenta-do-pt-da-meia-hora-de-c\/#breadcrumb","itemListElement":[{"@type":"ListItem","position":1,"name":"In\u00edcio","item":"https:\/\/brasilnoticias.org\/site\/"},{"@type":"ListItem","position":2,"name":"Articulador da campanha de Jer\u00f4nimo, Geddel manda ex-vice-presidenta do PT \u201cd\u00e1 meia hora de c*\u201d"}]},{"@type":"WebSite","@id":"https:\/\/brasilnoticias.org\/site\/#website","url":"https:\/\/brasilnoticias.org\/site\/","name":"Brasil not\u00edcias","description":"Brasil not\u00edcias","publisher":{"@id":"https:\/\/brasilnoticias.org\/site\/#organization"},"potentialAction":[{"@type":"SearchAction","target":{"@type":"EntryPoint","urlTemplate":"https:\/\/brasilnoticias.org\/site\/?s={search_term_string}"},"query-input":{"@type":"PropertyValueSpecification","valueRequired":true,"valueName":"search_term_string"}}],"inLanguage":"pt-PT"},{"@type":"Organization","@id":"https:\/\/brasilnoticias.org\/site\/#organization","name":"Brasil not\u00edcias","url":"https:\/\/brasilnoticias.org\/site\/","logo":{"@type":"ImageObject","inLanguage":"pt-PT","@id":"https:\/\/brasilnoticias.org\/site\/#\/schema\/logo\/image\/","url":"https:\/\/brasilnoticias.org\/site\/wp-content\/uploads\/2022\/05\/cropped-brasilnoticias-mini.jpg","contentUrl":"https:\/\/brasilnoticias.org\/site\/wp-content\/uploads\/2022\/05\/cropped-brasilnoticias-mini.jpg","width":314,"height":86,"caption":"Brasil not\u00edcias"},"image":{"@id":"https:\/\/brasilnoticias.org\/site\/#\/schema\/logo\/image\/"}},{"@type":"Person","@id":"https:\/\/brasilnoticias.org\/site\/#\/schema\/person\/a0e05b973ec4d15c658d51911e53507b","name":"Reda\u00e7\u00e3o","image":{"@type":"ImageObject","inLanguage":"pt-PT","@id":"https:\/\/brasilnoticias.org\/site\/#\/schema\/person\/image\/","url":"https:\/\/secure.gravatar.com\/avatar\/75d8b050df2de108b08ae78dfb8e374892df24a383c67db9c46a9c604f6aee9c?s=96&d=mm&r=g","contentUrl":"https:\/\/secure.gravatar.com\/avatar\/75d8b050df2de108b08ae78dfb8e374892df24a383c67db9c46a9c604f6aee9c?s=96&d=mm&r=g","caption":"Reda\u00e7\u00e3o"},"sameAs":["https:\/\/brasilnoticias.org\/site"],"url":"https:\/\/brasilnoticias.org\/site\/author\/fernandozsngmail-com\/"}]}},"_links":{"self":[{"href":"https:\/\/brasilnoticias.org\/site\/wp-json\/wp\/v2\/posts\/1958","targetHints":{"allow":["GET"]}}],"collection":[{"href":"https:\/\/brasilnoticias.org\/site\/wp-json\/wp\/v2\/posts"}],"about":[{"href":"https:\/\/brasilnoticias.org\/site\/wp-json\/wp\/v2\/types\/post"}],"author":[{"embeddable":true,"href":"https:\/\/brasilnoticias.org\/site\/wp-json\/wp\/v2\/users\/1"}],"replies":[{"embeddable":true,"href":"https:\/\/brasilnoticias.org\/site\/wp-json\/wp\/v2\/comments?post=1958"}],"version-history":[{"count":1,"href":"https:\/\/brasilnoticias.org\/site\/wp-json\/wp\/v2\/posts\/1958\/revisions"}],"predecessor-version":[{"id":1960,"href":"https:\/\/brasilnoticias.org\/site\/wp-json\/wp\/v2\/posts\/1958\/revisions\/1960"}],"wp:featuredmedia":[{"embeddable":true,"href":"https:\/\/brasilnoticias.org\/site\/wp-json\/wp\/v2\/media\/1959"}],"wp:attachment":[{"href":"https:\/\/brasilnoticias.org\/site\/wp-json\/wp\/v2\/media?parent=1958"}],"wp:term":[{"taxonomy":"category","embeddable":true,"href":"https:\/\/brasilnoticias.org\/site\/wp-json\/wp\/v2\/categories?post=1958"},{"taxonomy":"post_tag","embeddable":true,"href":"https:\/\/brasilnoticias.org\/site\/wp-json\/wp\/v2\/tags?post=1958"}],"curies":[{"name":"wp","href":"https:\/\/api.w.org\/{rel}","templated":true}]}}