{"id":19608,"date":"2026-01-19T08:48:54","date_gmt":"2026-01-19T11:48:54","guid":{"rendered":"https:\/\/brasilnoticias.org\/site\/?p=19608"},"modified":"2026-01-19T08:51:28","modified_gmt":"2026-01-19T11:51:28","slug":"sisu-2026-inscricoes-para-o-ensino-superior-comecam-nesta-segunda","status":"publish","type":"post","link":"https:\/\/brasilnoticias.org\/site\/sisu-2026-inscricoes-para-o-ensino-superior-comecam-nesta-segunda\/","title":{"rendered":"Sisu 2026: inscri\u00e7\u00f5es para o ensino superior come\u00e7am nesta segunda"},"content":{"rendered":"<p>As inscri\u00e7\u00f5es para a edi\u00e7\u00e3o de 2026 do\u00a0Sistema de Sele\u00e7\u00e3o Unificada (Sisu) come\u00e7ar\u00e3o nesta segunda-feira (19) e poder\u00e3o ser feitas at\u00e9 as 23 horas e 59 minutos de sexta-feira\u00a0(23), no hor\u00e1rio de Bras\u00edlia.<img decoding=\"async\" src=\"https:\/\/agenciabrasil.ebc.com.br\/ebc.png?id=1675303&amp;o=node\" \/><img decoding=\"async\" src=\"https:\/\/agenciabrasil.ebc.com.br\/ebc.gif?id=1675303&amp;o=node\" \/><\/p>\n<p>O Sisu \u00e9 o processo seletivo para ingresso em cursos de gradua\u00e7\u00e3o gratuitos em institui\u00e7\u00f5es p\u00fablicas de educa\u00e7\u00e3o superior em todo o pa\u00eds.<\/p>\n<p><strong>A novidade desta edi\u00e7\u00e3o \u00e9 que o Sisu passar\u00e1 a considerar o resultado das tr\u00eas edi\u00e7\u00f5es mais recentes do Exame Nacional do Ensino M\u00e9dio (Enem) \u2014 2023, 2024 e 2025 \u2500<\/strong>\u00a0para acesso \u00e0s vagas ofertadas pelas institui\u00e7\u00f5es p\u00fablicas participantes.<\/p>\n<p>As regras e o cronograma oficial do Sisu 2026 foram publicados pelo Minist\u00e9rio da Educa\u00e7\u00e3o (MEC) no\u00a0<a href=\"https:\/\/sisu.mec.gov.br\/#\/legislacao\" target=\"_blank\" rel=\"noopener\">Edital n\u00ba 29\/2025<\/a>.<\/p>\n<h2>Inscri\u00e7\u00f5es<\/h2>\n<p>Os candidatos devem se inscrever pela internet, exclusivamente por meio do Portal \u00danico de Acesso ao Ensino Superior,\u00a0<a href=\"https:\/\/acessounico.mec.gov.br\/sisu\" target=\"_blank\" rel=\"noopener\">na aba do Sisu<\/a>. A pessoa interessada poder\u00e1 se inscrever em at\u00e9 duas op\u00e7\u00f5es de cursos superiores. O Minist\u00e9rio da Educa\u00e7\u00e3o (MEC) alerta que n\u00e3o h\u00e1 cobran\u00e7a de taxa de inscri\u00e7\u00e3o dos candidatos.<\/p>\n<p><strong>Esta edi\u00e7\u00e3o do Sisu ter\u00e1 somente uma etapa de inscri\u00e7\u00e3o.<\/strong>\u00a0Dessa forma, os inscritos concorrer\u00e3o, em um \u00fanico processo seletivo, \u00e0s vagas disponibilizadas para todo o ano letivo (primeiro e segundo semestres) pelas universidades p\u00fablicas.<\/p>\n<p>Ao se inscrever, o candidato dever\u00e1, obrigatoriamente, preencher tamb\u00e9m o cadastro socioecon\u00f4mico dispon\u00edvel.<\/p>\n<h2>Vagas<\/h2>\n<p>S\u00e3o\u00a0mais de\u00a0274,8 mil vagas\u00a0em\u00a07.388 cursos, oferecidos por 136 institui\u00e7\u00f5es, em 587 munic\u00edpios\u00a0do pa\u00eds.<\/p>\n<p>Com isso,\u00a0<strong>a edi\u00e7\u00e3o de 2026 \u00e9 considerada a maior da hist\u00f3ria do Sisu em quantidade de institui\u00e7\u00f5es participantes<\/strong>, tanto para o primeiro quanto para o segundo semestre de 2026.<\/p>\n<p>Entre as 274 mil vagas disponibilizadas, mais de 73 mil s\u00e3o para cursos de licenciaturas presenciais. Os estudantes que optarem por esses cursos poder\u00e3o se inscrever no P\u00e9-de-Meia Licenciaturas. A iniciativa do Minist\u00e9rio da Educa\u00e7\u00e3o (MEC) garante um incentivo financeiro mensal no valor de R$ 1.050.<\/p>\n<p>O MEC avisa que \u00e9 de responsabilidade do candidato verificar previamente essa informa\u00e7\u00e3o antes de realizar a inscri\u00e7\u00e3o no Sisu 2026, n\u00e3o sendo poss\u00edvel a escolha do semestre de ingresso, o qual ser\u00e1 definido de acordo com a nota do candidato.<\/p>\n<h2>A\u00e7\u00f5es afirmativas<\/h2>\n<p>O Sisu considera diferentes modalidades de concorr\u00eancia, que levam em conta o perfil socioecon\u00f4mico dos candidatos, de acordo com a Lei de Cotas (<a href=\"https:\/\/www.planalto.gov.br\/ccivil_03\/_ato2011-2014\/2012\/lei\/l12711.htm\" target=\"_blank\" rel=\"noopener\">n\u00ba 12.711\/2012<\/a>) e a\u00a0<a href=\"https:\/\/www.planalto.gov.br\/ccivil_03\/_ato2023-2026\/2024\/lei\/l14945.htm\" target=\"_blank\" rel=\"noopener\">Lei n\u00ba 14.945\/2024<\/a>, e tamb\u00e9m de acordo com as a\u00e7\u00f5es afirmativas definidas em cada institui\u00e7\u00e3o.<\/p>\n<p>No momento da inscri\u00e7\u00e3o, caso possua o perfil para concorrer a essas vagas, os candidatos pretos, pardos, ind\u00edgenas e quilombolas e pessoas com defici\u00eancia (PCD), bem como daqueles que tenham cursado integralmente o ensino m\u00e9dio ou fundamental em escola p\u00fablica dever\u00e3o, obrigatoriamente, indicar as modalidades de reserva de vagas \u00e0s quais desejam concorrer.<\/p>\n<p>Ser\u00e1 permitida a op\u00e7\u00e3o por apenas uma a\u00e7\u00e3o afirmativa do tipo b\u00f4nus e uma a\u00e7\u00e3o afirmativa do tipo reserva de vagas.<\/p>\n<p>A oferta de vagas reservadas ocorre somente ap\u00f3s a etapa de classifica\u00e7\u00e3o e observa a propor\u00e7\u00e3o de estudantes de escolas p\u00fablicas, de baixa renda, com defici\u00eancia, pretos, pardos, ind\u00edgenas e quilombolas.<\/p>\n<h2>Sele\u00e7\u00e3o<\/h2>\n<p>Todos os candidatos inscritos no Sisu 2026 ser\u00e3o classificados com base no desempenho obtido nas edi\u00e7\u00f5es do Enem dos anos de 2023, 2024 ou 2025.<\/p>\n<p><strong>Caso o candidato tenha participado de uma ou mais edi\u00e7\u00f5es do Enem, o sistema de inscri\u00e7\u00e3o do Sisu selecionar\u00e1 automaticamente a melhor nota m\u00e9dia ponderada das edi\u00e7\u00f5es do Enem<\/strong>, levando em conta a\u00e7\u00f5es afirmativas e a op\u00e7\u00e3o de curso.<\/p>\n<p>Por\u00e9m, \u00e9 preciso que o participante tenha tirado nota superior a zero na reda\u00e7\u00e3o e n\u00e3o tenha sido treineiro (estudante que n\u00e3o terminou o ensino m\u00e9dio e faz o exame para fins de autoavalia\u00e7\u00e3o).<\/p>\n<p>O MEC explica que, em caso de empate no uso das m\u00e9dias ponderadas, ser\u00e1 considerada a edi\u00e7\u00e3o do Enem em que obteve a maior nota em uma das disciplinas que t\u00eam maior peso para o curso escolhido e conforme a ordem de prioridade.<\/p>\n<h2>Resultado<\/h2>\n<p><strong>O resultado da chamada regular ser\u00e1 divulgado no dia 29 de janeiro de 2026.<\/strong><\/p>\n<p>Todos os estudantes selecionados dentro das vagas dispon\u00edveis, tanto na chamada regular quanto por meio da lista de espera, dever\u00e3o realizar a matr\u00edcula na institui\u00e7\u00e3o a partir de 2 de fevereiro.<\/p>\n<p>O candidato que n\u00e3o for selecionado na chamada regular poder\u00e1 manifestar interesse em participar da lista de espera no per\u00edodo de 29 de janeiro a 2 de fevereiro, tamb\u00e9m pelo\u00a0<a href=\"https:\/\/acessounico.mec.gov.br\/sisu\" target=\"_blank\" rel=\"noopener\">Portal \u00danico de Acesso ao Ensino Superior na aba do Sisu<\/a>.<\/p>\n<p>A lista de espera poder\u00e1 ser usada pelas institui\u00e7\u00f5es de educa\u00e7\u00e3o superior participantes, durante todo o ano, para preenchimento das vagas eventualmente n\u00e3o ocupadas na chamada regular.<\/p>\n<p><a href=\"https:\/\/www.gov.br\/mec\/pt-br\/sisu\" target=\"_blank\" rel=\"noopener\">Saiba mais sobre o Sisu aqui<\/a>. A central de atendimento do MEC funciona no telefone: 0800-616161.<\/p>\n<p>&nbsp;<\/p>\n<p><strong data-start=\"1684\" data-end=\"1694\">Foto: <\/strong>MEC\/Divulga\u00e7\u00e3o<strong data-start=\"1684\" data-end=\"1694\"><br \/>\nFonte: <\/strong>Ag\u00eancia Brasil<\/p>\n","protected":false},"excerpt":{"rendered":"<p>As inscri\u00e7\u00f5es para a edi\u00e7\u00e3o de 2026 do\u00a0Sistema de Sele\u00e7\u00e3o Unificada (Sisu) come\u00e7ar\u00e3o nesta segunda-feira (19) e poder\u00e3o ser feitas<\/p>\n","protected":false},"author":4,"featured_media":19609,"comment_status":"open","ping_status":"open","sticky":false,"template":"","format":"standard","meta":{"colormag_page_container_layout":"default_layout","colormag_page_sidebar_layout":"default_layout","_FSMCFIC_featured_image_caption":"","_FSMCFIC_featured_image_nocaption":"","_FSMCFIC_featured_image_hide":"","footnotes":""},"categories":[2,1],"tags":[],"class_list":["post-19608","post","type-post","status-publish","format-standard","has-post-thumbnail","hentry","category-noticias","category-ultimas"],"yoast_head":"<!-- This site is optimized with the Yoast SEO plugin v27.1.1 - https:\/\/yoast.com\/product\/yoast-seo-wordpress\/ -->\n<title>Sisu 2026: inscri\u00e7\u00f5es para o ensino superior come\u00e7am nesta segunda - Brasil not\u00edcias<\/title>\n<meta name=\"robots\" content=\"index, follow, max-snippet:-1, max-image-preview:large, max-video-preview:-1\" \/>\n<link rel=\"canonical\" href=\"https:\/\/brasilnoticias.org\/site\/sisu-2026-inscricoes-para-o-ensino-superior-comecam-nesta-segunda\/\" \/>\n<meta property=\"og:locale\" content=\"pt_PT\" \/>\n<meta property=\"og:type\" content=\"article\" \/>\n<meta property=\"og:title\" content=\"Sisu 2026: inscri\u00e7\u00f5es para o ensino superior come\u00e7am nesta segunda - Brasil not\u00edcias\" \/>\n<meta property=\"og:description\" content=\"As inscri\u00e7\u00f5es para a edi\u00e7\u00e3o de 2026 do\u00a0Sistema de Sele\u00e7\u00e3o Unificada (Sisu) come\u00e7ar\u00e3o nesta segunda-feira (19) e poder\u00e3o ser feitas\" \/>\n<meta property=\"og:url\" content=\"https:\/\/brasilnoticias.org\/site\/sisu-2026-inscricoes-para-o-ensino-superior-comecam-nesta-segunda\/\" \/>\n<meta property=\"og:site_name\" content=\"Brasil not\u00edcias\" \/>\n<meta property=\"article:published_time\" content=\"2026-01-19T11:48:54+00:00\" \/>\n<meta property=\"article:modified_time\" content=\"2026-01-19T11:51:28+00:00\" \/>\n<meta property=\"og:image\" content=\"https:\/\/brasilnoticias.org\/site\/wp-content\/uploads\/2026\/01\/sisu-2025.webp\" \/>\n\t<meta property=\"og:image:width\" content=\"1170\" \/>\n\t<meta property=\"og:image:height\" content=\"700\" \/>\n\t<meta property=\"og:image:type\" content=\"image\/webp\" \/>\n<meta name=\"author\" content=\"Reda\u00e7\u00e3o\" \/>\n<meta name=\"twitter:card\" content=\"summary_large_image\" \/>\n<meta name=\"twitter:label1\" content=\"Escrito por\" \/>\n\t<meta name=\"twitter:data1\" content=\"Reda\u00e7\u00e3o\" \/>\n\t<meta name=\"twitter:label2\" content=\"Tempo estimado de leitura\" \/>\n\t<meta name=\"twitter:data2\" content=\"5 minutos\" \/>\n<script type=\"application\/ld+json\" class=\"yoast-schema-graph\">{\"@context\":\"https:\/\/schema.org\",\"@graph\":[{\"@type\":\"Article\",\"@id\":\"https:\/\/brasilnoticias.org\/site\/sisu-2026-inscricoes-para-o-ensino-superior-comecam-nesta-segunda\/#article\",\"isPartOf\":{\"@id\":\"https:\/\/brasilnoticias.org\/site\/sisu-2026-inscricoes-para-o-ensino-superior-comecam-nesta-segunda\/\"},\"author\":{\"name\":\"Reda\u00e7\u00e3o\",\"@id\":\"https:\/\/brasilnoticias.org\/site\/#\/schema\/person\/03bbbfe6c7634ad18c26444ea39049fa\"},\"headline\":\"Sisu 2026: inscri\u00e7\u00f5es para o ensino superior come\u00e7am nesta segunda\",\"datePublished\":\"2026-01-19T11:48:54+00:00\",\"dateModified\":\"2026-01-19T11:51:28+00:00\",\"mainEntityOfPage\":{\"@id\":\"https:\/\/brasilnoticias.org\/site\/sisu-2026-inscricoes-para-o-ensino-superior-comecam-nesta-segunda\/\"},\"wordCount\":858,\"commentCount\":0,\"publisher\":{\"@id\":\"https:\/\/brasilnoticias.org\/site\/#organization\"},\"image\":{\"@id\":\"https:\/\/brasilnoticias.org\/site\/sisu-2026-inscricoes-para-o-ensino-superior-comecam-nesta-segunda\/#primaryimage\"},\"thumbnailUrl\":\"https:\/\/brasilnoticias.org\/site\/wp-content\/uploads\/2026\/01\/sisu-2025.webp\",\"articleSection\":[\"Not\u00edcias\",\"\u00daltimas\"],\"inLanguage\":\"pt-PT\",\"potentialAction\":[{\"@type\":\"CommentAction\",\"name\":\"Comment\",\"target\":[\"https:\/\/brasilnoticias.org\/site\/sisu-2026-inscricoes-para-o-ensino-superior-comecam-nesta-segunda\/#respond\"]}]},{\"@type\":\"WebPage\",\"@id\":\"https:\/\/brasilnoticias.org\/site\/sisu-2026-inscricoes-para-o-ensino-superior-comecam-nesta-segunda\/\",\"url\":\"https:\/\/brasilnoticias.org\/site\/sisu-2026-inscricoes-para-o-ensino-superior-comecam-nesta-segunda\/\",\"name\":\"Sisu 2026: inscri\u00e7\u00f5es para o ensino superior come\u00e7am nesta segunda - Brasil not\u00edcias\",\"isPartOf\":{\"@id\":\"https:\/\/brasilnoticias.org\/site\/#website\"},\"primaryImageOfPage\":{\"@id\":\"https:\/\/brasilnoticias.org\/site\/sisu-2026-inscricoes-para-o-ensino-superior-comecam-nesta-segunda\/#primaryimage\"},\"image\":{\"@id\":\"https:\/\/brasilnoticias.org\/site\/sisu-2026-inscricoes-para-o-ensino-superior-comecam-nesta-segunda\/#primaryimage\"},\"thumbnailUrl\":\"https:\/\/brasilnoticias.org\/site\/wp-content\/uploads\/2026\/01\/sisu-2025.webp\",\"datePublished\":\"2026-01-19T11:48:54+00:00\",\"dateModified\":\"2026-01-19T11:51:28+00:00\",\"breadcrumb\":{\"@id\":\"https:\/\/brasilnoticias.org\/site\/sisu-2026-inscricoes-para-o-ensino-superior-comecam-nesta-segunda\/#breadcrumb\"},\"inLanguage\":\"pt-PT\",\"potentialAction\":[{\"@type\":\"ReadAction\",\"target\":[\"https:\/\/brasilnoticias.org\/site\/sisu-2026-inscricoes-para-o-ensino-superior-comecam-nesta-segunda\/\"]}]},{\"@type\":\"ImageObject\",\"inLanguage\":\"pt-PT\",\"@id\":\"https:\/\/brasilnoticias.org\/site\/sisu-2026-inscricoes-para-o-ensino-superior-comecam-nesta-segunda\/#primaryimage\",\"url\":\"https:\/\/brasilnoticias.org\/site\/wp-content\/uploads\/2026\/01\/sisu-2025.webp\",\"contentUrl\":\"https:\/\/brasilnoticias.org\/site\/wp-content\/uploads\/2026\/01\/sisu-2025.webp\",\"width\":1170,\"height\":700},{\"@type\":\"BreadcrumbList\",\"@id\":\"https:\/\/brasilnoticias.org\/site\/sisu-2026-inscricoes-para-o-ensino-superior-comecam-nesta-segunda\/#breadcrumb\",\"itemListElement\":[{\"@type\":\"ListItem\",\"position\":1,\"name\":\"In\u00edcio\",\"item\":\"https:\/\/brasilnoticias.org\/site\/\"},{\"@type\":\"ListItem\",\"position\":2,\"name\":\"Sisu 2026: inscri\u00e7\u00f5es para o ensino superior come\u00e7am nesta segunda\"}]},{\"@type\":\"WebSite\",\"@id\":\"https:\/\/brasilnoticias.org\/site\/#website\",\"url\":\"https:\/\/brasilnoticias.org\/site\/\",\"name\":\"Brasil not\u00edcias\",\"description\":\"Brasil not\u00edcias\",\"publisher\":{\"@id\":\"https:\/\/brasilnoticias.org\/site\/#organization\"},\"potentialAction\":[{\"@type\":\"SearchAction\",\"target\":{\"@type\":\"EntryPoint\",\"urlTemplate\":\"https:\/\/brasilnoticias.org\/site\/?s={search_term_string}\"},\"query-input\":{\"@type\":\"PropertyValueSpecification\",\"valueRequired\":true,\"valueName\":\"search_term_string\"}}],\"inLanguage\":\"pt-PT\"},{\"@type\":\"Organization\",\"@id\":\"https:\/\/brasilnoticias.org\/site\/#organization\",\"name\":\"Brasil not\u00edcias\",\"url\":\"https:\/\/brasilnoticias.org\/site\/\",\"logo\":{\"@type\":\"ImageObject\",\"inLanguage\":\"pt-PT\",\"@id\":\"https:\/\/brasilnoticias.org\/site\/#\/schema\/logo\/image\/\",\"url\":\"https:\/\/brasilnoticias.org\/site\/wp-content\/uploads\/2022\/05\/cropped-brasilnoticias-mini.jpg\",\"contentUrl\":\"https:\/\/brasilnoticias.org\/site\/wp-content\/uploads\/2022\/05\/cropped-brasilnoticias-mini.jpg\",\"width\":314,\"height\":86,\"caption\":\"Brasil not\u00edcias\"},\"image\":{\"@id\":\"https:\/\/brasilnoticias.org\/site\/#\/schema\/logo\/image\/\"}},{\"@type\":\"Person\",\"@id\":\"https:\/\/brasilnoticias.org\/site\/#\/schema\/person\/03bbbfe6c7634ad18c26444ea39049fa\",\"name\":\"Reda\u00e7\u00e3o\",\"image\":{\"@type\":\"ImageObject\",\"inLanguage\":\"pt-PT\",\"@id\":\"https:\/\/brasilnoticias.org\/site\/#\/schema\/person\/image\/\",\"url\":\"https:\/\/secure.gravatar.com\/avatar\/9ecaf7327a696cb23ad926fedded5f1f04d7049de9e445375d55b48c001a6e42?s=96&d=mm&r=g\",\"contentUrl\":\"https:\/\/secure.gravatar.com\/avatar\/9ecaf7327a696cb23ad926fedded5f1f04d7049de9e445375d55b48c001a6e42?s=96&d=mm&r=g\",\"caption\":\"Reda\u00e7\u00e3o\"},\"url\":\"https:\/\/brasilnoticias.org\/site\/author\/henrique\/\"}]}<\/script>\n<!-- \/ Yoast SEO plugin. -->","yoast_head_json":{"title":"Sisu 2026: inscri\u00e7\u00f5es para o ensino superior come\u00e7am nesta segunda - Brasil not\u00edcias","robots":{"index":"index","follow":"follow","max-snippet":"max-snippet:-1","max-image-preview":"max-image-preview:large","max-video-preview":"max-video-preview:-1"},"canonical":"https:\/\/brasilnoticias.org\/site\/sisu-2026-inscricoes-para-o-ensino-superior-comecam-nesta-segunda\/","og_locale":"pt_PT","og_type":"article","og_title":"Sisu 2026: inscri\u00e7\u00f5es para o ensino superior come\u00e7am nesta segunda - Brasil not\u00edcias","og_description":"As inscri\u00e7\u00f5es para a edi\u00e7\u00e3o de 2026 do\u00a0Sistema de Sele\u00e7\u00e3o Unificada (Sisu) come\u00e7ar\u00e3o nesta segunda-feira (19) e poder\u00e3o ser feitas","og_url":"https:\/\/brasilnoticias.org\/site\/sisu-2026-inscricoes-para-o-ensino-superior-comecam-nesta-segunda\/","og_site_name":"Brasil not\u00edcias","article_published_time":"2026-01-19T11:48:54+00:00","article_modified_time":"2026-01-19T11:51:28+00:00","og_image":[{"width":1170,"height":700,"url":"https:\/\/brasilnoticias.org\/site\/wp-content\/uploads\/2026\/01\/sisu-2025.webp","type":"image\/webp"}],"author":"Reda\u00e7\u00e3o","twitter_card":"summary_large_image","twitter_misc":{"Escrito por":"Reda\u00e7\u00e3o","Tempo estimado de leitura":"5 minutos"},"schema":{"@context":"https:\/\/schema.org","@graph":[{"@type":"Article","@id":"https:\/\/brasilnoticias.org\/site\/sisu-2026-inscricoes-para-o-ensino-superior-comecam-nesta-segunda\/#article","isPartOf":{"@id":"https:\/\/brasilnoticias.org\/site\/sisu-2026-inscricoes-para-o-ensino-superior-comecam-nesta-segunda\/"},"author":{"name":"Reda\u00e7\u00e3o","@id":"https:\/\/brasilnoticias.org\/site\/#\/schema\/person\/03bbbfe6c7634ad18c26444ea39049fa"},"headline":"Sisu 2026: inscri\u00e7\u00f5es para o ensino superior come\u00e7am nesta segunda","datePublished":"2026-01-19T11:48:54+00:00","dateModified":"2026-01-19T11:51:28+00:00","mainEntityOfPage":{"@id":"https:\/\/brasilnoticias.org\/site\/sisu-2026-inscricoes-para-o-ensino-superior-comecam-nesta-segunda\/"},"wordCount":858,"commentCount":0,"publisher":{"@id":"https:\/\/brasilnoticias.org\/site\/#organization"},"image":{"@id":"https:\/\/brasilnoticias.org\/site\/sisu-2026-inscricoes-para-o-ensino-superior-comecam-nesta-segunda\/#primaryimage"},"thumbnailUrl":"https:\/\/brasilnoticias.org\/site\/wp-content\/uploads\/2026\/01\/sisu-2025.webp","articleSection":["Not\u00edcias","\u00daltimas"],"inLanguage":"pt-PT","potentialAction":[{"@type":"CommentAction","name":"Comment","target":["https:\/\/brasilnoticias.org\/site\/sisu-2026-inscricoes-para-o-ensino-superior-comecam-nesta-segunda\/#respond"]}]},{"@type":"WebPage","@id":"https:\/\/brasilnoticias.org\/site\/sisu-2026-inscricoes-para-o-ensino-superior-comecam-nesta-segunda\/","url":"https:\/\/brasilnoticias.org\/site\/sisu-2026-inscricoes-para-o-ensino-superior-comecam-nesta-segunda\/","name":"Sisu 2026: inscri\u00e7\u00f5es para o ensino superior come\u00e7am nesta segunda - Brasil not\u00edcias","isPartOf":{"@id":"https:\/\/brasilnoticias.org\/site\/#website"},"primaryImageOfPage":{"@id":"https:\/\/brasilnoticias.org\/site\/sisu-2026-inscricoes-para-o-ensino-superior-comecam-nesta-segunda\/#primaryimage"},"image":{"@id":"https:\/\/brasilnoticias.org\/site\/sisu-2026-inscricoes-para-o-ensino-superior-comecam-nesta-segunda\/#primaryimage"},"thumbnailUrl":"https:\/\/brasilnoticias.org\/site\/wp-content\/uploads\/2026\/01\/sisu-2025.webp","datePublished":"2026-01-19T11:48:54+00:00","dateModified":"2026-01-19T11:51:28+00:00","breadcrumb":{"@id":"https:\/\/brasilnoticias.org\/site\/sisu-2026-inscricoes-para-o-ensino-superior-comecam-nesta-segunda\/#breadcrumb"},"inLanguage":"pt-PT","potentialAction":[{"@type":"ReadAction","target":["https:\/\/brasilnoticias.org\/site\/sisu-2026-inscricoes-para-o-ensino-superior-comecam-nesta-segunda\/"]}]},{"@type":"ImageObject","inLanguage":"pt-PT","@id":"https:\/\/brasilnoticias.org\/site\/sisu-2026-inscricoes-para-o-ensino-superior-comecam-nesta-segunda\/#primaryimage","url":"https:\/\/brasilnoticias.org\/site\/wp-content\/uploads\/2026\/01\/sisu-2025.webp","contentUrl":"https:\/\/brasilnoticias.org\/site\/wp-content\/uploads\/2026\/01\/sisu-2025.webp","width":1170,"height":700},{"@type":"BreadcrumbList","@id":"https:\/\/brasilnoticias.org\/site\/sisu-2026-inscricoes-para-o-ensino-superior-comecam-nesta-segunda\/#breadcrumb","itemListElement":[{"@type":"ListItem","position":1,"name":"In\u00edcio","item":"https:\/\/brasilnoticias.org\/site\/"},{"@type":"ListItem","position":2,"name":"Sisu 2026: inscri\u00e7\u00f5es para o ensino superior come\u00e7am nesta segunda"}]},{"@type":"WebSite","@id":"https:\/\/brasilnoticias.org\/site\/#website","url":"https:\/\/brasilnoticias.org\/site\/","name":"Brasil not\u00edcias","description":"Brasil not\u00edcias","publisher":{"@id":"https:\/\/brasilnoticias.org\/site\/#organization"},"potentialAction":[{"@type":"SearchAction","target":{"@type":"EntryPoint","urlTemplate":"https:\/\/brasilnoticias.org\/site\/?s={search_term_string}"},"query-input":{"@type":"PropertyValueSpecification","valueRequired":true,"valueName":"search_term_string"}}],"inLanguage":"pt-PT"},{"@type":"Organization","@id":"https:\/\/brasilnoticias.org\/site\/#organization","name":"Brasil not\u00edcias","url":"https:\/\/brasilnoticias.org\/site\/","logo":{"@type":"ImageObject","inLanguage":"pt-PT","@id":"https:\/\/brasilnoticias.org\/site\/#\/schema\/logo\/image\/","url":"https:\/\/brasilnoticias.org\/site\/wp-content\/uploads\/2022\/05\/cropped-brasilnoticias-mini.jpg","contentUrl":"https:\/\/brasilnoticias.org\/site\/wp-content\/uploads\/2022\/05\/cropped-brasilnoticias-mini.jpg","width":314,"height":86,"caption":"Brasil not\u00edcias"},"image":{"@id":"https:\/\/brasilnoticias.org\/site\/#\/schema\/logo\/image\/"}},{"@type":"Person","@id":"https:\/\/brasilnoticias.org\/site\/#\/schema\/person\/03bbbfe6c7634ad18c26444ea39049fa","name":"Reda\u00e7\u00e3o","image":{"@type":"ImageObject","inLanguage":"pt-PT","@id":"https:\/\/brasilnoticias.org\/site\/#\/schema\/person\/image\/","url":"https:\/\/secure.gravatar.com\/avatar\/9ecaf7327a696cb23ad926fedded5f1f04d7049de9e445375d55b48c001a6e42?s=96&d=mm&r=g","contentUrl":"https:\/\/secure.gravatar.com\/avatar\/9ecaf7327a696cb23ad926fedded5f1f04d7049de9e445375d55b48c001a6e42?s=96&d=mm&r=g","caption":"Reda\u00e7\u00e3o"},"url":"https:\/\/brasilnoticias.org\/site\/author\/henrique\/"}]}},"_links":{"self":[{"href":"https:\/\/brasilnoticias.org\/site\/wp-json\/wp\/v2\/posts\/19608","targetHints":{"allow":["GET"]}}],"collection":[{"href":"https:\/\/brasilnoticias.org\/site\/wp-json\/wp\/v2\/posts"}],"about":[{"href":"https:\/\/brasilnoticias.org\/site\/wp-json\/wp\/v2\/types\/post"}],"author":[{"embeddable":true,"href":"https:\/\/brasilnoticias.org\/site\/wp-json\/wp\/v2\/users\/4"}],"replies":[{"embeddable":true,"href":"https:\/\/brasilnoticias.org\/site\/wp-json\/wp\/v2\/comments?post=19608"}],"version-history":[{"count":2,"href":"https:\/\/brasilnoticias.org\/site\/wp-json\/wp\/v2\/posts\/19608\/revisions"}],"predecessor-version":[{"id":19611,"href":"https:\/\/brasilnoticias.org\/site\/wp-json\/wp\/v2\/posts\/19608\/revisions\/19611"}],"wp:featuredmedia":[{"embeddable":true,"href":"https:\/\/brasilnoticias.org\/site\/wp-json\/wp\/v2\/media\/19609"}],"wp:attachment":[{"href":"https:\/\/brasilnoticias.org\/site\/wp-json\/wp\/v2\/media?parent=19608"}],"wp:term":[{"taxonomy":"category","embeddable":true,"href":"https:\/\/brasilnoticias.org\/site\/wp-json\/wp\/v2\/categories?post=19608"},{"taxonomy":"post_tag","embeddable":true,"href":"https:\/\/brasilnoticias.org\/site\/wp-json\/wp\/v2\/tags?post=19608"}],"curies":[{"name":"wp","href":"https:\/\/api.w.org\/{rel}","templated":true}]}}