{"id":1961,"date":"2022-10-18T07:00:49","date_gmt":"2022-10-18T10:00:49","guid":{"rendered":"https:\/\/brasilnoticias.org\/site\/?p=1961"},"modified":"2022-10-17T13:01:42","modified_gmt":"2022-10-17T16:01:42","slug":"indigena-pataxo-e-encontrado-morto-cerca-de-um-mes-apos-desaparecer-no-sul-da-bahia","status":"publish","type":"post","link":"https:\/\/brasilnoticias.org\/site\/indigena-pataxo-e-encontrado-morto-cerca-de-um-mes-apos-desaparecer-no-sul-da-bahia\/","title":{"rendered":"Ind\u00edgena Patax\u00f3 \u00e9 encontrado morto cerca de um m\u00eas ap\u00f3s desaparecer no sul da Bahia"},"content":{"rendered":"<p>Um jovem ind\u00edgena da etnia Patax\u00f3 foi encontrado morto, em estado avan\u00e7ado de decomposi\u00e7\u00e3o, cerca de um m\u00eas ap\u00f3s desaparecer entre duas aldeias da cidade de Porto Seguro, no sul da Bahia. Nesta segunda-feira (17), o caso \u00e9 investigado pela pol\u00edcia.<\/p>\n<p>O corpo de Carlone Gon\u00e7alves da Silva, de 26 anos, foi encontrado na \u00faltima quinta-feira (13). No dia 21 de setembro, ele saiu com um amigo da aldeia Boca da Mata, em dire\u00e7\u00e3o \u00e0 aldeia Cassiana, para fazer compras em uma mercearia. Quando os dois jovens retornavam para casa, a moto em que eles estavam quebrou no caminho.<\/p>\n<p>O amigo de Carlone ent\u00e3o saiu para pedir ajuda. Quando voltou com o refor\u00e7o, o jovem e a moto j\u00e1 n\u00e3o estavam mais no local. Desde ent\u00e3o, familiares e amigos passaram a procurar Carlone e o caso foi registrado em delegacia.<\/p>\n<p>O corpo do jovem foi achado por funcion\u00e1rios de empresas que trabalham com coleta de sementes, junto com pertences dele. Carlone foi reconhecido por familiares, no Instituto M\u00e9dico Legal (IML).<\/p>\n<p>Por causa do estado avan\u00e7ado de decomposi\u00e7\u00e3o do corpo, a pol\u00edcia ainda n\u00e3o informou as causas da morte. O sepultamento da v\u00edtima foi na \u00faltima sexta-feira (14). Familiares devem prestar depoimento nesta segunda.<\/p>\n<p>G1<br \/>\nFoto Arte G1<\/p>\n","protected":false},"excerpt":{"rendered":"<p>Um jovem ind\u00edgena da etnia Patax\u00f3 foi encontrado morto, em estado avan\u00e7ado de decomposi\u00e7\u00e3o, cerca de um m\u00eas ap\u00f3s desaparecer<\/p>\n","protected":false},"author":1,"featured_media":1962,"comment_status":"open","ping_status":"open","sticky":false,"template":"","format":"standard","meta":{"colormag_page_container_layout":"default_layout","colormag_page_sidebar_layout":"default_layout","_FSMCFIC_featured_image_caption":"","_FSMCFIC_featured_image_nocaption":"","_FSMCFIC_featured_image_hide":"","footnotes":""},"categories":[3,1],"tags":[],"class_list":["post-1961","post","type-post","status-publish","format-standard","has-post-thumbnail","hentry","category-policia","category-ultimas"],"yoast_head":"<!-- This site is optimized with the Yoast SEO plugin v27.1.1 - https:\/\/yoast.com\/product\/yoast-seo-wordpress\/ -->\n<title>Ind\u00edgena Patax\u00f3 \u00e9 encontrado morto cerca de um m\u00eas ap\u00f3s desaparecer no sul da Bahia - Brasil not\u00edcias<\/title>\n<meta name=\"robots\" content=\"index, follow, max-snippet:-1, max-image-preview:large, max-video-preview:-1\" \/>\n<link rel=\"canonical\" href=\"https:\/\/brasilnoticias.org\/site\/indigena-pataxo-e-encontrado-morto-cerca-de-um-mes-apos-desaparecer-no-sul-da-bahia\/\" \/>\n<meta property=\"og:locale\" content=\"pt_PT\" \/>\n<meta property=\"og:type\" content=\"article\" \/>\n<meta property=\"og:title\" content=\"Ind\u00edgena Patax\u00f3 \u00e9 encontrado morto cerca de um m\u00eas ap\u00f3s desaparecer no sul da Bahia - Brasil not\u00edcias\" \/>\n<meta property=\"og:description\" content=\"Um jovem ind\u00edgena da etnia Patax\u00f3 foi encontrado morto, em estado avan\u00e7ado de decomposi\u00e7\u00e3o, cerca de um m\u00eas ap\u00f3s desaparecer\" \/>\n<meta property=\"og:url\" content=\"https:\/\/brasilnoticias.org\/site\/indigena-pataxo-e-encontrado-morto-cerca-de-um-mes-apos-desaparecer-no-sul-da-bahia\/\" \/>\n<meta property=\"og:site_name\" content=\"Brasil not\u00edcias\" \/>\n<meta property=\"article:published_time\" content=\"2022-10-18T10:00:49+00:00\" \/>\n<meta property=\"og:image\" content=\"https:\/\/brasilnoticias.org\/site\/wp-content\/uploads\/2022\/10\/Capturar-22.jpg\" \/>\n\t<meta property=\"og:image:width\" content=\"625\" \/>\n\t<meta property=\"og:image:height\" content=\"351\" \/>\n\t<meta property=\"og:image:type\" content=\"image\/jpeg\" \/>\n<meta name=\"author\" content=\"Reda\u00e7\u00e3o\" \/>\n<meta name=\"twitter:card\" content=\"summary_large_image\" \/>\n<meta name=\"twitter:label1\" content=\"Escrito por\" \/>\n\t<meta name=\"twitter:data1\" content=\"Reda\u00e7\u00e3o\" \/>\n\t<meta name=\"twitter:label2\" content=\"Tempo estimado de leitura\" \/>\n\t<meta name=\"twitter:data2\" content=\"1 minuto\" \/>\n<script type=\"application\/ld+json\" class=\"yoast-schema-graph\">{\"@context\":\"https:\/\/schema.org\",\"@graph\":[{\"@type\":\"Article\",\"@id\":\"https:\/\/brasilnoticias.org\/site\/indigena-pataxo-e-encontrado-morto-cerca-de-um-mes-apos-desaparecer-no-sul-da-bahia\/#article\",\"isPartOf\":{\"@id\":\"https:\/\/brasilnoticias.org\/site\/indigena-pataxo-e-encontrado-morto-cerca-de-um-mes-apos-desaparecer-no-sul-da-bahia\/\"},\"author\":{\"name\":\"Reda\u00e7\u00e3o\",\"@id\":\"https:\/\/brasilnoticias.org\/site\/#\/schema\/person\/a0e05b973ec4d15c658d51911e53507b\"},\"headline\":\"Ind\u00edgena Patax\u00f3 \u00e9 encontrado morto cerca de um m\u00eas ap\u00f3s desaparecer no sul da Bahia\",\"datePublished\":\"2022-10-18T10:00:49+00:00\",\"mainEntityOfPage\":{\"@id\":\"https:\/\/brasilnoticias.org\/site\/indigena-pataxo-e-encontrado-morto-cerca-de-um-mes-apos-desaparecer-no-sul-da-bahia\/\"},\"wordCount\":236,\"commentCount\":0,\"publisher\":{\"@id\":\"https:\/\/brasilnoticias.org\/site\/#organization\"},\"image\":{\"@id\":\"https:\/\/brasilnoticias.org\/site\/indigena-pataxo-e-encontrado-morto-cerca-de-um-mes-apos-desaparecer-no-sul-da-bahia\/#primaryimage\"},\"thumbnailUrl\":\"https:\/\/brasilnoticias.org\/site\/wp-content\/uploads\/2022\/10\/Capturar-22.jpg\",\"articleSection\":[\"Pol\u00edcia\",\"\u00daltimas\"],\"inLanguage\":\"pt-PT\",\"potentialAction\":[{\"@type\":\"CommentAction\",\"name\":\"Comment\",\"target\":[\"https:\/\/brasilnoticias.org\/site\/indigena-pataxo-e-encontrado-morto-cerca-de-um-mes-apos-desaparecer-no-sul-da-bahia\/#respond\"]}]},{\"@type\":\"WebPage\",\"@id\":\"https:\/\/brasilnoticias.org\/site\/indigena-pataxo-e-encontrado-morto-cerca-de-um-mes-apos-desaparecer-no-sul-da-bahia\/\",\"url\":\"https:\/\/brasilnoticias.org\/site\/indigena-pataxo-e-encontrado-morto-cerca-de-um-mes-apos-desaparecer-no-sul-da-bahia\/\",\"name\":\"Ind\u00edgena Patax\u00f3 \u00e9 encontrado morto cerca de um m\u00eas ap\u00f3s desaparecer no sul da Bahia - Brasil not\u00edcias\",\"isPartOf\":{\"@id\":\"https:\/\/brasilnoticias.org\/site\/#website\"},\"primaryImageOfPage\":{\"@id\":\"https:\/\/brasilnoticias.org\/site\/indigena-pataxo-e-encontrado-morto-cerca-de-um-mes-apos-desaparecer-no-sul-da-bahia\/#primaryimage\"},\"image\":{\"@id\":\"https:\/\/brasilnoticias.org\/site\/indigena-pataxo-e-encontrado-morto-cerca-de-um-mes-apos-desaparecer-no-sul-da-bahia\/#primaryimage\"},\"thumbnailUrl\":\"https:\/\/brasilnoticias.org\/site\/wp-content\/uploads\/2022\/10\/Capturar-22.jpg\",\"datePublished\":\"2022-10-18T10:00:49+00:00\",\"breadcrumb\":{\"@id\":\"https:\/\/brasilnoticias.org\/site\/indigena-pataxo-e-encontrado-morto-cerca-de-um-mes-apos-desaparecer-no-sul-da-bahia\/#breadcrumb\"},\"inLanguage\":\"pt-PT\",\"potentialAction\":[{\"@type\":\"ReadAction\",\"target\":[\"https:\/\/brasilnoticias.org\/site\/indigena-pataxo-e-encontrado-morto-cerca-de-um-mes-apos-desaparecer-no-sul-da-bahia\/\"]}]},{\"@type\":\"ImageObject\",\"inLanguage\":\"pt-PT\",\"@id\":\"https:\/\/brasilnoticias.org\/site\/indigena-pataxo-e-encontrado-morto-cerca-de-um-mes-apos-desaparecer-no-sul-da-bahia\/#primaryimage\",\"url\":\"https:\/\/brasilnoticias.org\/site\/wp-content\/uploads\/2022\/10\/Capturar-22.jpg\",\"contentUrl\":\"https:\/\/brasilnoticias.org\/site\/wp-content\/uploads\/2022\/10\/Capturar-22.jpg\",\"width\":625,\"height\":351},{\"@type\":\"BreadcrumbList\",\"@id\":\"https:\/\/brasilnoticias.org\/site\/indigena-pataxo-e-encontrado-morto-cerca-de-um-mes-apos-desaparecer-no-sul-da-bahia\/#breadcrumb\",\"itemListElement\":[{\"@type\":\"ListItem\",\"position\":1,\"name\":\"In\u00edcio\",\"item\":\"https:\/\/brasilnoticias.org\/site\/\"},{\"@type\":\"ListItem\",\"position\":2,\"name\":\"Ind\u00edgena Patax\u00f3 \u00e9 encontrado morto cerca de um m\u00eas ap\u00f3s desaparecer no sul da Bahia\"}]},{\"@type\":\"WebSite\",\"@id\":\"https:\/\/brasilnoticias.org\/site\/#website\",\"url\":\"https:\/\/brasilnoticias.org\/site\/\",\"name\":\"Brasil not\u00edcias\",\"description\":\"Brasil not\u00edcias\",\"publisher\":{\"@id\":\"https:\/\/brasilnoticias.org\/site\/#organization\"},\"potentialAction\":[{\"@type\":\"SearchAction\",\"target\":{\"@type\":\"EntryPoint\",\"urlTemplate\":\"https:\/\/brasilnoticias.org\/site\/?s={search_term_string}\"},\"query-input\":{\"@type\":\"PropertyValueSpecification\",\"valueRequired\":true,\"valueName\":\"search_term_string\"}}],\"inLanguage\":\"pt-PT\"},{\"@type\":\"Organization\",\"@id\":\"https:\/\/brasilnoticias.org\/site\/#organization\",\"name\":\"Brasil not\u00edcias\",\"url\":\"https:\/\/brasilnoticias.org\/site\/\",\"logo\":{\"@type\":\"ImageObject\",\"inLanguage\":\"pt-PT\",\"@id\":\"https:\/\/brasilnoticias.org\/site\/#\/schema\/logo\/image\/\",\"url\":\"https:\/\/brasilnoticias.org\/site\/wp-content\/uploads\/2022\/05\/cropped-brasilnoticias-mini.jpg\",\"contentUrl\":\"https:\/\/brasilnoticias.org\/site\/wp-content\/uploads\/2022\/05\/cropped-brasilnoticias-mini.jpg\",\"width\":314,\"height\":86,\"caption\":\"Brasil not\u00edcias\"},\"image\":{\"@id\":\"https:\/\/brasilnoticias.org\/site\/#\/schema\/logo\/image\/\"}},{\"@type\":\"Person\",\"@id\":\"https:\/\/brasilnoticias.org\/site\/#\/schema\/person\/a0e05b973ec4d15c658d51911e53507b\",\"name\":\"Reda\u00e7\u00e3o\",\"image\":{\"@type\":\"ImageObject\",\"inLanguage\":\"pt-PT\",\"@id\":\"https:\/\/brasilnoticias.org\/site\/#\/schema\/person\/image\/\",\"url\":\"https:\/\/secure.gravatar.com\/avatar\/75d8b050df2de108b08ae78dfb8e374892df24a383c67db9c46a9c604f6aee9c?s=96&d=mm&r=g\",\"contentUrl\":\"https:\/\/secure.gravatar.com\/avatar\/75d8b050df2de108b08ae78dfb8e374892df24a383c67db9c46a9c604f6aee9c?s=96&d=mm&r=g\",\"caption\":\"Reda\u00e7\u00e3o\"},\"sameAs\":[\"https:\/\/brasilnoticias.org\/site\"],\"url\":\"https:\/\/brasilnoticias.org\/site\/author\/fernandozsngmail-com\/\"}]}<\/script>\n<!-- \/ Yoast SEO plugin. -->","yoast_head_json":{"title":"Ind\u00edgena Patax\u00f3 \u00e9 encontrado morto cerca de um m\u00eas ap\u00f3s desaparecer no sul da Bahia - Brasil not\u00edcias","robots":{"index":"index","follow":"follow","max-snippet":"max-snippet:-1","max-image-preview":"max-image-preview:large","max-video-preview":"max-video-preview:-1"},"canonical":"https:\/\/brasilnoticias.org\/site\/indigena-pataxo-e-encontrado-morto-cerca-de-um-mes-apos-desaparecer-no-sul-da-bahia\/","og_locale":"pt_PT","og_type":"article","og_title":"Ind\u00edgena Patax\u00f3 \u00e9 encontrado morto cerca de um m\u00eas ap\u00f3s desaparecer no sul da Bahia - Brasil not\u00edcias","og_description":"Um jovem ind\u00edgena da etnia Patax\u00f3 foi encontrado morto, em estado avan\u00e7ado de decomposi\u00e7\u00e3o, cerca de um m\u00eas ap\u00f3s desaparecer","og_url":"https:\/\/brasilnoticias.org\/site\/indigena-pataxo-e-encontrado-morto-cerca-de-um-mes-apos-desaparecer-no-sul-da-bahia\/","og_site_name":"Brasil not\u00edcias","article_published_time":"2022-10-18T10:00:49+00:00","og_image":[{"width":625,"height":351,"url":"https:\/\/brasilnoticias.org\/site\/wp-content\/uploads\/2022\/10\/Capturar-22.jpg","type":"image\/jpeg"}],"author":"Reda\u00e7\u00e3o","twitter_card":"summary_large_image","twitter_misc":{"Escrito por":"Reda\u00e7\u00e3o","Tempo estimado de leitura":"1 minuto"},"schema":{"@context":"https:\/\/schema.org","@graph":[{"@type":"Article","@id":"https:\/\/brasilnoticias.org\/site\/indigena-pataxo-e-encontrado-morto-cerca-de-um-mes-apos-desaparecer-no-sul-da-bahia\/#article","isPartOf":{"@id":"https:\/\/brasilnoticias.org\/site\/indigena-pataxo-e-encontrado-morto-cerca-de-um-mes-apos-desaparecer-no-sul-da-bahia\/"},"author":{"name":"Reda\u00e7\u00e3o","@id":"https:\/\/brasilnoticias.org\/site\/#\/schema\/person\/a0e05b973ec4d15c658d51911e53507b"},"headline":"Ind\u00edgena Patax\u00f3 \u00e9 encontrado morto cerca de um m\u00eas ap\u00f3s desaparecer no sul da Bahia","datePublished":"2022-10-18T10:00:49+00:00","mainEntityOfPage":{"@id":"https:\/\/brasilnoticias.org\/site\/indigena-pataxo-e-encontrado-morto-cerca-de-um-mes-apos-desaparecer-no-sul-da-bahia\/"},"wordCount":236,"commentCount":0,"publisher":{"@id":"https:\/\/brasilnoticias.org\/site\/#organization"},"image":{"@id":"https:\/\/brasilnoticias.org\/site\/indigena-pataxo-e-encontrado-morto-cerca-de-um-mes-apos-desaparecer-no-sul-da-bahia\/#primaryimage"},"thumbnailUrl":"https:\/\/brasilnoticias.org\/site\/wp-content\/uploads\/2022\/10\/Capturar-22.jpg","articleSection":["Pol\u00edcia","\u00daltimas"],"inLanguage":"pt-PT","potentialAction":[{"@type":"CommentAction","name":"Comment","target":["https:\/\/brasilnoticias.org\/site\/indigena-pataxo-e-encontrado-morto-cerca-de-um-mes-apos-desaparecer-no-sul-da-bahia\/#respond"]}]},{"@type":"WebPage","@id":"https:\/\/brasilnoticias.org\/site\/indigena-pataxo-e-encontrado-morto-cerca-de-um-mes-apos-desaparecer-no-sul-da-bahia\/","url":"https:\/\/brasilnoticias.org\/site\/indigena-pataxo-e-encontrado-morto-cerca-de-um-mes-apos-desaparecer-no-sul-da-bahia\/","name":"Ind\u00edgena Patax\u00f3 \u00e9 encontrado morto cerca de um m\u00eas ap\u00f3s desaparecer no sul da Bahia - Brasil not\u00edcias","isPartOf":{"@id":"https:\/\/brasilnoticias.org\/site\/#website"},"primaryImageOfPage":{"@id":"https:\/\/brasilnoticias.org\/site\/indigena-pataxo-e-encontrado-morto-cerca-de-um-mes-apos-desaparecer-no-sul-da-bahia\/#primaryimage"},"image":{"@id":"https:\/\/brasilnoticias.org\/site\/indigena-pataxo-e-encontrado-morto-cerca-de-um-mes-apos-desaparecer-no-sul-da-bahia\/#primaryimage"},"thumbnailUrl":"https:\/\/brasilnoticias.org\/site\/wp-content\/uploads\/2022\/10\/Capturar-22.jpg","datePublished":"2022-10-18T10:00:49+00:00","breadcrumb":{"@id":"https:\/\/brasilnoticias.org\/site\/indigena-pataxo-e-encontrado-morto-cerca-de-um-mes-apos-desaparecer-no-sul-da-bahia\/#breadcrumb"},"inLanguage":"pt-PT","potentialAction":[{"@type":"ReadAction","target":["https:\/\/brasilnoticias.org\/site\/indigena-pataxo-e-encontrado-morto-cerca-de-um-mes-apos-desaparecer-no-sul-da-bahia\/"]}]},{"@type":"ImageObject","inLanguage":"pt-PT","@id":"https:\/\/brasilnoticias.org\/site\/indigena-pataxo-e-encontrado-morto-cerca-de-um-mes-apos-desaparecer-no-sul-da-bahia\/#primaryimage","url":"https:\/\/brasilnoticias.org\/site\/wp-content\/uploads\/2022\/10\/Capturar-22.jpg","contentUrl":"https:\/\/brasilnoticias.org\/site\/wp-content\/uploads\/2022\/10\/Capturar-22.jpg","width":625,"height":351},{"@type":"BreadcrumbList","@id":"https:\/\/brasilnoticias.org\/site\/indigena-pataxo-e-encontrado-morto-cerca-de-um-mes-apos-desaparecer-no-sul-da-bahia\/#breadcrumb","itemListElement":[{"@type":"ListItem","position":1,"name":"In\u00edcio","item":"https:\/\/brasilnoticias.org\/site\/"},{"@type":"ListItem","position":2,"name":"Ind\u00edgena Patax\u00f3 \u00e9 encontrado morto cerca de um m\u00eas ap\u00f3s desaparecer no sul da Bahia"}]},{"@type":"WebSite","@id":"https:\/\/brasilnoticias.org\/site\/#website","url":"https:\/\/brasilnoticias.org\/site\/","name":"Brasil not\u00edcias","description":"Brasil not\u00edcias","publisher":{"@id":"https:\/\/brasilnoticias.org\/site\/#organization"},"potentialAction":[{"@type":"SearchAction","target":{"@type":"EntryPoint","urlTemplate":"https:\/\/brasilnoticias.org\/site\/?s={search_term_string}"},"query-input":{"@type":"PropertyValueSpecification","valueRequired":true,"valueName":"search_term_string"}}],"inLanguage":"pt-PT"},{"@type":"Organization","@id":"https:\/\/brasilnoticias.org\/site\/#organization","name":"Brasil not\u00edcias","url":"https:\/\/brasilnoticias.org\/site\/","logo":{"@type":"ImageObject","inLanguage":"pt-PT","@id":"https:\/\/brasilnoticias.org\/site\/#\/schema\/logo\/image\/","url":"https:\/\/brasilnoticias.org\/site\/wp-content\/uploads\/2022\/05\/cropped-brasilnoticias-mini.jpg","contentUrl":"https:\/\/brasilnoticias.org\/site\/wp-content\/uploads\/2022\/05\/cropped-brasilnoticias-mini.jpg","width":314,"height":86,"caption":"Brasil not\u00edcias"},"image":{"@id":"https:\/\/brasilnoticias.org\/site\/#\/schema\/logo\/image\/"}},{"@type":"Person","@id":"https:\/\/brasilnoticias.org\/site\/#\/schema\/person\/a0e05b973ec4d15c658d51911e53507b","name":"Reda\u00e7\u00e3o","image":{"@type":"ImageObject","inLanguage":"pt-PT","@id":"https:\/\/brasilnoticias.org\/site\/#\/schema\/person\/image\/","url":"https:\/\/secure.gravatar.com\/avatar\/75d8b050df2de108b08ae78dfb8e374892df24a383c67db9c46a9c604f6aee9c?s=96&d=mm&r=g","contentUrl":"https:\/\/secure.gravatar.com\/avatar\/75d8b050df2de108b08ae78dfb8e374892df24a383c67db9c46a9c604f6aee9c?s=96&d=mm&r=g","caption":"Reda\u00e7\u00e3o"},"sameAs":["https:\/\/brasilnoticias.org\/site"],"url":"https:\/\/brasilnoticias.org\/site\/author\/fernandozsngmail-com\/"}]}},"_links":{"self":[{"href":"https:\/\/brasilnoticias.org\/site\/wp-json\/wp\/v2\/posts\/1961","targetHints":{"allow":["GET"]}}],"collection":[{"href":"https:\/\/brasilnoticias.org\/site\/wp-json\/wp\/v2\/posts"}],"about":[{"href":"https:\/\/brasilnoticias.org\/site\/wp-json\/wp\/v2\/types\/post"}],"author":[{"embeddable":true,"href":"https:\/\/brasilnoticias.org\/site\/wp-json\/wp\/v2\/users\/1"}],"replies":[{"embeddable":true,"href":"https:\/\/brasilnoticias.org\/site\/wp-json\/wp\/v2\/comments?post=1961"}],"version-history":[{"count":1,"href":"https:\/\/brasilnoticias.org\/site\/wp-json\/wp\/v2\/posts\/1961\/revisions"}],"predecessor-version":[{"id":1963,"href":"https:\/\/brasilnoticias.org\/site\/wp-json\/wp\/v2\/posts\/1961\/revisions\/1963"}],"wp:featuredmedia":[{"embeddable":true,"href":"https:\/\/brasilnoticias.org\/site\/wp-json\/wp\/v2\/media\/1962"}],"wp:attachment":[{"href":"https:\/\/brasilnoticias.org\/site\/wp-json\/wp\/v2\/media?parent=1961"}],"wp:term":[{"taxonomy":"category","embeddable":true,"href":"https:\/\/brasilnoticias.org\/site\/wp-json\/wp\/v2\/categories?post=1961"},{"taxonomy":"post_tag","embeddable":true,"href":"https:\/\/brasilnoticias.org\/site\/wp-json\/wp\/v2\/tags?post=1961"}],"curies":[{"name":"wp","href":"https:\/\/api.w.org\/{rel}","templated":true}]}}