{"id":19612,"date":"2026-01-19T08:55:53","date_gmt":"2026-01-19T11:55:53","guid":{"rendered":"https:\/\/brasilnoticias.org\/site\/?p=19612"},"modified":"2026-01-19T08:55:53","modified_gmt":"2026-01-19T11:55:53","slug":"aleluia-admite-que-so-vai-se-lancar-a-federal-se-conseguir-trocar-pl-pelo-novo","status":"publish","type":"post","link":"https:\/\/brasilnoticias.org\/site\/aleluia-admite-que-so-vai-se-lancar-a-federal-se-conseguir-trocar-pl-pelo-novo\/","title":{"rendered":"Aleluia admite que s\u00f3 vai se lan\u00e7ar a federal se conseguir trocar PL pelo Novo"},"content":{"rendered":"<p>O vereador de Salvador\u00a0<strong>Alexandre Aleluia (PL)<\/strong>\u00a0admitiu, em entrevista \u00e0\u00a0<strong>Metropolitana FM<\/strong>, que s\u00f3 disputar\u00e1 uma vaga na C\u00e2mara dos Deputados este ano\u00a0<strong>se conseguir libera\u00e7\u00e3o do partido para se filiar ao Novo<\/strong>. Segundo ele, ainda n\u00e3o houve uma conversa formal com o presidente estadual\u00a0<strong>Jo\u00e3o Roma<\/strong>\u00a0porque a dire\u00e7\u00e3o n\u00e3o se re\u00fane com os filiados.<\/p>\n<p>\u201c<strong>Ent\u00e3o, como saber de clima? Realmente n\u00e3o tem conversa. N\u00e3o escondo a minha vontade de deixar o partido e fazer parte do Novo<\/strong>\u201d, afirmou Aleluia, ao ser questionado sobre o ambiente interno e as tratativas para uma eventual troca de legenda.<\/p>\n<p>O vereador revelou ainda que participou como convidado de eventos do Novo e que pretende estreitar rela\u00e7\u00f5es com a sigla nos pr\u00f3ximos dias. \u201c<strong>Anunciando aqui em primeira m\u00e3o<\/strong>, o governador\u00a0<strong>Romeu Zema<\/strong>, que \u00e9 pr\u00e9-candidato a presidente da Rep\u00fablica, vir\u00e1 a Salvador e eu vou acompanh\u00e1-lo nas agendas aqui na cidade\u201d, disse, sobre a vinda do gestor mineiro \u00e0 capital na pr\u00f3xima sexta-feira (23).<\/p>\n<p>Aleluia justificou a aproxima\u00e7\u00e3o ao Novo por afinidade com pautas liberais e conservadoras. \u201cO partido reflete o que eu penso.\u00a0<strong>Liberdade econ\u00f4mica, propriedade privada, respeito \u00e0 minoria do indiv\u00edduo<\/strong>, principalmente. Ent\u00e3o n\u00e3o teria nenhuma dificuldade\u201d, pontuou.<\/p>\n<p>Apesar de se declarar pr\u00e9-candidato a deputado federal, ele reiterou que a sa\u00edda do PL depender\u00e1 do sucesso da negocia\u00e7\u00e3o com o Novo. \u201c<strong>Se eu n\u00e3o conseguir ingressar no Novo, dificilmente eu sairia pelo PL. Provavelmente continuaria meu mandato como vereador<\/strong>\u201d, explicou, em tom descontra\u00eddo ao brincar com o \u201cprojeto novo do Novo\u201d.<\/p>\n<h2><strong>Cr\u00edticas ao PL e \u00e0 pol\u00edtica municipal<\/p>\n<p><\/strong><\/h2>\n<p>Aleluia afirmou que suas discord\u00e2ncias s\u00e3o especialmente ligadas \u00e0 condu\u00e7\u00e3o do partido na pol\u00edtica municipal de Salvador e tamb\u00e9m ao desempenho eleitoral no interior.<\/p>\n<p>Ele citou o caso de Porto Seguro como exemplo. \u201cTivemos o maior partido do Brasil, o tempo de televis\u00e3o maior que o PT, e o partido fez um prefeito que j\u00e1 era antes, que \u00e9 o\u00a0<strong>J\u00e2nio Natal<\/strong>, e acho que quatro vereadores.\u00a0<strong>Uma performance p\u00edfia. Matematicamente p\u00edfia<\/strong>\u201d, criticou.<\/p>\n<p>Em Salvador, Aleluia tamb\u00e9m avaliou que o PL ficou abaixo do potencial. \u201cFizemos dois vereadores, poderia ter feito mais, at\u00e9 pelo tamanho do partido.\u00a0<strong>E eu n\u00e3o entendi a forma que integramos a base da prefeitura<\/strong>\u201d, disse.<\/p>\n<p>Apesar de salientar que mant\u00e9m boa rela\u00e7\u00e3o com o prefeito\u00a0<strong>Bruno Reis (Uni\u00e3o Brasil)<\/strong>, o vereador afirmou n\u00e3o ter visto um alinhamento claro entre o partido e a gest\u00e3o municipal, nem ocupa\u00e7\u00e3o leg\u00edtima de espa\u00e7os. \u201c<strong>Integramos a base, n\u00e3o existiu performance do partido, n\u00e3o vi nada acontecer. N\u00e3o tem espa\u00e7o<\/strong>\u201d, declarou.<\/p>\n<p>Aleluia comparou ainda a experi\u00eancia org\u00e2nica do Novo com o per\u00edodo em que militou no antigo PFL\/Democratas, ao destacar a aus\u00eancia de uma pol\u00edtica de forma\u00e7\u00e3o em seu atual partido. \u201cEu sinto muita falta disso no PL. E eu vejo o do Novo.\u00a0<strong>O partido \u00e9 bem vivo em termos org\u00e2nicos<\/strong>\u201d, avaliou, ao mencionar encontros com milhares de pessoas, participa\u00e7\u00e3o da juventude e produ\u00e7\u00e3o program\u00e1tica.<\/p>\n<h2><strong>Distanciamento do bolsonarismo e defesa de \u201csa\u00edda fact\u00edvel\u201d<\/p>\n<p><\/strong><\/h2>\n<p>Questionado sobre o distanciamento do bolsonarismo \u2014 j\u00e1 que antes era visto como um dos principais porta-vozes do grupo na Bahia \u2014 Aleluia afirmou que n\u00e3o v\u00ea a mesma for\u00e7a em uma eventual candidatura de\u00a0<strong>Fl\u00e1vio Bolsonaro<\/strong>\u00a0em compara\u00e7\u00e3o ao ex-presidente\u00a0<strong>Jair Bolsonaro<\/strong>.<\/p>\n<p>\u201c\u00c9 bem diferente uma candidatura de Fl\u00e1vio Bolsonaro para uma candidatura do pr\u00f3prio Jair Bolsonaro.\u00a0<strong>N\u00e3o \u00e9 a mesma performance, n\u00e3o \u00e9 a mesma vis\u00e3o de mundo<\/strong>\u201d, afirmou.<\/p>\n<p>Ele tamb\u00e9m criticou a ideia de que a direita brasileira deve se limitar ao bolsonarismo, com a cita\u00e7\u00e3o de uma frase de\u00a0<strong>Olavo de Carvalho<\/strong>\u00a0que, segundo ele, foi retirada do contexto e transformada em dogma. Para Aleluia, o conservadorismo precisa estar ligado a um projeto vi\u00e1vel.<\/p>\n<p>\u201cEu sou conservador. Eu enxergo que a gente tem que ter um projeto, uma viabilidade eleitoral alinhada a princ\u00edpios conservadores, e que tenha viabilidade.\u00a0<strong>N\u00e3o adianta ser ide\u00f3logo apenas<\/strong>\u201d, disse.<\/p>\n<p>Ao defender uma alternativa que dialogue com o momento pol\u00edtico, o vereador apontou que o pa\u00eds vive um modelo de coaliz\u00e3o e que solu\u00e7\u00f5es precisam ser fact\u00edveis. \u201cA realidade hoje \u00e9 que o Brasil deveria ter uma solu\u00e7\u00e3o\u00a0<strong>conservadora liberal<\/strong>, e que seja\u00a0<strong>fact\u00edvel<\/strong>\u00a0de acontecer. [\u2026] A gente pode sim ter alguma solu\u00e7\u00e3o com o Brasil fora desse espectro do bolsonarismo\u201d, sugeriu.<\/p>\n<p>Al\u00e9m da identifica\u00e7\u00e3o com Zema, outra motiva\u00e7\u00e3o para o ingresso do vereador no Novo \u00e9 o fato de o seu pai, o ex-deputado federal<strong>\u00a0Jos\u00e9 Carlos Aleluia<\/strong>, ser o\u00a0<a href=\"https:\/\/www.blogdovila.com.br\/noticia\/aleluia-mantido\" target=\"_blank\" rel=\"noopener\"><strong>pr\u00e9-candidato da agremia\u00e7\u00e3o ao Governo da Bahia<\/strong><\/a>.<\/p>\n<p>&nbsp;<\/p>\n<p><strong>Foto:<\/strong>\u00a0Evil\u00e1sio J\u00fanior<br \/>\n<strong>Fonte:<\/strong> <a href=\"https:\/\/www.blogdovila.com.br\/noticia\/aleluia-troca\" target=\"_blank\" rel=\"noopener\">Blog do Vila<\/a><\/p>\n","protected":false},"excerpt":{"rendered":"<p>O vereador de Salvador\u00a0Alexandre Aleluia (PL)\u00a0admitiu, em entrevista \u00e0\u00a0Metropolitana FM, que s\u00f3 disputar\u00e1 uma vaga na C\u00e2mara dos Deputados este<\/p>\n","protected":false},"author":4,"featured_media":19613,"comment_status":"open","ping_status":"open","sticky":false,"template":"","format":"standard","meta":{"colormag_page_container_layout":"default_layout","colormag_page_sidebar_layout":"default_layout","_FSMCFIC_featured_image_caption":"","_FSMCFIC_featured_image_nocaption":"","_FSMCFIC_featured_image_hide":"","footnotes":""},"categories":[5,1],"tags":[],"class_list":["post-19612","post","type-post","status-publish","format-standard","has-post-thumbnail","hentry","category-politica","category-ultimas"],"yoast_head":"<!-- This site is optimized with the Yoast SEO plugin v27.1.1 - https:\/\/yoast.com\/product\/yoast-seo-wordpress\/ -->\n<title>Aleluia admite que s\u00f3 vai se lan\u00e7ar a federal se conseguir trocar PL pelo Novo - Brasil not\u00edcias<\/title>\n<meta name=\"robots\" content=\"index, follow, max-snippet:-1, max-image-preview:large, max-video-preview:-1\" \/>\n<link rel=\"canonical\" href=\"https:\/\/brasilnoticias.org\/site\/aleluia-admite-que-so-vai-se-lancar-a-federal-se-conseguir-trocar-pl-pelo-novo\/\" \/>\n<meta property=\"og:locale\" content=\"pt_PT\" \/>\n<meta property=\"og:type\" content=\"article\" \/>\n<meta property=\"og:title\" content=\"Aleluia admite que s\u00f3 vai se lan\u00e7ar a federal se conseguir trocar PL pelo Novo - Brasil not\u00edcias\" \/>\n<meta property=\"og:description\" content=\"O vereador de Salvador\u00a0Alexandre Aleluia (PL)\u00a0admitiu, em entrevista \u00e0\u00a0Metropolitana FM, que s\u00f3 disputar\u00e1 uma vaga na C\u00e2mara dos Deputados este\" \/>\n<meta property=\"og:url\" content=\"https:\/\/brasilnoticias.org\/site\/aleluia-admite-que-so-vai-se-lancar-a-federal-se-conseguir-trocar-pl-pelo-novo\/\" \/>\n<meta property=\"og:site_name\" content=\"Brasil not\u00edcias\" \/>\n<meta property=\"article:published_time\" content=\"2026-01-19T11:55:53+00:00\" \/>\n<meta property=\"og:image\" content=\"https:\/\/brasilnoticias.org\/site\/wp-content\/uploads\/2026\/01\/WhatsApp-Image-2026-01-18-at-21.26.19.jpeg\" \/>\n\t<meta property=\"og:image:width\" content=\"1280\" \/>\n\t<meta property=\"og:image:height\" content=\"720\" \/>\n\t<meta property=\"og:image:type\" content=\"image\/jpeg\" \/>\n<meta name=\"author\" content=\"Reda\u00e7\u00e3o\" \/>\n<meta name=\"twitter:card\" content=\"summary_large_image\" \/>\n<meta name=\"twitter:label1\" content=\"Escrito por\" \/>\n\t<meta name=\"twitter:data1\" content=\"Reda\u00e7\u00e3o\" \/>\n\t<meta name=\"twitter:label2\" content=\"Tempo estimado de leitura\" \/>\n\t<meta name=\"twitter:data2\" content=\"5 minutos\" \/>\n<script type=\"application\/ld+json\" class=\"yoast-schema-graph\">{\"@context\":\"https:\/\/schema.org\",\"@graph\":[{\"@type\":\"Article\",\"@id\":\"https:\/\/brasilnoticias.org\/site\/aleluia-admite-que-so-vai-se-lancar-a-federal-se-conseguir-trocar-pl-pelo-novo\/#article\",\"isPartOf\":{\"@id\":\"https:\/\/brasilnoticias.org\/site\/aleluia-admite-que-so-vai-se-lancar-a-federal-se-conseguir-trocar-pl-pelo-novo\/\"},\"author\":{\"name\":\"Reda\u00e7\u00e3o\",\"@id\":\"https:\/\/brasilnoticias.org\/site\/#\/schema\/person\/03bbbfe6c7634ad18c26444ea39049fa\"},\"headline\":\"Aleluia admite que s\u00f3 vai se lan\u00e7ar a federal se conseguir trocar PL pelo Novo\",\"datePublished\":\"2026-01-19T11:55:53+00:00\",\"mainEntityOfPage\":{\"@id\":\"https:\/\/brasilnoticias.org\/site\/aleluia-admite-que-so-vai-se-lancar-a-federal-se-conseguir-trocar-pl-pelo-novo\/\"},\"wordCount\":841,\"commentCount\":0,\"publisher\":{\"@id\":\"https:\/\/brasilnoticias.org\/site\/#organization\"},\"image\":{\"@id\":\"https:\/\/brasilnoticias.org\/site\/aleluia-admite-que-so-vai-se-lancar-a-federal-se-conseguir-trocar-pl-pelo-novo\/#primaryimage\"},\"thumbnailUrl\":\"https:\/\/brasilnoticias.org\/site\/wp-content\/uploads\/2026\/01\/WhatsApp-Image-2026-01-18-at-21.26.19.jpeg\",\"articleSection\":[\"Pol\u00edtica\",\"\u00daltimas\"],\"inLanguage\":\"pt-PT\",\"potentialAction\":[{\"@type\":\"CommentAction\",\"name\":\"Comment\",\"target\":[\"https:\/\/brasilnoticias.org\/site\/aleluia-admite-que-so-vai-se-lancar-a-federal-se-conseguir-trocar-pl-pelo-novo\/#respond\"]}]},{\"@type\":\"WebPage\",\"@id\":\"https:\/\/brasilnoticias.org\/site\/aleluia-admite-que-so-vai-se-lancar-a-federal-se-conseguir-trocar-pl-pelo-novo\/\",\"url\":\"https:\/\/brasilnoticias.org\/site\/aleluia-admite-que-so-vai-se-lancar-a-federal-se-conseguir-trocar-pl-pelo-novo\/\",\"name\":\"Aleluia admite que s\u00f3 vai se lan\u00e7ar a federal se conseguir trocar PL pelo Novo - Brasil not\u00edcias\",\"isPartOf\":{\"@id\":\"https:\/\/brasilnoticias.org\/site\/#website\"},\"primaryImageOfPage\":{\"@id\":\"https:\/\/brasilnoticias.org\/site\/aleluia-admite-que-so-vai-se-lancar-a-federal-se-conseguir-trocar-pl-pelo-novo\/#primaryimage\"},\"image\":{\"@id\":\"https:\/\/brasilnoticias.org\/site\/aleluia-admite-que-so-vai-se-lancar-a-federal-se-conseguir-trocar-pl-pelo-novo\/#primaryimage\"},\"thumbnailUrl\":\"https:\/\/brasilnoticias.org\/site\/wp-content\/uploads\/2026\/01\/WhatsApp-Image-2026-01-18-at-21.26.19.jpeg\",\"datePublished\":\"2026-01-19T11:55:53+00:00\",\"breadcrumb\":{\"@id\":\"https:\/\/brasilnoticias.org\/site\/aleluia-admite-que-so-vai-se-lancar-a-federal-se-conseguir-trocar-pl-pelo-novo\/#breadcrumb\"},\"inLanguage\":\"pt-PT\",\"potentialAction\":[{\"@type\":\"ReadAction\",\"target\":[\"https:\/\/brasilnoticias.org\/site\/aleluia-admite-que-so-vai-se-lancar-a-federal-se-conseguir-trocar-pl-pelo-novo\/\"]}]},{\"@type\":\"ImageObject\",\"inLanguage\":\"pt-PT\",\"@id\":\"https:\/\/brasilnoticias.org\/site\/aleluia-admite-que-so-vai-se-lancar-a-federal-se-conseguir-trocar-pl-pelo-novo\/#primaryimage\",\"url\":\"https:\/\/brasilnoticias.org\/site\/wp-content\/uploads\/2026\/01\/WhatsApp-Image-2026-01-18-at-21.26.19.jpeg\",\"contentUrl\":\"https:\/\/brasilnoticias.org\/site\/wp-content\/uploads\/2026\/01\/WhatsApp-Image-2026-01-18-at-21.26.19.jpeg\",\"width\":1280,\"height\":720},{\"@type\":\"BreadcrumbList\",\"@id\":\"https:\/\/brasilnoticias.org\/site\/aleluia-admite-que-so-vai-se-lancar-a-federal-se-conseguir-trocar-pl-pelo-novo\/#breadcrumb\",\"itemListElement\":[{\"@type\":\"ListItem\",\"position\":1,\"name\":\"In\u00edcio\",\"item\":\"https:\/\/brasilnoticias.org\/site\/\"},{\"@type\":\"ListItem\",\"position\":2,\"name\":\"Aleluia admite que s\u00f3 vai se lan\u00e7ar a federal se conseguir trocar PL pelo Novo\"}]},{\"@type\":\"WebSite\",\"@id\":\"https:\/\/brasilnoticias.org\/site\/#website\",\"url\":\"https:\/\/brasilnoticias.org\/site\/\",\"name\":\"Brasil not\u00edcias\",\"description\":\"Brasil not\u00edcias\",\"publisher\":{\"@id\":\"https:\/\/brasilnoticias.org\/site\/#organization\"},\"potentialAction\":[{\"@type\":\"SearchAction\",\"target\":{\"@type\":\"EntryPoint\",\"urlTemplate\":\"https:\/\/brasilnoticias.org\/site\/?s={search_term_string}\"},\"query-input\":{\"@type\":\"PropertyValueSpecification\",\"valueRequired\":true,\"valueName\":\"search_term_string\"}}],\"inLanguage\":\"pt-PT\"},{\"@type\":\"Organization\",\"@id\":\"https:\/\/brasilnoticias.org\/site\/#organization\",\"name\":\"Brasil not\u00edcias\",\"url\":\"https:\/\/brasilnoticias.org\/site\/\",\"logo\":{\"@type\":\"ImageObject\",\"inLanguage\":\"pt-PT\",\"@id\":\"https:\/\/brasilnoticias.org\/site\/#\/schema\/logo\/image\/\",\"url\":\"https:\/\/brasilnoticias.org\/site\/wp-content\/uploads\/2022\/05\/cropped-brasilnoticias-mini.jpg\",\"contentUrl\":\"https:\/\/brasilnoticias.org\/site\/wp-content\/uploads\/2022\/05\/cropped-brasilnoticias-mini.jpg\",\"width\":314,\"height\":86,\"caption\":\"Brasil not\u00edcias\"},\"image\":{\"@id\":\"https:\/\/brasilnoticias.org\/site\/#\/schema\/logo\/image\/\"}},{\"@type\":\"Person\",\"@id\":\"https:\/\/brasilnoticias.org\/site\/#\/schema\/person\/03bbbfe6c7634ad18c26444ea39049fa\",\"name\":\"Reda\u00e7\u00e3o\",\"image\":{\"@type\":\"ImageObject\",\"inLanguage\":\"pt-PT\",\"@id\":\"https:\/\/brasilnoticias.org\/site\/#\/schema\/person\/image\/\",\"url\":\"https:\/\/secure.gravatar.com\/avatar\/9ecaf7327a696cb23ad926fedded5f1f04d7049de9e445375d55b48c001a6e42?s=96&d=mm&r=g\",\"contentUrl\":\"https:\/\/secure.gravatar.com\/avatar\/9ecaf7327a696cb23ad926fedded5f1f04d7049de9e445375d55b48c001a6e42?s=96&d=mm&r=g\",\"caption\":\"Reda\u00e7\u00e3o\"},\"url\":\"https:\/\/brasilnoticias.org\/site\/author\/henrique\/\"}]}<\/script>\n<!-- \/ Yoast SEO plugin. -->","yoast_head_json":{"title":"Aleluia admite que s\u00f3 vai se lan\u00e7ar a federal se conseguir trocar PL pelo Novo - Brasil not\u00edcias","robots":{"index":"index","follow":"follow","max-snippet":"max-snippet:-1","max-image-preview":"max-image-preview:large","max-video-preview":"max-video-preview:-1"},"canonical":"https:\/\/brasilnoticias.org\/site\/aleluia-admite-que-so-vai-se-lancar-a-federal-se-conseguir-trocar-pl-pelo-novo\/","og_locale":"pt_PT","og_type":"article","og_title":"Aleluia admite que s\u00f3 vai se lan\u00e7ar a federal se conseguir trocar PL pelo Novo - Brasil not\u00edcias","og_description":"O vereador de Salvador\u00a0Alexandre Aleluia (PL)\u00a0admitiu, em entrevista \u00e0\u00a0Metropolitana FM, que s\u00f3 disputar\u00e1 uma vaga na C\u00e2mara dos Deputados este","og_url":"https:\/\/brasilnoticias.org\/site\/aleluia-admite-que-so-vai-se-lancar-a-federal-se-conseguir-trocar-pl-pelo-novo\/","og_site_name":"Brasil not\u00edcias","article_published_time":"2026-01-19T11:55:53+00:00","og_image":[{"width":1280,"height":720,"url":"https:\/\/brasilnoticias.org\/site\/wp-content\/uploads\/2026\/01\/WhatsApp-Image-2026-01-18-at-21.26.19.jpeg","type":"image\/jpeg"}],"author":"Reda\u00e7\u00e3o","twitter_card":"summary_large_image","twitter_misc":{"Escrito por":"Reda\u00e7\u00e3o","Tempo estimado de leitura":"5 minutos"},"schema":{"@context":"https:\/\/schema.org","@graph":[{"@type":"Article","@id":"https:\/\/brasilnoticias.org\/site\/aleluia-admite-que-so-vai-se-lancar-a-federal-se-conseguir-trocar-pl-pelo-novo\/#article","isPartOf":{"@id":"https:\/\/brasilnoticias.org\/site\/aleluia-admite-que-so-vai-se-lancar-a-federal-se-conseguir-trocar-pl-pelo-novo\/"},"author":{"name":"Reda\u00e7\u00e3o","@id":"https:\/\/brasilnoticias.org\/site\/#\/schema\/person\/03bbbfe6c7634ad18c26444ea39049fa"},"headline":"Aleluia admite que s\u00f3 vai se lan\u00e7ar a federal se conseguir trocar PL pelo Novo","datePublished":"2026-01-19T11:55:53+00:00","mainEntityOfPage":{"@id":"https:\/\/brasilnoticias.org\/site\/aleluia-admite-que-so-vai-se-lancar-a-federal-se-conseguir-trocar-pl-pelo-novo\/"},"wordCount":841,"commentCount":0,"publisher":{"@id":"https:\/\/brasilnoticias.org\/site\/#organization"},"image":{"@id":"https:\/\/brasilnoticias.org\/site\/aleluia-admite-que-so-vai-se-lancar-a-federal-se-conseguir-trocar-pl-pelo-novo\/#primaryimage"},"thumbnailUrl":"https:\/\/brasilnoticias.org\/site\/wp-content\/uploads\/2026\/01\/WhatsApp-Image-2026-01-18-at-21.26.19.jpeg","articleSection":["Pol\u00edtica","\u00daltimas"],"inLanguage":"pt-PT","potentialAction":[{"@type":"CommentAction","name":"Comment","target":["https:\/\/brasilnoticias.org\/site\/aleluia-admite-que-so-vai-se-lancar-a-federal-se-conseguir-trocar-pl-pelo-novo\/#respond"]}]},{"@type":"WebPage","@id":"https:\/\/brasilnoticias.org\/site\/aleluia-admite-que-so-vai-se-lancar-a-federal-se-conseguir-trocar-pl-pelo-novo\/","url":"https:\/\/brasilnoticias.org\/site\/aleluia-admite-que-so-vai-se-lancar-a-federal-se-conseguir-trocar-pl-pelo-novo\/","name":"Aleluia admite que s\u00f3 vai se lan\u00e7ar a federal se conseguir trocar PL pelo Novo - Brasil not\u00edcias","isPartOf":{"@id":"https:\/\/brasilnoticias.org\/site\/#website"},"primaryImageOfPage":{"@id":"https:\/\/brasilnoticias.org\/site\/aleluia-admite-que-so-vai-se-lancar-a-federal-se-conseguir-trocar-pl-pelo-novo\/#primaryimage"},"image":{"@id":"https:\/\/brasilnoticias.org\/site\/aleluia-admite-que-so-vai-se-lancar-a-federal-se-conseguir-trocar-pl-pelo-novo\/#primaryimage"},"thumbnailUrl":"https:\/\/brasilnoticias.org\/site\/wp-content\/uploads\/2026\/01\/WhatsApp-Image-2026-01-18-at-21.26.19.jpeg","datePublished":"2026-01-19T11:55:53+00:00","breadcrumb":{"@id":"https:\/\/brasilnoticias.org\/site\/aleluia-admite-que-so-vai-se-lancar-a-federal-se-conseguir-trocar-pl-pelo-novo\/#breadcrumb"},"inLanguage":"pt-PT","potentialAction":[{"@type":"ReadAction","target":["https:\/\/brasilnoticias.org\/site\/aleluia-admite-que-so-vai-se-lancar-a-federal-se-conseguir-trocar-pl-pelo-novo\/"]}]},{"@type":"ImageObject","inLanguage":"pt-PT","@id":"https:\/\/brasilnoticias.org\/site\/aleluia-admite-que-so-vai-se-lancar-a-federal-se-conseguir-trocar-pl-pelo-novo\/#primaryimage","url":"https:\/\/brasilnoticias.org\/site\/wp-content\/uploads\/2026\/01\/WhatsApp-Image-2026-01-18-at-21.26.19.jpeg","contentUrl":"https:\/\/brasilnoticias.org\/site\/wp-content\/uploads\/2026\/01\/WhatsApp-Image-2026-01-18-at-21.26.19.jpeg","width":1280,"height":720},{"@type":"BreadcrumbList","@id":"https:\/\/brasilnoticias.org\/site\/aleluia-admite-que-so-vai-se-lancar-a-federal-se-conseguir-trocar-pl-pelo-novo\/#breadcrumb","itemListElement":[{"@type":"ListItem","position":1,"name":"In\u00edcio","item":"https:\/\/brasilnoticias.org\/site\/"},{"@type":"ListItem","position":2,"name":"Aleluia admite que s\u00f3 vai se lan\u00e7ar a federal se conseguir trocar PL pelo Novo"}]},{"@type":"WebSite","@id":"https:\/\/brasilnoticias.org\/site\/#website","url":"https:\/\/brasilnoticias.org\/site\/","name":"Brasil not\u00edcias","description":"Brasil not\u00edcias","publisher":{"@id":"https:\/\/brasilnoticias.org\/site\/#organization"},"potentialAction":[{"@type":"SearchAction","target":{"@type":"EntryPoint","urlTemplate":"https:\/\/brasilnoticias.org\/site\/?s={search_term_string}"},"query-input":{"@type":"PropertyValueSpecification","valueRequired":true,"valueName":"search_term_string"}}],"inLanguage":"pt-PT"},{"@type":"Organization","@id":"https:\/\/brasilnoticias.org\/site\/#organization","name":"Brasil not\u00edcias","url":"https:\/\/brasilnoticias.org\/site\/","logo":{"@type":"ImageObject","inLanguage":"pt-PT","@id":"https:\/\/brasilnoticias.org\/site\/#\/schema\/logo\/image\/","url":"https:\/\/brasilnoticias.org\/site\/wp-content\/uploads\/2022\/05\/cropped-brasilnoticias-mini.jpg","contentUrl":"https:\/\/brasilnoticias.org\/site\/wp-content\/uploads\/2022\/05\/cropped-brasilnoticias-mini.jpg","width":314,"height":86,"caption":"Brasil not\u00edcias"},"image":{"@id":"https:\/\/brasilnoticias.org\/site\/#\/schema\/logo\/image\/"}},{"@type":"Person","@id":"https:\/\/brasilnoticias.org\/site\/#\/schema\/person\/03bbbfe6c7634ad18c26444ea39049fa","name":"Reda\u00e7\u00e3o","image":{"@type":"ImageObject","inLanguage":"pt-PT","@id":"https:\/\/brasilnoticias.org\/site\/#\/schema\/person\/image\/","url":"https:\/\/secure.gravatar.com\/avatar\/9ecaf7327a696cb23ad926fedded5f1f04d7049de9e445375d55b48c001a6e42?s=96&d=mm&r=g","contentUrl":"https:\/\/secure.gravatar.com\/avatar\/9ecaf7327a696cb23ad926fedded5f1f04d7049de9e445375d55b48c001a6e42?s=96&d=mm&r=g","caption":"Reda\u00e7\u00e3o"},"url":"https:\/\/brasilnoticias.org\/site\/author\/henrique\/"}]}},"_links":{"self":[{"href":"https:\/\/brasilnoticias.org\/site\/wp-json\/wp\/v2\/posts\/19612","targetHints":{"allow":["GET"]}}],"collection":[{"href":"https:\/\/brasilnoticias.org\/site\/wp-json\/wp\/v2\/posts"}],"about":[{"href":"https:\/\/brasilnoticias.org\/site\/wp-json\/wp\/v2\/types\/post"}],"author":[{"embeddable":true,"href":"https:\/\/brasilnoticias.org\/site\/wp-json\/wp\/v2\/users\/4"}],"replies":[{"embeddable":true,"href":"https:\/\/brasilnoticias.org\/site\/wp-json\/wp\/v2\/comments?post=19612"}],"version-history":[{"count":1,"href":"https:\/\/brasilnoticias.org\/site\/wp-json\/wp\/v2\/posts\/19612\/revisions"}],"predecessor-version":[{"id":19614,"href":"https:\/\/brasilnoticias.org\/site\/wp-json\/wp\/v2\/posts\/19612\/revisions\/19614"}],"wp:featuredmedia":[{"embeddable":true,"href":"https:\/\/brasilnoticias.org\/site\/wp-json\/wp\/v2\/media\/19613"}],"wp:attachment":[{"href":"https:\/\/brasilnoticias.org\/site\/wp-json\/wp\/v2\/media?parent=19612"}],"wp:term":[{"taxonomy":"category","embeddable":true,"href":"https:\/\/brasilnoticias.org\/site\/wp-json\/wp\/v2\/categories?post=19612"},{"taxonomy":"post_tag","embeddable":true,"href":"https:\/\/brasilnoticias.org\/site\/wp-json\/wp\/v2\/tags?post=19612"}],"curies":[{"name":"wp","href":"https:\/\/api.w.org\/{rel}","templated":true}]}}