{"id":19632,"date":"2026-01-19T11:36:03","date_gmt":"2026-01-19T14:36:03","guid":{"rendered":"https:\/\/brasilnoticias.org\/site\/?p=19632"},"modified":"2026-01-19T11:36:03","modified_gmt":"2026-01-19T14:36:03","slug":"associacao-criminosa-acusada-de-roubos-em-predio-do-dpt-e-alvo-de-operacao","status":"publish","type":"post","link":"https:\/\/brasilnoticias.org\/site\/associacao-criminosa-acusada-de-roubos-em-predio-do-dpt-e-alvo-de-operacao\/","title":{"rendered":"Associa\u00e7\u00e3o criminosa acusada de roubos em pr\u00e9dio do DPT \u00e9 alvo de opera\u00e7\u00e3o"},"content":{"rendered":"<p>Uma associa\u00e7\u00e3o criminosa suspeita de realizar diversos roubos a apartamentos e salas comerciais no pr\u00e9dio do Departamento de Pol\u00edcia T\u00e9cnica (DPT), em Salvador, foi alvo de uma opera\u00e7\u00e3o policial nesta quarta-feira (21). A a\u00e7\u00e3o teve como objetivo desarticular a organiza\u00e7\u00e3o e prender os envolvidos, que vinham atuando na regi\u00e3o com facilidade por conta da proximidade com \u00e1reas de grande movimento.<\/p>\n<p>Segundo as investiga\u00e7\u00f5es, o grupo utilizava informa\u00e7\u00e3o privilegiada sobre a rotina dos moradores e dos profissionais que circulam no local para planejar e executar os crimes, levando objetos eletr\u00f4nicos, dinheiro e outros pertences das v\u00edtimas. As autoridades policiais conseguiram cumprir mandados de pris\u00e3o e de busca e apreens\u00e3o durante a opera\u00e7\u00e3o, al\u00e9m de recuperar parte dos itens subtra\u00eddos.<\/p>\n<p>A Pol\u00edcia Civil informou que as apura\u00e7\u00f5es continuam em andamento para identificar todos os integrantes da quadrilha e poss\u00edveis receptadores dos bens roubados. A corpora\u00e7\u00e3o tamb\u00e9m est\u00e1 avaliando se o grupo tem liga\u00e7\u00e3o com outras ocorr\u00eancias registradas nas imedia\u00e7\u00f5es.<\/p>\n<p>As autoridades orientam que moradores e trabalhadores da regi\u00e3o mantenham aten\u00e7\u00e3o redobrada e reforcem medidas de seguran\u00e7a para evitar novos casos, al\u00e9m de formalizar registros de ocorr\u00eancias sempre que necess\u00e1rio.<\/p>\n<p>Foto: Divulga\u00e7\u00e3o \/ PCBA<br \/>\nFonte: Bahia Not\u00edcias<\/p>\n","protected":false},"excerpt":{"rendered":"<p>Uma associa\u00e7\u00e3o criminosa suspeita de realizar diversos roubos a apartamentos e salas comerciais no pr\u00e9dio do Departamento de Pol\u00edcia T\u00e9cnica<\/p>\n","protected":false},"author":4,"featured_media":19633,"comment_status":"open","ping_status":"open","sticky":false,"template":"","format":"standard","meta":{"colormag_page_container_layout":"default_layout","colormag_page_sidebar_layout":"default_layout","_FSMCFIC_featured_image_caption":"","_FSMCFIC_featured_image_nocaption":"","_FSMCFIC_featured_image_hide":"","footnotes":""},"categories":[3,1],"tags":[],"class_list":["post-19632","post","type-post","status-publish","format-standard","has-post-thumbnail","hentry","category-policia","category-ultimas"],"yoast_head":"<!-- This site is optimized with the Yoast SEO plugin v27.1.1 - https:\/\/yoast.com\/product\/yoast-seo-wordpress\/ -->\n<title>Associa\u00e7\u00e3o criminosa acusada de roubos em pr\u00e9dio do DPT \u00e9 alvo de opera\u00e7\u00e3o - Brasil not\u00edcias<\/title>\n<meta name=\"robots\" content=\"index, follow, max-snippet:-1, max-image-preview:large, max-video-preview:-1\" \/>\n<link rel=\"canonical\" href=\"https:\/\/brasilnoticias.org\/site\/associacao-criminosa-acusada-de-roubos-em-predio-do-dpt-e-alvo-de-operacao\/\" \/>\n<meta property=\"og:locale\" content=\"pt_PT\" \/>\n<meta property=\"og:type\" content=\"article\" \/>\n<meta property=\"og:title\" content=\"Associa\u00e7\u00e3o criminosa acusada de roubos em pr\u00e9dio do DPT \u00e9 alvo de opera\u00e7\u00e3o - Brasil not\u00edcias\" \/>\n<meta property=\"og:description\" content=\"Uma associa\u00e7\u00e3o criminosa suspeita de realizar diversos roubos a apartamentos e salas comerciais no pr\u00e9dio do Departamento de Pol\u00edcia T\u00e9cnica\" \/>\n<meta property=\"og:url\" content=\"https:\/\/brasilnoticias.org\/site\/associacao-criminosa-acusada-de-roubos-em-predio-do-dpt-e-alvo-de-operacao\/\" \/>\n<meta property=\"og:site_name\" content=\"Brasil not\u00edcias\" \/>\n<meta property=\"article:published_time\" content=\"2026-01-19T14:36:03+00:00\" \/>\n<meta property=\"og:image\" content=\"https:\/\/brasilnoticias.org\/site\/wp-content\/uploads\/2026\/01\/IMAGEM_NOTICIA_9-9.webp\" \/>\n\t<meta property=\"og:image:width\" content=\"1200\" \/>\n\t<meta property=\"og:image:height\" content=\"630\" \/>\n\t<meta property=\"og:image:type\" content=\"image\/webp\" \/>\n<meta name=\"author\" content=\"Reda\u00e7\u00e3o\" \/>\n<meta name=\"twitter:card\" content=\"summary_large_image\" \/>\n<meta name=\"twitter:label1\" content=\"Escrito por\" \/>\n\t<meta name=\"twitter:data1\" content=\"Reda\u00e7\u00e3o\" \/>\n\t<meta name=\"twitter:label2\" content=\"Tempo estimado de leitura\" \/>\n\t<meta name=\"twitter:data2\" content=\"1 minuto\" \/>\n<script type=\"application\/ld+json\" class=\"yoast-schema-graph\">{\"@context\":\"https:\/\/schema.org\",\"@graph\":[{\"@type\":\"Article\",\"@id\":\"https:\/\/brasilnoticias.org\/site\/associacao-criminosa-acusada-de-roubos-em-predio-do-dpt-e-alvo-de-operacao\/#article\",\"isPartOf\":{\"@id\":\"https:\/\/brasilnoticias.org\/site\/associacao-criminosa-acusada-de-roubos-em-predio-do-dpt-e-alvo-de-operacao\/\"},\"author\":{\"name\":\"Reda\u00e7\u00e3o\",\"@id\":\"https:\/\/brasilnoticias.org\/site\/#\/schema\/person\/03bbbfe6c7634ad18c26444ea39049fa\"},\"headline\":\"Associa\u00e7\u00e3o criminosa acusada de roubos em pr\u00e9dio do DPT \u00e9 alvo de opera\u00e7\u00e3o\",\"datePublished\":\"2026-01-19T14:36:03+00:00\",\"mainEntityOfPage\":{\"@id\":\"https:\/\/brasilnoticias.org\/site\/associacao-criminosa-acusada-de-roubos-em-predio-do-dpt-e-alvo-de-operacao\/\"},\"wordCount\":240,\"commentCount\":0,\"publisher\":{\"@id\":\"https:\/\/brasilnoticias.org\/site\/#organization\"},\"image\":{\"@id\":\"https:\/\/brasilnoticias.org\/site\/associacao-criminosa-acusada-de-roubos-em-predio-do-dpt-e-alvo-de-operacao\/#primaryimage\"},\"thumbnailUrl\":\"https:\/\/brasilnoticias.org\/site\/wp-content\/uploads\/2026\/01\/IMAGEM_NOTICIA_9-9.webp\",\"articleSection\":[\"Pol\u00edcia\",\"\u00daltimas\"],\"inLanguage\":\"pt-PT\",\"potentialAction\":[{\"@type\":\"CommentAction\",\"name\":\"Comment\",\"target\":[\"https:\/\/brasilnoticias.org\/site\/associacao-criminosa-acusada-de-roubos-em-predio-do-dpt-e-alvo-de-operacao\/#respond\"]}]},{\"@type\":\"WebPage\",\"@id\":\"https:\/\/brasilnoticias.org\/site\/associacao-criminosa-acusada-de-roubos-em-predio-do-dpt-e-alvo-de-operacao\/\",\"url\":\"https:\/\/brasilnoticias.org\/site\/associacao-criminosa-acusada-de-roubos-em-predio-do-dpt-e-alvo-de-operacao\/\",\"name\":\"Associa\u00e7\u00e3o criminosa acusada de roubos em pr\u00e9dio do DPT \u00e9 alvo de opera\u00e7\u00e3o - Brasil not\u00edcias\",\"isPartOf\":{\"@id\":\"https:\/\/brasilnoticias.org\/site\/#website\"},\"primaryImageOfPage\":{\"@id\":\"https:\/\/brasilnoticias.org\/site\/associacao-criminosa-acusada-de-roubos-em-predio-do-dpt-e-alvo-de-operacao\/#primaryimage\"},\"image\":{\"@id\":\"https:\/\/brasilnoticias.org\/site\/associacao-criminosa-acusada-de-roubos-em-predio-do-dpt-e-alvo-de-operacao\/#primaryimage\"},\"thumbnailUrl\":\"https:\/\/brasilnoticias.org\/site\/wp-content\/uploads\/2026\/01\/IMAGEM_NOTICIA_9-9.webp\",\"datePublished\":\"2026-01-19T14:36:03+00:00\",\"breadcrumb\":{\"@id\":\"https:\/\/brasilnoticias.org\/site\/associacao-criminosa-acusada-de-roubos-em-predio-do-dpt-e-alvo-de-operacao\/#breadcrumb\"},\"inLanguage\":\"pt-PT\",\"potentialAction\":[{\"@type\":\"ReadAction\",\"target\":[\"https:\/\/brasilnoticias.org\/site\/associacao-criminosa-acusada-de-roubos-em-predio-do-dpt-e-alvo-de-operacao\/\"]}]},{\"@type\":\"ImageObject\",\"inLanguage\":\"pt-PT\",\"@id\":\"https:\/\/brasilnoticias.org\/site\/associacao-criminosa-acusada-de-roubos-em-predio-do-dpt-e-alvo-de-operacao\/#primaryimage\",\"url\":\"https:\/\/brasilnoticias.org\/site\/wp-content\/uploads\/2026\/01\/IMAGEM_NOTICIA_9-9.webp\",\"contentUrl\":\"https:\/\/brasilnoticias.org\/site\/wp-content\/uploads\/2026\/01\/IMAGEM_NOTICIA_9-9.webp\",\"width\":1200,\"height\":630},{\"@type\":\"BreadcrumbList\",\"@id\":\"https:\/\/brasilnoticias.org\/site\/associacao-criminosa-acusada-de-roubos-em-predio-do-dpt-e-alvo-de-operacao\/#breadcrumb\",\"itemListElement\":[{\"@type\":\"ListItem\",\"position\":1,\"name\":\"In\u00edcio\",\"item\":\"https:\/\/brasilnoticias.org\/site\/\"},{\"@type\":\"ListItem\",\"position\":2,\"name\":\"Associa\u00e7\u00e3o criminosa acusada de roubos em pr\u00e9dio do DPT \u00e9 alvo de opera\u00e7\u00e3o\"}]},{\"@type\":\"WebSite\",\"@id\":\"https:\/\/brasilnoticias.org\/site\/#website\",\"url\":\"https:\/\/brasilnoticias.org\/site\/\",\"name\":\"Brasil not\u00edcias\",\"description\":\"Brasil not\u00edcias\",\"publisher\":{\"@id\":\"https:\/\/brasilnoticias.org\/site\/#organization\"},\"potentialAction\":[{\"@type\":\"SearchAction\",\"target\":{\"@type\":\"EntryPoint\",\"urlTemplate\":\"https:\/\/brasilnoticias.org\/site\/?s={search_term_string}\"},\"query-input\":{\"@type\":\"PropertyValueSpecification\",\"valueRequired\":true,\"valueName\":\"search_term_string\"}}],\"inLanguage\":\"pt-PT\"},{\"@type\":\"Organization\",\"@id\":\"https:\/\/brasilnoticias.org\/site\/#organization\",\"name\":\"Brasil not\u00edcias\",\"url\":\"https:\/\/brasilnoticias.org\/site\/\",\"logo\":{\"@type\":\"ImageObject\",\"inLanguage\":\"pt-PT\",\"@id\":\"https:\/\/brasilnoticias.org\/site\/#\/schema\/logo\/image\/\",\"url\":\"https:\/\/brasilnoticias.org\/site\/wp-content\/uploads\/2022\/05\/cropped-brasilnoticias-mini.jpg\",\"contentUrl\":\"https:\/\/brasilnoticias.org\/site\/wp-content\/uploads\/2022\/05\/cropped-brasilnoticias-mini.jpg\",\"width\":314,\"height\":86,\"caption\":\"Brasil not\u00edcias\"},\"image\":{\"@id\":\"https:\/\/brasilnoticias.org\/site\/#\/schema\/logo\/image\/\"}},{\"@type\":\"Person\",\"@id\":\"https:\/\/brasilnoticias.org\/site\/#\/schema\/person\/03bbbfe6c7634ad18c26444ea39049fa\",\"name\":\"Reda\u00e7\u00e3o\",\"image\":{\"@type\":\"ImageObject\",\"inLanguage\":\"pt-PT\",\"@id\":\"https:\/\/brasilnoticias.org\/site\/#\/schema\/person\/image\/\",\"url\":\"https:\/\/secure.gravatar.com\/avatar\/9ecaf7327a696cb23ad926fedded5f1f04d7049de9e445375d55b48c001a6e42?s=96&d=mm&r=g\",\"contentUrl\":\"https:\/\/secure.gravatar.com\/avatar\/9ecaf7327a696cb23ad926fedded5f1f04d7049de9e445375d55b48c001a6e42?s=96&d=mm&r=g\",\"caption\":\"Reda\u00e7\u00e3o\"},\"url\":\"https:\/\/brasilnoticias.org\/site\/author\/henrique\/\"}]}<\/script>\n<!-- \/ Yoast SEO plugin. -->","yoast_head_json":{"title":"Associa\u00e7\u00e3o criminosa acusada de roubos em pr\u00e9dio do DPT \u00e9 alvo de opera\u00e7\u00e3o - Brasil not\u00edcias","robots":{"index":"index","follow":"follow","max-snippet":"max-snippet:-1","max-image-preview":"max-image-preview:large","max-video-preview":"max-video-preview:-1"},"canonical":"https:\/\/brasilnoticias.org\/site\/associacao-criminosa-acusada-de-roubos-em-predio-do-dpt-e-alvo-de-operacao\/","og_locale":"pt_PT","og_type":"article","og_title":"Associa\u00e7\u00e3o criminosa acusada de roubos em pr\u00e9dio do DPT \u00e9 alvo de opera\u00e7\u00e3o - Brasil not\u00edcias","og_description":"Uma associa\u00e7\u00e3o criminosa suspeita de realizar diversos roubos a apartamentos e salas comerciais no pr\u00e9dio do Departamento de Pol\u00edcia T\u00e9cnica","og_url":"https:\/\/brasilnoticias.org\/site\/associacao-criminosa-acusada-de-roubos-em-predio-do-dpt-e-alvo-de-operacao\/","og_site_name":"Brasil not\u00edcias","article_published_time":"2026-01-19T14:36:03+00:00","og_image":[{"width":1200,"height":630,"url":"https:\/\/brasilnoticias.org\/site\/wp-content\/uploads\/2026\/01\/IMAGEM_NOTICIA_9-9.webp","type":"image\/webp"}],"author":"Reda\u00e7\u00e3o","twitter_card":"summary_large_image","twitter_misc":{"Escrito por":"Reda\u00e7\u00e3o","Tempo estimado de leitura":"1 minuto"},"schema":{"@context":"https:\/\/schema.org","@graph":[{"@type":"Article","@id":"https:\/\/brasilnoticias.org\/site\/associacao-criminosa-acusada-de-roubos-em-predio-do-dpt-e-alvo-de-operacao\/#article","isPartOf":{"@id":"https:\/\/brasilnoticias.org\/site\/associacao-criminosa-acusada-de-roubos-em-predio-do-dpt-e-alvo-de-operacao\/"},"author":{"name":"Reda\u00e7\u00e3o","@id":"https:\/\/brasilnoticias.org\/site\/#\/schema\/person\/03bbbfe6c7634ad18c26444ea39049fa"},"headline":"Associa\u00e7\u00e3o criminosa acusada de roubos em pr\u00e9dio do DPT \u00e9 alvo de opera\u00e7\u00e3o","datePublished":"2026-01-19T14:36:03+00:00","mainEntityOfPage":{"@id":"https:\/\/brasilnoticias.org\/site\/associacao-criminosa-acusada-de-roubos-em-predio-do-dpt-e-alvo-de-operacao\/"},"wordCount":240,"commentCount":0,"publisher":{"@id":"https:\/\/brasilnoticias.org\/site\/#organization"},"image":{"@id":"https:\/\/brasilnoticias.org\/site\/associacao-criminosa-acusada-de-roubos-em-predio-do-dpt-e-alvo-de-operacao\/#primaryimage"},"thumbnailUrl":"https:\/\/brasilnoticias.org\/site\/wp-content\/uploads\/2026\/01\/IMAGEM_NOTICIA_9-9.webp","articleSection":["Pol\u00edcia","\u00daltimas"],"inLanguage":"pt-PT","potentialAction":[{"@type":"CommentAction","name":"Comment","target":["https:\/\/brasilnoticias.org\/site\/associacao-criminosa-acusada-de-roubos-em-predio-do-dpt-e-alvo-de-operacao\/#respond"]}]},{"@type":"WebPage","@id":"https:\/\/brasilnoticias.org\/site\/associacao-criminosa-acusada-de-roubos-em-predio-do-dpt-e-alvo-de-operacao\/","url":"https:\/\/brasilnoticias.org\/site\/associacao-criminosa-acusada-de-roubos-em-predio-do-dpt-e-alvo-de-operacao\/","name":"Associa\u00e7\u00e3o criminosa acusada de roubos em pr\u00e9dio do DPT \u00e9 alvo de opera\u00e7\u00e3o - Brasil not\u00edcias","isPartOf":{"@id":"https:\/\/brasilnoticias.org\/site\/#website"},"primaryImageOfPage":{"@id":"https:\/\/brasilnoticias.org\/site\/associacao-criminosa-acusada-de-roubos-em-predio-do-dpt-e-alvo-de-operacao\/#primaryimage"},"image":{"@id":"https:\/\/brasilnoticias.org\/site\/associacao-criminosa-acusada-de-roubos-em-predio-do-dpt-e-alvo-de-operacao\/#primaryimage"},"thumbnailUrl":"https:\/\/brasilnoticias.org\/site\/wp-content\/uploads\/2026\/01\/IMAGEM_NOTICIA_9-9.webp","datePublished":"2026-01-19T14:36:03+00:00","breadcrumb":{"@id":"https:\/\/brasilnoticias.org\/site\/associacao-criminosa-acusada-de-roubos-em-predio-do-dpt-e-alvo-de-operacao\/#breadcrumb"},"inLanguage":"pt-PT","potentialAction":[{"@type":"ReadAction","target":["https:\/\/brasilnoticias.org\/site\/associacao-criminosa-acusada-de-roubos-em-predio-do-dpt-e-alvo-de-operacao\/"]}]},{"@type":"ImageObject","inLanguage":"pt-PT","@id":"https:\/\/brasilnoticias.org\/site\/associacao-criminosa-acusada-de-roubos-em-predio-do-dpt-e-alvo-de-operacao\/#primaryimage","url":"https:\/\/brasilnoticias.org\/site\/wp-content\/uploads\/2026\/01\/IMAGEM_NOTICIA_9-9.webp","contentUrl":"https:\/\/brasilnoticias.org\/site\/wp-content\/uploads\/2026\/01\/IMAGEM_NOTICIA_9-9.webp","width":1200,"height":630},{"@type":"BreadcrumbList","@id":"https:\/\/brasilnoticias.org\/site\/associacao-criminosa-acusada-de-roubos-em-predio-do-dpt-e-alvo-de-operacao\/#breadcrumb","itemListElement":[{"@type":"ListItem","position":1,"name":"In\u00edcio","item":"https:\/\/brasilnoticias.org\/site\/"},{"@type":"ListItem","position":2,"name":"Associa\u00e7\u00e3o criminosa acusada de roubos em pr\u00e9dio do DPT \u00e9 alvo de opera\u00e7\u00e3o"}]},{"@type":"WebSite","@id":"https:\/\/brasilnoticias.org\/site\/#website","url":"https:\/\/brasilnoticias.org\/site\/","name":"Brasil not\u00edcias","description":"Brasil not\u00edcias","publisher":{"@id":"https:\/\/brasilnoticias.org\/site\/#organization"},"potentialAction":[{"@type":"SearchAction","target":{"@type":"EntryPoint","urlTemplate":"https:\/\/brasilnoticias.org\/site\/?s={search_term_string}"},"query-input":{"@type":"PropertyValueSpecification","valueRequired":true,"valueName":"search_term_string"}}],"inLanguage":"pt-PT"},{"@type":"Organization","@id":"https:\/\/brasilnoticias.org\/site\/#organization","name":"Brasil not\u00edcias","url":"https:\/\/brasilnoticias.org\/site\/","logo":{"@type":"ImageObject","inLanguage":"pt-PT","@id":"https:\/\/brasilnoticias.org\/site\/#\/schema\/logo\/image\/","url":"https:\/\/brasilnoticias.org\/site\/wp-content\/uploads\/2022\/05\/cropped-brasilnoticias-mini.jpg","contentUrl":"https:\/\/brasilnoticias.org\/site\/wp-content\/uploads\/2022\/05\/cropped-brasilnoticias-mini.jpg","width":314,"height":86,"caption":"Brasil not\u00edcias"},"image":{"@id":"https:\/\/brasilnoticias.org\/site\/#\/schema\/logo\/image\/"}},{"@type":"Person","@id":"https:\/\/brasilnoticias.org\/site\/#\/schema\/person\/03bbbfe6c7634ad18c26444ea39049fa","name":"Reda\u00e7\u00e3o","image":{"@type":"ImageObject","inLanguage":"pt-PT","@id":"https:\/\/brasilnoticias.org\/site\/#\/schema\/person\/image\/","url":"https:\/\/secure.gravatar.com\/avatar\/9ecaf7327a696cb23ad926fedded5f1f04d7049de9e445375d55b48c001a6e42?s=96&d=mm&r=g","contentUrl":"https:\/\/secure.gravatar.com\/avatar\/9ecaf7327a696cb23ad926fedded5f1f04d7049de9e445375d55b48c001a6e42?s=96&d=mm&r=g","caption":"Reda\u00e7\u00e3o"},"url":"https:\/\/brasilnoticias.org\/site\/author\/henrique\/"}]}},"_links":{"self":[{"href":"https:\/\/brasilnoticias.org\/site\/wp-json\/wp\/v2\/posts\/19632","targetHints":{"allow":["GET"]}}],"collection":[{"href":"https:\/\/brasilnoticias.org\/site\/wp-json\/wp\/v2\/posts"}],"about":[{"href":"https:\/\/brasilnoticias.org\/site\/wp-json\/wp\/v2\/types\/post"}],"author":[{"embeddable":true,"href":"https:\/\/brasilnoticias.org\/site\/wp-json\/wp\/v2\/users\/4"}],"replies":[{"embeddable":true,"href":"https:\/\/brasilnoticias.org\/site\/wp-json\/wp\/v2\/comments?post=19632"}],"version-history":[{"count":1,"href":"https:\/\/brasilnoticias.org\/site\/wp-json\/wp\/v2\/posts\/19632\/revisions"}],"predecessor-version":[{"id":19634,"href":"https:\/\/brasilnoticias.org\/site\/wp-json\/wp\/v2\/posts\/19632\/revisions\/19634"}],"wp:featuredmedia":[{"embeddable":true,"href":"https:\/\/brasilnoticias.org\/site\/wp-json\/wp\/v2\/media\/19633"}],"wp:attachment":[{"href":"https:\/\/brasilnoticias.org\/site\/wp-json\/wp\/v2\/media?parent=19632"}],"wp:term":[{"taxonomy":"category","embeddable":true,"href":"https:\/\/brasilnoticias.org\/site\/wp-json\/wp\/v2\/categories?post=19632"},{"taxonomy":"post_tag","embeddable":true,"href":"https:\/\/brasilnoticias.org\/site\/wp-json\/wp\/v2\/tags?post=19632"}],"curies":[{"name":"wp","href":"https:\/\/api.w.org\/{rel}","templated":true}]}}