{"id":19641,"date":"2026-01-19T12:17:27","date_gmt":"2026-01-19T15:17:27","guid":{"rendered":"https:\/\/brasilnoticias.org\/site\/?p=19641"},"modified":"2026-01-19T12:17:27","modified_gmt":"2026-01-19T15:17:27","slug":"incendios-florestais-deixam-19-mortos-no-chile-apos-onda-de-calor-extremo","status":"publish","type":"post","link":"https:\/\/brasilnoticias.org\/site\/incendios-florestais-deixam-19-mortos-no-chile-apos-onda-de-calor-extremo\/","title":{"rendered":"Inc\u00eandios florestais deixam 19 mortos no Chile ap\u00f3s onda de calor extremo"},"content":{"rendered":"<p>Uma s\u00e9rie de inc\u00eandios florestais provocados por uma intensa onda de calor deixou pelo menos 19 pessoas mortas no Chile. As chamas se espalharam rapidamente por diversas regi\u00f5es do pa\u00eds, especialmente na zona central e sul, destruindo casas, \u00e1reas rurais e florestas.<\/p>\n<p>De acordo com as autoridades chilenas, as temperaturas elevadas, os ventos fortes e o clima seco contribu\u00edram para a r\u00e1pida propaga\u00e7\u00e3o do fogo. Milhares de moradores precisaram ser evacuados de suas casas como medida de seguran\u00e7a.<\/p>\n<p>O governo decretou estado de cat\u00e1strofe nas \u00e1reas mais afetadas e mobilizou equipes de emerg\u00eancia, bombeiros, for\u00e7as armadas e apoio a\u00e9reo para combater os inc\u00eandios e prestar assist\u00eancia \u00e0s v\u00edtimas.<\/p>\n<p>Al\u00e9m das mortes, h\u00e1 centenas de feridos e preju\u00edzos materiais significativos. As autoridades seguem em alerta, j\u00e1 que as condi\u00e7\u00f5es clim\u00e1ticas continuam favor\u00e1veis \u00e0 ocorr\u00eancia de novos focos de inc\u00eandio.<\/p>\n<p>Especialistas afirmam que eventos extremos como esse est\u00e3o se tornando mais frequentes por causa das mudan\u00e7as clim\u00e1ticas, que aumentam a intensidade das ondas de calor e o risco de desastres ambientais.<\/p>\n<p>Foto: REUTERS\/Juan Gonzalez<br \/>\nFonte: CNN Brasil<\/p>\n","protected":false},"excerpt":{"rendered":"<p>Uma s\u00e9rie de inc\u00eandios florestais provocados por uma intensa onda de calor deixou pelo menos 19 pessoas mortas no Chile.<\/p>\n","protected":false},"author":4,"featured_media":19642,"comment_status":"open","ping_status":"open","sticky":false,"template":"","format":"standard","meta":{"colormag_page_container_layout":"default_layout","colormag_page_sidebar_layout":"default_layout","_FSMCFIC_featured_image_caption":"","_FSMCFIC_featured_image_nocaption":"","_FSMCFIC_featured_image_hide":"","footnotes":""},"categories":[6,1],"tags":[],"class_list":["post-19641","post","type-post","status-publish","format-standard","has-post-thumbnail","hentry","category-mundo","category-ultimas"],"yoast_head":"<!-- This site is optimized with the Yoast SEO plugin v27.1.1 - https:\/\/yoast.com\/product\/yoast-seo-wordpress\/ -->\n<title>Inc\u00eandios florestais deixam 19 mortos no Chile ap\u00f3s onda de calor extremo - Brasil not\u00edcias<\/title>\n<meta name=\"robots\" content=\"index, follow, max-snippet:-1, max-image-preview:large, max-video-preview:-1\" \/>\n<link rel=\"canonical\" href=\"https:\/\/brasilnoticias.org\/site\/incendios-florestais-deixam-19-mortos-no-chile-apos-onda-de-calor-extremo\/\" \/>\n<meta property=\"og:locale\" content=\"pt_PT\" \/>\n<meta property=\"og:type\" content=\"article\" \/>\n<meta property=\"og:title\" content=\"Inc\u00eandios florestais deixam 19 mortos no Chile ap\u00f3s onda de calor extremo - Brasil not\u00edcias\" \/>\n<meta property=\"og:description\" content=\"Uma s\u00e9rie de inc\u00eandios florestais provocados por uma intensa onda de calor deixou pelo menos 19 pessoas mortas no Chile.\" \/>\n<meta property=\"og:url\" content=\"https:\/\/brasilnoticias.org\/site\/incendios-florestais-deixam-19-mortos-no-chile-apos-onda-de-calor-extremo\/\" \/>\n<meta property=\"og:site_name\" content=\"Brasil not\u00edcias\" \/>\n<meta property=\"article:published_time\" content=\"2026-01-19T15:17:27+00:00\" \/>\n<meta property=\"og:image\" content=\"https:\/\/brasilnoticias.org\/site\/wp-content\/uploads\/2026\/01\/Incendio-florestal-no-Chile.webp\" \/>\n\t<meta property=\"og:image:width\" content=\"1200\" \/>\n\t<meta property=\"og:image:height\" content=\"799\" \/>\n\t<meta property=\"og:image:type\" content=\"image\/webp\" \/>\n<meta name=\"author\" content=\"Reda\u00e7\u00e3o\" \/>\n<meta name=\"twitter:card\" content=\"summary_large_image\" \/>\n<meta name=\"twitter:label1\" content=\"Escrito por\" \/>\n\t<meta name=\"twitter:data1\" content=\"Reda\u00e7\u00e3o\" \/>\n\t<meta name=\"twitter:label2\" content=\"Tempo estimado de leitura\" \/>\n\t<meta name=\"twitter:data2\" content=\"1 minuto\" \/>\n<script type=\"application\/ld+json\" class=\"yoast-schema-graph\">{\"@context\":\"https:\/\/schema.org\",\"@graph\":[{\"@type\":\"Article\",\"@id\":\"https:\/\/brasilnoticias.org\/site\/incendios-florestais-deixam-19-mortos-no-chile-apos-onda-de-calor-extremo\/#article\",\"isPartOf\":{\"@id\":\"https:\/\/brasilnoticias.org\/site\/incendios-florestais-deixam-19-mortos-no-chile-apos-onda-de-calor-extremo\/\"},\"author\":{\"name\":\"Reda\u00e7\u00e3o\",\"@id\":\"https:\/\/brasilnoticias.org\/site\/#\/schema\/person\/03bbbfe6c7634ad18c26444ea39049fa\"},\"headline\":\"Inc\u00eandios florestais deixam 19 mortos no Chile ap\u00f3s onda de calor extremo\",\"datePublished\":\"2026-01-19T15:17:27+00:00\",\"mainEntityOfPage\":{\"@id\":\"https:\/\/brasilnoticias.org\/site\/incendios-florestais-deixam-19-mortos-no-chile-apos-onda-de-calor-extremo\/\"},\"wordCount\":212,\"commentCount\":0,\"publisher\":{\"@id\":\"https:\/\/brasilnoticias.org\/site\/#organization\"},\"image\":{\"@id\":\"https:\/\/brasilnoticias.org\/site\/incendios-florestais-deixam-19-mortos-no-chile-apos-onda-de-calor-extremo\/#primaryimage\"},\"thumbnailUrl\":\"https:\/\/brasilnoticias.org\/site\/wp-content\/uploads\/2026\/01\/Incendio-florestal-no-Chile.webp\",\"articleSection\":[\"Mundo\",\"\u00daltimas\"],\"inLanguage\":\"pt-PT\",\"potentialAction\":[{\"@type\":\"CommentAction\",\"name\":\"Comment\",\"target\":[\"https:\/\/brasilnoticias.org\/site\/incendios-florestais-deixam-19-mortos-no-chile-apos-onda-de-calor-extremo\/#respond\"]}]},{\"@type\":\"WebPage\",\"@id\":\"https:\/\/brasilnoticias.org\/site\/incendios-florestais-deixam-19-mortos-no-chile-apos-onda-de-calor-extremo\/\",\"url\":\"https:\/\/brasilnoticias.org\/site\/incendios-florestais-deixam-19-mortos-no-chile-apos-onda-de-calor-extremo\/\",\"name\":\"Inc\u00eandios florestais deixam 19 mortos no Chile ap\u00f3s onda de calor extremo - Brasil not\u00edcias\",\"isPartOf\":{\"@id\":\"https:\/\/brasilnoticias.org\/site\/#website\"},\"primaryImageOfPage\":{\"@id\":\"https:\/\/brasilnoticias.org\/site\/incendios-florestais-deixam-19-mortos-no-chile-apos-onda-de-calor-extremo\/#primaryimage\"},\"image\":{\"@id\":\"https:\/\/brasilnoticias.org\/site\/incendios-florestais-deixam-19-mortos-no-chile-apos-onda-de-calor-extremo\/#primaryimage\"},\"thumbnailUrl\":\"https:\/\/brasilnoticias.org\/site\/wp-content\/uploads\/2026\/01\/Incendio-florestal-no-Chile.webp\",\"datePublished\":\"2026-01-19T15:17:27+00:00\",\"breadcrumb\":{\"@id\":\"https:\/\/brasilnoticias.org\/site\/incendios-florestais-deixam-19-mortos-no-chile-apos-onda-de-calor-extremo\/#breadcrumb\"},\"inLanguage\":\"pt-PT\",\"potentialAction\":[{\"@type\":\"ReadAction\",\"target\":[\"https:\/\/brasilnoticias.org\/site\/incendios-florestais-deixam-19-mortos-no-chile-apos-onda-de-calor-extremo\/\"]}]},{\"@type\":\"ImageObject\",\"inLanguage\":\"pt-PT\",\"@id\":\"https:\/\/brasilnoticias.org\/site\/incendios-florestais-deixam-19-mortos-no-chile-apos-onda-de-calor-extremo\/#primaryimage\",\"url\":\"https:\/\/brasilnoticias.org\/site\/wp-content\/uploads\/2026\/01\/Incendio-florestal-no-Chile.webp\",\"contentUrl\":\"https:\/\/brasilnoticias.org\/site\/wp-content\/uploads\/2026\/01\/Incendio-florestal-no-Chile.webp\",\"width\":1200,\"height\":799},{\"@type\":\"BreadcrumbList\",\"@id\":\"https:\/\/brasilnoticias.org\/site\/incendios-florestais-deixam-19-mortos-no-chile-apos-onda-de-calor-extremo\/#breadcrumb\",\"itemListElement\":[{\"@type\":\"ListItem\",\"position\":1,\"name\":\"In\u00edcio\",\"item\":\"https:\/\/brasilnoticias.org\/site\/\"},{\"@type\":\"ListItem\",\"position\":2,\"name\":\"Inc\u00eandios florestais deixam 19 mortos no Chile ap\u00f3s onda de calor extremo\"}]},{\"@type\":\"WebSite\",\"@id\":\"https:\/\/brasilnoticias.org\/site\/#website\",\"url\":\"https:\/\/brasilnoticias.org\/site\/\",\"name\":\"Brasil not\u00edcias\",\"description\":\"Brasil not\u00edcias\",\"publisher\":{\"@id\":\"https:\/\/brasilnoticias.org\/site\/#organization\"},\"potentialAction\":[{\"@type\":\"SearchAction\",\"target\":{\"@type\":\"EntryPoint\",\"urlTemplate\":\"https:\/\/brasilnoticias.org\/site\/?s={search_term_string}\"},\"query-input\":{\"@type\":\"PropertyValueSpecification\",\"valueRequired\":true,\"valueName\":\"search_term_string\"}}],\"inLanguage\":\"pt-PT\"},{\"@type\":\"Organization\",\"@id\":\"https:\/\/brasilnoticias.org\/site\/#organization\",\"name\":\"Brasil not\u00edcias\",\"url\":\"https:\/\/brasilnoticias.org\/site\/\",\"logo\":{\"@type\":\"ImageObject\",\"inLanguage\":\"pt-PT\",\"@id\":\"https:\/\/brasilnoticias.org\/site\/#\/schema\/logo\/image\/\",\"url\":\"https:\/\/brasilnoticias.org\/site\/wp-content\/uploads\/2022\/05\/cropped-brasilnoticias-mini.jpg\",\"contentUrl\":\"https:\/\/brasilnoticias.org\/site\/wp-content\/uploads\/2022\/05\/cropped-brasilnoticias-mini.jpg\",\"width\":314,\"height\":86,\"caption\":\"Brasil not\u00edcias\"},\"image\":{\"@id\":\"https:\/\/brasilnoticias.org\/site\/#\/schema\/logo\/image\/\"}},{\"@type\":\"Person\",\"@id\":\"https:\/\/brasilnoticias.org\/site\/#\/schema\/person\/03bbbfe6c7634ad18c26444ea39049fa\",\"name\":\"Reda\u00e7\u00e3o\",\"image\":{\"@type\":\"ImageObject\",\"inLanguage\":\"pt-PT\",\"@id\":\"https:\/\/brasilnoticias.org\/site\/#\/schema\/person\/image\/\",\"url\":\"https:\/\/secure.gravatar.com\/avatar\/9ecaf7327a696cb23ad926fedded5f1f04d7049de9e445375d55b48c001a6e42?s=96&d=mm&r=g\",\"contentUrl\":\"https:\/\/secure.gravatar.com\/avatar\/9ecaf7327a696cb23ad926fedded5f1f04d7049de9e445375d55b48c001a6e42?s=96&d=mm&r=g\",\"caption\":\"Reda\u00e7\u00e3o\"},\"url\":\"https:\/\/brasilnoticias.org\/site\/author\/henrique\/\"}]}<\/script>\n<!-- \/ Yoast SEO plugin. -->","yoast_head_json":{"title":"Inc\u00eandios florestais deixam 19 mortos no Chile ap\u00f3s onda de calor extremo - Brasil not\u00edcias","robots":{"index":"index","follow":"follow","max-snippet":"max-snippet:-1","max-image-preview":"max-image-preview:large","max-video-preview":"max-video-preview:-1"},"canonical":"https:\/\/brasilnoticias.org\/site\/incendios-florestais-deixam-19-mortos-no-chile-apos-onda-de-calor-extremo\/","og_locale":"pt_PT","og_type":"article","og_title":"Inc\u00eandios florestais deixam 19 mortos no Chile ap\u00f3s onda de calor extremo - Brasil not\u00edcias","og_description":"Uma s\u00e9rie de inc\u00eandios florestais provocados por uma intensa onda de calor deixou pelo menos 19 pessoas mortas no Chile.","og_url":"https:\/\/brasilnoticias.org\/site\/incendios-florestais-deixam-19-mortos-no-chile-apos-onda-de-calor-extremo\/","og_site_name":"Brasil not\u00edcias","article_published_time":"2026-01-19T15:17:27+00:00","og_image":[{"width":1200,"height":799,"url":"https:\/\/brasilnoticias.org\/site\/wp-content\/uploads\/2026\/01\/Incendio-florestal-no-Chile.webp","type":"image\/webp"}],"author":"Reda\u00e7\u00e3o","twitter_card":"summary_large_image","twitter_misc":{"Escrito por":"Reda\u00e7\u00e3o","Tempo estimado de leitura":"1 minuto"},"schema":{"@context":"https:\/\/schema.org","@graph":[{"@type":"Article","@id":"https:\/\/brasilnoticias.org\/site\/incendios-florestais-deixam-19-mortos-no-chile-apos-onda-de-calor-extremo\/#article","isPartOf":{"@id":"https:\/\/brasilnoticias.org\/site\/incendios-florestais-deixam-19-mortos-no-chile-apos-onda-de-calor-extremo\/"},"author":{"name":"Reda\u00e7\u00e3o","@id":"https:\/\/brasilnoticias.org\/site\/#\/schema\/person\/03bbbfe6c7634ad18c26444ea39049fa"},"headline":"Inc\u00eandios florestais deixam 19 mortos no Chile ap\u00f3s onda de calor extremo","datePublished":"2026-01-19T15:17:27+00:00","mainEntityOfPage":{"@id":"https:\/\/brasilnoticias.org\/site\/incendios-florestais-deixam-19-mortos-no-chile-apos-onda-de-calor-extremo\/"},"wordCount":212,"commentCount":0,"publisher":{"@id":"https:\/\/brasilnoticias.org\/site\/#organization"},"image":{"@id":"https:\/\/brasilnoticias.org\/site\/incendios-florestais-deixam-19-mortos-no-chile-apos-onda-de-calor-extremo\/#primaryimage"},"thumbnailUrl":"https:\/\/brasilnoticias.org\/site\/wp-content\/uploads\/2026\/01\/Incendio-florestal-no-Chile.webp","articleSection":["Mundo","\u00daltimas"],"inLanguage":"pt-PT","potentialAction":[{"@type":"CommentAction","name":"Comment","target":["https:\/\/brasilnoticias.org\/site\/incendios-florestais-deixam-19-mortos-no-chile-apos-onda-de-calor-extremo\/#respond"]}]},{"@type":"WebPage","@id":"https:\/\/brasilnoticias.org\/site\/incendios-florestais-deixam-19-mortos-no-chile-apos-onda-de-calor-extremo\/","url":"https:\/\/brasilnoticias.org\/site\/incendios-florestais-deixam-19-mortos-no-chile-apos-onda-de-calor-extremo\/","name":"Inc\u00eandios florestais deixam 19 mortos no Chile ap\u00f3s onda de calor extremo - Brasil not\u00edcias","isPartOf":{"@id":"https:\/\/brasilnoticias.org\/site\/#website"},"primaryImageOfPage":{"@id":"https:\/\/brasilnoticias.org\/site\/incendios-florestais-deixam-19-mortos-no-chile-apos-onda-de-calor-extremo\/#primaryimage"},"image":{"@id":"https:\/\/brasilnoticias.org\/site\/incendios-florestais-deixam-19-mortos-no-chile-apos-onda-de-calor-extremo\/#primaryimage"},"thumbnailUrl":"https:\/\/brasilnoticias.org\/site\/wp-content\/uploads\/2026\/01\/Incendio-florestal-no-Chile.webp","datePublished":"2026-01-19T15:17:27+00:00","breadcrumb":{"@id":"https:\/\/brasilnoticias.org\/site\/incendios-florestais-deixam-19-mortos-no-chile-apos-onda-de-calor-extremo\/#breadcrumb"},"inLanguage":"pt-PT","potentialAction":[{"@type":"ReadAction","target":["https:\/\/brasilnoticias.org\/site\/incendios-florestais-deixam-19-mortos-no-chile-apos-onda-de-calor-extremo\/"]}]},{"@type":"ImageObject","inLanguage":"pt-PT","@id":"https:\/\/brasilnoticias.org\/site\/incendios-florestais-deixam-19-mortos-no-chile-apos-onda-de-calor-extremo\/#primaryimage","url":"https:\/\/brasilnoticias.org\/site\/wp-content\/uploads\/2026\/01\/Incendio-florestal-no-Chile.webp","contentUrl":"https:\/\/brasilnoticias.org\/site\/wp-content\/uploads\/2026\/01\/Incendio-florestal-no-Chile.webp","width":1200,"height":799},{"@type":"BreadcrumbList","@id":"https:\/\/brasilnoticias.org\/site\/incendios-florestais-deixam-19-mortos-no-chile-apos-onda-de-calor-extremo\/#breadcrumb","itemListElement":[{"@type":"ListItem","position":1,"name":"In\u00edcio","item":"https:\/\/brasilnoticias.org\/site\/"},{"@type":"ListItem","position":2,"name":"Inc\u00eandios florestais deixam 19 mortos no Chile ap\u00f3s onda de calor extremo"}]},{"@type":"WebSite","@id":"https:\/\/brasilnoticias.org\/site\/#website","url":"https:\/\/brasilnoticias.org\/site\/","name":"Brasil not\u00edcias","description":"Brasil not\u00edcias","publisher":{"@id":"https:\/\/brasilnoticias.org\/site\/#organization"},"potentialAction":[{"@type":"SearchAction","target":{"@type":"EntryPoint","urlTemplate":"https:\/\/brasilnoticias.org\/site\/?s={search_term_string}"},"query-input":{"@type":"PropertyValueSpecification","valueRequired":true,"valueName":"search_term_string"}}],"inLanguage":"pt-PT"},{"@type":"Organization","@id":"https:\/\/brasilnoticias.org\/site\/#organization","name":"Brasil not\u00edcias","url":"https:\/\/brasilnoticias.org\/site\/","logo":{"@type":"ImageObject","inLanguage":"pt-PT","@id":"https:\/\/brasilnoticias.org\/site\/#\/schema\/logo\/image\/","url":"https:\/\/brasilnoticias.org\/site\/wp-content\/uploads\/2022\/05\/cropped-brasilnoticias-mini.jpg","contentUrl":"https:\/\/brasilnoticias.org\/site\/wp-content\/uploads\/2022\/05\/cropped-brasilnoticias-mini.jpg","width":314,"height":86,"caption":"Brasil not\u00edcias"},"image":{"@id":"https:\/\/brasilnoticias.org\/site\/#\/schema\/logo\/image\/"}},{"@type":"Person","@id":"https:\/\/brasilnoticias.org\/site\/#\/schema\/person\/03bbbfe6c7634ad18c26444ea39049fa","name":"Reda\u00e7\u00e3o","image":{"@type":"ImageObject","inLanguage":"pt-PT","@id":"https:\/\/brasilnoticias.org\/site\/#\/schema\/person\/image\/","url":"https:\/\/secure.gravatar.com\/avatar\/9ecaf7327a696cb23ad926fedded5f1f04d7049de9e445375d55b48c001a6e42?s=96&d=mm&r=g","contentUrl":"https:\/\/secure.gravatar.com\/avatar\/9ecaf7327a696cb23ad926fedded5f1f04d7049de9e445375d55b48c001a6e42?s=96&d=mm&r=g","caption":"Reda\u00e7\u00e3o"},"url":"https:\/\/brasilnoticias.org\/site\/author\/henrique\/"}]}},"_links":{"self":[{"href":"https:\/\/brasilnoticias.org\/site\/wp-json\/wp\/v2\/posts\/19641","targetHints":{"allow":["GET"]}}],"collection":[{"href":"https:\/\/brasilnoticias.org\/site\/wp-json\/wp\/v2\/posts"}],"about":[{"href":"https:\/\/brasilnoticias.org\/site\/wp-json\/wp\/v2\/types\/post"}],"author":[{"embeddable":true,"href":"https:\/\/brasilnoticias.org\/site\/wp-json\/wp\/v2\/users\/4"}],"replies":[{"embeddable":true,"href":"https:\/\/brasilnoticias.org\/site\/wp-json\/wp\/v2\/comments?post=19641"}],"version-history":[{"count":1,"href":"https:\/\/brasilnoticias.org\/site\/wp-json\/wp\/v2\/posts\/19641\/revisions"}],"predecessor-version":[{"id":19643,"href":"https:\/\/brasilnoticias.org\/site\/wp-json\/wp\/v2\/posts\/19641\/revisions\/19643"}],"wp:featuredmedia":[{"embeddable":true,"href":"https:\/\/brasilnoticias.org\/site\/wp-json\/wp\/v2\/media\/19642"}],"wp:attachment":[{"href":"https:\/\/brasilnoticias.org\/site\/wp-json\/wp\/v2\/media?parent=19641"}],"wp:term":[{"taxonomy":"category","embeddable":true,"href":"https:\/\/brasilnoticias.org\/site\/wp-json\/wp\/v2\/categories?post=19641"},{"taxonomy":"post_tag","embeddable":true,"href":"https:\/\/brasilnoticias.org\/site\/wp-json\/wp\/v2\/tags?post=19641"}],"curies":[{"name":"wp","href":"https:\/\/api.w.org\/{rel}","templated":true}]}}