{"id":19658,"date":"2026-01-20T07:02:33","date_gmt":"2026-01-20T10:02:33","guid":{"rendered":"https:\/\/brasilnoticias.org\/site\/?p=19658"},"modified":"2026-01-20T07:02:33","modified_gmt":"2026-01-20T10:02:33","slug":"psdb-baiano-vive-embate-por-segunda-cadeira-com-possivel-apoio-de-acm-neto-a-candidato-em-feira-de-santana","status":"publish","type":"post","link":"https:\/\/brasilnoticias.org\/site\/psdb-baiano-vive-embate-por-segunda-cadeira-com-possivel-apoio-de-acm-neto-a-candidato-em-feira-de-santana\/","title":{"rendered":"PSDB baiano vive embate por \u201csegunda cadeira\u201d com poss\u00edvel apoio de ACM Neto a candidato em Feira de Santana"},"content":{"rendered":"<p>O PSDB da Bahia enfrenta uma disputa interna acirrada pela chamada \u201csegunda cadeira\u201d, vaga simb\u00f3lica que representa um lugar de destaque nas chapas proporcionais em elei\u00e7\u00f5es, em especial na regi\u00e3o de Feira de Santana. A articula\u00e7\u00e3o ganhou mais aten\u00e7\u00e3o ap\u00f3s sinais de que o ex-prefeito de Salvador ACM Neto \u2014 presidente nacional do partido \u2014 pode apoiar um candidato espec\u00edfico na cidade, gerando debate entre as lideran\u00e7as tucanas locais.<\/p>\n<p>O embate se d\u00e1 entre pol\u00edticos que buscam consolidar apoio para disputar mandatos nas elei\u00e7\u00f5es proporcionais e aqueles que defendem uma candidatura liderada ou referendada por ACM Neto. A defini\u00e7\u00e3o do nome que receber\u00e1 o respaldo do dirigente nacional \u00e9 vista como estrat\u00e9gica por membros do PSDB baiano, dada a influ\u00eancia pol\u00edtica de Neto no estado e sua capacidade de atrair votos e alian\u00e7as.<\/p>\n<p>Em meio \u00e0s negocia\u00e7\u00f5es internas, diferentes grupos dentro do partido pressionam por prioridade em candidaturas, levando em considera\u00e7\u00e3o fatores como hist\u00f3rico eleitoral, popularidade regional e alian\u00e7as locais. A perspectiva de um endosso direto por parte de ACM Neto aumenta a relev\u00e2ncia pol\u00edtica da disputa, potencialmente beneficiando o nome favorecido nas articula\u00e7\u00f5es pr\u00e9-eleitorais.<\/p>\n<p>Analistas pol\u00edticos ouvidos afirmam que a decis\u00e3o do PSDB baiano pode impactar n\u00e3o apenas as elei\u00e7\u00f5es em Feira de Santana, mas tamb\u00e9m projetos do partido em n\u00edvel estadual, j\u00e1 que alian\u00e7as e acordos firmados agora tendem a refletir nas coordena\u00e7\u00f5es de campanha e composi\u00e7\u00e3o de chapas majorit\u00e1rias e proporcionais.<\/p>\n<p>At\u00e9 o momento, o partido ainda n\u00e3o anunciou oficialmente qual ser\u00e1 o candidato apoiado para a \u201csegunda cadeira\u201d, mas as conversas continuam intensas nos bastidores pol\u00edticos.<\/p>\n<p>Foto: Divulga\u00e7\u00e3o<br \/>\nFonte: Bahia Not\u00edcias<\/p>\n","protected":false},"excerpt":{"rendered":"<p>O PSDB da Bahia enfrenta uma disputa interna acirrada pela chamada \u201csegunda cadeira\u201d, vaga simb\u00f3lica que representa um lugar de<\/p>\n","protected":false},"author":4,"featured_media":19659,"comment_status":"open","ping_status":"open","sticky":false,"template":"","format":"standard","meta":{"colormag_page_container_layout":"default_layout","colormag_page_sidebar_layout":"default_layout","_FSMCFIC_featured_image_caption":"","_FSMCFIC_featured_image_nocaption":"","_FSMCFIC_featured_image_hide":"","footnotes":""},"categories":[5,1],"tags":[],"class_list":["post-19658","post","type-post","status-publish","format-standard","has-post-thumbnail","hentry","category-politica","category-ultimas"],"yoast_head":"<!-- This site is optimized with the Yoast SEO plugin v27.1.1 - https:\/\/yoast.com\/product\/yoast-seo-wordpress\/ -->\n<title>PSDB baiano vive embate por \u201csegunda cadeira\u201d com poss\u00edvel apoio de ACM Neto a candidato em Feira de Santana - Brasil not\u00edcias<\/title>\n<meta name=\"robots\" content=\"index, follow, max-snippet:-1, max-image-preview:large, max-video-preview:-1\" \/>\n<link rel=\"canonical\" href=\"https:\/\/brasilnoticias.org\/site\/psdb-baiano-vive-embate-por-segunda-cadeira-com-possivel-apoio-de-acm-neto-a-candidato-em-feira-de-santana\/\" \/>\n<meta property=\"og:locale\" content=\"pt_PT\" \/>\n<meta property=\"og:type\" content=\"article\" \/>\n<meta property=\"og:title\" content=\"PSDB baiano vive embate por \u201csegunda cadeira\u201d com poss\u00edvel apoio de ACM Neto a candidato em Feira de Santana - Brasil not\u00edcias\" \/>\n<meta property=\"og:description\" content=\"O PSDB da Bahia enfrenta uma disputa interna acirrada pela chamada \u201csegunda cadeira\u201d, vaga simb\u00f3lica que representa um lugar de\" \/>\n<meta property=\"og:url\" content=\"https:\/\/brasilnoticias.org\/site\/psdb-baiano-vive-embate-por-segunda-cadeira-com-possivel-apoio-de-acm-neto-a-candidato-em-feira-de-santana\/\" \/>\n<meta property=\"og:site_name\" content=\"Brasil not\u00edcias\" \/>\n<meta property=\"article:published_time\" content=\"2026-01-20T10:02:33+00:00\" \/>\n<meta property=\"og:image\" content=\"https:\/\/brasilnoticias.org\/site\/wp-content\/uploads\/2026\/01\/IMAGEM_NOTICIA_9-10.webp\" \/>\n\t<meta property=\"og:image:width\" content=\"1200\" \/>\n\t<meta property=\"og:image:height\" content=\"630\" \/>\n\t<meta property=\"og:image:type\" content=\"image\/webp\" \/>\n<meta name=\"author\" content=\"Reda\u00e7\u00e3o\" \/>\n<meta name=\"twitter:card\" content=\"summary_large_image\" \/>\n<meta name=\"twitter:label1\" content=\"Escrito por\" \/>\n\t<meta name=\"twitter:data1\" content=\"Reda\u00e7\u00e3o\" \/>\n\t<meta name=\"twitter:label2\" content=\"Tempo estimado de leitura\" \/>\n\t<meta name=\"twitter:data2\" content=\"1 minuto\" \/>\n<script type=\"application\/ld+json\" class=\"yoast-schema-graph\">{\"@context\":\"https:\/\/schema.org\",\"@graph\":[{\"@type\":\"Article\",\"@id\":\"https:\/\/brasilnoticias.org\/site\/psdb-baiano-vive-embate-por-segunda-cadeira-com-possivel-apoio-de-acm-neto-a-candidato-em-feira-de-santana\/#article\",\"isPartOf\":{\"@id\":\"https:\/\/brasilnoticias.org\/site\/psdb-baiano-vive-embate-por-segunda-cadeira-com-possivel-apoio-de-acm-neto-a-candidato-em-feira-de-santana\/\"},\"author\":{\"name\":\"Reda\u00e7\u00e3o\",\"@id\":\"https:\/\/brasilnoticias.org\/site\/#\/schema\/person\/03bbbfe6c7634ad18c26444ea39049fa\"},\"headline\":\"PSDB baiano vive embate por \u201csegunda cadeira\u201d com poss\u00edvel apoio de ACM Neto a candidato em Feira de Santana\",\"datePublished\":\"2026-01-20T10:02:33+00:00\",\"mainEntityOfPage\":{\"@id\":\"https:\/\/brasilnoticias.org\/site\/psdb-baiano-vive-embate-por-segunda-cadeira-com-possivel-apoio-de-acm-neto-a-candidato-em-feira-de-santana\/\"},\"wordCount\":319,\"commentCount\":0,\"publisher\":{\"@id\":\"https:\/\/brasilnoticias.org\/site\/#organization\"},\"image\":{\"@id\":\"https:\/\/brasilnoticias.org\/site\/psdb-baiano-vive-embate-por-segunda-cadeira-com-possivel-apoio-de-acm-neto-a-candidato-em-feira-de-santana\/#primaryimage\"},\"thumbnailUrl\":\"https:\/\/brasilnoticias.org\/site\/wp-content\/uploads\/2026\/01\/IMAGEM_NOTICIA_9-10.webp\",\"articleSection\":[\"Pol\u00edtica\",\"\u00daltimas\"],\"inLanguage\":\"pt-PT\",\"potentialAction\":[{\"@type\":\"CommentAction\",\"name\":\"Comment\",\"target\":[\"https:\/\/brasilnoticias.org\/site\/psdb-baiano-vive-embate-por-segunda-cadeira-com-possivel-apoio-de-acm-neto-a-candidato-em-feira-de-santana\/#respond\"]}]},{\"@type\":\"WebPage\",\"@id\":\"https:\/\/brasilnoticias.org\/site\/psdb-baiano-vive-embate-por-segunda-cadeira-com-possivel-apoio-de-acm-neto-a-candidato-em-feira-de-santana\/\",\"url\":\"https:\/\/brasilnoticias.org\/site\/psdb-baiano-vive-embate-por-segunda-cadeira-com-possivel-apoio-de-acm-neto-a-candidato-em-feira-de-santana\/\",\"name\":\"PSDB baiano vive embate por \u201csegunda cadeira\u201d com poss\u00edvel apoio de ACM Neto a candidato em Feira de Santana - Brasil not\u00edcias\",\"isPartOf\":{\"@id\":\"https:\/\/brasilnoticias.org\/site\/#website\"},\"primaryImageOfPage\":{\"@id\":\"https:\/\/brasilnoticias.org\/site\/psdb-baiano-vive-embate-por-segunda-cadeira-com-possivel-apoio-de-acm-neto-a-candidato-em-feira-de-santana\/#primaryimage\"},\"image\":{\"@id\":\"https:\/\/brasilnoticias.org\/site\/psdb-baiano-vive-embate-por-segunda-cadeira-com-possivel-apoio-de-acm-neto-a-candidato-em-feira-de-santana\/#primaryimage\"},\"thumbnailUrl\":\"https:\/\/brasilnoticias.org\/site\/wp-content\/uploads\/2026\/01\/IMAGEM_NOTICIA_9-10.webp\",\"datePublished\":\"2026-01-20T10:02:33+00:00\",\"breadcrumb\":{\"@id\":\"https:\/\/brasilnoticias.org\/site\/psdb-baiano-vive-embate-por-segunda-cadeira-com-possivel-apoio-de-acm-neto-a-candidato-em-feira-de-santana\/#breadcrumb\"},\"inLanguage\":\"pt-PT\",\"potentialAction\":[{\"@type\":\"ReadAction\",\"target\":[\"https:\/\/brasilnoticias.org\/site\/psdb-baiano-vive-embate-por-segunda-cadeira-com-possivel-apoio-de-acm-neto-a-candidato-em-feira-de-santana\/\"]}]},{\"@type\":\"ImageObject\",\"inLanguage\":\"pt-PT\",\"@id\":\"https:\/\/brasilnoticias.org\/site\/psdb-baiano-vive-embate-por-segunda-cadeira-com-possivel-apoio-de-acm-neto-a-candidato-em-feira-de-santana\/#primaryimage\",\"url\":\"https:\/\/brasilnoticias.org\/site\/wp-content\/uploads\/2026\/01\/IMAGEM_NOTICIA_9-10.webp\",\"contentUrl\":\"https:\/\/brasilnoticias.org\/site\/wp-content\/uploads\/2026\/01\/IMAGEM_NOTICIA_9-10.webp\",\"width\":1200,\"height\":630},{\"@type\":\"BreadcrumbList\",\"@id\":\"https:\/\/brasilnoticias.org\/site\/psdb-baiano-vive-embate-por-segunda-cadeira-com-possivel-apoio-de-acm-neto-a-candidato-em-feira-de-santana\/#breadcrumb\",\"itemListElement\":[{\"@type\":\"ListItem\",\"position\":1,\"name\":\"In\u00edcio\",\"item\":\"https:\/\/brasilnoticias.org\/site\/\"},{\"@type\":\"ListItem\",\"position\":2,\"name\":\"PSDB baiano vive embate por \u201csegunda cadeira\u201d com poss\u00edvel apoio de ACM Neto a candidato em Feira de Santana\"}]},{\"@type\":\"WebSite\",\"@id\":\"https:\/\/brasilnoticias.org\/site\/#website\",\"url\":\"https:\/\/brasilnoticias.org\/site\/\",\"name\":\"Brasil not\u00edcias\",\"description\":\"Brasil not\u00edcias\",\"publisher\":{\"@id\":\"https:\/\/brasilnoticias.org\/site\/#organization\"},\"potentialAction\":[{\"@type\":\"SearchAction\",\"target\":{\"@type\":\"EntryPoint\",\"urlTemplate\":\"https:\/\/brasilnoticias.org\/site\/?s={search_term_string}\"},\"query-input\":{\"@type\":\"PropertyValueSpecification\",\"valueRequired\":true,\"valueName\":\"search_term_string\"}}],\"inLanguage\":\"pt-PT\"},{\"@type\":\"Organization\",\"@id\":\"https:\/\/brasilnoticias.org\/site\/#organization\",\"name\":\"Brasil not\u00edcias\",\"url\":\"https:\/\/brasilnoticias.org\/site\/\",\"logo\":{\"@type\":\"ImageObject\",\"inLanguage\":\"pt-PT\",\"@id\":\"https:\/\/brasilnoticias.org\/site\/#\/schema\/logo\/image\/\",\"url\":\"https:\/\/brasilnoticias.org\/site\/wp-content\/uploads\/2022\/05\/cropped-brasilnoticias-mini.jpg\",\"contentUrl\":\"https:\/\/brasilnoticias.org\/site\/wp-content\/uploads\/2022\/05\/cropped-brasilnoticias-mini.jpg\",\"width\":314,\"height\":86,\"caption\":\"Brasil not\u00edcias\"},\"image\":{\"@id\":\"https:\/\/brasilnoticias.org\/site\/#\/schema\/logo\/image\/\"}},{\"@type\":\"Person\",\"@id\":\"https:\/\/brasilnoticias.org\/site\/#\/schema\/person\/03bbbfe6c7634ad18c26444ea39049fa\",\"name\":\"Reda\u00e7\u00e3o\",\"image\":{\"@type\":\"ImageObject\",\"inLanguage\":\"pt-PT\",\"@id\":\"https:\/\/brasilnoticias.org\/site\/#\/schema\/person\/image\/\",\"url\":\"https:\/\/secure.gravatar.com\/avatar\/9ecaf7327a696cb23ad926fedded5f1f04d7049de9e445375d55b48c001a6e42?s=96&d=mm&r=g\",\"contentUrl\":\"https:\/\/secure.gravatar.com\/avatar\/9ecaf7327a696cb23ad926fedded5f1f04d7049de9e445375d55b48c001a6e42?s=96&d=mm&r=g\",\"caption\":\"Reda\u00e7\u00e3o\"},\"url\":\"https:\/\/brasilnoticias.org\/site\/author\/henrique\/\"}]}<\/script>\n<!-- \/ Yoast SEO plugin. -->","yoast_head_json":{"title":"PSDB baiano vive embate por \u201csegunda cadeira\u201d com poss\u00edvel apoio de ACM Neto a candidato em Feira de Santana - Brasil not\u00edcias","robots":{"index":"index","follow":"follow","max-snippet":"max-snippet:-1","max-image-preview":"max-image-preview:large","max-video-preview":"max-video-preview:-1"},"canonical":"https:\/\/brasilnoticias.org\/site\/psdb-baiano-vive-embate-por-segunda-cadeira-com-possivel-apoio-de-acm-neto-a-candidato-em-feira-de-santana\/","og_locale":"pt_PT","og_type":"article","og_title":"PSDB baiano vive embate por \u201csegunda cadeira\u201d com poss\u00edvel apoio de ACM Neto a candidato em Feira de Santana - Brasil not\u00edcias","og_description":"O PSDB da Bahia enfrenta uma disputa interna acirrada pela chamada \u201csegunda cadeira\u201d, vaga simb\u00f3lica que representa um lugar de","og_url":"https:\/\/brasilnoticias.org\/site\/psdb-baiano-vive-embate-por-segunda-cadeira-com-possivel-apoio-de-acm-neto-a-candidato-em-feira-de-santana\/","og_site_name":"Brasil not\u00edcias","article_published_time":"2026-01-20T10:02:33+00:00","og_image":[{"width":1200,"height":630,"url":"https:\/\/brasilnoticias.org\/site\/wp-content\/uploads\/2026\/01\/IMAGEM_NOTICIA_9-10.webp","type":"image\/webp"}],"author":"Reda\u00e7\u00e3o","twitter_card":"summary_large_image","twitter_misc":{"Escrito por":"Reda\u00e7\u00e3o","Tempo estimado de leitura":"1 minuto"},"schema":{"@context":"https:\/\/schema.org","@graph":[{"@type":"Article","@id":"https:\/\/brasilnoticias.org\/site\/psdb-baiano-vive-embate-por-segunda-cadeira-com-possivel-apoio-de-acm-neto-a-candidato-em-feira-de-santana\/#article","isPartOf":{"@id":"https:\/\/brasilnoticias.org\/site\/psdb-baiano-vive-embate-por-segunda-cadeira-com-possivel-apoio-de-acm-neto-a-candidato-em-feira-de-santana\/"},"author":{"name":"Reda\u00e7\u00e3o","@id":"https:\/\/brasilnoticias.org\/site\/#\/schema\/person\/03bbbfe6c7634ad18c26444ea39049fa"},"headline":"PSDB baiano vive embate por \u201csegunda cadeira\u201d com poss\u00edvel apoio de ACM Neto a candidato em Feira de Santana","datePublished":"2026-01-20T10:02:33+00:00","mainEntityOfPage":{"@id":"https:\/\/brasilnoticias.org\/site\/psdb-baiano-vive-embate-por-segunda-cadeira-com-possivel-apoio-de-acm-neto-a-candidato-em-feira-de-santana\/"},"wordCount":319,"commentCount":0,"publisher":{"@id":"https:\/\/brasilnoticias.org\/site\/#organization"},"image":{"@id":"https:\/\/brasilnoticias.org\/site\/psdb-baiano-vive-embate-por-segunda-cadeira-com-possivel-apoio-de-acm-neto-a-candidato-em-feira-de-santana\/#primaryimage"},"thumbnailUrl":"https:\/\/brasilnoticias.org\/site\/wp-content\/uploads\/2026\/01\/IMAGEM_NOTICIA_9-10.webp","articleSection":["Pol\u00edtica","\u00daltimas"],"inLanguage":"pt-PT","potentialAction":[{"@type":"CommentAction","name":"Comment","target":["https:\/\/brasilnoticias.org\/site\/psdb-baiano-vive-embate-por-segunda-cadeira-com-possivel-apoio-de-acm-neto-a-candidato-em-feira-de-santana\/#respond"]}]},{"@type":"WebPage","@id":"https:\/\/brasilnoticias.org\/site\/psdb-baiano-vive-embate-por-segunda-cadeira-com-possivel-apoio-de-acm-neto-a-candidato-em-feira-de-santana\/","url":"https:\/\/brasilnoticias.org\/site\/psdb-baiano-vive-embate-por-segunda-cadeira-com-possivel-apoio-de-acm-neto-a-candidato-em-feira-de-santana\/","name":"PSDB baiano vive embate por \u201csegunda cadeira\u201d com poss\u00edvel apoio de ACM Neto a candidato em Feira de Santana - Brasil not\u00edcias","isPartOf":{"@id":"https:\/\/brasilnoticias.org\/site\/#website"},"primaryImageOfPage":{"@id":"https:\/\/brasilnoticias.org\/site\/psdb-baiano-vive-embate-por-segunda-cadeira-com-possivel-apoio-de-acm-neto-a-candidato-em-feira-de-santana\/#primaryimage"},"image":{"@id":"https:\/\/brasilnoticias.org\/site\/psdb-baiano-vive-embate-por-segunda-cadeira-com-possivel-apoio-de-acm-neto-a-candidato-em-feira-de-santana\/#primaryimage"},"thumbnailUrl":"https:\/\/brasilnoticias.org\/site\/wp-content\/uploads\/2026\/01\/IMAGEM_NOTICIA_9-10.webp","datePublished":"2026-01-20T10:02:33+00:00","breadcrumb":{"@id":"https:\/\/brasilnoticias.org\/site\/psdb-baiano-vive-embate-por-segunda-cadeira-com-possivel-apoio-de-acm-neto-a-candidato-em-feira-de-santana\/#breadcrumb"},"inLanguage":"pt-PT","potentialAction":[{"@type":"ReadAction","target":["https:\/\/brasilnoticias.org\/site\/psdb-baiano-vive-embate-por-segunda-cadeira-com-possivel-apoio-de-acm-neto-a-candidato-em-feira-de-santana\/"]}]},{"@type":"ImageObject","inLanguage":"pt-PT","@id":"https:\/\/brasilnoticias.org\/site\/psdb-baiano-vive-embate-por-segunda-cadeira-com-possivel-apoio-de-acm-neto-a-candidato-em-feira-de-santana\/#primaryimage","url":"https:\/\/brasilnoticias.org\/site\/wp-content\/uploads\/2026\/01\/IMAGEM_NOTICIA_9-10.webp","contentUrl":"https:\/\/brasilnoticias.org\/site\/wp-content\/uploads\/2026\/01\/IMAGEM_NOTICIA_9-10.webp","width":1200,"height":630},{"@type":"BreadcrumbList","@id":"https:\/\/brasilnoticias.org\/site\/psdb-baiano-vive-embate-por-segunda-cadeira-com-possivel-apoio-de-acm-neto-a-candidato-em-feira-de-santana\/#breadcrumb","itemListElement":[{"@type":"ListItem","position":1,"name":"In\u00edcio","item":"https:\/\/brasilnoticias.org\/site\/"},{"@type":"ListItem","position":2,"name":"PSDB baiano vive embate por \u201csegunda cadeira\u201d com poss\u00edvel apoio de ACM Neto a candidato em Feira de Santana"}]},{"@type":"WebSite","@id":"https:\/\/brasilnoticias.org\/site\/#website","url":"https:\/\/brasilnoticias.org\/site\/","name":"Brasil not\u00edcias","description":"Brasil not\u00edcias","publisher":{"@id":"https:\/\/brasilnoticias.org\/site\/#organization"},"potentialAction":[{"@type":"SearchAction","target":{"@type":"EntryPoint","urlTemplate":"https:\/\/brasilnoticias.org\/site\/?s={search_term_string}"},"query-input":{"@type":"PropertyValueSpecification","valueRequired":true,"valueName":"search_term_string"}}],"inLanguage":"pt-PT"},{"@type":"Organization","@id":"https:\/\/brasilnoticias.org\/site\/#organization","name":"Brasil not\u00edcias","url":"https:\/\/brasilnoticias.org\/site\/","logo":{"@type":"ImageObject","inLanguage":"pt-PT","@id":"https:\/\/brasilnoticias.org\/site\/#\/schema\/logo\/image\/","url":"https:\/\/brasilnoticias.org\/site\/wp-content\/uploads\/2022\/05\/cropped-brasilnoticias-mini.jpg","contentUrl":"https:\/\/brasilnoticias.org\/site\/wp-content\/uploads\/2022\/05\/cropped-brasilnoticias-mini.jpg","width":314,"height":86,"caption":"Brasil not\u00edcias"},"image":{"@id":"https:\/\/brasilnoticias.org\/site\/#\/schema\/logo\/image\/"}},{"@type":"Person","@id":"https:\/\/brasilnoticias.org\/site\/#\/schema\/person\/03bbbfe6c7634ad18c26444ea39049fa","name":"Reda\u00e7\u00e3o","image":{"@type":"ImageObject","inLanguage":"pt-PT","@id":"https:\/\/brasilnoticias.org\/site\/#\/schema\/person\/image\/","url":"https:\/\/secure.gravatar.com\/avatar\/9ecaf7327a696cb23ad926fedded5f1f04d7049de9e445375d55b48c001a6e42?s=96&d=mm&r=g","contentUrl":"https:\/\/secure.gravatar.com\/avatar\/9ecaf7327a696cb23ad926fedded5f1f04d7049de9e445375d55b48c001a6e42?s=96&d=mm&r=g","caption":"Reda\u00e7\u00e3o"},"url":"https:\/\/brasilnoticias.org\/site\/author\/henrique\/"}]}},"_links":{"self":[{"href":"https:\/\/brasilnoticias.org\/site\/wp-json\/wp\/v2\/posts\/19658","targetHints":{"allow":["GET"]}}],"collection":[{"href":"https:\/\/brasilnoticias.org\/site\/wp-json\/wp\/v2\/posts"}],"about":[{"href":"https:\/\/brasilnoticias.org\/site\/wp-json\/wp\/v2\/types\/post"}],"author":[{"embeddable":true,"href":"https:\/\/brasilnoticias.org\/site\/wp-json\/wp\/v2\/users\/4"}],"replies":[{"embeddable":true,"href":"https:\/\/brasilnoticias.org\/site\/wp-json\/wp\/v2\/comments?post=19658"}],"version-history":[{"count":1,"href":"https:\/\/brasilnoticias.org\/site\/wp-json\/wp\/v2\/posts\/19658\/revisions"}],"predecessor-version":[{"id":19660,"href":"https:\/\/brasilnoticias.org\/site\/wp-json\/wp\/v2\/posts\/19658\/revisions\/19660"}],"wp:featuredmedia":[{"embeddable":true,"href":"https:\/\/brasilnoticias.org\/site\/wp-json\/wp\/v2\/media\/19659"}],"wp:attachment":[{"href":"https:\/\/brasilnoticias.org\/site\/wp-json\/wp\/v2\/media?parent=19658"}],"wp:term":[{"taxonomy":"category","embeddable":true,"href":"https:\/\/brasilnoticias.org\/site\/wp-json\/wp\/v2\/categories?post=19658"},{"taxonomy":"post_tag","embeddable":true,"href":"https:\/\/brasilnoticias.org\/site\/wp-json\/wp\/v2\/tags?post=19658"}],"curies":[{"name":"wp","href":"https:\/\/api.w.org\/{rel}","templated":true}]}}