{"id":19754,"date":"2026-01-22T09:49:29","date_gmt":"2026-01-22T12:49:29","guid":{"rendered":"https:\/\/brasilnoticias.org\/site\/?p=19754"},"modified":"2026-01-22T09:49:29","modified_gmt":"2026-01-22T12:49:29","slug":"anuncio-dos-indicados-ao-oscar-2026-sera-nesta-quinta-feira","status":"publish","type":"post","link":"https:\/\/brasilnoticias.org\/site\/anuncio-dos-indicados-ao-oscar-2026-sera-nesta-quinta-feira\/","title":{"rendered":"An\u00fancio dos indicados ao Oscar 2026 ser\u00e1 nesta quinta-feira"},"content":{"rendered":"<p>O an\u00fancio dos indicados ao Oscar 2026, a premia\u00e7\u00e3o mais tradicional da ind\u00fastria cinematogr\u00e1fica mundial, est\u00e1 marcado para esta quinta-feira (29 de janeiro de 2026). A divulga\u00e7\u00e3o ser\u00e1 feita pela Academia de Artes e Ci\u00eancias Cinematogr\u00e1ficas, que todos os anos destaca os melhores filmes, diretores, atores, roteiristas e profissionais da produ\u00e7\u00e3o audiovisual em diversas categorias.<\/p>\n<p>A lista de indicados deve incluir concorrentes em categorias como Melhor Filme, Melhor Dire\u00e7\u00e3o, Melhor Ator, Melhor Atriz e Melhor Roteiro, al\u00e9m de categorias t\u00e9cnicas como fotografia, trilha sonora e efeitos visuais. A divulga\u00e7\u00e3o oficial costuma gerar grande repercuss\u00e3o na imprensa especializada, com an\u00e1lises sobre favoritos, surpresas e poss\u00edveis aus\u00eancias entre os candidatos.<\/p>\n<p>O an\u00fancio dos indicados \u00e9 o primeiro momento oficial da temporada de premia\u00e7\u00f5es do cinema, que culmina com a cerim\u00f4nia do Oscar, prevista para acontecer em mar\u00e7o de 2026, em Los Angeles (Estados Unidos). A expectativa da ind\u00fastria e do p\u00fablico \u00e9 grande, especialmente ap\u00f3s um ano marcado por produ\u00e7\u00f5es de destaque no cinema nacional e internacional.<\/p>\n<p>A transmiss\u00e3o do an\u00fancio dos indicados ser\u00e1 feita por canais oficiais da Academia e poder\u00e1 ser acompanhada por ve\u00edculos de imprensa e plataformas de streaming. A divulga\u00e7\u00e3o serve como um term\u00f4metro para as tend\u00eancias que podem influenciar o resultado final da maior premia\u00e7\u00e3o do cinema global.<\/p>\n<p>Foto: Martin Vorel\/Wikimedia Commons<br \/>\nFonte: Ag\u00eancia Brasil<\/p>\n","protected":false},"excerpt":{"rendered":"<p>O an\u00fancio dos indicados ao Oscar 2026, a premia\u00e7\u00e3o mais tradicional da ind\u00fastria cinematogr\u00e1fica mundial, est\u00e1 marcado para esta quinta-feira<\/p>\n","protected":false},"author":4,"featured_media":19755,"comment_status":"open","ping_status":"open","sticky":false,"template":"","format":"standard","meta":{"colormag_page_container_layout":"default_layout","colormag_page_sidebar_layout":"default_layout","_FSMCFIC_featured_image_caption":"","_FSMCFIC_featured_image_nocaption":"","_FSMCFIC_featured_image_hide":"","footnotes":""},"categories":[8,1],"tags":[],"class_list":["post-19754","post","type-post","status-publish","format-standard","has-post-thumbnail","hentry","category-entretenimento","category-ultimas"],"yoast_head":"<!-- This site is optimized with the Yoast SEO plugin v27.1.1 - https:\/\/yoast.com\/product\/yoast-seo-wordpress\/ -->\n<title>An\u00fancio dos indicados ao Oscar 2026 ser\u00e1 nesta quinta-feira - Brasil not\u00edcias<\/title>\n<meta name=\"robots\" content=\"index, follow, max-snippet:-1, max-image-preview:large, max-video-preview:-1\" \/>\n<link rel=\"canonical\" href=\"https:\/\/brasilnoticias.org\/site\/anuncio-dos-indicados-ao-oscar-2026-sera-nesta-quinta-feira\/\" \/>\n<meta property=\"og:locale\" content=\"pt_PT\" \/>\n<meta property=\"og:type\" content=\"article\" \/>\n<meta property=\"og:title\" content=\"An\u00fancio dos indicados ao Oscar 2026 ser\u00e1 nesta quinta-feira - Brasil not\u00edcias\" \/>\n<meta property=\"og:description\" content=\"O an\u00fancio dos indicados ao Oscar 2026, a premia\u00e7\u00e3o mais tradicional da ind\u00fastria cinematogr\u00e1fica mundial, est\u00e1 marcado para esta quinta-feira\" \/>\n<meta property=\"og:url\" content=\"https:\/\/brasilnoticias.org\/site\/anuncio-dos-indicados-ao-oscar-2026-sera-nesta-quinta-feira\/\" \/>\n<meta property=\"og:site_name\" content=\"Brasil not\u00edcias\" \/>\n<meta property=\"article:published_time\" content=\"2026-01-22T12:49:29+00:00\" \/>\n<meta property=\"og:image\" content=\"https:\/\/brasilnoticias.org\/site\/wp-content\/uploads\/2026\/01\/oscar_statue.webp\" \/>\n\t<meta property=\"og:image:width\" content=\"1170\" \/>\n\t<meta property=\"og:image:height\" content=\"700\" \/>\n\t<meta property=\"og:image:type\" content=\"image\/webp\" \/>\n<meta name=\"author\" content=\"Reda\u00e7\u00e3o\" \/>\n<meta name=\"twitter:card\" content=\"summary_large_image\" \/>\n<meta name=\"twitter:label1\" content=\"Escrito por\" \/>\n\t<meta name=\"twitter:data1\" content=\"Reda\u00e7\u00e3o\" \/>\n\t<meta name=\"twitter:label2\" content=\"Tempo estimado de leitura\" \/>\n\t<meta name=\"twitter:data2\" content=\"1 minuto\" \/>\n<script type=\"application\/ld+json\" class=\"yoast-schema-graph\">{\"@context\":\"https:\/\/schema.org\",\"@graph\":[{\"@type\":\"Article\",\"@id\":\"https:\/\/brasilnoticias.org\/site\/anuncio-dos-indicados-ao-oscar-2026-sera-nesta-quinta-feira\/#article\",\"isPartOf\":{\"@id\":\"https:\/\/brasilnoticias.org\/site\/anuncio-dos-indicados-ao-oscar-2026-sera-nesta-quinta-feira\/\"},\"author\":{\"name\":\"Reda\u00e7\u00e3o\",\"@id\":\"https:\/\/brasilnoticias.org\/site\/#\/schema\/person\/03bbbfe6c7634ad18c26444ea39049fa\"},\"headline\":\"An\u00fancio dos indicados ao Oscar 2026 ser\u00e1 nesta quinta-feira\",\"datePublished\":\"2026-01-22T12:49:29+00:00\",\"mainEntityOfPage\":{\"@id\":\"https:\/\/brasilnoticias.org\/site\/anuncio-dos-indicados-ao-oscar-2026-sera-nesta-quinta-feira\/\"},\"wordCount\":254,\"commentCount\":0,\"publisher\":{\"@id\":\"https:\/\/brasilnoticias.org\/site\/#organization\"},\"image\":{\"@id\":\"https:\/\/brasilnoticias.org\/site\/anuncio-dos-indicados-ao-oscar-2026-sera-nesta-quinta-feira\/#primaryimage\"},\"thumbnailUrl\":\"https:\/\/brasilnoticias.org\/site\/wp-content\/uploads\/2026\/01\/oscar_statue.webp\",\"articleSection\":[\"Entretenimento\",\"\u00daltimas\"],\"inLanguage\":\"pt-PT\",\"potentialAction\":[{\"@type\":\"CommentAction\",\"name\":\"Comment\",\"target\":[\"https:\/\/brasilnoticias.org\/site\/anuncio-dos-indicados-ao-oscar-2026-sera-nesta-quinta-feira\/#respond\"]}]},{\"@type\":\"WebPage\",\"@id\":\"https:\/\/brasilnoticias.org\/site\/anuncio-dos-indicados-ao-oscar-2026-sera-nesta-quinta-feira\/\",\"url\":\"https:\/\/brasilnoticias.org\/site\/anuncio-dos-indicados-ao-oscar-2026-sera-nesta-quinta-feira\/\",\"name\":\"An\u00fancio dos indicados ao Oscar 2026 ser\u00e1 nesta quinta-feira - Brasil not\u00edcias\",\"isPartOf\":{\"@id\":\"https:\/\/brasilnoticias.org\/site\/#website\"},\"primaryImageOfPage\":{\"@id\":\"https:\/\/brasilnoticias.org\/site\/anuncio-dos-indicados-ao-oscar-2026-sera-nesta-quinta-feira\/#primaryimage\"},\"image\":{\"@id\":\"https:\/\/brasilnoticias.org\/site\/anuncio-dos-indicados-ao-oscar-2026-sera-nesta-quinta-feira\/#primaryimage\"},\"thumbnailUrl\":\"https:\/\/brasilnoticias.org\/site\/wp-content\/uploads\/2026\/01\/oscar_statue.webp\",\"datePublished\":\"2026-01-22T12:49:29+00:00\",\"breadcrumb\":{\"@id\":\"https:\/\/brasilnoticias.org\/site\/anuncio-dos-indicados-ao-oscar-2026-sera-nesta-quinta-feira\/#breadcrumb\"},\"inLanguage\":\"pt-PT\",\"potentialAction\":[{\"@type\":\"ReadAction\",\"target\":[\"https:\/\/brasilnoticias.org\/site\/anuncio-dos-indicados-ao-oscar-2026-sera-nesta-quinta-feira\/\"]}]},{\"@type\":\"ImageObject\",\"inLanguage\":\"pt-PT\",\"@id\":\"https:\/\/brasilnoticias.org\/site\/anuncio-dos-indicados-ao-oscar-2026-sera-nesta-quinta-feira\/#primaryimage\",\"url\":\"https:\/\/brasilnoticias.org\/site\/wp-content\/uploads\/2026\/01\/oscar_statue.webp\",\"contentUrl\":\"https:\/\/brasilnoticias.org\/site\/wp-content\/uploads\/2026\/01\/oscar_statue.webp\",\"width\":1170,\"height\":700},{\"@type\":\"BreadcrumbList\",\"@id\":\"https:\/\/brasilnoticias.org\/site\/anuncio-dos-indicados-ao-oscar-2026-sera-nesta-quinta-feira\/#breadcrumb\",\"itemListElement\":[{\"@type\":\"ListItem\",\"position\":1,\"name\":\"In\u00edcio\",\"item\":\"https:\/\/brasilnoticias.org\/site\/\"},{\"@type\":\"ListItem\",\"position\":2,\"name\":\"An\u00fancio dos indicados ao Oscar 2026 ser\u00e1 nesta quinta-feira\"}]},{\"@type\":\"WebSite\",\"@id\":\"https:\/\/brasilnoticias.org\/site\/#website\",\"url\":\"https:\/\/brasilnoticias.org\/site\/\",\"name\":\"Brasil not\u00edcias\",\"description\":\"Brasil not\u00edcias\",\"publisher\":{\"@id\":\"https:\/\/brasilnoticias.org\/site\/#organization\"},\"potentialAction\":[{\"@type\":\"SearchAction\",\"target\":{\"@type\":\"EntryPoint\",\"urlTemplate\":\"https:\/\/brasilnoticias.org\/site\/?s={search_term_string}\"},\"query-input\":{\"@type\":\"PropertyValueSpecification\",\"valueRequired\":true,\"valueName\":\"search_term_string\"}}],\"inLanguage\":\"pt-PT\"},{\"@type\":\"Organization\",\"@id\":\"https:\/\/brasilnoticias.org\/site\/#organization\",\"name\":\"Brasil not\u00edcias\",\"url\":\"https:\/\/brasilnoticias.org\/site\/\",\"logo\":{\"@type\":\"ImageObject\",\"inLanguage\":\"pt-PT\",\"@id\":\"https:\/\/brasilnoticias.org\/site\/#\/schema\/logo\/image\/\",\"url\":\"https:\/\/brasilnoticias.org\/site\/wp-content\/uploads\/2022\/05\/cropped-brasilnoticias-mini.jpg\",\"contentUrl\":\"https:\/\/brasilnoticias.org\/site\/wp-content\/uploads\/2022\/05\/cropped-brasilnoticias-mini.jpg\",\"width\":314,\"height\":86,\"caption\":\"Brasil not\u00edcias\"},\"image\":{\"@id\":\"https:\/\/brasilnoticias.org\/site\/#\/schema\/logo\/image\/\"}},{\"@type\":\"Person\",\"@id\":\"https:\/\/brasilnoticias.org\/site\/#\/schema\/person\/03bbbfe6c7634ad18c26444ea39049fa\",\"name\":\"Reda\u00e7\u00e3o\",\"image\":{\"@type\":\"ImageObject\",\"inLanguage\":\"pt-PT\",\"@id\":\"https:\/\/brasilnoticias.org\/site\/#\/schema\/person\/image\/\",\"url\":\"https:\/\/secure.gravatar.com\/avatar\/9ecaf7327a696cb23ad926fedded5f1f04d7049de9e445375d55b48c001a6e42?s=96&d=mm&r=g\",\"contentUrl\":\"https:\/\/secure.gravatar.com\/avatar\/9ecaf7327a696cb23ad926fedded5f1f04d7049de9e445375d55b48c001a6e42?s=96&d=mm&r=g\",\"caption\":\"Reda\u00e7\u00e3o\"},\"url\":\"https:\/\/brasilnoticias.org\/site\/author\/henrique\/\"}]}<\/script>\n<!-- \/ Yoast SEO plugin. -->","yoast_head_json":{"title":"An\u00fancio dos indicados ao Oscar 2026 ser\u00e1 nesta quinta-feira - Brasil not\u00edcias","robots":{"index":"index","follow":"follow","max-snippet":"max-snippet:-1","max-image-preview":"max-image-preview:large","max-video-preview":"max-video-preview:-1"},"canonical":"https:\/\/brasilnoticias.org\/site\/anuncio-dos-indicados-ao-oscar-2026-sera-nesta-quinta-feira\/","og_locale":"pt_PT","og_type":"article","og_title":"An\u00fancio dos indicados ao Oscar 2026 ser\u00e1 nesta quinta-feira - Brasil not\u00edcias","og_description":"O an\u00fancio dos indicados ao Oscar 2026, a premia\u00e7\u00e3o mais tradicional da ind\u00fastria cinematogr\u00e1fica mundial, est\u00e1 marcado para esta quinta-feira","og_url":"https:\/\/brasilnoticias.org\/site\/anuncio-dos-indicados-ao-oscar-2026-sera-nesta-quinta-feira\/","og_site_name":"Brasil not\u00edcias","article_published_time":"2026-01-22T12:49:29+00:00","og_image":[{"width":1170,"height":700,"url":"https:\/\/brasilnoticias.org\/site\/wp-content\/uploads\/2026\/01\/oscar_statue.webp","type":"image\/webp"}],"author":"Reda\u00e7\u00e3o","twitter_card":"summary_large_image","twitter_misc":{"Escrito por":"Reda\u00e7\u00e3o","Tempo estimado de leitura":"1 minuto"},"schema":{"@context":"https:\/\/schema.org","@graph":[{"@type":"Article","@id":"https:\/\/brasilnoticias.org\/site\/anuncio-dos-indicados-ao-oscar-2026-sera-nesta-quinta-feira\/#article","isPartOf":{"@id":"https:\/\/brasilnoticias.org\/site\/anuncio-dos-indicados-ao-oscar-2026-sera-nesta-quinta-feira\/"},"author":{"name":"Reda\u00e7\u00e3o","@id":"https:\/\/brasilnoticias.org\/site\/#\/schema\/person\/03bbbfe6c7634ad18c26444ea39049fa"},"headline":"An\u00fancio dos indicados ao Oscar 2026 ser\u00e1 nesta quinta-feira","datePublished":"2026-01-22T12:49:29+00:00","mainEntityOfPage":{"@id":"https:\/\/brasilnoticias.org\/site\/anuncio-dos-indicados-ao-oscar-2026-sera-nesta-quinta-feira\/"},"wordCount":254,"commentCount":0,"publisher":{"@id":"https:\/\/brasilnoticias.org\/site\/#organization"},"image":{"@id":"https:\/\/brasilnoticias.org\/site\/anuncio-dos-indicados-ao-oscar-2026-sera-nesta-quinta-feira\/#primaryimage"},"thumbnailUrl":"https:\/\/brasilnoticias.org\/site\/wp-content\/uploads\/2026\/01\/oscar_statue.webp","articleSection":["Entretenimento","\u00daltimas"],"inLanguage":"pt-PT","potentialAction":[{"@type":"CommentAction","name":"Comment","target":["https:\/\/brasilnoticias.org\/site\/anuncio-dos-indicados-ao-oscar-2026-sera-nesta-quinta-feira\/#respond"]}]},{"@type":"WebPage","@id":"https:\/\/brasilnoticias.org\/site\/anuncio-dos-indicados-ao-oscar-2026-sera-nesta-quinta-feira\/","url":"https:\/\/brasilnoticias.org\/site\/anuncio-dos-indicados-ao-oscar-2026-sera-nesta-quinta-feira\/","name":"An\u00fancio dos indicados ao Oscar 2026 ser\u00e1 nesta quinta-feira - Brasil not\u00edcias","isPartOf":{"@id":"https:\/\/brasilnoticias.org\/site\/#website"},"primaryImageOfPage":{"@id":"https:\/\/brasilnoticias.org\/site\/anuncio-dos-indicados-ao-oscar-2026-sera-nesta-quinta-feira\/#primaryimage"},"image":{"@id":"https:\/\/brasilnoticias.org\/site\/anuncio-dos-indicados-ao-oscar-2026-sera-nesta-quinta-feira\/#primaryimage"},"thumbnailUrl":"https:\/\/brasilnoticias.org\/site\/wp-content\/uploads\/2026\/01\/oscar_statue.webp","datePublished":"2026-01-22T12:49:29+00:00","breadcrumb":{"@id":"https:\/\/brasilnoticias.org\/site\/anuncio-dos-indicados-ao-oscar-2026-sera-nesta-quinta-feira\/#breadcrumb"},"inLanguage":"pt-PT","potentialAction":[{"@type":"ReadAction","target":["https:\/\/brasilnoticias.org\/site\/anuncio-dos-indicados-ao-oscar-2026-sera-nesta-quinta-feira\/"]}]},{"@type":"ImageObject","inLanguage":"pt-PT","@id":"https:\/\/brasilnoticias.org\/site\/anuncio-dos-indicados-ao-oscar-2026-sera-nesta-quinta-feira\/#primaryimage","url":"https:\/\/brasilnoticias.org\/site\/wp-content\/uploads\/2026\/01\/oscar_statue.webp","contentUrl":"https:\/\/brasilnoticias.org\/site\/wp-content\/uploads\/2026\/01\/oscar_statue.webp","width":1170,"height":700},{"@type":"BreadcrumbList","@id":"https:\/\/brasilnoticias.org\/site\/anuncio-dos-indicados-ao-oscar-2026-sera-nesta-quinta-feira\/#breadcrumb","itemListElement":[{"@type":"ListItem","position":1,"name":"In\u00edcio","item":"https:\/\/brasilnoticias.org\/site\/"},{"@type":"ListItem","position":2,"name":"An\u00fancio dos indicados ao Oscar 2026 ser\u00e1 nesta quinta-feira"}]},{"@type":"WebSite","@id":"https:\/\/brasilnoticias.org\/site\/#website","url":"https:\/\/brasilnoticias.org\/site\/","name":"Brasil not\u00edcias","description":"Brasil not\u00edcias","publisher":{"@id":"https:\/\/brasilnoticias.org\/site\/#organization"},"potentialAction":[{"@type":"SearchAction","target":{"@type":"EntryPoint","urlTemplate":"https:\/\/brasilnoticias.org\/site\/?s={search_term_string}"},"query-input":{"@type":"PropertyValueSpecification","valueRequired":true,"valueName":"search_term_string"}}],"inLanguage":"pt-PT"},{"@type":"Organization","@id":"https:\/\/brasilnoticias.org\/site\/#organization","name":"Brasil not\u00edcias","url":"https:\/\/brasilnoticias.org\/site\/","logo":{"@type":"ImageObject","inLanguage":"pt-PT","@id":"https:\/\/brasilnoticias.org\/site\/#\/schema\/logo\/image\/","url":"https:\/\/brasilnoticias.org\/site\/wp-content\/uploads\/2022\/05\/cropped-brasilnoticias-mini.jpg","contentUrl":"https:\/\/brasilnoticias.org\/site\/wp-content\/uploads\/2022\/05\/cropped-brasilnoticias-mini.jpg","width":314,"height":86,"caption":"Brasil not\u00edcias"},"image":{"@id":"https:\/\/brasilnoticias.org\/site\/#\/schema\/logo\/image\/"}},{"@type":"Person","@id":"https:\/\/brasilnoticias.org\/site\/#\/schema\/person\/03bbbfe6c7634ad18c26444ea39049fa","name":"Reda\u00e7\u00e3o","image":{"@type":"ImageObject","inLanguage":"pt-PT","@id":"https:\/\/brasilnoticias.org\/site\/#\/schema\/person\/image\/","url":"https:\/\/secure.gravatar.com\/avatar\/9ecaf7327a696cb23ad926fedded5f1f04d7049de9e445375d55b48c001a6e42?s=96&d=mm&r=g","contentUrl":"https:\/\/secure.gravatar.com\/avatar\/9ecaf7327a696cb23ad926fedded5f1f04d7049de9e445375d55b48c001a6e42?s=96&d=mm&r=g","caption":"Reda\u00e7\u00e3o"},"url":"https:\/\/brasilnoticias.org\/site\/author\/henrique\/"}]}},"_links":{"self":[{"href":"https:\/\/brasilnoticias.org\/site\/wp-json\/wp\/v2\/posts\/19754","targetHints":{"allow":["GET"]}}],"collection":[{"href":"https:\/\/brasilnoticias.org\/site\/wp-json\/wp\/v2\/posts"}],"about":[{"href":"https:\/\/brasilnoticias.org\/site\/wp-json\/wp\/v2\/types\/post"}],"author":[{"embeddable":true,"href":"https:\/\/brasilnoticias.org\/site\/wp-json\/wp\/v2\/users\/4"}],"replies":[{"embeddable":true,"href":"https:\/\/brasilnoticias.org\/site\/wp-json\/wp\/v2\/comments?post=19754"}],"version-history":[{"count":1,"href":"https:\/\/brasilnoticias.org\/site\/wp-json\/wp\/v2\/posts\/19754\/revisions"}],"predecessor-version":[{"id":19756,"href":"https:\/\/brasilnoticias.org\/site\/wp-json\/wp\/v2\/posts\/19754\/revisions\/19756"}],"wp:featuredmedia":[{"embeddable":true,"href":"https:\/\/brasilnoticias.org\/site\/wp-json\/wp\/v2\/media\/19755"}],"wp:attachment":[{"href":"https:\/\/brasilnoticias.org\/site\/wp-json\/wp\/v2\/media?parent=19754"}],"wp:term":[{"taxonomy":"category","embeddable":true,"href":"https:\/\/brasilnoticias.org\/site\/wp-json\/wp\/v2\/categories?post=19754"},{"taxonomy":"post_tag","embeddable":true,"href":"https:\/\/brasilnoticias.org\/site\/wp-json\/wp\/v2\/tags?post=19754"}],"curies":[{"name":"wp","href":"https:\/\/api.w.org\/{rel}","templated":true}]}}