{"id":19764,"date":"2026-01-22T10:00:13","date_gmt":"2026-01-22T13:00:13","guid":{"rendered":"https:\/\/brasilnoticias.org\/site\/?p=19764"},"modified":"2026-01-22T10:00:13","modified_gmt":"2026-01-22T13:00:13","slug":"motocicleta-e-roubada-por-suspeito-armado-dentro-de-estacionamento-do-parque-shopping-em-lauro-de-freitas","status":"publish","type":"post","link":"https:\/\/brasilnoticias.org\/site\/motocicleta-e-roubada-por-suspeito-armado-dentro-de-estacionamento-do-parque-shopping-em-lauro-de-freitas\/","title":{"rendered":"Motocicleta \u00e9 roubada por suspeito armado dentro de estacionamento do Parque Shopping, em Lauro de Freitas"},"content":{"rendered":"<p>Uma motocicleta foi roubada por um suspeito armado dentro do estacionamento do Parque Shopping, em Lauro de Freitas, na regi\u00e3o metropolitana de Salvador. O crime aconteceu na tarde de sexta-feira (30 de janeiro) e gerou mobiliza\u00e7\u00e3o da pol\u00edcia local para tentar localizar o autor do roubo.<\/p>\n<p>De acordo com relatos de testemunhas e informa\u00e7\u00f5es do boletim de ocorr\u00eancia, o suspeito \u2013 que estava armado no momento da a\u00e7\u00e3o \u2013 abordou a v\u00edtima enquanto ela se preparava para deixar o estacionamento e, mediante amea\u00e7a com arma de fogo, tomou a motocicleta e fugiu em alta velocidade. Felizmente, a v\u00edtima n\u00e3o sofreu ferimentos graves, mas ficou abalada pelo ocorrido.<\/p>\n<p>Equipes da Pol\u00edcia Militar foram acionadas e realizaram rondas nas imedia\u00e7\u00f5es na tentativa de localizar o criminoso e recuperar o ve\u00edculo, mas at\u00e9 o momento n\u00e3o h\u00e1 confirma\u00e7\u00e3o de pris\u00f5es ou da recupera\u00e7\u00e3o da motocicleta.<\/p>\n<p>A ocorr\u00eancia foi registrada na Delegacia territorial de Lauro de Freitas, onde a v\u00edtima prestou depoimento e o caso agora segue sob investiga\u00e7\u00e3o da Pol\u00edcia Civil. As autoridades est\u00e3o analisando imagens de c\u00e2meras de seguran\u00e7a e colhendo informa\u00e7\u00f5es de testemunhas para identificar o suspeito e buscar responsabiliz\u00e1-lo pelo crime.<\/p>\n<p>Moradores e frequentadores da regi\u00e3o foram orientados a refor\u00e7ar medidas de seguran\u00e7a, como evitar estacionar em locais isolados e ficar atentos ao redor antes de se deslocarem com seus ve\u00edculos.<\/p>\n<p>Foto: Divulga\u00e7\u00e3o<br \/>\nFonte: Bahia Not\u00edcias<\/p>\n","protected":false},"excerpt":{"rendered":"<p>Uma motocicleta foi roubada por um suspeito armado dentro do estacionamento do Parque Shopping, em Lauro de Freitas, na regi\u00e3o<\/p>\n","protected":false},"author":4,"featured_media":19765,"comment_status":"open","ping_status":"open","sticky":false,"template":"","format":"standard","meta":{"colormag_page_container_layout":"default_layout","colormag_page_sidebar_layout":"default_layout","_FSMCFIC_featured_image_caption":"","_FSMCFIC_featured_image_nocaption":"","_FSMCFIC_featured_image_hide":"","footnotes":""},"categories":[3,1],"tags":[],"class_list":["post-19764","post","type-post","status-publish","format-standard","has-post-thumbnail","hentry","category-policia","category-ultimas"],"yoast_head":"<!-- This site is optimized with the Yoast SEO plugin v27.1.1 - https:\/\/yoast.com\/product\/yoast-seo-wordpress\/ -->\n<title>Motocicleta \u00e9 roubada por suspeito armado dentro de estacionamento do Parque Shopping, em Lauro de Freitas - Brasil not\u00edcias<\/title>\n<meta name=\"robots\" content=\"index, follow, max-snippet:-1, max-image-preview:large, max-video-preview:-1\" \/>\n<link rel=\"canonical\" href=\"https:\/\/brasilnoticias.org\/site\/motocicleta-e-roubada-por-suspeito-armado-dentro-de-estacionamento-do-parque-shopping-em-lauro-de-freitas\/\" \/>\n<meta property=\"og:locale\" content=\"pt_PT\" \/>\n<meta property=\"og:type\" content=\"article\" \/>\n<meta property=\"og:title\" content=\"Motocicleta \u00e9 roubada por suspeito armado dentro de estacionamento do Parque Shopping, em Lauro de Freitas - Brasil not\u00edcias\" \/>\n<meta property=\"og:description\" content=\"Uma motocicleta foi roubada por um suspeito armado dentro do estacionamento do Parque Shopping, em Lauro de Freitas, na regi\u00e3o\" \/>\n<meta property=\"og:url\" content=\"https:\/\/brasilnoticias.org\/site\/motocicleta-e-roubada-por-suspeito-armado-dentro-de-estacionamento-do-parque-shopping-em-lauro-de-freitas\/\" \/>\n<meta property=\"og:site_name\" content=\"Brasil not\u00edcias\" \/>\n<meta property=\"article:published_time\" content=\"2026-01-22T13:00:13+00:00\" \/>\n<meta property=\"og:image\" content=\"https:\/\/brasilnoticias.org\/site\/wp-content\/uploads\/2026\/01\/IMAGEM_NOTICIA_9-12.webp\" \/>\n\t<meta property=\"og:image:width\" content=\"1200\" \/>\n\t<meta property=\"og:image:height\" content=\"630\" \/>\n\t<meta property=\"og:image:type\" content=\"image\/webp\" \/>\n<meta name=\"author\" content=\"Reda\u00e7\u00e3o\" \/>\n<meta name=\"twitter:card\" content=\"summary_large_image\" \/>\n<meta name=\"twitter:label1\" content=\"Escrito por\" \/>\n\t<meta name=\"twitter:data1\" content=\"Reda\u00e7\u00e3o\" \/>\n\t<meta name=\"twitter:label2\" content=\"Tempo estimado de leitura\" \/>\n\t<meta name=\"twitter:data2\" content=\"1 minuto\" \/>\n<script type=\"application\/ld+json\" class=\"yoast-schema-graph\">{\"@context\":\"https:\/\/schema.org\",\"@graph\":[{\"@type\":\"Article\",\"@id\":\"https:\/\/brasilnoticias.org\/site\/motocicleta-e-roubada-por-suspeito-armado-dentro-de-estacionamento-do-parque-shopping-em-lauro-de-freitas\/#article\",\"isPartOf\":{\"@id\":\"https:\/\/brasilnoticias.org\/site\/motocicleta-e-roubada-por-suspeito-armado-dentro-de-estacionamento-do-parque-shopping-em-lauro-de-freitas\/\"},\"author\":{\"name\":\"Reda\u00e7\u00e3o\",\"@id\":\"https:\/\/brasilnoticias.org\/site\/#\/schema\/person\/03bbbfe6c7634ad18c26444ea39049fa\"},\"headline\":\"Motocicleta \u00e9 roubada por suspeito armado dentro de estacionamento do Parque Shopping, em Lauro de Freitas\",\"datePublished\":\"2026-01-22T13:00:13+00:00\",\"mainEntityOfPage\":{\"@id\":\"https:\/\/brasilnoticias.org\/site\/motocicleta-e-roubada-por-suspeito-armado-dentro-de-estacionamento-do-parque-shopping-em-lauro-de-freitas\/\"},\"wordCount\":270,\"commentCount\":0,\"publisher\":{\"@id\":\"https:\/\/brasilnoticias.org\/site\/#organization\"},\"image\":{\"@id\":\"https:\/\/brasilnoticias.org\/site\/motocicleta-e-roubada-por-suspeito-armado-dentro-de-estacionamento-do-parque-shopping-em-lauro-de-freitas\/#primaryimage\"},\"thumbnailUrl\":\"https:\/\/brasilnoticias.org\/site\/wp-content\/uploads\/2026\/01\/IMAGEM_NOTICIA_9-12.webp\",\"articleSection\":[\"Pol\u00edcia\",\"\u00daltimas\"],\"inLanguage\":\"pt-PT\",\"potentialAction\":[{\"@type\":\"CommentAction\",\"name\":\"Comment\",\"target\":[\"https:\/\/brasilnoticias.org\/site\/motocicleta-e-roubada-por-suspeito-armado-dentro-de-estacionamento-do-parque-shopping-em-lauro-de-freitas\/#respond\"]}]},{\"@type\":\"WebPage\",\"@id\":\"https:\/\/brasilnoticias.org\/site\/motocicleta-e-roubada-por-suspeito-armado-dentro-de-estacionamento-do-parque-shopping-em-lauro-de-freitas\/\",\"url\":\"https:\/\/brasilnoticias.org\/site\/motocicleta-e-roubada-por-suspeito-armado-dentro-de-estacionamento-do-parque-shopping-em-lauro-de-freitas\/\",\"name\":\"Motocicleta \u00e9 roubada por suspeito armado dentro de estacionamento do Parque Shopping, em Lauro de Freitas - Brasil not\u00edcias\",\"isPartOf\":{\"@id\":\"https:\/\/brasilnoticias.org\/site\/#website\"},\"primaryImageOfPage\":{\"@id\":\"https:\/\/brasilnoticias.org\/site\/motocicleta-e-roubada-por-suspeito-armado-dentro-de-estacionamento-do-parque-shopping-em-lauro-de-freitas\/#primaryimage\"},\"image\":{\"@id\":\"https:\/\/brasilnoticias.org\/site\/motocicleta-e-roubada-por-suspeito-armado-dentro-de-estacionamento-do-parque-shopping-em-lauro-de-freitas\/#primaryimage\"},\"thumbnailUrl\":\"https:\/\/brasilnoticias.org\/site\/wp-content\/uploads\/2026\/01\/IMAGEM_NOTICIA_9-12.webp\",\"datePublished\":\"2026-01-22T13:00:13+00:00\",\"breadcrumb\":{\"@id\":\"https:\/\/brasilnoticias.org\/site\/motocicleta-e-roubada-por-suspeito-armado-dentro-de-estacionamento-do-parque-shopping-em-lauro-de-freitas\/#breadcrumb\"},\"inLanguage\":\"pt-PT\",\"potentialAction\":[{\"@type\":\"ReadAction\",\"target\":[\"https:\/\/brasilnoticias.org\/site\/motocicleta-e-roubada-por-suspeito-armado-dentro-de-estacionamento-do-parque-shopping-em-lauro-de-freitas\/\"]}]},{\"@type\":\"ImageObject\",\"inLanguage\":\"pt-PT\",\"@id\":\"https:\/\/brasilnoticias.org\/site\/motocicleta-e-roubada-por-suspeito-armado-dentro-de-estacionamento-do-parque-shopping-em-lauro-de-freitas\/#primaryimage\",\"url\":\"https:\/\/brasilnoticias.org\/site\/wp-content\/uploads\/2026\/01\/IMAGEM_NOTICIA_9-12.webp\",\"contentUrl\":\"https:\/\/brasilnoticias.org\/site\/wp-content\/uploads\/2026\/01\/IMAGEM_NOTICIA_9-12.webp\",\"width\":1200,\"height\":630},{\"@type\":\"BreadcrumbList\",\"@id\":\"https:\/\/brasilnoticias.org\/site\/motocicleta-e-roubada-por-suspeito-armado-dentro-de-estacionamento-do-parque-shopping-em-lauro-de-freitas\/#breadcrumb\",\"itemListElement\":[{\"@type\":\"ListItem\",\"position\":1,\"name\":\"In\u00edcio\",\"item\":\"https:\/\/brasilnoticias.org\/site\/\"},{\"@type\":\"ListItem\",\"position\":2,\"name\":\"Motocicleta \u00e9 roubada por suspeito armado dentro de estacionamento do Parque Shopping, em Lauro de Freitas\"}]},{\"@type\":\"WebSite\",\"@id\":\"https:\/\/brasilnoticias.org\/site\/#website\",\"url\":\"https:\/\/brasilnoticias.org\/site\/\",\"name\":\"Brasil not\u00edcias\",\"description\":\"Brasil not\u00edcias\",\"publisher\":{\"@id\":\"https:\/\/brasilnoticias.org\/site\/#organization\"},\"potentialAction\":[{\"@type\":\"SearchAction\",\"target\":{\"@type\":\"EntryPoint\",\"urlTemplate\":\"https:\/\/brasilnoticias.org\/site\/?s={search_term_string}\"},\"query-input\":{\"@type\":\"PropertyValueSpecification\",\"valueRequired\":true,\"valueName\":\"search_term_string\"}}],\"inLanguage\":\"pt-PT\"},{\"@type\":\"Organization\",\"@id\":\"https:\/\/brasilnoticias.org\/site\/#organization\",\"name\":\"Brasil not\u00edcias\",\"url\":\"https:\/\/brasilnoticias.org\/site\/\",\"logo\":{\"@type\":\"ImageObject\",\"inLanguage\":\"pt-PT\",\"@id\":\"https:\/\/brasilnoticias.org\/site\/#\/schema\/logo\/image\/\",\"url\":\"https:\/\/brasilnoticias.org\/site\/wp-content\/uploads\/2022\/05\/cropped-brasilnoticias-mini.jpg\",\"contentUrl\":\"https:\/\/brasilnoticias.org\/site\/wp-content\/uploads\/2022\/05\/cropped-brasilnoticias-mini.jpg\",\"width\":314,\"height\":86,\"caption\":\"Brasil not\u00edcias\"},\"image\":{\"@id\":\"https:\/\/brasilnoticias.org\/site\/#\/schema\/logo\/image\/\"}},{\"@type\":\"Person\",\"@id\":\"https:\/\/brasilnoticias.org\/site\/#\/schema\/person\/03bbbfe6c7634ad18c26444ea39049fa\",\"name\":\"Reda\u00e7\u00e3o\",\"image\":{\"@type\":\"ImageObject\",\"inLanguage\":\"pt-PT\",\"@id\":\"https:\/\/brasilnoticias.org\/site\/#\/schema\/person\/image\/\",\"url\":\"https:\/\/secure.gravatar.com\/avatar\/9ecaf7327a696cb23ad926fedded5f1f04d7049de9e445375d55b48c001a6e42?s=96&d=mm&r=g\",\"contentUrl\":\"https:\/\/secure.gravatar.com\/avatar\/9ecaf7327a696cb23ad926fedded5f1f04d7049de9e445375d55b48c001a6e42?s=96&d=mm&r=g\",\"caption\":\"Reda\u00e7\u00e3o\"},\"url\":\"https:\/\/brasilnoticias.org\/site\/author\/henrique\/\"}]}<\/script>\n<!-- \/ Yoast SEO plugin. -->","yoast_head_json":{"title":"Motocicleta \u00e9 roubada por suspeito armado dentro de estacionamento do Parque Shopping, em Lauro de Freitas - Brasil not\u00edcias","robots":{"index":"index","follow":"follow","max-snippet":"max-snippet:-1","max-image-preview":"max-image-preview:large","max-video-preview":"max-video-preview:-1"},"canonical":"https:\/\/brasilnoticias.org\/site\/motocicleta-e-roubada-por-suspeito-armado-dentro-de-estacionamento-do-parque-shopping-em-lauro-de-freitas\/","og_locale":"pt_PT","og_type":"article","og_title":"Motocicleta \u00e9 roubada por suspeito armado dentro de estacionamento do Parque Shopping, em Lauro de Freitas - Brasil not\u00edcias","og_description":"Uma motocicleta foi roubada por um suspeito armado dentro do estacionamento do Parque Shopping, em Lauro de Freitas, na regi\u00e3o","og_url":"https:\/\/brasilnoticias.org\/site\/motocicleta-e-roubada-por-suspeito-armado-dentro-de-estacionamento-do-parque-shopping-em-lauro-de-freitas\/","og_site_name":"Brasil not\u00edcias","article_published_time":"2026-01-22T13:00:13+00:00","og_image":[{"width":1200,"height":630,"url":"https:\/\/brasilnoticias.org\/site\/wp-content\/uploads\/2026\/01\/IMAGEM_NOTICIA_9-12.webp","type":"image\/webp"}],"author":"Reda\u00e7\u00e3o","twitter_card":"summary_large_image","twitter_misc":{"Escrito por":"Reda\u00e7\u00e3o","Tempo estimado de leitura":"1 minuto"},"schema":{"@context":"https:\/\/schema.org","@graph":[{"@type":"Article","@id":"https:\/\/brasilnoticias.org\/site\/motocicleta-e-roubada-por-suspeito-armado-dentro-de-estacionamento-do-parque-shopping-em-lauro-de-freitas\/#article","isPartOf":{"@id":"https:\/\/brasilnoticias.org\/site\/motocicleta-e-roubada-por-suspeito-armado-dentro-de-estacionamento-do-parque-shopping-em-lauro-de-freitas\/"},"author":{"name":"Reda\u00e7\u00e3o","@id":"https:\/\/brasilnoticias.org\/site\/#\/schema\/person\/03bbbfe6c7634ad18c26444ea39049fa"},"headline":"Motocicleta \u00e9 roubada por suspeito armado dentro de estacionamento do Parque Shopping, em Lauro de Freitas","datePublished":"2026-01-22T13:00:13+00:00","mainEntityOfPage":{"@id":"https:\/\/brasilnoticias.org\/site\/motocicleta-e-roubada-por-suspeito-armado-dentro-de-estacionamento-do-parque-shopping-em-lauro-de-freitas\/"},"wordCount":270,"commentCount":0,"publisher":{"@id":"https:\/\/brasilnoticias.org\/site\/#organization"},"image":{"@id":"https:\/\/brasilnoticias.org\/site\/motocicleta-e-roubada-por-suspeito-armado-dentro-de-estacionamento-do-parque-shopping-em-lauro-de-freitas\/#primaryimage"},"thumbnailUrl":"https:\/\/brasilnoticias.org\/site\/wp-content\/uploads\/2026\/01\/IMAGEM_NOTICIA_9-12.webp","articleSection":["Pol\u00edcia","\u00daltimas"],"inLanguage":"pt-PT","potentialAction":[{"@type":"CommentAction","name":"Comment","target":["https:\/\/brasilnoticias.org\/site\/motocicleta-e-roubada-por-suspeito-armado-dentro-de-estacionamento-do-parque-shopping-em-lauro-de-freitas\/#respond"]}]},{"@type":"WebPage","@id":"https:\/\/brasilnoticias.org\/site\/motocicleta-e-roubada-por-suspeito-armado-dentro-de-estacionamento-do-parque-shopping-em-lauro-de-freitas\/","url":"https:\/\/brasilnoticias.org\/site\/motocicleta-e-roubada-por-suspeito-armado-dentro-de-estacionamento-do-parque-shopping-em-lauro-de-freitas\/","name":"Motocicleta \u00e9 roubada por suspeito armado dentro de estacionamento do Parque Shopping, em Lauro de Freitas - Brasil not\u00edcias","isPartOf":{"@id":"https:\/\/brasilnoticias.org\/site\/#website"},"primaryImageOfPage":{"@id":"https:\/\/brasilnoticias.org\/site\/motocicleta-e-roubada-por-suspeito-armado-dentro-de-estacionamento-do-parque-shopping-em-lauro-de-freitas\/#primaryimage"},"image":{"@id":"https:\/\/brasilnoticias.org\/site\/motocicleta-e-roubada-por-suspeito-armado-dentro-de-estacionamento-do-parque-shopping-em-lauro-de-freitas\/#primaryimage"},"thumbnailUrl":"https:\/\/brasilnoticias.org\/site\/wp-content\/uploads\/2026\/01\/IMAGEM_NOTICIA_9-12.webp","datePublished":"2026-01-22T13:00:13+00:00","breadcrumb":{"@id":"https:\/\/brasilnoticias.org\/site\/motocicleta-e-roubada-por-suspeito-armado-dentro-de-estacionamento-do-parque-shopping-em-lauro-de-freitas\/#breadcrumb"},"inLanguage":"pt-PT","potentialAction":[{"@type":"ReadAction","target":["https:\/\/brasilnoticias.org\/site\/motocicleta-e-roubada-por-suspeito-armado-dentro-de-estacionamento-do-parque-shopping-em-lauro-de-freitas\/"]}]},{"@type":"ImageObject","inLanguage":"pt-PT","@id":"https:\/\/brasilnoticias.org\/site\/motocicleta-e-roubada-por-suspeito-armado-dentro-de-estacionamento-do-parque-shopping-em-lauro-de-freitas\/#primaryimage","url":"https:\/\/brasilnoticias.org\/site\/wp-content\/uploads\/2026\/01\/IMAGEM_NOTICIA_9-12.webp","contentUrl":"https:\/\/brasilnoticias.org\/site\/wp-content\/uploads\/2026\/01\/IMAGEM_NOTICIA_9-12.webp","width":1200,"height":630},{"@type":"BreadcrumbList","@id":"https:\/\/brasilnoticias.org\/site\/motocicleta-e-roubada-por-suspeito-armado-dentro-de-estacionamento-do-parque-shopping-em-lauro-de-freitas\/#breadcrumb","itemListElement":[{"@type":"ListItem","position":1,"name":"In\u00edcio","item":"https:\/\/brasilnoticias.org\/site\/"},{"@type":"ListItem","position":2,"name":"Motocicleta \u00e9 roubada por suspeito armado dentro de estacionamento do Parque Shopping, em Lauro de Freitas"}]},{"@type":"WebSite","@id":"https:\/\/brasilnoticias.org\/site\/#website","url":"https:\/\/brasilnoticias.org\/site\/","name":"Brasil not\u00edcias","description":"Brasil not\u00edcias","publisher":{"@id":"https:\/\/brasilnoticias.org\/site\/#organization"},"potentialAction":[{"@type":"SearchAction","target":{"@type":"EntryPoint","urlTemplate":"https:\/\/brasilnoticias.org\/site\/?s={search_term_string}"},"query-input":{"@type":"PropertyValueSpecification","valueRequired":true,"valueName":"search_term_string"}}],"inLanguage":"pt-PT"},{"@type":"Organization","@id":"https:\/\/brasilnoticias.org\/site\/#organization","name":"Brasil not\u00edcias","url":"https:\/\/brasilnoticias.org\/site\/","logo":{"@type":"ImageObject","inLanguage":"pt-PT","@id":"https:\/\/brasilnoticias.org\/site\/#\/schema\/logo\/image\/","url":"https:\/\/brasilnoticias.org\/site\/wp-content\/uploads\/2022\/05\/cropped-brasilnoticias-mini.jpg","contentUrl":"https:\/\/brasilnoticias.org\/site\/wp-content\/uploads\/2022\/05\/cropped-brasilnoticias-mini.jpg","width":314,"height":86,"caption":"Brasil not\u00edcias"},"image":{"@id":"https:\/\/brasilnoticias.org\/site\/#\/schema\/logo\/image\/"}},{"@type":"Person","@id":"https:\/\/brasilnoticias.org\/site\/#\/schema\/person\/03bbbfe6c7634ad18c26444ea39049fa","name":"Reda\u00e7\u00e3o","image":{"@type":"ImageObject","inLanguage":"pt-PT","@id":"https:\/\/brasilnoticias.org\/site\/#\/schema\/person\/image\/","url":"https:\/\/secure.gravatar.com\/avatar\/9ecaf7327a696cb23ad926fedded5f1f04d7049de9e445375d55b48c001a6e42?s=96&d=mm&r=g","contentUrl":"https:\/\/secure.gravatar.com\/avatar\/9ecaf7327a696cb23ad926fedded5f1f04d7049de9e445375d55b48c001a6e42?s=96&d=mm&r=g","caption":"Reda\u00e7\u00e3o"},"url":"https:\/\/brasilnoticias.org\/site\/author\/henrique\/"}]}},"_links":{"self":[{"href":"https:\/\/brasilnoticias.org\/site\/wp-json\/wp\/v2\/posts\/19764","targetHints":{"allow":["GET"]}}],"collection":[{"href":"https:\/\/brasilnoticias.org\/site\/wp-json\/wp\/v2\/posts"}],"about":[{"href":"https:\/\/brasilnoticias.org\/site\/wp-json\/wp\/v2\/types\/post"}],"author":[{"embeddable":true,"href":"https:\/\/brasilnoticias.org\/site\/wp-json\/wp\/v2\/users\/4"}],"replies":[{"embeddable":true,"href":"https:\/\/brasilnoticias.org\/site\/wp-json\/wp\/v2\/comments?post=19764"}],"version-history":[{"count":1,"href":"https:\/\/brasilnoticias.org\/site\/wp-json\/wp\/v2\/posts\/19764\/revisions"}],"predecessor-version":[{"id":19766,"href":"https:\/\/brasilnoticias.org\/site\/wp-json\/wp\/v2\/posts\/19764\/revisions\/19766"}],"wp:featuredmedia":[{"embeddable":true,"href":"https:\/\/brasilnoticias.org\/site\/wp-json\/wp\/v2\/media\/19765"}],"wp:attachment":[{"href":"https:\/\/brasilnoticias.org\/site\/wp-json\/wp\/v2\/media?parent=19764"}],"wp:term":[{"taxonomy":"category","embeddable":true,"href":"https:\/\/brasilnoticias.org\/site\/wp-json\/wp\/v2\/categories?post=19764"},{"taxonomy":"post_tag","embeddable":true,"href":"https:\/\/brasilnoticias.org\/site\/wp-json\/wp\/v2\/tags?post=19764"}],"curies":[{"name":"wp","href":"https:\/\/api.w.org\/{rel}","templated":true}]}}