{"id":1979,"date":"2022-10-18T18:10:23","date_gmt":"2022-10-18T21:10:23","guid":{"rendered":"https:\/\/brasilnoticias.org\/site\/?p=1979"},"modified":"2022-10-18T17:49:55","modified_gmt":"2022-10-18T20:49:55","slug":"seguranca-e-denunciado-a-policia-apos-filmar-jovem-dentro-de-banheiro-em-salvador","status":"publish","type":"post","link":"https:\/\/brasilnoticias.org\/site\/seguranca-e-denunciado-a-policia-apos-filmar-jovem-dentro-de-banheiro-em-salvador\/","title":{"rendered":"Seguran\u00e7a \u00e9 denunciado \u00e0 pol\u00edcia ap\u00f3s filmar jovem dentro de banheiro em Salvador"},"content":{"rendered":"<p>Na noite desta segunda-feira (17), uma jovem foi filmada por um seguran\u00e7a da CCR Metr\u00f4 Bahia dentro de um dos banheiros da Esta\u00e7\u00e3o Bom Ju\u00e1. Ela voltava da faculdade quando percebeu estar sendo vigiada de uma janela que separava o banheiro que estava usando de um outro ao lado, que estaria interditado.<\/p>\n<p>A estudante, de 20 anos, tentou pedir ajuda aos seguran\u00e7as que estavam no local, um dos homens a pediu para apagar o registro que ela tinha feito do momento em que estava sendo filmada. &#8220;O seguran\u00e7a me chamou para conversar, e depois de muito me enrolar para mostrar a filmagem [da c\u00e2mera de seguran\u00e7a], um deles admitiu que me gravou. Eu estou aqui e n\u00e3o sei como \u00e9 que eu fa\u00e7o, n\u00e3o sei se chamo a pol\u00edcia, n\u00e3o sei se eu vou para casa, se abro um B.O.&#8221;, disse em v\u00eddeo publicado em sua conta no Instagram.<\/p>\n<p>O pai da jovem, que a leva da esta\u00e7\u00e3o at\u00e9 a casa onde moram todos os dias, tamb\u00e9m tentou confrontar o seguran\u00e7a quando chegou ao lugar e foi informado sobre a situa\u00e7\u00e3o.<\/p>\n<p>&#8220;Ele mandou ela cancelar o v\u00eddeo, porque ela fez um v\u00eddeo contando a situa\u00e7\u00e3o toda. Ela, automaticamente, fingiu que tinha feito. Depois ele mostrou v\u00eddeo que ele tinha feito, tinha a calcinha dela, ela se abaixando no banheiro. Ele mostrou e depois ele disse que ia apagar o v\u00eddeo todo. Eu n\u00e3o pude ter a certeza de que ele apagou. Foi um choque, a gente ficou sem saber o que fazer&#8221;, disse em entrevista ao portal G1.<\/p>\n<p>A estudante foi conduzida pela pol\u00edcia para a Central de Flagrantes. A Pol\u00edcia Civil informou, em nota, que o seguran\u00e7a tem 28 anos e vai responder por ter registrado atos \u00edntimos sem autoriza\u00e7\u00e3o da v\u00edtima. A CCR Metr\u00f4 Bahia tamb\u00e9m se pronunciou dizendo que &#8220;lamenta profundamente o ocorrido e repudia qualquer tipo de viola\u00e7\u00e3o de privacidade, ass\u00e9dio moral ou sexual, assim como quaisquer atitudes que n\u00e3o estejam alinhadas a valores como respeito, cuidado e empatia&#8221;.<\/p>\n<p>&nbsp;<\/p>\n<p>Foto: Reprodu\u00e7\u00e3o\/Redes sociais<br \/>\nPor: Metro1<\/p>\n","protected":false},"excerpt":{"rendered":"<p>Na noite desta segunda-feira (17), uma jovem foi filmada por um seguran\u00e7a da CCR Metr\u00f4 Bahia dentro de um dos<\/p>\n","protected":false},"author":1,"featured_media":1980,"comment_status":"open","ping_status":"open","sticky":false,"template":"","format":"standard","meta":{"colormag_page_container_layout":"default_layout","colormag_page_sidebar_layout":"default_layout","_FSMCFIC_featured_image_caption":"","_FSMCFIC_featured_image_nocaption":"","_FSMCFIC_featured_image_hide":"","footnotes":""},"categories":[2,1],"tags":[],"class_list":["post-1979","post","type-post","status-publish","format-standard","has-post-thumbnail","hentry","category-noticias","category-ultimas"],"yoast_head":"<!-- This site is optimized with the Yoast SEO plugin v27.1.1 - https:\/\/yoast.com\/product\/yoast-seo-wordpress\/ -->\n<title>Seguran\u00e7a \u00e9 denunciado \u00e0 pol\u00edcia ap\u00f3s filmar jovem dentro de banheiro em Salvador - Brasil not\u00edcias<\/title>\n<meta name=\"robots\" content=\"index, follow, max-snippet:-1, max-image-preview:large, max-video-preview:-1\" \/>\n<link rel=\"canonical\" href=\"https:\/\/brasilnoticias.org\/site\/seguranca-e-denunciado-a-policia-apos-filmar-jovem-dentro-de-banheiro-em-salvador\/\" \/>\n<meta property=\"og:locale\" content=\"pt_PT\" \/>\n<meta property=\"og:type\" content=\"article\" \/>\n<meta property=\"og:title\" content=\"Seguran\u00e7a \u00e9 denunciado \u00e0 pol\u00edcia ap\u00f3s filmar jovem dentro de banheiro em Salvador - Brasil not\u00edcias\" \/>\n<meta property=\"og:description\" content=\"Na noite desta segunda-feira (17), uma jovem foi filmada por um seguran\u00e7a da CCR Metr\u00f4 Bahia dentro de um dos\" \/>\n<meta property=\"og:url\" content=\"https:\/\/brasilnoticias.org\/site\/seguranca-e-denunciado-a-policia-apos-filmar-jovem-dentro-de-banheiro-em-salvador\/\" \/>\n<meta property=\"og:site_name\" content=\"Brasil not\u00edcias\" \/>\n<meta property=\"article:published_time\" content=\"2022-10-18T21:10:23+00:00\" \/>\n<meta property=\"og:image\" content=\"https:\/\/brasilnoticias.org\/site\/wp-content\/uploads\/2022\/10\/129488seguranca-e-denunciado-a-policia-apos-filmar-jovem-dentro-de-banheiro-em-salvador-3.jpg\" \/>\n\t<meta property=\"og:image:width\" content=\"1600\" \/>\n\t<meta property=\"og:image:height\" content=\"752\" \/>\n\t<meta property=\"og:image:type\" content=\"image\/jpeg\" \/>\n<meta name=\"author\" content=\"Reda\u00e7\u00e3o\" \/>\n<meta name=\"twitter:card\" content=\"summary_large_image\" \/>\n<meta name=\"twitter:label1\" content=\"Escrito por\" \/>\n\t<meta name=\"twitter:data1\" content=\"Reda\u00e7\u00e3o\" \/>\n\t<meta name=\"twitter:label2\" content=\"Tempo estimado de leitura\" \/>\n\t<meta name=\"twitter:data2\" content=\"2 minutos\" \/>\n<script type=\"application\/ld+json\" class=\"yoast-schema-graph\">{\"@context\":\"https:\/\/schema.org\",\"@graph\":[{\"@type\":\"Article\",\"@id\":\"https:\/\/brasilnoticias.org\/site\/seguranca-e-denunciado-a-policia-apos-filmar-jovem-dentro-de-banheiro-em-salvador\/#article\",\"isPartOf\":{\"@id\":\"https:\/\/brasilnoticias.org\/site\/seguranca-e-denunciado-a-policia-apos-filmar-jovem-dentro-de-banheiro-em-salvador\/\"},\"author\":{\"name\":\"Reda\u00e7\u00e3o\",\"@id\":\"https:\/\/brasilnoticias.org\/site\/#\/schema\/person\/a0e05b973ec4d15c658d51911e53507b\"},\"headline\":\"Seguran\u00e7a \u00e9 denunciado \u00e0 pol\u00edcia ap\u00f3s filmar jovem dentro de banheiro em Salvador\",\"datePublished\":\"2022-10-18T21:10:23+00:00\",\"mainEntityOfPage\":{\"@id\":\"https:\/\/brasilnoticias.org\/site\/seguranca-e-denunciado-a-policia-apos-filmar-jovem-dentro-de-banheiro-em-salvador\/\"},\"wordCount\":383,\"commentCount\":0,\"publisher\":{\"@id\":\"https:\/\/brasilnoticias.org\/site\/#organization\"},\"image\":{\"@id\":\"https:\/\/brasilnoticias.org\/site\/seguranca-e-denunciado-a-policia-apos-filmar-jovem-dentro-de-banheiro-em-salvador\/#primaryimage\"},\"thumbnailUrl\":\"https:\/\/brasilnoticias.org\/site\/wp-content\/uploads\/2022\/10\/129488seguranca-e-denunciado-a-policia-apos-filmar-jovem-dentro-de-banheiro-em-salvador-3.jpg\",\"articleSection\":[\"Not\u00edcias\",\"\u00daltimas\"],\"inLanguage\":\"pt-PT\",\"potentialAction\":[{\"@type\":\"CommentAction\",\"name\":\"Comment\",\"target\":[\"https:\/\/brasilnoticias.org\/site\/seguranca-e-denunciado-a-policia-apos-filmar-jovem-dentro-de-banheiro-em-salvador\/#respond\"]}]},{\"@type\":\"WebPage\",\"@id\":\"https:\/\/brasilnoticias.org\/site\/seguranca-e-denunciado-a-policia-apos-filmar-jovem-dentro-de-banheiro-em-salvador\/\",\"url\":\"https:\/\/brasilnoticias.org\/site\/seguranca-e-denunciado-a-policia-apos-filmar-jovem-dentro-de-banheiro-em-salvador\/\",\"name\":\"Seguran\u00e7a \u00e9 denunciado \u00e0 pol\u00edcia ap\u00f3s filmar jovem dentro de banheiro em Salvador - Brasil not\u00edcias\",\"isPartOf\":{\"@id\":\"https:\/\/brasilnoticias.org\/site\/#website\"},\"primaryImageOfPage\":{\"@id\":\"https:\/\/brasilnoticias.org\/site\/seguranca-e-denunciado-a-policia-apos-filmar-jovem-dentro-de-banheiro-em-salvador\/#primaryimage\"},\"image\":{\"@id\":\"https:\/\/brasilnoticias.org\/site\/seguranca-e-denunciado-a-policia-apos-filmar-jovem-dentro-de-banheiro-em-salvador\/#primaryimage\"},\"thumbnailUrl\":\"https:\/\/brasilnoticias.org\/site\/wp-content\/uploads\/2022\/10\/129488seguranca-e-denunciado-a-policia-apos-filmar-jovem-dentro-de-banheiro-em-salvador-3.jpg\",\"datePublished\":\"2022-10-18T21:10:23+00:00\",\"breadcrumb\":{\"@id\":\"https:\/\/brasilnoticias.org\/site\/seguranca-e-denunciado-a-policia-apos-filmar-jovem-dentro-de-banheiro-em-salvador\/#breadcrumb\"},\"inLanguage\":\"pt-PT\",\"potentialAction\":[{\"@type\":\"ReadAction\",\"target\":[\"https:\/\/brasilnoticias.org\/site\/seguranca-e-denunciado-a-policia-apos-filmar-jovem-dentro-de-banheiro-em-salvador\/\"]}]},{\"@type\":\"ImageObject\",\"inLanguage\":\"pt-PT\",\"@id\":\"https:\/\/brasilnoticias.org\/site\/seguranca-e-denunciado-a-policia-apos-filmar-jovem-dentro-de-banheiro-em-salvador\/#primaryimage\",\"url\":\"https:\/\/brasilnoticias.org\/site\/wp-content\/uploads\/2022\/10\/129488seguranca-e-denunciado-a-policia-apos-filmar-jovem-dentro-de-banheiro-em-salvador-3.jpg\",\"contentUrl\":\"https:\/\/brasilnoticias.org\/site\/wp-content\/uploads\/2022\/10\/129488seguranca-e-denunciado-a-policia-apos-filmar-jovem-dentro-de-banheiro-em-salvador-3.jpg\",\"width\":1600,\"height\":752},{\"@type\":\"BreadcrumbList\",\"@id\":\"https:\/\/brasilnoticias.org\/site\/seguranca-e-denunciado-a-policia-apos-filmar-jovem-dentro-de-banheiro-em-salvador\/#breadcrumb\",\"itemListElement\":[{\"@type\":\"ListItem\",\"position\":1,\"name\":\"In\u00edcio\",\"item\":\"https:\/\/brasilnoticias.org\/site\/\"},{\"@type\":\"ListItem\",\"position\":2,\"name\":\"Seguran\u00e7a \u00e9 denunciado \u00e0 pol\u00edcia ap\u00f3s filmar jovem dentro de banheiro em Salvador\"}]},{\"@type\":\"WebSite\",\"@id\":\"https:\/\/brasilnoticias.org\/site\/#website\",\"url\":\"https:\/\/brasilnoticias.org\/site\/\",\"name\":\"Brasil not\u00edcias\",\"description\":\"Brasil not\u00edcias\",\"publisher\":{\"@id\":\"https:\/\/brasilnoticias.org\/site\/#organization\"},\"potentialAction\":[{\"@type\":\"SearchAction\",\"target\":{\"@type\":\"EntryPoint\",\"urlTemplate\":\"https:\/\/brasilnoticias.org\/site\/?s={search_term_string}\"},\"query-input\":{\"@type\":\"PropertyValueSpecification\",\"valueRequired\":true,\"valueName\":\"search_term_string\"}}],\"inLanguage\":\"pt-PT\"},{\"@type\":\"Organization\",\"@id\":\"https:\/\/brasilnoticias.org\/site\/#organization\",\"name\":\"Brasil not\u00edcias\",\"url\":\"https:\/\/brasilnoticias.org\/site\/\",\"logo\":{\"@type\":\"ImageObject\",\"inLanguage\":\"pt-PT\",\"@id\":\"https:\/\/brasilnoticias.org\/site\/#\/schema\/logo\/image\/\",\"url\":\"https:\/\/brasilnoticias.org\/site\/wp-content\/uploads\/2022\/05\/cropped-brasilnoticias-mini.jpg\",\"contentUrl\":\"https:\/\/brasilnoticias.org\/site\/wp-content\/uploads\/2022\/05\/cropped-brasilnoticias-mini.jpg\",\"width\":314,\"height\":86,\"caption\":\"Brasil not\u00edcias\"},\"image\":{\"@id\":\"https:\/\/brasilnoticias.org\/site\/#\/schema\/logo\/image\/\"}},{\"@type\":\"Person\",\"@id\":\"https:\/\/brasilnoticias.org\/site\/#\/schema\/person\/a0e05b973ec4d15c658d51911e53507b\",\"name\":\"Reda\u00e7\u00e3o\",\"image\":{\"@type\":\"ImageObject\",\"inLanguage\":\"pt-PT\",\"@id\":\"https:\/\/brasilnoticias.org\/site\/#\/schema\/person\/image\/\",\"url\":\"https:\/\/secure.gravatar.com\/avatar\/75d8b050df2de108b08ae78dfb8e374892df24a383c67db9c46a9c604f6aee9c?s=96&d=mm&r=g\",\"contentUrl\":\"https:\/\/secure.gravatar.com\/avatar\/75d8b050df2de108b08ae78dfb8e374892df24a383c67db9c46a9c604f6aee9c?s=96&d=mm&r=g\",\"caption\":\"Reda\u00e7\u00e3o\"},\"sameAs\":[\"https:\/\/brasilnoticias.org\/site\"],\"url\":\"https:\/\/brasilnoticias.org\/site\/author\/fernandozsngmail-com\/\"}]}<\/script>\n<!-- \/ Yoast SEO plugin. -->","yoast_head_json":{"title":"Seguran\u00e7a \u00e9 denunciado \u00e0 pol\u00edcia ap\u00f3s filmar jovem dentro de banheiro em Salvador - Brasil not\u00edcias","robots":{"index":"index","follow":"follow","max-snippet":"max-snippet:-1","max-image-preview":"max-image-preview:large","max-video-preview":"max-video-preview:-1"},"canonical":"https:\/\/brasilnoticias.org\/site\/seguranca-e-denunciado-a-policia-apos-filmar-jovem-dentro-de-banheiro-em-salvador\/","og_locale":"pt_PT","og_type":"article","og_title":"Seguran\u00e7a \u00e9 denunciado \u00e0 pol\u00edcia ap\u00f3s filmar jovem dentro de banheiro em Salvador - Brasil not\u00edcias","og_description":"Na noite desta segunda-feira (17), uma jovem foi filmada por um seguran\u00e7a da CCR Metr\u00f4 Bahia dentro de um dos","og_url":"https:\/\/brasilnoticias.org\/site\/seguranca-e-denunciado-a-policia-apos-filmar-jovem-dentro-de-banheiro-em-salvador\/","og_site_name":"Brasil not\u00edcias","article_published_time":"2022-10-18T21:10:23+00:00","og_image":[{"width":1600,"height":752,"url":"https:\/\/brasilnoticias.org\/site\/wp-content\/uploads\/2022\/10\/129488seguranca-e-denunciado-a-policia-apos-filmar-jovem-dentro-de-banheiro-em-salvador-3.jpg","type":"image\/jpeg"}],"author":"Reda\u00e7\u00e3o","twitter_card":"summary_large_image","twitter_misc":{"Escrito por":"Reda\u00e7\u00e3o","Tempo estimado de leitura":"2 minutos"},"schema":{"@context":"https:\/\/schema.org","@graph":[{"@type":"Article","@id":"https:\/\/brasilnoticias.org\/site\/seguranca-e-denunciado-a-policia-apos-filmar-jovem-dentro-de-banheiro-em-salvador\/#article","isPartOf":{"@id":"https:\/\/brasilnoticias.org\/site\/seguranca-e-denunciado-a-policia-apos-filmar-jovem-dentro-de-banheiro-em-salvador\/"},"author":{"name":"Reda\u00e7\u00e3o","@id":"https:\/\/brasilnoticias.org\/site\/#\/schema\/person\/a0e05b973ec4d15c658d51911e53507b"},"headline":"Seguran\u00e7a \u00e9 denunciado \u00e0 pol\u00edcia ap\u00f3s filmar jovem dentro de banheiro em Salvador","datePublished":"2022-10-18T21:10:23+00:00","mainEntityOfPage":{"@id":"https:\/\/brasilnoticias.org\/site\/seguranca-e-denunciado-a-policia-apos-filmar-jovem-dentro-de-banheiro-em-salvador\/"},"wordCount":383,"commentCount":0,"publisher":{"@id":"https:\/\/brasilnoticias.org\/site\/#organization"},"image":{"@id":"https:\/\/brasilnoticias.org\/site\/seguranca-e-denunciado-a-policia-apos-filmar-jovem-dentro-de-banheiro-em-salvador\/#primaryimage"},"thumbnailUrl":"https:\/\/brasilnoticias.org\/site\/wp-content\/uploads\/2022\/10\/129488seguranca-e-denunciado-a-policia-apos-filmar-jovem-dentro-de-banheiro-em-salvador-3.jpg","articleSection":["Not\u00edcias","\u00daltimas"],"inLanguage":"pt-PT","potentialAction":[{"@type":"CommentAction","name":"Comment","target":["https:\/\/brasilnoticias.org\/site\/seguranca-e-denunciado-a-policia-apos-filmar-jovem-dentro-de-banheiro-em-salvador\/#respond"]}]},{"@type":"WebPage","@id":"https:\/\/brasilnoticias.org\/site\/seguranca-e-denunciado-a-policia-apos-filmar-jovem-dentro-de-banheiro-em-salvador\/","url":"https:\/\/brasilnoticias.org\/site\/seguranca-e-denunciado-a-policia-apos-filmar-jovem-dentro-de-banheiro-em-salvador\/","name":"Seguran\u00e7a \u00e9 denunciado \u00e0 pol\u00edcia ap\u00f3s filmar jovem dentro de banheiro em Salvador - Brasil not\u00edcias","isPartOf":{"@id":"https:\/\/brasilnoticias.org\/site\/#website"},"primaryImageOfPage":{"@id":"https:\/\/brasilnoticias.org\/site\/seguranca-e-denunciado-a-policia-apos-filmar-jovem-dentro-de-banheiro-em-salvador\/#primaryimage"},"image":{"@id":"https:\/\/brasilnoticias.org\/site\/seguranca-e-denunciado-a-policia-apos-filmar-jovem-dentro-de-banheiro-em-salvador\/#primaryimage"},"thumbnailUrl":"https:\/\/brasilnoticias.org\/site\/wp-content\/uploads\/2022\/10\/129488seguranca-e-denunciado-a-policia-apos-filmar-jovem-dentro-de-banheiro-em-salvador-3.jpg","datePublished":"2022-10-18T21:10:23+00:00","breadcrumb":{"@id":"https:\/\/brasilnoticias.org\/site\/seguranca-e-denunciado-a-policia-apos-filmar-jovem-dentro-de-banheiro-em-salvador\/#breadcrumb"},"inLanguage":"pt-PT","potentialAction":[{"@type":"ReadAction","target":["https:\/\/brasilnoticias.org\/site\/seguranca-e-denunciado-a-policia-apos-filmar-jovem-dentro-de-banheiro-em-salvador\/"]}]},{"@type":"ImageObject","inLanguage":"pt-PT","@id":"https:\/\/brasilnoticias.org\/site\/seguranca-e-denunciado-a-policia-apos-filmar-jovem-dentro-de-banheiro-em-salvador\/#primaryimage","url":"https:\/\/brasilnoticias.org\/site\/wp-content\/uploads\/2022\/10\/129488seguranca-e-denunciado-a-policia-apos-filmar-jovem-dentro-de-banheiro-em-salvador-3.jpg","contentUrl":"https:\/\/brasilnoticias.org\/site\/wp-content\/uploads\/2022\/10\/129488seguranca-e-denunciado-a-policia-apos-filmar-jovem-dentro-de-banheiro-em-salvador-3.jpg","width":1600,"height":752},{"@type":"BreadcrumbList","@id":"https:\/\/brasilnoticias.org\/site\/seguranca-e-denunciado-a-policia-apos-filmar-jovem-dentro-de-banheiro-em-salvador\/#breadcrumb","itemListElement":[{"@type":"ListItem","position":1,"name":"In\u00edcio","item":"https:\/\/brasilnoticias.org\/site\/"},{"@type":"ListItem","position":2,"name":"Seguran\u00e7a \u00e9 denunciado \u00e0 pol\u00edcia ap\u00f3s filmar jovem dentro de banheiro em Salvador"}]},{"@type":"WebSite","@id":"https:\/\/brasilnoticias.org\/site\/#website","url":"https:\/\/brasilnoticias.org\/site\/","name":"Brasil not\u00edcias","description":"Brasil not\u00edcias","publisher":{"@id":"https:\/\/brasilnoticias.org\/site\/#organization"},"potentialAction":[{"@type":"SearchAction","target":{"@type":"EntryPoint","urlTemplate":"https:\/\/brasilnoticias.org\/site\/?s={search_term_string}"},"query-input":{"@type":"PropertyValueSpecification","valueRequired":true,"valueName":"search_term_string"}}],"inLanguage":"pt-PT"},{"@type":"Organization","@id":"https:\/\/brasilnoticias.org\/site\/#organization","name":"Brasil not\u00edcias","url":"https:\/\/brasilnoticias.org\/site\/","logo":{"@type":"ImageObject","inLanguage":"pt-PT","@id":"https:\/\/brasilnoticias.org\/site\/#\/schema\/logo\/image\/","url":"https:\/\/brasilnoticias.org\/site\/wp-content\/uploads\/2022\/05\/cropped-brasilnoticias-mini.jpg","contentUrl":"https:\/\/brasilnoticias.org\/site\/wp-content\/uploads\/2022\/05\/cropped-brasilnoticias-mini.jpg","width":314,"height":86,"caption":"Brasil not\u00edcias"},"image":{"@id":"https:\/\/brasilnoticias.org\/site\/#\/schema\/logo\/image\/"}},{"@type":"Person","@id":"https:\/\/brasilnoticias.org\/site\/#\/schema\/person\/a0e05b973ec4d15c658d51911e53507b","name":"Reda\u00e7\u00e3o","image":{"@type":"ImageObject","inLanguage":"pt-PT","@id":"https:\/\/brasilnoticias.org\/site\/#\/schema\/person\/image\/","url":"https:\/\/secure.gravatar.com\/avatar\/75d8b050df2de108b08ae78dfb8e374892df24a383c67db9c46a9c604f6aee9c?s=96&d=mm&r=g","contentUrl":"https:\/\/secure.gravatar.com\/avatar\/75d8b050df2de108b08ae78dfb8e374892df24a383c67db9c46a9c604f6aee9c?s=96&d=mm&r=g","caption":"Reda\u00e7\u00e3o"},"sameAs":["https:\/\/brasilnoticias.org\/site"],"url":"https:\/\/brasilnoticias.org\/site\/author\/fernandozsngmail-com\/"}]}},"_links":{"self":[{"href":"https:\/\/brasilnoticias.org\/site\/wp-json\/wp\/v2\/posts\/1979","targetHints":{"allow":["GET"]}}],"collection":[{"href":"https:\/\/brasilnoticias.org\/site\/wp-json\/wp\/v2\/posts"}],"about":[{"href":"https:\/\/brasilnoticias.org\/site\/wp-json\/wp\/v2\/types\/post"}],"author":[{"embeddable":true,"href":"https:\/\/brasilnoticias.org\/site\/wp-json\/wp\/v2\/users\/1"}],"replies":[{"embeddable":true,"href":"https:\/\/brasilnoticias.org\/site\/wp-json\/wp\/v2\/comments?post=1979"}],"version-history":[{"count":1,"href":"https:\/\/brasilnoticias.org\/site\/wp-json\/wp\/v2\/posts\/1979\/revisions"}],"predecessor-version":[{"id":1981,"href":"https:\/\/brasilnoticias.org\/site\/wp-json\/wp\/v2\/posts\/1979\/revisions\/1981"}],"wp:featuredmedia":[{"embeddable":true,"href":"https:\/\/brasilnoticias.org\/site\/wp-json\/wp\/v2\/media\/1980"}],"wp:attachment":[{"href":"https:\/\/brasilnoticias.org\/site\/wp-json\/wp\/v2\/media?parent=1979"}],"wp:term":[{"taxonomy":"category","embeddable":true,"href":"https:\/\/brasilnoticias.org\/site\/wp-json\/wp\/v2\/categories?post=1979"},{"taxonomy":"post_tag","embeddable":true,"href":"https:\/\/brasilnoticias.org\/site\/wp-json\/wp\/v2\/tags?post=1979"}],"curies":[{"name":"wp","href":"https:\/\/api.w.org\/{rel}","templated":true}]}}