{"id":19797,"date":"2026-01-23T07:41:08","date_gmt":"2026-01-23T10:41:08","guid":{"rendered":"https:\/\/brasilnoticias.org\/site\/?p=19797"},"modified":"2026-01-23T07:41:08","modified_gmt":"2026-01-23T10:41:08","slug":"requentado-e-desrespeitoso-marta-desmente-troca-na-cabeca-de-chapa-garante-jeronimo-e-diz-que-pt-nao-decide-por-site","status":"publish","type":"post","link":"https:\/\/brasilnoticias.org\/site\/requentado-e-desrespeitoso-marta-desmente-troca-na-cabeca-de-chapa-garante-jeronimo-e-diz-que-pt-nao-decide-por-site\/","title":{"rendered":"&#8216;Requentado e desrespeitoso&#8217;: Marta desmente &#8216;troca na cabe\u00e7a de chapa&#8217;, garante Jer\u00f4nimo e diz que PT n\u00e3o decide &#8216;por site&#8217;"},"content":{"rendered":"<p>Vereadora de Salvador afirma que governador \u00e9 o candidato natural do partido e classifica rumores como \u201cnotas plantadas\u201d; petista tamb\u00e9m defende cuidado na montagem da chapa para acomodar aliados como o PSD<\/p>\n<p>A vereadora de Salvador Marta Rodrigues (PT) negou haver qualquer possibilidade de o governador Jer\u00f4nimo Rodrigues (PT) abrir m\u00e3o da disputa pela reelei\u00e7\u00e3o em 2026. <\/p>\n<p>Em entrevista \u00e0 Metropolitana FM, a petista tratou como boato a especula\u00e7\u00e3o de que o seu irm\u00e3o deixaria a cabe\u00e7a de chapa para abrir espa\u00e7o a um arranjo em que o senador Angelo Coronel (PSD) fosse acomodado na majorit\u00e1ria ao lado do senador Jaques Wagner (PT) e do ministro da Casa Civil, Rui Costa (PT).<\/p>\n<p>Ao comentar o tema, Marta foi objetiva ao descartar qualquer chance de o assunto avan\u00e7ar dentro do partido.<\/p>\n<p>\u201cVeja, isso est\u00e1 descartado porque Jer\u00f4nimo \u00e9 o candidato a governador e vai para a reelei\u00e7\u00e3o. Ent\u00e3o essa possibilidade n\u00e3o existe. N\u00e3o existe\u201d, enfatizou.<\/p>\n<p>A vereadora ainda classificou o rumor como uma tentativa de produzir fato pol\u00edtico por meio de vazamentos de informa\u00e7\u00f5es inver\u00eddicas.<\/p>\n<p>\u201cEst\u00e3o plantando notas. Eu considero esse debate, essas notas, como uma carta fora do baralho\u201d, disse.<\/p>\n<p>\u201cDecis\u00e3o do partido\u201d, n\u00e3o de bastidor<\/p>\n<p>Na entrevista, Marta refor\u00e7ou que a montagem da estrat\u00e9gia eleitoral do PT para as elei\u00e7\u00f5es deste ano n\u00e3o ser\u00e1 definida por especula\u00e7\u00e3o p\u00fablica ou press\u00e3o de bastidores. Ela citou como marcos do calend\u00e1rio interno o encontro nacional do partido, previsto para acontecer entre 5 e 7 de fevereiro, em Salvador, com um ato pol\u00edtico que ter\u00e1 a presen\u00e7a do presidente Luiz In\u00e1cio Lula da Silva (PT).<\/p>\n<p>\u201cN\u00e3o pode estar construindo candidato a partir de notas, de imprensa, de site, porque isso \u00e9 uma decis\u00e3o do partido. \u00c9 o partido que d\u00e1 a legenda para qualquer um.\u201d<\/p>\n<p>Na argumenta\u00e7\u00e3o, Marta buscou comparar o momento atual ao hist\u00f3rico recente do PT na Bahia e apontou Jer\u00f4nimo como sequ\u00eancia natural de Wagner e Rui.<\/p>\n<p>\u201cWagner foi candidato para a reelei\u00e7\u00e3o e ganhou. Rui tamb\u00e9m\u2026 Agora \u00e9 a vez do governador Jer\u00f4nimo Rodrigues.\u201d<\/p>\n<p>Vereadora elogia gest\u00e3o e cita obras como \u201csinal de compromisso\u201d<\/p>\n<p>Para sustentar a defesa de Jer\u00f4nimo como candidato, Marta elencou a\u00e7\u00f5es do governo estadual e citou projetos como a nova rodovi\u00e1ria e o redesenho do VLT.<\/p>\n<p>\u201cEle tem feito um trabalho de excel\u00eancia na Bahia. O novo terminal rodovi\u00e1rio da Bahia, em Salvador, \u00e9 a rodovi\u00e1ria mais moderna do Brasil.\u201d<\/p>\n<p>Ao comentar a condu\u00e7\u00e3o do VLT, a petista atribuiu ao governador uma postura de escuta e revis\u00e3o de projetos.<\/p>\n<p>\u201cChamou para dialogar\u2026 isso \u00e9 parte de um governador que tem um compromisso com a participa\u00e7\u00e3o popular, de ouvir e acolher as sugest\u00f5es.\u201d<\/p>\n<p>Marta critica ru\u00eddo e diz que debate real \u00e9 outro<\/p>\n<p>A vereadora tamb\u00e9m relativizou a origem do boato, ao sugerir que o assunto seria antigo e teria sido retomado artificialmente.<\/p>\n<p>\u201cEu acho que isso ainda \u00e9 coisa antiga, as notas est\u00e3o sendo requentadas. Eu acho isso muito ruim e desrespeitoso.\u201d<\/p>\n<p>E avaliou que o ambiente pol\u00edtico deveria estar voltado a quest\u00f5es maiores, inclusive o cen\u00e1rio internacional e reflexos no Brasil.<\/p>\n<p>\u201cN\u00f3s estamos em um outro momento com essas iniciativas de Trump.\u201d<\/p>\n<p>Chapa \u201cpuro G\u201d \u00e9 desejo da milit\u00e2ncia, mas alian\u00e7as entram na conta<\/p>\n<p>Questionada sobre a tese da chapa \u201cpuro G\u201d \u2014 Jer\u00f4nimo, Wagner e Rui \u2014 Marta reconheceu haver simpatia na base partid\u00e1ria, mas apontou o peso da negocia\u00e7\u00e3o com aliados, sobretudo com o PSD, que tem relev\u00e2ncia na sustenta\u00e7\u00e3o da base.<\/p>\n<p>\u201cAinda tem os ajustes que est\u00e3o sendo constru\u00eddos, porque o PSD \u00e9 um partido tamb\u00e9m que \u00e9 aliado, que constr\u00f3i junto.\u201d<\/p>\n<p>Ela tratou a composi\u00e7\u00e3o como um \u201cxadrez\u201d e afirmou que o partido precisa calibrar a estrat\u00e9gia para n\u00e3o perder parceiros ao longo do caminho.<\/p>\n<p>\u201c\u00c9 uma engenharia\u2026 um xadrez\u2026 \u00e9 necess\u00e1rio ver como \u00e9 que n\u00f3s vamos acomodar os parceiros.\u201d<\/p>\n<p>Marta ainda refor\u00e7ou que decis\u00f5es definitivas n\u00e3o foram \u201cbatidas\u201d formalmente no diret\u00f3rio, justamente para evitar precipita\u00e7\u00e3o em meio \u00e0s negocia\u00e7\u00f5es.<\/p>\n<p>\u201cN\u00e3o, n\u00e3o votou n\u00e3o. Quando voc\u00ea define antecipadamente isso \u00e9 ruim, porque voc\u00ea ainda estava na discuss\u00e3o.\u201d<\/p>\n<p>A informa\u00e7\u00e3o sobre a resolu\u00e7\u00e3o foi confirmada pelo deputado estadual Marcelino Galo (PT).<\/p>\n<p>Marta diz que prioridade \u00e9 reeleger e avan\u00e7ar no que ainda \u00e9 gargalo<\/p>\n<p>A vereadora, por fim, defendeu que o foco deve ser construir uma chapa competitiva, a fim de garantir a continuidade de projetos e reconhecer desafios que ainda s\u00e3o centrais \u2014 como a seguran\u00e7a p\u00fablica.<\/p>\n<p>\u201cEu defendo que a gente tem que ter uma chapa para que a gente consiga reeleger\u2026 a quest\u00e3o do debate da seguran\u00e7a \u00e9 algo mesmo que \u00e9 um gargalo\u201d, admitiu.<\/p>\n<p>Nos bastidores, a circula\u00e7\u00e3o do boato sobre uma poss\u00edvel desist\u00eancia de Jer\u00f4nimo teria ganhado for\u00e7a ap\u00f3s o presidente Lula receber uma pesquisa qualitativa em que o desempenho do governador aparece aqu\u00e9m do esperado. Uma fonte ouvida pelo Blog do Vila atribuiu a \u201cplanta\u00e7\u00e3o\u201d ao grupo do ex-prefeito ACM Neto (Uni\u00e3o Brasil), que teria tido acesso aos n\u00fameros.<\/p>\n<p>Foto: Evil\u00e1sio J\u00fanior<br \/>\nFonte: <a href=\"https:\/\/www.blogdovila.com.br\/noticia\/marta-boato\">Blog do Vila<\/a><\/p>\n","protected":false},"excerpt":{"rendered":"<p>Vereadora de Salvador afirma que governador \u00e9 o candidato natural do partido e classifica rumores como \u201cnotas plantadas\u201d; petista tamb\u00e9m<\/p>\n","protected":false},"author":4,"featured_media":19798,"comment_status":"open","ping_status":"open","sticky":false,"template":"","format":"standard","meta":{"colormag_page_container_layout":"default_layout","colormag_page_sidebar_layout":"default_layout","_FSMCFIC_featured_image_caption":"","_FSMCFIC_featured_image_nocaption":"","_FSMCFIC_featured_image_hide":"","footnotes":""},"categories":[5,1],"tags":[],"class_list":["post-19797","post","type-post","status-publish","format-standard","has-post-thumbnail","hentry","category-politica","category-ultimas"],"yoast_head":"<!-- This site is optimized with the Yoast SEO plugin v27.1.1 - https:\/\/yoast.com\/product\/yoast-seo-wordpress\/ -->\n<title>&#039;Requentado e desrespeitoso&#039;: Marta desmente &#039;troca na cabe\u00e7a de chapa&#039;, garante Jer\u00f4nimo e diz que PT n\u00e3o decide &#039;por site&#039; - Brasil not\u00edcias<\/title>\n<meta name=\"robots\" content=\"index, follow, max-snippet:-1, max-image-preview:large, max-video-preview:-1\" \/>\n<link rel=\"canonical\" href=\"https:\/\/brasilnoticias.org\/site\/requentado-e-desrespeitoso-marta-desmente-troca-na-cabeca-de-chapa-garante-jeronimo-e-diz-que-pt-nao-decide-por-site\/\" \/>\n<meta property=\"og:locale\" content=\"pt_PT\" \/>\n<meta property=\"og:type\" content=\"article\" \/>\n<meta property=\"og:title\" content=\"&#039;Requentado e desrespeitoso&#039;: Marta desmente &#039;troca na cabe\u00e7a de chapa&#039;, garante Jer\u00f4nimo e diz que PT n\u00e3o decide &#039;por site&#039; - Brasil not\u00edcias\" \/>\n<meta property=\"og:description\" content=\"Vereadora de Salvador afirma que governador \u00e9 o candidato natural do partido e classifica rumores como \u201cnotas plantadas\u201d; petista tamb\u00e9m\" \/>\n<meta property=\"og:url\" content=\"https:\/\/brasilnoticias.org\/site\/requentado-e-desrespeitoso-marta-desmente-troca-na-cabeca-de-chapa-garante-jeronimo-e-diz-que-pt-nao-decide-por-site\/\" \/>\n<meta property=\"og:site_name\" content=\"Brasil not\u00edcias\" \/>\n<meta property=\"article:published_time\" content=\"2026-01-23T10:41:08+00:00\" \/>\n<meta property=\"og:image\" content=\"https:\/\/brasilnoticias.org\/site\/wp-content\/uploads\/2026\/01\/WhatsApp-Image-2026-01-22-at-13.52.13.jpeg\" \/>\n\t<meta property=\"og:image:width\" content=\"1280\" \/>\n\t<meta property=\"og:image:height\" content=\"720\" \/>\n\t<meta property=\"og:image:type\" content=\"image\/jpeg\" \/>\n<meta name=\"author\" content=\"Reda\u00e7\u00e3o\" \/>\n<meta name=\"twitter:card\" content=\"summary_large_image\" \/>\n<meta name=\"twitter:label1\" content=\"Escrito por\" \/>\n\t<meta name=\"twitter:data1\" content=\"Reda\u00e7\u00e3o\" \/>\n\t<meta name=\"twitter:label2\" content=\"Tempo estimado de leitura\" \/>\n\t<meta name=\"twitter:data2\" content=\"1 minuto\" \/>\n<script type=\"application\/ld+json\" class=\"yoast-schema-graph\">{\"@context\":\"https:\/\/schema.org\",\"@graph\":[{\"@type\":\"Article\",\"@id\":\"https:\/\/brasilnoticias.org\/site\/requentado-e-desrespeitoso-marta-desmente-troca-na-cabeca-de-chapa-garante-jeronimo-e-diz-que-pt-nao-decide-por-site\/#article\",\"isPartOf\":{\"@id\":\"https:\/\/brasilnoticias.org\/site\/requentado-e-desrespeitoso-marta-desmente-troca-na-cabeca-de-chapa-garante-jeronimo-e-diz-que-pt-nao-decide-por-site\/\"},\"author\":{\"name\":\"Reda\u00e7\u00e3o\",\"@id\":\"https:\/\/brasilnoticias.org\/site\/#\/schema\/person\/03bbbfe6c7634ad18c26444ea39049fa\"},\"headline\":\"&#8216;Requentado e desrespeitoso&#8217;: Marta desmente &#8216;troca na cabe\u00e7a de chapa&#8217;, garante Jer\u00f4nimo e diz que PT n\u00e3o decide &#8216;por site&#8217;\",\"datePublished\":\"2026-01-23T10:41:08+00:00\",\"mainEntityOfPage\":{\"@id\":\"https:\/\/brasilnoticias.org\/site\/requentado-e-desrespeitoso-marta-desmente-troca-na-cabeca-de-chapa-garante-jeronimo-e-diz-que-pt-nao-decide-por-site\/\"},\"wordCount\":923,\"commentCount\":0,\"publisher\":{\"@id\":\"https:\/\/brasilnoticias.org\/site\/#organization\"},\"image\":{\"@id\":\"https:\/\/brasilnoticias.org\/site\/requentado-e-desrespeitoso-marta-desmente-troca-na-cabeca-de-chapa-garante-jeronimo-e-diz-que-pt-nao-decide-por-site\/#primaryimage\"},\"thumbnailUrl\":\"https:\/\/brasilnoticias.org\/site\/wp-content\/uploads\/2026\/01\/WhatsApp-Image-2026-01-22-at-13.52.13.jpeg\",\"articleSection\":[\"Pol\u00edtica\",\"\u00daltimas\"],\"inLanguage\":\"pt-PT\",\"potentialAction\":[{\"@type\":\"CommentAction\",\"name\":\"Comment\",\"target\":[\"https:\/\/brasilnoticias.org\/site\/requentado-e-desrespeitoso-marta-desmente-troca-na-cabeca-de-chapa-garante-jeronimo-e-diz-que-pt-nao-decide-por-site\/#respond\"]}]},{\"@type\":\"WebPage\",\"@id\":\"https:\/\/brasilnoticias.org\/site\/requentado-e-desrespeitoso-marta-desmente-troca-na-cabeca-de-chapa-garante-jeronimo-e-diz-que-pt-nao-decide-por-site\/\",\"url\":\"https:\/\/brasilnoticias.org\/site\/requentado-e-desrespeitoso-marta-desmente-troca-na-cabeca-de-chapa-garante-jeronimo-e-diz-que-pt-nao-decide-por-site\/\",\"name\":\"'Requentado e desrespeitoso': Marta desmente 'troca na cabe\u00e7a de chapa', garante Jer\u00f4nimo e diz que PT n\u00e3o decide 'por site' - Brasil not\u00edcias\",\"isPartOf\":{\"@id\":\"https:\/\/brasilnoticias.org\/site\/#website\"},\"primaryImageOfPage\":{\"@id\":\"https:\/\/brasilnoticias.org\/site\/requentado-e-desrespeitoso-marta-desmente-troca-na-cabeca-de-chapa-garante-jeronimo-e-diz-que-pt-nao-decide-por-site\/#primaryimage\"},\"image\":{\"@id\":\"https:\/\/brasilnoticias.org\/site\/requentado-e-desrespeitoso-marta-desmente-troca-na-cabeca-de-chapa-garante-jeronimo-e-diz-que-pt-nao-decide-por-site\/#primaryimage\"},\"thumbnailUrl\":\"https:\/\/brasilnoticias.org\/site\/wp-content\/uploads\/2026\/01\/WhatsApp-Image-2026-01-22-at-13.52.13.jpeg\",\"datePublished\":\"2026-01-23T10:41:08+00:00\",\"breadcrumb\":{\"@id\":\"https:\/\/brasilnoticias.org\/site\/requentado-e-desrespeitoso-marta-desmente-troca-na-cabeca-de-chapa-garante-jeronimo-e-diz-que-pt-nao-decide-por-site\/#breadcrumb\"},\"inLanguage\":\"pt-PT\",\"potentialAction\":[{\"@type\":\"ReadAction\",\"target\":[\"https:\/\/brasilnoticias.org\/site\/requentado-e-desrespeitoso-marta-desmente-troca-na-cabeca-de-chapa-garante-jeronimo-e-diz-que-pt-nao-decide-por-site\/\"]}]},{\"@type\":\"ImageObject\",\"inLanguage\":\"pt-PT\",\"@id\":\"https:\/\/brasilnoticias.org\/site\/requentado-e-desrespeitoso-marta-desmente-troca-na-cabeca-de-chapa-garante-jeronimo-e-diz-que-pt-nao-decide-por-site\/#primaryimage\",\"url\":\"https:\/\/brasilnoticias.org\/site\/wp-content\/uploads\/2026\/01\/WhatsApp-Image-2026-01-22-at-13.52.13.jpeg\",\"contentUrl\":\"https:\/\/brasilnoticias.org\/site\/wp-content\/uploads\/2026\/01\/WhatsApp-Image-2026-01-22-at-13.52.13.jpeg\",\"width\":1280,\"height\":720},{\"@type\":\"BreadcrumbList\",\"@id\":\"https:\/\/brasilnoticias.org\/site\/requentado-e-desrespeitoso-marta-desmente-troca-na-cabeca-de-chapa-garante-jeronimo-e-diz-que-pt-nao-decide-por-site\/#breadcrumb\",\"itemListElement\":[{\"@type\":\"ListItem\",\"position\":1,\"name\":\"In\u00edcio\",\"item\":\"https:\/\/brasilnoticias.org\/site\/\"},{\"@type\":\"ListItem\",\"position\":2,\"name\":\"&#8216;Requentado e desrespeitoso&#8217;: Marta desmente &#8216;troca na cabe\u00e7a de chapa&#8217;, garante Jer\u00f4nimo e diz que PT n\u00e3o decide &#8216;por site&#8217;\"}]},{\"@type\":\"WebSite\",\"@id\":\"https:\/\/brasilnoticias.org\/site\/#website\",\"url\":\"https:\/\/brasilnoticias.org\/site\/\",\"name\":\"Brasil not\u00edcias\",\"description\":\"Brasil not\u00edcias\",\"publisher\":{\"@id\":\"https:\/\/brasilnoticias.org\/site\/#organization\"},\"potentialAction\":[{\"@type\":\"SearchAction\",\"target\":{\"@type\":\"EntryPoint\",\"urlTemplate\":\"https:\/\/brasilnoticias.org\/site\/?s={search_term_string}\"},\"query-input\":{\"@type\":\"PropertyValueSpecification\",\"valueRequired\":true,\"valueName\":\"search_term_string\"}}],\"inLanguage\":\"pt-PT\"},{\"@type\":\"Organization\",\"@id\":\"https:\/\/brasilnoticias.org\/site\/#organization\",\"name\":\"Brasil not\u00edcias\",\"url\":\"https:\/\/brasilnoticias.org\/site\/\",\"logo\":{\"@type\":\"ImageObject\",\"inLanguage\":\"pt-PT\",\"@id\":\"https:\/\/brasilnoticias.org\/site\/#\/schema\/logo\/image\/\",\"url\":\"https:\/\/brasilnoticias.org\/site\/wp-content\/uploads\/2022\/05\/cropped-brasilnoticias-mini.jpg\",\"contentUrl\":\"https:\/\/brasilnoticias.org\/site\/wp-content\/uploads\/2022\/05\/cropped-brasilnoticias-mini.jpg\",\"width\":314,\"height\":86,\"caption\":\"Brasil not\u00edcias\"},\"image\":{\"@id\":\"https:\/\/brasilnoticias.org\/site\/#\/schema\/logo\/image\/\"}},{\"@type\":\"Person\",\"@id\":\"https:\/\/brasilnoticias.org\/site\/#\/schema\/person\/03bbbfe6c7634ad18c26444ea39049fa\",\"name\":\"Reda\u00e7\u00e3o\",\"image\":{\"@type\":\"ImageObject\",\"inLanguage\":\"pt-PT\",\"@id\":\"https:\/\/brasilnoticias.org\/site\/#\/schema\/person\/image\/\",\"url\":\"https:\/\/secure.gravatar.com\/avatar\/9ecaf7327a696cb23ad926fedded5f1f04d7049de9e445375d55b48c001a6e42?s=96&d=mm&r=g\",\"contentUrl\":\"https:\/\/secure.gravatar.com\/avatar\/9ecaf7327a696cb23ad926fedded5f1f04d7049de9e445375d55b48c001a6e42?s=96&d=mm&r=g\",\"caption\":\"Reda\u00e7\u00e3o\"},\"url\":\"https:\/\/brasilnoticias.org\/site\/author\/henrique\/\"}]}<\/script>\n<!-- \/ Yoast SEO plugin. -->","yoast_head_json":{"title":"'Requentado e desrespeitoso': Marta desmente 'troca na cabe\u00e7a de chapa', garante Jer\u00f4nimo e diz que PT n\u00e3o decide 'por site' - Brasil not\u00edcias","robots":{"index":"index","follow":"follow","max-snippet":"max-snippet:-1","max-image-preview":"max-image-preview:large","max-video-preview":"max-video-preview:-1"},"canonical":"https:\/\/brasilnoticias.org\/site\/requentado-e-desrespeitoso-marta-desmente-troca-na-cabeca-de-chapa-garante-jeronimo-e-diz-que-pt-nao-decide-por-site\/","og_locale":"pt_PT","og_type":"article","og_title":"'Requentado e desrespeitoso': Marta desmente 'troca na cabe\u00e7a de chapa', garante Jer\u00f4nimo e diz que PT n\u00e3o decide 'por site' - Brasil not\u00edcias","og_description":"Vereadora de Salvador afirma que governador \u00e9 o candidato natural do partido e classifica rumores como \u201cnotas plantadas\u201d; petista tamb\u00e9m","og_url":"https:\/\/brasilnoticias.org\/site\/requentado-e-desrespeitoso-marta-desmente-troca-na-cabeca-de-chapa-garante-jeronimo-e-diz-que-pt-nao-decide-por-site\/","og_site_name":"Brasil not\u00edcias","article_published_time":"2026-01-23T10:41:08+00:00","og_image":[{"width":1280,"height":720,"url":"https:\/\/brasilnoticias.org\/site\/wp-content\/uploads\/2026\/01\/WhatsApp-Image-2026-01-22-at-13.52.13.jpeg","type":"image\/jpeg"}],"author":"Reda\u00e7\u00e3o","twitter_card":"summary_large_image","twitter_misc":{"Escrito por":"Reda\u00e7\u00e3o","Tempo estimado de leitura":"1 minuto"},"schema":{"@context":"https:\/\/schema.org","@graph":[{"@type":"Article","@id":"https:\/\/brasilnoticias.org\/site\/requentado-e-desrespeitoso-marta-desmente-troca-na-cabeca-de-chapa-garante-jeronimo-e-diz-que-pt-nao-decide-por-site\/#article","isPartOf":{"@id":"https:\/\/brasilnoticias.org\/site\/requentado-e-desrespeitoso-marta-desmente-troca-na-cabeca-de-chapa-garante-jeronimo-e-diz-que-pt-nao-decide-por-site\/"},"author":{"name":"Reda\u00e7\u00e3o","@id":"https:\/\/brasilnoticias.org\/site\/#\/schema\/person\/03bbbfe6c7634ad18c26444ea39049fa"},"headline":"&#8216;Requentado e desrespeitoso&#8217;: Marta desmente &#8216;troca na cabe\u00e7a de chapa&#8217;, garante Jer\u00f4nimo e diz que PT n\u00e3o decide &#8216;por site&#8217;","datePublished":"2026-01-23T10:41:08+00:00","mainEntityOfPage":{"@id":"https:\/\/brasilnoticias.org\/site\/requentado-e-desrespeitoso-marta-desmente-troca-na-cabeca-de-chapa-garante-jeronimo-e-diz-que-pt-nao-decide-por-site\/"},"wordCount":923,"commentCount":0,"publisher":{"@id":"https:\/\/brasilnoticias.org\/site\/#organization"},"image":{"@id":"https:\/\/brasilnoticias.org\/site\/requentado-e-desrespeitoso-marta-desmente-troca-na-cabeca-de-chapa-garante-jeronimo-e-diz-que-pt-nao-decide-por-site\/#primaryimage"},"thumbnailUrl":"https:\/\/brasilnoticias.org\/site\/wp-content\/uploads\/2026\/01\/WhatsApp-Image-2026-01-22-at-13.52.13.jpeg","articleSection":["Pol\u00edtica","\u00daltimas"],"inLanguage":"pt-PT","potentialAction":[{"@type":"CommentAction","name":"Comment","target":["https:\/\/brasilnoticias.org\/site\/requentado-e-desrespeitoso-marta-desmente-troca-na-cabeca-de-chapa-garante-jeronimo-e-diz-que-pt-nao-decide-por-site\/#respond"]}]},{"@type":"WebPage","@id":"https:\/\/brasilnoticias.org\/site\/requentado-e-desrespeitoso-marta-desmente-troca-na-cabeca-de-chapa-garante-jeronimo-e-diz-que-pt-nao-decide-por-site\/","url":"https:\/\/brasilnoticias.org\/site\/requentado-e-desrespeitoso-marta-desmente-troca-na-cabeca-de-chapa-garante-jeronimo-e-diz-que-pt-nao-decide-por-site\/","name":"'Requentado e desrespeitoso': Marta desmente 'troca na cabe\u00e7a de chapa', garante Jer\u00f4nimo e diz que PT n\u00e3o decide 'por site' - Brasil not\u00edcias","isPartOf":{"@id":"https:\/\/brasilnoticias.org\/site\/#website"},"primaryImageOfPage":{"@id":"https:\/\/brasilnoticias.org\/site\/requentado-e-desrespeitoso-marta-desmente-troca-na-cabeca-de-chapa-garante-jeronimo-e-diz-que-pt-nao-decide-por-site\/#primaryimage"},"image":{"@id":"https:\/\/brasilnoticias.org\/site\/requentado-e-desrespeitoso-marta-desmente-troca-na-cabeca-de-chapa-garante-jeronimo-e-diz-que-pt-nao-decide-por-site\/#primaryimage"},"thumbnailUrl":"https:\/\/brasilnoticias.org\/site\/wp-content\/uploads\/2026\/01\/WhatsApp-Image-2026-01-22-at-13.52.13.jpeg","datePublished":"2026-01-23T10:41:08+00:00","breadcrumb":{"@id":"https:\/\/brasilnoticias.org\/site\/requentado-e-desrespeitoso-marta-desmente-troca-na-cabeca-de-chapa-garante-jeronimo-e-diz-que-pt-nao-decide-por-site\/#breadcrumb"},"inLanguage":"pt-PT","potentialAction":[{"@type":"ReadAction","target":["https:\/\/brasilnoticias.org\/site\/requentado-e-desrespeitoso-marta-desmente-troca-na-cabeca-de-chapa-garante-jeronimo-e-diz-que-pt-nao-decide-por-site\/"]}]},{"@type":"ImageObject","inLanguage":"pt-PT","@id":"https:\/\/brasilnoticias.org\/site\/requentado-e-desrespeitoso-marta-desmente-troca-na-cabeca-de-chapa-garante-jeronimo-e-diz-que-pt-nao-decide-por-site\/#primaryimage","url":"https:\/\/brasilnoticias.org\/site\/wp-content\/uploads\/2026\/01\/WhatsApp-Image-2026-01-22-at-13.52.13.jpeg","contentUrl":"https:\/\/brasilnoticias.org\/site\/wp-content\/uploads\/2026\/01\/WhatsApp-Image-2026-01-22-at-13.52.13.jpeg","width":1280,"height":720},{"@type":"BreadcrumbList","@id":"https:\/\/brasilnoticias.org\/site\/requentado-e-desrespeitoso-marta-desmente-troca-na-cabeca-de-chapa-garante-jeronimo-e-diz-que-pt-nao-decide-por-site\/#breadcrumb","itemListElement":[{"@type":"ListItem","position":1,"name":"In\u00edcio","item":"https:\/\/brasilnoticias.org\/site\/"},{"@type":"ListItem","position":2,"name":"&#8216;Requentado e desrespeitoso&#8217;: Marta desmente &#8216;troca na cabe\u00e7a de chapa&#8217;, garante Jer\u00f4nimo e diz que PT n\u00e3o decide &#8216;por site&#8217;"}]},{"@type":"WebSite","@id":"https:\/\/brasilnoticias.org\/site\/#website","url":"https:\/\/brasilnoticias.org\/site\/","name":"Brasil not\u00edcias","description":"Brasil not\u00edcias","publisher":{"@id":"https:\/\/brasilnoticias.org\/site\/#organization"},"potentialAction":[{"@type":"SearchAction","target":{"@type":"EntryPoint","urlTemplate":"https:\/\/brasilnoticias.org\/site\/?s={search_term_string}"},"query-input":{"@type":"PropertyValueSpecification","valueRequired":true,"valueName":"search_term_string"}}],"inLanguage":"pt-PT"},{"@type":"Organization","@id":"https:\/\/brasilnoticias.org\/site\/#organization","name":"Brasil not\u00edcias","url":"https:\/\/brasilnoticias.org\/site\/","logo":{"@type":"ImageObject","inLanguage":"pt-PT","@id":"https:\/\/brasilnoticias.org\/site\/#\/schema\/logo\/image\/","url":"https:\/\/brasilnoticias.org\/site\/wp-content\/uploads\/2022\/05\/cropped-brasilnoticias-mini.jpg","contentUrl":"https:\/\/brasilnoticias.org\/site\/wp-content\/uploads\/2022\/05\/cropped-brasilnoticias-mini.jpg","width":314,"height":86,"caption":"Brasil not\u00edcias"},"image":{"@id":"https:\/\/brasilnoticias.org\/site\/#\/schema\/logo\/image\/"}},{"@type":"Person","@id":"https:\/\/brasilnoticias.org\/site\/#\/schema\/person\/03bbbfe6c7634ad18c26444ea39049fa","name":"Reda\u00e7\u00e3o","image":{"@type":"ImageObject","inLanguage":"pt-PT","@id":"https:\/\/brasilnoticias.org\/site\/#\/schema\/person\/image\/","url":"https:\/\/secure.gravatar.com\/avatar\/9ecaf7327a696cb23ad926fedded5f1f04d7049de9e445375d55b48c001a6e42?s=96&d=mm&r=g","contentUrl":"https:\/\/secure.gravatar.com\/avatar\/9ecaf7327a696cb23ad926fedded5f1f04d7049de9e445375d55b48c001a6e42?s=96&d=mm&r=g","caption":"Reda\u00e7\u00e3o"},"url":"https:\/\/brasilnoticias.org\/site\/author\/henrique\/"}]}},"_links":{"self":[{"href":"https:\/\/brasilnoticias.org\/site\/wp-json\/wp\/v2\/posts\/19797","targetHints":{"allow":["GET"]}}],"collection":[{"href":"https:\/\/brasilnoticias.org\/site\/wp-json\/wp\/v2\/posts"}],"about":[{"href":"https:\/\/brasilnoticias.org\/site\/wp-json\/wp\/v2\/types\/post"}],"author":[{"embeddable":true,"href":"https:\/\/brasilnoticias.org\/site\/wp-json\/wp\/v2\/users\/4"}],"replies":[{"embeddable":true,"href":"https:\/\/brasilnoticias.org\/site\/wp-json\/wp\/v2\/comments?post=19797"}],"version-history":[{"count":1,"href":"https:\/\/brasilnoticias.org\/site\/wp-json\/wp\/v2\/posts\/19797\/revisions"}],"predecessor-version":[{"id":19799,"href":"https:\/\/brasilnoticias.org\/site\/wp-json\/wp\/v2\/posts\/19797\/revisions\/19799"}],"wp:featuredmedia":[{"embeddable":true,"href":"https:\/\/brasilnoticias.org\/site\/wp-json\/wp\/v2\/media\/19798"}],"wp:attachment":[{"href":"https:\/\/brasilnoticias.org\/site\/wp-json\/wp\/v2\/media?parent=19797"}],"wp:term":[{"taxonomy":"category","embeddable":true,"href":"https:\/\/brasilnoticias.org\/site\/wp-json\/wp\/v2\/categories?post=19797"},{"taxonomy":"post_tag","embeddable":true,"href":"https:\/\/brasilnoticias.org\/site\/wp-json\/wp\/v2\/tags?post=19797"}],"curies":[{"name":"wp","href":"https:\/\/api.w.org\/{rel}","templated":true}]}}