{"id":19813,"date":"2026-01-26T05:48:19","date_gmt":"2026-01-26T08:48:19","guid":{"rendered":"https:\/\/brasilnoticias.org\/site\/?p=19813"},"modified":"2026-01-26T05:48:19","modified_gmt":"2026-01-26T08:48:19","slug":"novo-viaduto-no-iguatemi-e-entregue-nesta-segunda-feira-26","status":"publish","type":"post","link":"https:\/\/brasilnoticias.org\/site\/novo-viaduto-no-iguatemi-e-entregue-nesta-segunda-feira-26\/","title":{"rendered":"Novo viaduto no Iguatemi \u00e9 entregue nesta segunda-feira (26)"},"content":{"rendered":"<p>Foi inaugurado nesta segunda-feira (26 de janeiro de 2026) o novo viaduto no bairro do Iguatemi, em Salvador, em uma cerim\u00f4nia que contou com a presen\u00e7a de autoridades municipais e representantes da comunidade local. A obra faz parte de um conjunto de interven\u00e7\u00f5es de mobilidade urbana que visam melhorar o tr\u00e1fego na regi\u00e3o, reduzir engarrafamentos e proporcionar mais seguran\u00e7a aos motoristas e pedestres.<\/p>\n<p>O novo viaduto integra uma importante interse\u00e7\u00e3o vi\u00e1ria que liga bairros estrat\u00e9gicos da capital baiana, facilitando o deslocamento entre \u00e1reas residenciais e comerciais, al\u00e9m de desafogar o tr\u00e2nsito em vias pr\u00f3ximas. Segundo a prefeitura, a estrutura trar\u00e1 mais fluidez ao tr\u00e2nsito, especialmente nos hor\u00e1rios de pico, e deve beneficiar milhares de pessoas que circulam pela regi\u00e3o diariamente.<\/p>\n<p>As autoridades destacaram que a obra \u00e9 um investimento em infraestrutura e desenvolvimento urbano, pensado para acompanhar o crescimento populacional da cidade e as demandas por maior efici\u00eancia na mobilidade. A constru\u00e7\u00e3o contou com planejamento t\u00e9cnico, engenharia especializada e integra\u00e7\u00e3o com outros projetos vi\u00e1rios, refor\u00e7ando o compromisso com solu\u00e7\u00f5es de tr\u00e1fego mais modernas.<\/p>\n<p>Moradores e comerciantes da \u00e1rea receberam com aprova\u00e7\u00e3o a nova estrutura, afirmando que a melhoria contribuir\u00e1 para o aumento da seguran\u00e7a vi\u00e1ria, menor tempo de deslocamento e est\u00edmulo ao com\u00e9rcio local, gra\u00e7as ao melhor fluxo de carros e transporte coletivo.<\/p>\n<p>A administra\u00e7\u00e3o municipal informou que seguir\u00e1 acompanhando a opera\u00e7\u00e3o do viaduto nos pr\u00f3ximos dias para garantir que o tr\u00e1fego esteja fluindo corretamente e que n\u00e3o ocorram transtornos aos usu\u00e1rios.<\/p>\n<p>Foto: Betto Jr.\/Secom PMS<br \/>\nFonte: Metro1<\/p>\n","protected":false},"excerpt":{"rendered":"<p>Foi inaugurado nesta segunda-feira (26 de janeiro de 2026) o novo viaduto no bairro do Iguatemi, em Salvador, em uma<\/p>\n","protected":false},"author":4,"featured_media":19814,"comment_status":"open","ping_status":"open","sticky":false,"template":"","format":"standard","meta":{"colormag_page_container_layout":"default_layout","colormag_page_sidebar_layout":"default_layout","_FSMCFIC_featured_image_caption":"","_FSMCFIC_featured_image_nocaption":"","_FSMCFIC_featured_image_hide":"","footnotes":""},"categories":[2,1],"tags":[],"class_list":["post-19813","post","type-post","status-publish","format-standard","has-post-thumbnail","hentry","category-noticias","category-ultimas"],"yoast_head":"<!-- This site is optimized with the Yoast SEO plugin v27.1.1 - https:\/\/yoast.com\/product\/yoast-seo-wordpress\/ -->\n<title>Novo viaduto no Iguatemi \u00e9 entregue nesta segunda-feira (26) - Brasil not\u00edcias<\/title>\n<meta name=\"robots\" content=\"index, follow, max-snippet:-1, max-image-preview:large, max-video-preview:-1\" \/>\n<link rel=\"canonical\" href=\"https:\/\/brasilnoticias.org\/site\/novo-viaduto-no-iguatemi-e-entregue-nesta-segunda-feira-26\/\" \/>\n<meta property=\"og:locale\" content=\"pt_PT\" \/>\n<meta property=\"og:type\" content=\"article\" \/>\n<meta property=\"og:title\" content=\"Novo viaduto no Iguatemi \u00e9 entregue nesta segunda-feira (26) - Brasil not\u00edcias\" \/>\n<meta property=\"og:description\" content=\"Foi inaugurado nesta segunda-feira (26 de janeiro de 2026) o novo viaduto no bairro do Iguatemi, em Salvador, em uma\" \/>\n<meta property=\"og:url\" content=\"https:\/\/brasilnoticias.org\/site\/novo-viaduto-no-iguatemi-e-entregue-nesta-segunda-feira-26\/\" \/>\n<meta property=\"og:site_name\" content=\"Brasil not\u00edcias\" \/>\n<meta property=\"article:published_time\" content=\"2026-01-26T08:48:19+00:00\" \/>\n<meta property=\"og:image\" content=\"https:\/\/brasilnoticias.org\/site\/wp-content\/uploads\/2026\/01\/176764novo-viaduto-no-iguatemi-e-entregue-nesta-segunda-feira-26-3.jpg\" \/>\n\t<meta property=\"og:image:width\" content=\"1600\" \/>\n\t<meta property=\"og:image:height\" content=\"752\" \/>\n\t<meta property=\"og:image:type\" content=\"image\/jpeg\" \/>\n<meta name=\"author\" content=\"Reda\u00e7\u00e3o\" \/>\n<meta name=\"twitter:card\" content=\"summary_large_image\" \/>\n<meta name=\"twitter:label1\" content=\"Escrito por\" \/>\n\t<meta name=\"twitter:data1\" content=\"Reda\u00e7\u00e3o\" \/>\n\t<meta name=\"twitter:label2\" content=\"Tempo estimado de leitura\" \/>\n\t<meta name=\"twitter:data2\" content=\"1 minuto\" \/>\n<script type=\"application\/ld+json\" class=\"yoast-schema-graph\">{\"@context\":\"https:\/\/schema.org\",\"@graph\":[{\"@type\":\"Article\",\"@id\":\"https:\/\/brasilnoticias.org\/site\/novo-viaduto-no-iguatemi-e-entregue-nesta-segunda-feira-26\/#article\",\"isPartOf\":{\"@id\":\"https:\/\/brasilnoticias.org\/site\/novo-viaduto-no-iguatemi-e-entregue-nesta-segunda-feira-26\/\"},\"author\":{\"name\":\"Reda\u00e7\u00e3o\",\"@id\":\"https:\/\/brasilnoticias.org\/site\/#\/schema\/person\/03bbbfe6c7634ad18c26444ea39049fa\"},\"headline\":\"Novo viaduto no Iguatemi \u00e9 entregue nesta segunda-feira (26)\",\"datePublished\":\"2026-01-26T08:48:19+00:00\",\"mainEntityOfPage\":{\"@id\":\"https:\/\/brasilnoticias.org\/site\/novo-viaduto-no-iguatemi-e-entregue-nesta-segunda-feira-26\/\"},\"wordCount\":288,\"commentCount\":0,\"publisher\":{\"@id\":\"https:\/\/brasilnoticias.org\/site\/#organization\"},\"image\":{\"@id\":\"https:\/\/brasilnoticias.org\/site\/novo-viaduto-no-iguatemi-e-entregue-nesta-segunda-feira-26\/#primaryimage\"},\"thumbnailUrl\":\"https:\/\/brasilnoticias.org\/site\/wp-content\/uploads\/2026\/01\/176764novo-viaduto-no-iguatemi-e-entregue-nesta-segunda-feira-26-3.jpg\",\"articleSection\":[\"Not\u00edcias\",\"\u00daltimas\"],\"inLanguage\":\"pt-PT\",\"potentialAction\":[{\"@type\":\"CommentAction\",\"name\":\"Comment\",\"target\":[\"https:\/\/brasilnoticias.org\/site\/novo-viaduto-no-iguatemi-e-entregue-nesta-segunda-feira-26\/#respond\"]}]},{\"@type\":\"WebPage\",\"@id\":\"https:\/\/brasilnoticias.org\/site\/novo-viaduto-no-iguatemi-e-entregue-nesta-segunda-feira-26\/\",\"url\":\"https:\/\/brasilnoticias.org\/site\/novo-viaduto-no-iguatemi-e-entregue-nesta-segunda-feira-26\/\",\"name\":\"Novo viaduto no Iguatemi \u00e9 entregue nesta segunda-feira (26) - Brasil not\u00edcias\",\"isPartOf\":{\"@id\":\"https:\/\/brasilnoticias.org\/site\/#website\"},\"primaryImageOfPage\":{\"@id\":\"https:\/\/brasilnoticias.org\/site\/novo-viaduto-no-iguatemi-e-entregue-nesta-segunda-feira-26\/#primaryimage\"},\"image\":{\"@id\":\"https:\/\/brasilnoticias.org\/site\/novo-viaduto-no-iguatemi-e-entregue-nesta-segunda-feira-26\/#primaryimage\"},\"thumbnailUrl\":\"https:\/\/brasilnoticias.org\/site\/wp-content\/uploads\/2026\/01\/176764novo-viaduto-no-iguatemi-e-entregue-nesta-segunda-feira-26-3.jpg\",\"datePublished\":\"2026-01-26T08:48:19+00:00\",\"breadcrumb\":{\"@id\":\"https:\/\/brasilnoticias.org\/site\/novo-viaduto-no-iguatemi-e-entregue-nesta-segunda-feira-26\/#breadcrumb\"},\"inLanguage\":\"pt-PT\",\"potentialAction\":[{\"@type\":\"ReadAction\",\"target\":[\"https:\/\/brasilnoticias.org\/site\/novo-viaduto-no-iguatemi-e-entregue-nesta-segunda-feira-26\/\"]}]},{\"@type\":\"ImageObject\",\"inLanguage\":\"pt-PT\",\"@id\":\"https:\/\/brasilnoticias.org\/site\/novo-viaduto-no-iguatemi-e-entregue-nesta-segunda-feira-26\/#primaryimage\",\"url\":\"https:\/\/brasilnoticias.org\/site\/wp-content\/uploads\/2026\/01\/176764novo-viaduto-no-iguatemi-e-entregue-nesta-segunda-feira-26-3.jpg\",\"contentUrl\":\"https:\/\/brasilnoticias.org\/site\/wp-content\/uploads\/2026\/01\/176764novo-viaduto-no-iguatemi-e-entregue-nesta-segunda-feira-26-3.jpg\",\"width\":1600,\"height\":752},{\"@type\":\"BreadcrumbList\",\"@id\":\"https:\/\/brasilnoticias.org\/site\/novo-viaduto-no-iguatemi-e-entregue-nesta-segunda-feira-26\/#breadcrumb\",\"itemListElement\":[{\"@type\":\"ListItem\",\"position\":1,\"name\":\"In\u00edcio\",\"item\":\"https:\/\/brasilnoticias.org\/site\/\"},{\"@type\":\"ListItem\",\"position\":2,\"name\":\"Novo viaduto no Iguatemi \u00e9 entregue nesta segunda-feira (26)\"}]},{\"@type\":\"WebSite\",\"@id\":\"https:\/\/brasilnoticias.org\/site\/#website\",\"url\":\"https:\/\/brasilnoticias.org\/site\/\",\"name\":\"Brasil not\u00edcias\",\"description\":\"Brasil not\u00edcias\",\"publisher\":{\"@id\":\"https:\/\/brasilnoticias.org\/site\/#organization\"},\"potentialAction\":[{\"@type\":\"SearchAction\",\"target\":{\"@type\":\"EntryPoint\",\"urlTemplate\":\"https:\/\/brasilnoticias.org\/site\/?s={search_term_string}\"},\"query-input\":{\"@type\":\"PropertyValueSpecification\",\"valueRequired\":true,\"valueName\":\"search_term_string\"}}],\"inLanguage\":\"pt-PT\"},{\"@type\":\"Organization\",\"@id\":\"https:\/\/brasilnoticias.org\/site\/#organization\",\"name\":\"Brasil not\u00edcias\",\"url\":\"https:\/\/brasilnoticias.org\/site\/\",\"logo\":{\"@type\":\"ImageObject\",\"inLanguage\":\"pt-PT\",\"@id\":\"https:\/\/brasilnoticias.org\/site\/#\/schema\/logo\/image\/\",\"url\":\"https:\/\/brasilnoticias.org\/site\/wp-content\/uploads\/2022\/05\/cropped-brasilnoticias-mini.jpg\",\"contentUrl\":\"https:\/\/brasilnoticias.org\/site\/wp-content\/uploads\/2022\/05\/cropped-brasilnoticias-mini.jpg\",\"width\":314,\"height\":86,\"caption\":\"Brasil not\u00edcias\"},\"image\":{\"@id\":\"https:\/\/brasilnoticias.org\/site\/#\/schema\/logo\/image\/\"}},{\"@type\":\"Person\",\"@id\":\"https:\/\/brasilnoticias.org\/site\/#\/schema\/person\/03bbbfe6c7634ad18c26444ea39049fa\",\"name\":\"Reda\u00e7\u00e3o\",\"image\":{\"@type\":\"ImageObject\",\"inLanguage\":\"pt-PT\",\"@id\":\"https:\/\/brasilnoticias.org\/site\/#\/schema\/person\/image\/\",\"url\":\"https:\/\/secure.gravatar.com\/avatar\/9ecaf7327a696cb23ad926fedded5f1f04d7049de9e445375d55b48c001a6e42?s=96&d=mm&r=g\",\"contentUrl\":\"https:\/\/secure.gravatar.com\/avatar\/9ecaf7327a696cb23ad926fedded5f1f04d7049de9e445375d55b48c001a6e42?s=96&d=mm&r=g\",\"caption\":\"Reda\u00e7\u00e3o\"},\"url\":\"https:\/\/brasilnoticias.org\/site\/author\/henrique\/\"}]}<\/script>\n<!-- \/ Yoast SEO plugin. -->","yoast_head_json":{"title":"Novo viaduto no Iguatemi \u00e9 entregue nesta segunda-feira (26) - Brasil not\u00edcias","robots":{"index":"index","follow":"follow","max-snippet":"max-snippet:-1","max-image-preview":"max-image-preview:large","max-video-preview":"max-video-preview:-1"},"canonical":"https:\/\/brasilnoticias.org\/site\/novo-viaduto-no-iguatemi-e-entregue-nesta-segunda-feira-26\/","og_locale":"pt_PT","og_type":"article","og_title":"Novo viaduto no Iguatemi \u00e9 entregue nesta segunda-feira (26) - Brasil not\u00edcias","og_description":"Foi inaugurado nesta segunda-feira (26 de janeiro de 2026) o novo viaduto no bairro do Iguatemi, em Salvador, em uma","og_url":"https:\/\/brasilnoticias.org\/site\/novo-viaduto-no-iguatemi-e-entregue-nesta-segunda-feira-26\/","og_site_name":"Brasil not\u00edcias","article_published_time":"2026-01-26T08:48:19+00:00","og_image":[{"width":1600,"height":752,"url":"https:\/\/brasilnoticias.org\/site\/wp-content\/uploads\/2026\/01\/176764novo-viaduto-no-iguatemi-e-entregue-nesta-segunda-feira-26-3.jpg","type":"image\/jpeg"}],"author":"Reda\u00e7\u00e3o","twitter_card":"summary_large_image","twitter_misc":{"Escrito por":"Reda\u00e7\u00e3o","Tempo estimado de leitura":"1 minuto"},"schema":{"@context":"https:\/\/schema.org","@graph":[{"@type":"Article","@id":"https:\/\/brasilnoticias.org\/site\/novo-viaduto-no-iguatemi-e-entregue-nesta-segunda-feira-26\/#article","isPartOf":{"@id":"https:\/\/brasilnoticias.org\/site\/novo-viaduto-no-iguatemi-e-entregue-nesta-segunda-feira-26\/"},"author":{"name":"Reda\u00e7\u00e3o","@id":"https:\/\/brasilnoticias.org\/site\/#\/schema\/person\/03bbbfe6c7634ad18c26444ea39049fa"},"headline":"Novo viaduto no Iguatemi \u00e9 entregue nesta segunda-feira (26)","datePublished":"2026-01-26T08:48:19+00:00","mainEntityOfPage":{"@id":"https:\/\/brasilnoticias.org\/site\/novo-viaduto-no-iguatemi-e-entregue-nesta-segunda-feira-26\/"},"wordCount":288,"commentCount":0,"publisher":{"@id":"https:\/\/brasilnoticias.org\/site\/#organization"},"image":{"@id":"https:\/\/brasilnoticias.org\/site\/novo-viaduto-no-iguatemi-e-entregue-nesta-segunda-feira-26\/#primaryimage"},"thumbnailUrl":"https:\/\/brasilnoticias.org\/site\/wp-content\/uploads\/2026\/01\/176764novo-viaduto-no-iguatemi-e-entregue-nesta-segunda-feira-26-3.jpg","articleSection":["Not\u00edcias","\u00daltimas"],"inLanguage":"pt-PT","potentialAction":[{"@type":"CommentAction","name":"Comment","target":["https:\/\/brasilnoticias.org\/site\/novo-viaduto-no-iguatemi-e-entregue-nesta-segunda-feira-26\/#respond"]}]},{"@type":"WebPage","@id":"https:\/\/brasilnoticias.org\/site\/novo-viaduto-no-iguatemi-e-entregue-nesta-segunda-feira-26\/","url":"https:\/\/brasilnoticias.org\/site\/novo-viaduto-no-iguatemi-e-entregue-nesta-segunda-feira-26\/","name":"Novo viaduto no Iguatemi \u00e9 entregue nesta segunda-feira (26) - Brasil not\u00edcias","isPartOf":{"@id":"https:\/\/brasilnoticias.org\/site\/#website"},"primaryImageOfPage":{"@id":"https:\/\/brasilnoticias.org\/site\/novo-viaduto-no-iguatemi-e-entregue-nesta-segunda-feira-26\/#primaryimage"},"image":{"@id":"https:\/\/brasilnoticias.org\/site\/novo-viaduto-no-iguatemi-e-entregue-nesta-segunda-feira-26\/#primaryimage"},"thumbnailUrl":"https:\/\/brasilnoticias.org\/site\/wp-content\/uploads\/2026\/01\/176764novo-viaduto-no-iguatemi-e-entregue-nesta-segunda-feira-26-3.jpg","datePublished":"2026-01-26T08:48:19+00:00","breadcrumb":{"@id":"https:\/\/brasilnoticias.org\/site\/novo-viaduto-no-iguatemi-e-entregue-nesta-segunda-feira-26\/#breadcrumb"},"inLanguage":"pt-PT","potentialAction":[{"@type":"ReadAction","target":["https:\/\/brasilnoticias.org\/site\/novo-viaduto-no-iguatemi-e-entregue-nesta-segunda-feira-26\/"]}]},{"@type":"ImageObject","inLanguage":"pt-PT","@id":"https:\/\/brasilnoticias.org\/site\/novo-viaduto-no-iguatemi-e-entregue-nesta-segunda-feira-26\/#primaryimage","url":"https:\/\/brasilnoticias.org\/site\/wp-content\/uploads\/2026\/01\/176764novo-viaduto-no-iguatemi-e-entregue-nesta-segunda-feira-26-3.jpg","contentUrl":"https:\/\/brasilnoticias.org\/site\/wp-content\/uploads\/2026\/01\/176764novo-viaduto-no-iguatemi-e-entregue-nesta-segunda-feira-26-3.jpg","width":1600,"height":752},{"@type":"BreadcrumbList","@id":"https:\/\/brasilnoticias.org\/site\/novo-viaduto-no-iguatemi-e-entregue-nesta-segunda-feira-26\/#breadcrumb","itemListElement":[{"@type":"ListItem","position":1,"name":"In\u00edcio","item":"https:\/\/brasilnoticias.org\/site\/"},{"@type":"ListItem","position":2,"name":"Novo viaduto no Iguatemi \u00e9 entregue nesta segunda-feira (26)"}]},{"@type":"WebSite","@id":"https:\/\/brasilnoticias.org\/site\/#website","url":"https:\/\/brasilnoticias.org\/site\/","name":"Brasil not\u00edcias","description":"Brasil not\u00edcias","publisher":{"@id":"https:\/\/brasilnoticias.org\/site\/#organization"},"potentialAction":[{"@type":"SearchAction","target":{"@type":"EntryPoint","urlTemplate":"https:\/\/brasilnoticias.org\/site\/?s={search_term_string}"},"query-input":{"@type":"PropertyValueSpecification","valueRequired":true,"valueName":"search_term_string"}}],"inLanguage":"pt-PT"},{"@type":"Organization","@id":"https:\/\/brasilnoticias.org\/site\/#organization","name":"Brasil not\u00edcias","url":"https:\/\/brasilnoticias.org\/site\/","logo":{"@type":"ImageObject","inLanguage":"pt-PT","@id":"https:\/\/brasilnoticias.org\/site\/#\/schema\/logo\/image\/","url":"https:\/\/brasilnoticias.org\/site\/wp-content\/uploads\/2022\/05\/cropped-brasilnoticias-mini.jpg","contentUrl":"https:\/\/brasilnoticias.org\/site\/wp-content\/uploads\/2022\/05\/cropped-brasilnoticias-mini.jpg","width":314,"height":86,"caption":"Brasil not\u00edcias"},"image":{"@id":"https:\/\/brasilnoticias.org\/site\/#\/schema\/logo\/image\/"}},{"@type":"Person","@id":"https:\/\/brasilnoticias.org\/site\/#\/schema\/person\/03bbbfe6c7634ad18c26444ea39049fa","name":"Reda\u00e7\u00e3o","image":{"@type":"ImageObject","inLanguage":"pt-PT","@id":"https:\/\/brasilnoticias.org\/site\/#\/schema\/person\/image\/","url":"https:\/\/secure.gravatar.com\/avatar\/9ecaf7327a696cb23ad926fedded5f1f04d7049de9e445375d55b48c001a6e42?s=96&d=mm&r=g","contentUrl":"https:\/\/secure.gravatar.com\/avatar\/9ecaf7327a696cb23ad926fedded5f1f04d7049de9e445375d55b48c001a6e42?s=96&d=mm&r=g","caption":"Reda\u00e7\u00e3o"},"url":"https:\/\/brasilnoticias.org\/site\/author\/henrique\/"}]}},"_links":{"self":[{"href":"https:\/\/brasilnoticias.org\/site\/wp-json\/wp\/v2\/posts\/19813","targetHints":{"allow":["GET"]}}],"collection":[{"href":"https:\/\/brasilnoticias.org\/site\/wp-json\/wp\/v2\/posts"}],"about":[{"href":"https:\/\/brasilnoticias.org\/site\/wp-json\/wp\/v2\/types\/post"}],"author":[{"embeddable":true,"href":"https:\/\/brasilnoticias.org\/site\/wp-json\/wp\/v2\/users\/4"}],"replies":[{"embeddable":true,"href":"https:\/\/brasilnoticias.org\/site\/wp-json\/wp\/v2\/comments?post=19813"}],"version-history":[{"count":1,"href":"https:\/\/brasilnoticias.org\/site\/wp-json\/wp\/v2\/posts\/19813\/revisions"}],"predecessor-version":[{"id":19815,"href":"https:\/\/brasilnoticias.org\/site\/wp-json\/wp\/v2\/posts\/19813\/revisions\/19815"}],"wp:featuredmedia":[{"embeddable":true,"href":"https:\/\/brasilnoticias.org\/site\/wp-json\/wp\/v2\/media\/19814"}],"wp:attachment":[{"href":"https:\/\/brasilnoticias.org\/site\/wp-json\/wp\/v2\/media?parent=19813"}],"wp:term":[{"taxonomy":"category","embeddable":true,"href":"https:\/\/brasilnoticias.org\/site\/wp-json\/wp\/v2\/categories?post=19813"},{"taxonomy":"post_tag","embeddable":true,"href":"https:\/\/brasilnoticias.org\/site\/wp-json\/wp\/v2\/tags?post=19813"}],"curies":[{"name":"wp","href":"https:\/\/api.w.org\/{rel}","templated":true}]}}