{"id":19819,"date":"2026-01-26T06:37:22","date_gmt":"2026-01-26T09:37:22","guid":{"rendered":"https:\/\/brasilnoticias.org\/site\/?p=19819"},"modified":"2026-01-26T06:37:22","modified_gmt":"2026-01-26T09:37:22","slug":"raio-atinge-apoiadores-de-nikolas-ferreira-durante-ato-em-brasilia","status":"publish","type":"post","link":"https:\/\/brasilnoticias.org\/site\/raio-atinge-apoiadores-de-nikolas-ferreira-durante-ato-em-brasilia\/","title":{"rendered":"Raio atinge apoiadores de Nikolas Ferreira durante ato em Bras\u00edlia"},"content":{"rendered":"<p>Durante um ato pol\u00edtico em Bras\u00edlia, apoiadores do deputado federal Nikolas Ferreira foram atingidos por um raio, em um momento de instabilidade clim\u00e1tica registrado na tarde desta segunda-feira (2 de fevereiro de 2026). O incidente aconteceu enquanto manifestantes participavam de uma mobiliza\u00e7\u00e3o nas imedia\u00e7\u00f5es de \u00f3rg\u00e3os p\u00fablicos da capital federal.<\/p>\n<p>De acordo com relatos e imagens que circulam nas redes sociais, o raio caiu pr\u00f3ximo ao local onde parte dos participantes estava reunida, o que provocou correria e momentos de tens\u00e3o entre os presentes. Equipes de emerg\u00eancia foram acionadas rapidamente para prestar atendimento \u00e0s pessoas atingidas, que tiveram ferimentos decorrentes do choque el\u00e9trico, mas sem relatos imediatos de v\u00edtimas em estado grave at\u00e9 o momento da publica\u00e7\u00e3o.<\/p>\n<p>Autoridades de seguran\u00e7a p\u00fablica e equipes de socorro refor\u00e7aram a import\u00e2ncia de evitar permanecer em \u00e1reas abertas durante tempestades com raios, lembrando que descargas atmosf\u00e9ricas podem representar risco s\u00e9rio \u00e0 integridade f\u00edsica. Testemunhas afirmam que o tempo mudou de forma repentina, com nuvens carregadas e chuva intensa se aproximando pouco antes do incidente.<\/p>\n<p>O caso ainda est\u00e1 sendo apurado pelas autoridades locais, que buscam confirmar o n\u00famero exato de pessoas atingidas e as circunst\u00e2ncias que envolveram o incidente, al\u00e9m de fornecer atendimento e apoio \u00e0s v\u00edtimas e seus familiares.<\/p>\n<p>Foto: Reprodu\u00e7\u00e3o\/Internet<br \/>\nFonte: Metro1<\/p>\n","protected":false},"excerpt":{"rendered":"<p>Durante um ato pol\u00edtico em Bras\u00edlia, apoiadores do deputado federal Nikolas Ferreira foram atingidos por um raio, em um momento<\/p>\n","protected":false},"author":4,"featured_media":19820,"comment_status":"open","ping_status":"open","sticky":false,"template":"","format":"standard","meta":{"colormag_page_container_layout":"default_layout","colormag_page_sidebar_layout":"default_layout","_FSMCFIC_featured_image_caption":"","_FSMCFIC_featured_image_nocaption":"","_FSMCFIC_featured_image_hide":"","footnotes":""},"categories":[2,1],"tags":[],"class_list":["post-19819","post","type-post","status-publish","format-standard","has-post-thumbnail","hentry","category-noticias","category-ultimas"],"yoast_head":"<!-- This site is optimized with the Yoast SEO plugin v27.1.1 - https:\/\/yoast.com\/product\/yoast-seo-wordpress\/ -->\n<title>Raio atinge apoiadores de Nikolas Ferreira durante ato em Bras\u00edlia - Brasil not\u00edcias<\/title>\n<meta name=\"robots\" content=\"index, follow, max-snippet:-1, max-image-preview:large, max-video-preview:-1\" \/>\n<link rel=\"canonical\" href=\"https:\/\/brasilnoticias.org\/site\/raio-atinge-apoiadores-de-nikolas-ferreira-durante-ato-em-brasilia\/\" \/>\n<meta property=\"og:locale\" content=\"pt_PT\" \/>\n<meta property=\"og:type\" content=\"article\" \/>\n<meta property=\"og:title\" content=\"Raio atinge apoiadores de Nikolas Ferreira durante ato em Bras\u00edlia - Brasil not\u00edcias\" \/>\n<meta property=\"og:description\" content=\"Durante um ato pol\u00edtico em Bras\u00edlia, apoiadores do deputado federal Nikolas Ferreira foram atingidos por um raio, em um momento\" \/>\n<meta property=\"og:url\" content=\"https:\/\/brasilnoticias.org\/site\/raio-atinge-apoiadores-de-nikolas-ferreira-durante-ato-em-brasilia\/\" \/>\n<meta property=\"og:site_name\" content=\"Brasil not\u00edcias\" \/>\n<meta property=\"article:published_time\" content=\"2026-01-26T09:37:22+00:00\" \/>\n<meta property=\"og:image\" content=\"https:\/\/brasilnoticias.org\/site\/wp-content\/uploads\/2026\/01\/176761raio-atinge-apoiadores-de-nikolas-ferreira-durante-ato-brasilia-3.jpg\" \/>\n\t<meta property=\"og:image:width\" content=\"1600\" \/>\n\t<meta property=\"og:image:height\" content=\"752\" \/>\n\t<meta property=\"og:image:type\" content=\"image\/jpeg\" \/>\n<meta name=\"author\" content=\"Reda\u00e7\u00e3o\" \/>\n<meta name=\"twitter:card\" content=\"summary_large_image\" \/>\n<meta name=\"twitter:label1\" content=\"Escrito por\" \/>\n\t<meta name=\"twitter:data1\" content=\"Reda\u00e7\u00e3o\" \/>\n\t<meta name=\"twitter:label2\" content=\"Tempo estimado de leitura\" \/>\n\t<meta name=\"twitter:data2\" content=\"1 minuto\" \/>\n<script type=\"application\/ld+json\" class=\"yoast-schema-graph\">{\"@context\":\"https:\/\/schema.org\",\"@graph\":[{\"@type\":\"Article\",\"@id\":\"https:\/\/brasilnoticias.org\/site\/raio-atinge-apoiadores-de-nikolas-ferreira-durante-ato-em-brasilia\/#article\",\"isPartOf\":{\"@id\":\"https:\/\/brasilnoticias.org\/site\/raio-atinge-apoiadores-de-nikolas-ferreira-durante-ato-em-brasilia\/\"},\"author\":{\"name\":\"Reda\u00e7\u00e3o\",\"@id\":\"https:\/\/brasilnoticias.org\/site\/#\/schema\/person\/03bbbfe6c7634ad18c26444ea39049fa\"},\"headline\":\"Raio atinge apoiadores de Nikolas Ferreira durante ato em Bras\u00edlia\",\"datePublished\":\"2026-01-26T09:37:22+00:00\",\"mainEntityOfPage\":{\"@id\":\"https:\/\/brasilnoticias.org\/site\/raio-atinge-apoiadores-de-nikolas-ferreira-durante-ato-em-brasilia\/\"},\"wordCount\":244,\"commentCount\":0,\"publisher\":{\"@id\":\"https:\/\/brasilnoticias.org\/site\/#organization\"},\"image\":{\"@id\":\"https:\/\/brasilnoticias.org\/site\/raio-atinge-apoiadores-de-nikolas-ferreira-durante-ato-em-brasilia\/#primaryimage\"},\"thumbnailUrl\":\"https:\/\/brasilnoticias.org\/site\/wp-content\/uploads\/2026\/01\/176761raio-atinge-apoiadores-de-nikolas-ferreira-durante-ato-brasilia-3.jpg\",\"articleSection\":[\"Not\u00edcias\",\"\u00daltimas\"],\"inLanguage\":\"pt-PT\",\"potentialAction\":[{\"@type\":\"CommentAction\",\"name\":\"Comment\",\"target\":[\"https:\/\/brasilnoticias.org\/site\/raio-atinge-apoiadores-de-nikolas-ferreira-durante-ato-em-brasilia\/#respond\"]}]},{\"@type\":\"WebPage\",\"@id\":\"https:\/\/brasilnoticias.org\/site\/raio-atinge-apoiadores-de-nikolas-ferreira-durante-ato-em-brasilia\/\",\"url\":\"https:\/\/brasilnoticias.org\/site\/raio-atinge-apoiadores-de-nikolas-ferreira-durante-ato-em-brasilia\/\",\"name\":\"Raio atinge apoiadores de Nikolas Ferreira durante ato em Bras\u00edlia - Brasil not\u00edcias\",\"isPartOf\":{\"@id\":\"https:\/\/brasilnoticias.org\/site\/#website\"},\"primaryImageOfPage\":{\"@id\":\"https:\/\/brasilnoticias.org\/site\/raio-atinge-apoiadores-de-nikolas-ferreira-durante-ato-em-brasilia\/#primaryimage\"},\"image\":{\"@id\":\"https:\/\/brasilnoticias.org\/site\/raio-atinge-apoiadores-de-nikolas-ferreira-durante-ato-em-brasilia\/#primaryimage\"},\"thumbnailUrl\":\"https:\/\/brasilnoticias.org\/site\/wp-content\/uploads\/2026\/01\/176761raio-atinge-apoiadores-de-nikolas-ferreira-durante-ato-brasilia-3.jpg\",\"datePublished\":\"2026-01-26T09:37:22+00:00\",\"breadcrumb\":{\"@id\":\"https:\/\/brasilnoticias.org\/site\/raio-atinge-apoiadores-de-nikolas-ferreira-durante-ato-em-brasilia\/#breadcrumb\"},\"inLanguage\":\"pt-PT\",\"potentialAction\":[{\"@type\":\"ReadAction\",\"target\":[\"https:\/\/brasilnoticias.org\/site\/raio-atinge-apoiadores-de-nikolas-ferreira-durante-ato-em-brasilia\/\"]}]},{\"@type\":\"ImageObject\",\"inLanguage\":\"pt-PT\",\"@id\":\"https:\/\/brasilnoticias.org\/site\/raio-atinge-apoiadores-de-nikolas-ferreira-durante-ato-em-brasilia\/#primaryimage\",\"url\":\"https:\/\/brasilnoticias.org\/site\/wp-content\/uploads\/2026\/01\/176761raio-atinge-apoiadores-de-nikolas-ferreira-durante-ato-brasilia-3.jpg\",\"contentUrl\":\"https:\/\/brasilnoticias.org\/site\/wp-content\/uploads\/2026\/01\/176761raio-atinge-apoiadores-de-nikolas-ferreira-durante-ato-brasilia-3.jpg\",\"width\":1600,\"height\":752},{\"@type\":\"BreadcrumbList\",\"@id\":\"https:\/\/brasilnoticias.org\/site\/raio-atinge-apoiadores-de-nikolas-ferreira-durante-ato-em-brasilia\/#breadcrumb\",\"itemListElement\":[{\"@type\":\"ListItem\",\"position\":1,\"name\":\"In\u00edcio\",\"item\":\"https:\/\/brasilnoticias.org\/site\/\"},{\"@type\":\"ListItem\",\"position\":2,\"name\":\"Raio atinge apoiadores de Nikolas Ferreira durante ato em Bras\u00edlia\"}]},{\"@type\":\"WebSite\",\"@id\":\"https:\/\/brasilnoticias.org\/site\/#website\",\"url\":\"https:\/\/brasilnoticias.org\/site\/\",\"name\":\"Brasil not\u00edcias\",\"description\":\"Brasil not\u00edcias\",\"publisher\":{\"@id\":\"https:\/\/brasilnoticias.org\/site\/#organization\"},\"potentialAction\":[{\"@type\":\"SearchAction\",\"target\":{\"@type\":\"EntryPoint\",\"urlTemplate\":\"https:\/\/brasilnoticias.org\/site\/?s={search_term_string}\"},\"query-input\":{\"@type\":\"PropertyValueSpecification\",\"valueRequired\":true,\"valueName\":\"search_term_string\"}}],\"inLanguage\":\"pt-PT\"},{\"@type\":\"Organization\",\"@id\":\"https:\/\/brasilnoticias.org\/site\/#organization\",\"name\":\"Brasil not\u00edcias\",\"url\":\"https:\/\/brasilnoticias.org\/site\/\",\"logo\":{\"@type\":\"ImageObject\",\"inLanguage\":\"pt-PT\",\"@id\":\"https:\/\/brasilnoticias.org\/site\/#\/schema\/logo\/image\/\",\"url\":\"https:\/\/brasilnoticias.org\/site\/wp-content\/uploads\/2022\/05\/cropped-brasilnoticias-mini.jpg\",\"contentUrl\":\"https:\/\/brasilnoticias.org\/site\/wp-content\/uploads\/2022\/05\/cropped-brasilnoticias-mini.jpg\",\"width\":314,\"height\":86,\"caption\":\"Brasil not\u00edcias\"},\"image\":{\"@id\":\"https:\/\/brasilnoticias.org\/site\/#\/schema\/logo\/image\/\"}},{\"@type\":\"Person\",\"@id\":\"https:\/\/brasilnoticias.org\/site\/#\/schema\/person\/03bbbfe6c7634ad18c26444ea39049fa\",\"name\":\"Reda\u00e7\u00e3o\",\"image\":{\"@type\":\"ImageObject\",\"inLanguage\":\"pt-PT\",\"@id\":\"https:\/\/brasilnoticias.org\/site\/#\/schema\/person\/image\/\",\"url\":\"https:\/\/secure.gravatar.com\/avatar\/9ecaf7327a696cb23ad926fedded5f1f04d7049de9e445375d55b48c001a6e42?s=96&d=mm&r=g\",\"contentUrl\":\"https:\/\/secure.gravatar.com\/avatar\/9ecaf7327a696cb23ad926fedded5f1f04d7049de9e445375d55b48c001a6e42?s=96&d=mm&r=g\",\"caption\":\"Reda\u00e7\u00e3o\"},\"url\":\"https:\/\/brasilnoticias.org\/site\/author\/henrique\/\"}]}<\/script>\n<!-- \/ Yoast SEO plugin. -->","yoast_head_json":{"title":"Raio atinge apoiadores de Nikolas Ferreira durante ato em Bras\u00edlia - Brasil not\u00edcias","robots":{"index":"index","follow":"follow","max-snippet":"max-snippet:-1","max-image-preview":"max-image-preview:large","max-video-preview":"max-video-preview:-1"},"canonical":"https:\/\/brasilnoticias.org\/site\/raio-atinge-apoiadores-de-nikolas-ferreira-durante-ato-em-brasilia\/","og_locale":"pt_PT","og_type":"article","og_title":"Raio atinge apoiadores de Nikolas Ferreira durante ato em Bras\u00edlia - Brasil not\u00edcias","og_description":"Durante um ato pol\u00edtico em Bras\u00edlia, apoiadores do deputado federal Nikolas Ferreira foram atingidos por um raio, em um momento","og_url":"https:\/\/brasilnoticias.org\/site\/raio-atinge-apoiadores-de-nikolas-ferreira-durante-ato-em-brasilia\/","og_site_name":"Brasil not\u00edcias","article_published_time":"2026-01-26T09:37:22+00:00","og_image":[{"width":1600,"height":752,"url":"https:\/\/brasilnoticias.org\/site\/wp-content\/uploads\/2026\/01\/176761raio-atinge-apoiadores-de-nikolas-ferreira-durante-ato-brasilia-3.jpg","type":"image\/jpeg"}],"author":"Reda\u00e7\u00e3o","twitter_card":"summary_large_image","twitter_misc":{"Escrito por":"Reda\u00e7\u00e3o","Tempo estimado de leitura":"1 minuto"},"schema":{"@context":"https:\/\/schema.org","@graph":[{"@type":"Article","@id":"https:\/\/brasilnoticias.org\/site\/raio-atinge-apoiadores-de-nikolas-ferreira-durante-ato-em-brasilia\/#article","isPartOf":{"@id":"https:\/\/brasilnoticias.org\/site\/raio-atinge-apoiadores-de-nikolas-ferreira-durante-ato-em-brasilia\/"},"author":{"name":"Reda\u00e7\u00e3o","@id":"https:\/\/brasilnoticias.org\/site\/#\/schema\/person\/03bbbfe6c7634ad18c26444ea39049fa"},"headline":"Raio atinge apoiadores de Nikolas Ferreira durante ato em Bras\u00edlia","datePublished":"2026-01-26T09:37:22+00:00","mainEntityOfPage":{"@id":"https:\/\/brasilnoticias.org\/site\/raio-atinge-apoiadores-de-nikolas-ferreira-durante-ato-em-brasilia\/"},"wordCount":244,"commentCount":0,"publisher":{"@id":"https:\/\/brasilnoticias.org\/site\/#organization"},"image":{"@id":"https:\/\/brasilnoticias.org\/site\/raio-atinge-apoiadores-de-nikolas-ferreira-durante-ato-em-brasilia\/#primaryimage"},"thumbnailUrl":"https:\/\/brasilnoticias.org\/site\/wp-content\/uploads\/2026\/01\/176761raio-atinge-apoiadores-de-nikolas-ferreira-durante-ato-brasilia-3.jpg","articleSection":["Not\u00edcias","\u00daltimas"],"inLanguage":"pt-PT","potentialAction":[{"@type":"CommentAction","name":"Comment","target":["https:\/\/brasilnoticias.org\/site\/raio-atinge-apoiadores-de-nikolas-ferreira-durante-ato-em-brasilia\/#respond"]}]},{"@type":"WebPage","@id":"https:\/\/brasilnoticias.org\/site\/raio-atinge-apoiadores-de-nikolas-ferreira-durante-ato-em-brasilia\/","url":"https:\/\/brasilnoticias.org\/site\/raio-atinge-apoiadores-de-nikolas-ferreira-durante-ato-em-brasilia\/","name":"Raio atinge apoiadores de Nikolas Ferreira durante ato em Bras\u00edlia - Brasil not\u00edcias","isPartOf":{"@id":"https:\/\/brasilnoticias.org\/site\/#website"},"primaryImageOfPage":{"@id":"https:\/\/brasilnoticias.org\/site\/raio-atinge-apoiadores-de-nikolas-ferreira-durante-ato-em-brasilia\/#primaryimage"},"image":{"@id":"https:\/\/brasilnoticias.org\/site\/raio-atinge-apoiadores-de-nikolas-ferreira-durante-ato-em-brasilia\/#primaryimage"},"thumbnailUrl":"https:\/\/brasilnoticias.org\/site\/wp-content\/uploads\/2026\/01\/176761raio-atinge-apoiadores-de-nikolas-ferreira-durante-ato-brasilia-3.jpg","datePublished":"2026-01-26T09:37:22+00:00","breadcrumb":{"@id":"https:\/\/brasilnoticias.org\/site\/raio-atinge-apoiadores-de-nikolas-ferreira-durante-ato-em-brasilia\/#breadcrumb"},"inLanguage":"pt-PT","potentialAction":[{"@type":"ReadAction","target":["https:\/\/brasilnoticias.org\/site\/raio-atinge-apoiadores-de-nikolas-ferreira-durante-ato-em-brasilia\/"]}]},{"@type":"ImageObject","inLanguage":"pt-PT","@id":"https:\/\/brasilnoticias.org\/site\/raio-atinge-apoiadores-de-nikolas-ferreira-durante-ato-em-brasilia\/#primaryimage","url":"https:\/\/brasilnoticias.org\/site\/wp-content\/uploads\/2026\/01\/176761raio-atinge-apoiadores-de-nikolas-ferreira-durante-ato-brasilia-3.jpg","contentUrl":"https:\/\/brasilnoticias.org\/site\/wp-content\/uploads\/2026\/01\/176761raio-atinge-apoiadores-de-nikolas-ferreira-durante-ato-brasilia-3.jpg","width":1600,"height":752},{"@type":"BreadcrumbList","@id":"https:\/\/brasilnoticias.org\/site\/raio-atinge-apoiadores-de-nikolas-ferreira-durante-ato-em-brasilia\/#breadcrumb","itemListElement":[{"@type":"ListItem","position":1,"name":"In\u00edcio","item":"https:\/\/brasilnoticias.org\/site\/"},{"@type":"ListItem","position":2,"name":"Raio atinge apoiadores de Nikolas Ferreira durante ato em Bras\u00edlia"}]},{"@type":"WebSite","@id":"https:\/\/brasilnoticias.org\/site\/#website","url":"https:\/\/brasilnoticias.org\/site\/","name":"Brasil not\u00edcias","description":"Brasil not\u00edcias","publisher":{"@id":"https:\/\/brasilnoticias.org\/site\/#organization"},"potentialAction":[{"@type":"SearchAction","target":{"@type":"EntryPoint","urlTemplate":"https:\/\/brasilnoticias.org\/site\/?s={search_term_string}"},"query-input":{"@type":"PropertyValueSpecification","valueRequired":true,"valueName":"search_term_string"}}],"inLanguage":"pt-PT"},{"@type":"Organization","@id":"https:\/\/brasilnoticias.org\/site\/#organization","name":"Brasil not\u00edcias","url":"https:\/\/brasilnoticias.org\/site\/","logo":{"@type":"ImageObject","inLanguage":"pt-PT","@id":"https:\/\/brasilnoticias.org\/site\/#\/schema\/logo\/image\/","url":"https:\/\/brasilnoticias.org\/site\/wp-content\/uploads\/2022\/05\/cropped-brasilnoticias-mini.jpg","contentUrl":"https:\/\/brasilnoticias.org\/site\/wp-content\/uploads\/2022\/05\/cropped-brasilnoticias-mini.jpg","width":314,"height":86,"caption":"Brasil not\u00edcias"},"image":{"@id":"https:\/\/brasilnoticias.org\/site\/#\/schema\/logo\/image\/"}},{"@type":"Person","@id":"https:\/\/brasilnoticias.org\/site\/#\/schema\/person\/03bbbfe6c7634ad18c26444ea39049fa","name":"Reda\u00e7\u00e3o","image":{"@type":"ImageObject","inLanguage":"pt-PT","@id":"https:\/\/brasilnoticias.org\/site\/#\/schema\/person\/image\/","url":"https:\/\/secure.gravatar.com\/avatar\/9ecaf7327a696cb23ad926fedded5f1f04d7049de9e445375d55b48c001a6e42?s=96&d=mm&r=g","contentUrl":"https:\/\/secure.gravatar.com\/avatar\/9ecaf7327a696cb23ad926fedded5f1f04d7049de9e445375d55b48c001a6e42?s=96&d=mm&r=g","caption":"Reda\u00e7\u00e3o"},"url":"https:\/\/brasilnoticias.org\/site\/author\/henrique\/"}]}},"_links":{"self":[{"href":"https:\/\/brasilnoticias.org\/site\/wp-json\/wp\/v2\/posts\/19819","targetHints":{"allow":["GET"]}}],"collection":[{"href":"https:\/\/brasilnoticias.org\/site\/wp-json\/wp\/v2\/posts"}],"about":[{"href":"https:\/\/brasilnoticias.org\/site\/wp-json\/wp\/v2\/types\/post"}],"author":[{"embeddable":true,"href":"https:\/\/brasilnoticias.org\/site\/wp-json\/wp\/v2\/users\/4"}],"replies":[{"embeddable":true,"href":"https:\/\/brasilnoticias.org\/site\/wp-json\/wp\/v2\/comments?post=19819"}],"version-history":[{"count":1,"href":"https:\/\/brasilnoticias.org\/site\/wp-json\/wp\/v2\/posts\/19819\/revisions"}],"predecessor-version":[{"id":19821,"href":"https:\/\/brasilnoticias.org\/site\/wp-json\/wp\/v2\/posts\/19819\/revisions\/19821"}],"wp:featuredmedia":[{"embeddable":true,"href":"https:\/\/brasilnoticias.org\/site\/wp-json\/wp\/v2\/media\/19820"}],"wp:attachment":[{"href":"https:\/\/brasilnoticias.org\/site\/wp-json\/wp\/v2\/media?parent=19819"}],"wp:term":[{"taxonomy":"category","embeddable":true,"href":"https:\/\/brasilnoticias.org\/site\/wp-json\/wp\/v2\/categories?post=19819"},{"taxonomy":"post_tag","embeddable":true,"href":"https:\/\/brasilnoticias.org\/site\/wp-json\/wp\/v2\/tags?post=19819"}],"curies":[{"name":"wp","href":"https:\/\/api.w.org\/{rel}","templated":true}]}}