{"id":1982,"date":"2022-10-18T18:20:57","date_gmt":"2022-10-18T21:20:57","guid":{"rendered":"https:\/\/brasilnoticias.org\/site\/?p=1982"},"modified":"2022-10-18T17:59:31","modified_gmt":"2022-10-18T20:59:31","slug":"vereador-de-dias-davila-e-preso-suspeito-de-ameacar-colega-parlamentar-com-pistola-em-sessao-solene-da-casa-legislativa","status":"publish","type":"post","link":"https:\/\/brasilnoticias.org\/site\/vereador-de-dias-davila-e-preso-suspeito-de-ameacar-colega-parlamentar-com-pistola-em-sessao-solene-da-casa-legislativa\/","title":{"rendered":"Vereador de Dias D\u2019\u00c1vila \u00e9 preso suspeito de amea\u00e7ar colega parlamentar com pistola em sess\u00e3o solene da casa legislativa"},"content":{"rendered":"<p>Um vereador do munic\u00edpio de Dias D\u2019\u00c1vila, na Regi\u00e3o Metropolitana de Salvador, foi preso na manh\u00e3 desta ter\u00e7a-feira (18), suspeito de amea\u00e7ar com uma arma um colega parlamentar, no dia 1\u00ba de setembro, em uma sess\u00e3o solene da casa legislativa.<\/p>\n<p>Segundo a Pol\u00edcia Civil, a pris\u00e3o do vereador, que n\u00e3o teve a identidade e nem o partido revelados, aconteceu ap\u00f3s cumprimento de mandado de busca e apreens\u00e3o na casa onde o investigado mora.<\/p>\n<p>No local, foi encontrada uma pistola Taurus calibre .40 que teria sido usada durante a amea\u00e7a, e uma caixa com 50 muni\u00e7\u00f5es para o mesmo porte.<\/p>\n<p>&#8220;Por se tratar de arma sem registro, o parlamentar recebeu voz de pris\u00e3o em flagrante e foi conduzido juntamente com o material apreendido para a unidade policial&#8221;, explicou o titular da 25\u00aa Delegacia Territorial (DT\/Dias D&#8217;\u00c1vila), delegado Bruno Pereira Oliveira da Silva.<\/p>\n<p>O homem ser\u00e1 ouvido na unidade. Posteriormente passar\u00e1 por exames de corpo de delito, no Departamento de Pol\u00edcia T\u00e9cnica (DPT), onde ficar\u00e1 custodiado \u00e1 disposi\u00e7\u00e3o da Justi\u00e7a.<\/p>\n<p>G1<br \/>\nFoto Divulga\u00e7\u00e3o\/Pol\u00edcia Civil<\/p>\n","protected":false},"excerpt":{"rendered":"<p>Um vereador do munic\u00edpio de Dias D\u2019\u00c1vila, na Regi\u00e3o Metropolitana de Salvador, foi preso na manh\u00e3 desta ter\u00e7a-feira (18), suspeito<\/p>\n","protected":false},"author":1,"featured_media":1983,"comment_status":"open","ping_status":"open","sticky":false,"template":"","format":"standard","meta":{"colormag_page_container_layout":"default_layout","colormag_page_sidebar_layout":"default_layout","_FSMCFIC_featured_image_caption":"","_FSMCFIC_featured_image_nocaption":"","_FSMCFIC_featured_image_hide":"","footnotes":""},"categories":[3,1],"tags":[],"class_list":["post-1982","post","type-post","status-publish","format-standard","has-post-thumbnail","hentry","category-policia","category-ultimas"],"yoast_head":"<!-- This site is optimized with the Yoast SEO plugin v27.1.1 - https:\/\/yoast.com\/product\/yoast-seo-wordpress\/ -->\n<title>Vereador de Dias D\u2019\u00c1vila \u00e9 preso suspeito de amea\u00e7ar colega parlamentar com pistola em sess\u00e3o solene da casa legislativa - Brasil not\u00edcias<\/title>\n<meta name=\"robots\" content=\"index, follow, max-snippet:-1, max-image-preview:large, max-video-preview:-1\" \/>\n<link rel=\"canonical\" href=\"https:\/\/brasilnoticias.org\/site\/vereador-de-dias-davila-e-preso-suspeito-de-ameacar-colega-parlamentar-com-pistola-em-sessao-solene-da-casa-legislativa\/\" \/>\n<meta property=\"og:locale\" content=\"pt_PT\" \/>\n<meta property=\"og:type\" content=\"article\" \/>\n<meta property=\"og:title\" content=\"Vereador de Dias D\u2019\u00c1vila \u00e9 preso suspeito de amea\u00e7ar colega parlamentar com pistola em sess\u00e3o solene da casa legislativa - Brasil not\u00edcias\" \/>\n<meta property=\"og:description\" content=\"Um vereador do munic\u00edpio de Dias D\u2019\u00c1vila, na Regi\u00e3o Metropolitana de Salvador, foi preso na manh\u00e3 desta ter\u00e7a-feira (18), suspeito\" \/>\n<meta property=\"og:url\" content=\"https:\/\/brasilnoticias.org\/site\/vereador-de-dias-davila-e-preso-suspeito-de-ameacar-colega-parlamentar-com-pistola-em-sessao-solene-da-casa-legislativa\/\" \/>\n<meta property=\"og:site_name\" content=\"Brasil not\u00edcias\" \/>\n<meta property=\"article:published_time\" content=\"2022-10-18T21:20:57+00:00\" \/>\n<meta property=\"og:image\" content=\"https:\/\/brasilnoticias.org\/site\/wp-content\/uploads\/2022\/10\/policia.jpg\" \/>\n\t<meta property=\"og:image:width\" content=\"656\" \/>\n\t<meta property=\"og:image:height\" content=\"491\" \/>\n\t<meta property=\"og:image:type\" content=\"image\/jpeg\" \/>\n<meta name=\"author\" content=\"Reda\u00e7\u00e3o\" \/>\n<meta name=\"twitter:card\" content=\"summary_large_image\" \/>\n<meta name=\"twitter:label1\" content=\"Escrito por\" \/>\n\t<meta name=\"twitter:data1\" content=\"Reda\u00e7\u00e3o\" \/>\n\t<meta name=\"twitter:label2\" content=\"Tempo estimado de leitura\" \/>\n\t<meta name=\"twitter:data2\" content=\"1 minuto\" \/>\n<script type=\"application\/ld+json\" class=\"yoast-schema-graph\">{\"@context\":\"https:\/\/schema.org\",\"@graph\":[{\"@type\":\"Article\",\"@id\":\"https:\/\/brasilnoticias.org\/site\/vereador-de-dias-davila-e-preso-suspeito-de-ameacar-colega-parlamentar-com-pistola-em-sessao-solene-da-casa-legislativa\/#article\",\"isPartOf\":{\"@id\":\"https:\/\/brasilnoticias.org\/site\/vereador-de-dias-davila-e-preso-suspeito-de-ameacar-colega-parlamentar-com-pistola-em-sessao-solene-da-casa-legislativa\/\"},\"author\":{\"name\":\"Reda\u00e7\u00e3o\",\"@id\":\"https:\/\/brasilnoticias.org\/site\/#\/schema\/person\/a0e05b973ec4d15c658d51911e53507b\"},\"headline\":\"Vereador de Dias D\u2019\u00c1vila \u00e9 preso suspeito de amea\u00e7ar colega parlamentar com pistola em sess\u00e3o solene da casa legislativa\",\"datePublished\":\"2022-10-18T21:20:57+00:00\",\"mainEntityOfPage\":{\"@id\":\"https:\/\/brasilnoticias.org\/site\/vereador-de-dias-davila-e-preso-suspeito-de-ameacar-colega-parlamentar-com-pistola-em-sessao-solene-da-casa-legislativa\/\"},\"wordCount\":210,\"commentCount\":0,\"publisher\":{\"@id\":\"https:\/\/brasilnoticias.org\/site\/#organization\"},\"image\":{\"@id\":\"https:\/\/brasilnoticias.org\/site\/vereador-de-dias-davila-e-preso-suspeito-de-ameacar-colega-parlamentar-com-pistola-em-sessao-solene-da-casa-legislativa\/#primaryimage\"},\"thumbnailUrl\":\"https:\/\/brasilnoticias.org\/site\/wp-content\/uploads\/2022\/10\/policia.jpg\",\"articleSection\":[\"Pol\u00edcia\",\"\u00daltimas\"],\"inLanguage\":\"pt-PT\",\"potentialAction\":[{\"@type\":\"CommentAction\",\"name\":\"Comment\",\"target\":[\"https:\/\/brasilnoticias.org\/site\/vereador-de-dias-davila-e-preso-suspeito-de-ameacar-colega-parlamentar-com-pistola-em-sessao-solene-da-casa-legislativa\/#respond\"]}]},{\"@type\":\"WebPage\",\"@id\":\"https:\/\/brasilnoticias.org\/site\/vereador-de-dias-davila-e-preso-suspeito-de-ameacar-colega-parlamentar-com-pistola-em-sessao-solene-da-casa-legislativa\/\",\"url\":\"https:\/\/brasilnoticias.org\/site\/vereador-de-dias-davila-e-preso-suspeito-de-ameacar-colega-parlamentar-com-pistola-em-sessao-solene-da-casa-legislativa\/\",\"name\":\"Vereador de Dias D\u2019\u00c1vila \u00e9 preso suspeito de amea\u00e7ar colega parlamentar com pistola em sess\u00e3o solene da casa legislativa - Brasil not\u00edcias\",\"isPartOf\":{\"@id\":\"https:\/\/brasilnoticias.org\/site\/#website\"},\"primaryImageOfPage\":{\"@id\":\"https:\/\/brasilnoticias.org\/site\/vereador-de-dias-davila-e-preso-suspeito-de-ameacar-colega-parlamentar-com-pistola-em-sessao-solene-da-casa-legislativa\/#primaryimage\"},\"image\":{\"@id\":\"https:\/\/brasilnoticias.org\/site\/vereador-de-dias-davila-e-preso-suspeito-de-ameacar-colega-parlamentar-com-pistola-em-sessao-solene-da-casa-legislativa\/#primaryimage\"},\"thumbnailUrl\":\"https:\/\/brasilnoticias.org\/site\/wp-content\/uploads\/2022\/10\/policia.jpg\",\"datePublished\":\"2022-10-18T21:20:57+00:00\",\"breadcrumb\":{\"@id\":\"https:\/\/brasilnoticias.org\/site\/vereador-de-dias-davila-e-preso-suspeito-de-ameacar-colega-parlamentar-com-pistola-em-sessao-solene-da-casa-legislativa\/#breadcrumb\"},\"inLanguage\":\"pt-PT\",\"potentialAction\":[{\"@type\":\"ReadAction\",\"target\":[\"https:\/\/brasilnoticias.org\/site\/vereador-de-dias-davila-e-preso-suspeito-de-ameacar-colega-parlamentar-com-pistola-em-sessao-solene-da-casa-legislativa\/\"]}]},{\"@type\":\"ImageObject\",\"inLanguage\":\"pt-PT\",\"@id\":\"https:\/\/brasilnoticias.org\/site\/vereador-de-dias-davila-e-preso-suspeito-de-ameacar-colega-parlamentar-com-pistola-em-sessao-solene-da-casa-legislativa\/#primaryimage\",\"url\":\"https:\/\/brasilnoticias.org\/site\/wp-content\/uploads\/2022\/10\/policia.jpg\",\"contentUrl\":\"https:\/\/brasilnoticias.org\/site\/wp-content\/uploads\/2022\/10\/policia.jpg\",\"width\":656,\"height\":491},{\"@type\":\"BreadcrumbList\",\"@id\":\"https:\/\/brasilnoticias.org\/site\/vereador-de-dias-davila-e-preso-suspeito-de-ameacar-colega-parlamentar-com-pistola-em-sessao-solene-da-casa-legislativa\/#breadcrumb\",\"itemListElement\":[{\"@type\":\"ListItem\",\"position\":1,\"name\":\"In\u00edcio\",\"item\":\"https:\/\/brasilnoticias.org\/site\/\"},{\"@type\":\"ListItem\",\"position\":2,\"name\":\"Vereador de Dias D\u2019\u00c1vila \u00e9 preso suspeito de amea\u00e7ar colega parlamentar com pistola em sess\u00e3o solene da casa legislativa\"}]},{\"@type\":\"WebSite\",\"@id\":\"https:\/\/brasilnoticias.org\/site\/#website\",\"url\":\"https:\/\/brasilnoticias.org\/site\/\",\"name\":\"Brasil not\u00edcias\",\"description\":\"Brasil not\u00edcias\",\"publisher\":{\"@id\":\"https:\/\/brasilnoticias.org\/site\/#organization\"},\"potentialAction\":[{\"@type\":\"SearchAction\",\"target\":{\"@type\":\"EntryPoint\",\"urlTemplate\":\"https:\/\/brasilnoticias.org\/site\/?s={search_term_string}\"},\"query-input\":{\"@type\":\"PropertyValueSpecification\",\"valueRequired\":true,\"valueName\":\"search_term_string\"}}],\"inLanguage\":\"pt-PT\"},{\"@type\":\"Organization\",\"@id\":\"https:\/\/brasilnoticias.org\/site\/#organization\",\"name\":\"Brasil not\u00edcias\",\"url\":\"https:\/\/brasilnoticias.org\/site\/\",\"logo\":{\"@type\":\"ImageObject\",\"inLanguage\":\"pt-PT\",\"@id\":\"https:\/\/brasilnoticias.org\/site\/#\/schema\/logo\/image\/\",\"url\":\"https:\/\/brasilnoticias.org\/site\/wp-content\/uploads\/2022\/05\/cropped-brasilnoticias-mini.jpg\",\"contentUrl\":\"https:\/\/brasilnoticias.org\/site\/wp-content\/uploads\/2022\/05\/cropped-brasilnoticias-mini.jpg\",\"width\":314,\"height\":86,\"caption\":\"Brasil not\u00edcias\"},\"image\":{\"@id\":\"https:\/\/brasilnoticias.org\/site\/#\/schema\/logo\/image\/\"}},{\"@type\":\"Person\",\"@id\":\"https:\/\/brasilnoticias.org\/site\/#\/schema\/person\/a0e05b973ec4d15c658d51911e53507b\",\"name\":\"Reda\u00e7\u00e3o\",\"image\":{\"@type\":\"ImageObject\",\"inLanguage\":\"pt-PT\",\"@id\":\"https:\/\/brasilnoticias.org\/site\/#\/schema\/person\/image\/\",\"url\":\"https:\/\/secure.gravatar.com\/avatar\/75d8b050df2de108b08ae78dfb8e374892df24a383c67db9c46a9c604f6aee9c?s=96&d=mm&r=g\",\"contentUrl\":\"https:\/\/secure.gravatar.com\/avatar\/75d8b050df2de108b08ae78dfb8e374892df24a383c67db9c46a9c604f6aee9c?s=96&d=mm&r=g\",\"caption\":\"Reda\u00e7\u00e3o\"},\"sameAs\":[\"https:\/\/brasilnoticias.org\/site\"],\"url\":\"https:\/\/brasilnoticias.org\/site\/author\/fernandozsngmail-com\/\"}]}<\/script>\n<!-- \/ Yoast SEO plugin. -->","yoast_head_json":{"title":"Vereador de Dias D\u2019\u00c1vila \u00e9 preso suspeito de amea\u00e7ar colega parlamentar com pistola em sess\u00e3o solene da casa legislativa - Brasil not\u00edcias","robots":{"index":"index","follow":"follow","max-snippet":"max-snippet:-1","max-image-preview":"max-image-preview:large","max-video-preview":"max-video-preview:-1"},"canonical":"https:\/\/brasilnoticias.org\/site\/vereador-de-dias-davila-e-preso-suspeito-de-ameacar-colega-parlamentar-com-pistola-em-sessao-solene-da-casa-legislativa\/","og_locale":"pt_PT","og_type":"article","og_title":"Vereador de Dias D\u2019\u00c1vila \u00e9 preso suspeito de amea\u00e7ar colega parlamentar com pistola em sess\u00e3o solene da casa legislativa - Brasil not\u00edcias","og_description":"Um vereador do munic\u00edpio de Dias D\u2019\u00c1vila, na Regi\u00e3o Metropolitana de Salvador, foi preso na manh\u00e3 desta ter\u00e7a-feira (18), suspeito","og_url":"https:\/\/brasilnoticias.org\/site\/vereador-de-dias-davila-e-preso-suspeito-de-ameacar-colega-parlamentar-com-pistola-em-sessao-solene-da-casa-legislativa\/","og_site_name":"Brasil not\u00edcias","article_published_time":"2022-10-18T21:20:57+00:00","og_image":[{"width":656,"height":491,"url":"https:\/\/brasilnoticias.org\/site\/wp-content\/uploads\/2022\/10\/policia.jpg","type":"image\/jpeg"}],"author":"Reda\u00e7\u00e3o","twitter_card":"summary_large_image","twitter_misc":{"Escrito por":"Reda\u00e7\u00e3o","Tempo estimado de leitura":"1 minuto"},"schema":{"@context":"https:\/\/schema.org","@graph":[{"@type":"Article","@id":"https:\/\/brasilnoticias.org\/site\/vereador-de-dias-davila-e-preso-suspeito-de-ameacar-colega-parlamentar-com-pistola-em-sessao-solene-da-casa-legislativa\/#article","isPartOf":{"@id":"https:\/\/brasilnoticias.org\/site\/vereador-de-dias-davila-e-preso-suspeito-de-ameacar-colega-parlamentar-com-pistola-em-sessao-solene-da-casa-legislativa\/"},"author":{"name":"Reda\u00e7\u00e3o","@id":"https:\/\/brasilnoticias.org\/site\/#\/schema\/person\/a0e05b973ec4d15c658d51911e53507b"},"headline":"Vereador de Dias D\u2019\u00c1vila \u00e9 preso suspeito de amea\u00e7ar colega parlamentar com pistola em sess\u00e3o solene da casa legislativa","datePublished":"2022-10-18T21:20:57+00:00","mainEntityOfPage":{"@id":"https:\/\/brasilnoticias.org\/site\/vereador-de-dias-davila-e-preso-suspeito-de-ameacar-colega-parlamentar-com-pistola-em-sessao-solene-da-casa-legislativa\/"},"wordCount":210,"commentCount":0,"publisher":{"@id":"https:\/\/brasilnoticias.org\/site\/#organization"},"image":{"@id":"https:\/\/brasilnoticias.org\/site\/vereador-de-dias-davila-e-preso-suspeito-de-ameacar-colega-parlamentar-com-pistola-em-sessao-solene-da-casa-legislativa\/#primaryimage"},"thumbnailUrl":"https:\/\/brasilnoticias.org\/site\/wp-content\/uploads\/2022\/10\/policia.jpg","articleSection":["Pol\u00edcia","\u00daltimas"],"inLanguage":"pt-PT","potentialAction":[{"@type":"CommentAction","name":"Comment","target":["https:\/\/brasilnoticias.org\/site\/vereador-de-dias-davila-e-preso-suspeito-de-ameacar-colega-parlamentar-com-pistola-em-sessao-solene-da-casa-legislativa\/#respond"]}]},{"@type":"WebPage","@id":"https:\/\/brasilnoticias.org\/site\/vereador-de-dias-davila-e-preso-suspeito-de-ameacar-colega-parlamentar-com-pistola-em-sessao-solene-da-casa-legislativa\/","url":"https:\/\/brasilnoticias.org\/site\/vereador-de-dias-davila-e-preso-suspeito-de-ameacar-colega-parlamentar-com-pistola-em-sessao-solene-da-casa-legislativa\/","name":"Vereador de Dias D\u2019\u00c1vila \u00e9 preso suspeito de amea\u00e7ar colega parlamentar com pistola em sess\u00e3o solene da casa legislativa - Brasil not\u00edcias","isPartOf":{"@id":"https:\/\/brasilnoticias.org\/site\/#website"},"primaryImageOfPage":{"@id":"https:\/\/brasilnoticias.org\/site\/vereador-de-dias-davila-e-preso-suspeito-de-ameacar-colega-parlamentar-com-pistola-em-sessao-solene-da-casa-legislativa\/#primaryimage"},"image":{"@id":"https:\/\/brasilnoticias.org\/site\/vereador-de-dias-davila-e-preso-suspeito-de-ameacar-colega-parlamentar-com-pistola-em-sessao-solene-da-casa-legislativa\/#primaryimage"},"thumbnailUrl":"https:\/\/brasilnoticias.org\/site\/wp-content\/uploads\/2022\/10\/policia.jpg","datePublished":"2022-10-18T21:20:57+00:00","breadcrumb":{"@id":"https:\/\/brasilnoticias.org\/site\/vereador-de-dias-davila-e-preso-suspeito-de-ameacar-colega-parlamentar-com-pistola-em-sessao-solene-da-casa-legislativa\/#breadcrumb"},"inLanguage":"pt-PT","potentialAction":[{"@type":"ReadAction","target":["https:\/\/brasilnoticias.org\/site\/vereador-de-dias-davila-e-preso-suspeito-de-ameacar-colega-parlamentar-com-pistola-em-sessao-solene-da-casa-legislativa\/"]}]},{"@type":"ImageObject","inLanguage":"pt-PT","@id":"https:\/\/brasilnoticias.org\/site\/vereador-de-dias-davila-e-preso-suspeito-de-ameacar-colega-parlamentar-com-pistola-em-sessao-solene-da-casa-legislativa\/#primaryimage","url":"https:\/\/brasilnoticias.org\/site\/wp-content\/uploads\/2022\/10\/policia.jpg","contentUrl":"https:\/\/brasilnoticias.org\/site\/wp-content\/uploads\/2022\/10\/policia.jpg","width":656,"height":491},{"@type":"BreadcrumbList","@id":"https:\/\/brasilnoticias.org\/site\/vereador-de-dias-davila-e-preso-suspeito-de-ameacar-colega-parlamentar-com-pistola-em-sessao-solene-da-casa-legislativa\/#breadcrumb","itemListElement":[{"@type":"ListItem","position":1,"name":"In\u00edcio","item":"https:\/\/brasilnoticias.org\/site\/"},{"@type":"ListItem","position":2,"name":"Vereador de Dias D\u2019\u00c1vila \u00e9 preso suspeito de amea\u00e7ar colega parlamentar com pistola em sess\u00e3o solene da casa legislativa"}]},{"@type":"WebSite","@id":"https:\/\/brasilnoticias.org\/site\/#website","url":"https:\/\/brasilnoticias.org\/site\/","name":"Brasil not\u00edcias","description":"Brasil not\u00edcias","publisher":{"@id":"https:\/\/brasilnoticias.org\/site\/#organization"},"potentialAction":[{"@type":"SearchAction","target":{"@type":"EntryPoint","urlTemplate":"https:\/\/brasilnoticias.org\/site\/?s={search_term_string}"},"query-input":{"@type":"PropertyValueSpecification","valueRequired":true,"valueName":"search_term_string"}}],"inLanguage":"pt-PT"},{"@type":"Organization","@id":"https:\/\/brasilnoticias.org\/site\/#organization","name":"Brasil not\u00edcias","url":"https:\/\/brasilnoticias.org\/site\/","logo":{"@type":"ImageObject","inLanguage":"pt-PT","@id":"https:\/\/brasilnoticias.org\/site\/#\/schema\/logo\/image\/","url":"https:\/\/brasilnoticias.org\/site\/wp-content\/uploads\/2022\/05\/cropped-brasilnoticias-mini.jpg","contentUrl":"https:\/\/brasilnoticias.org\/site\/wp-content\/uploads\/2022\/05\/cropped-brasilnoticias-mini.jpg","width":314,"height":86,"caption":"Brasil not\u00edcias"},"image":{"@id":"https:\/\/brasilnoticias.org\/site\/#\/schema\/logo\/image\/"}},{"@type":"Person","@id":"https:\/\/brasilnoticias.org\/site\/#\/schema\/person\/a0e05b973ec4d15c658d51911e53507b","name":"Reda\u00e7\u00e3o","image":{"@type":"ImageObject","inLanguage":"pt-PT","@id":"https:\/\/brasilnoticias.org\/site\/#\/schema\/person\/image\/","url":"https:\/\/secure.gravatar.com\/avatar\/75d8b050df2de108b08ae78dfb8e374892df24a383c67db9c46a9c604f6aee9c?s=96&d=mm&r=g","contentUrl":"https:\/\/secure.gravatar.com\/avatar\/75d8b050df2de108b08ae78dfb8e374892df24a383c67db9c46a9c604f6aee9c?s=96&d=mm&r=g","caption":"Reda\u00e7\u00e3o"},"sameAs":["https:\/\/brasilnoticias.org\/site"],"url":"https:\/\/brasilnoticias.org\/site\/author\/fernandozsngmail-com\/"}]}},"_links":{"self":[{"href":"https:\/\/brasilnoticias.org\/site\/wp-json\/wp\/v2\/posts\/1982","targetHints":{"allow":["GET"]}}],"collection":[{"href":"https:\/\/brasilnoticias.org\/site\/wp-json\/wp\/v2\/posts"}],"about":[{"href":"https:\/\/brasilnoticias.org\/site\/wp-json\/wp\/v2\/types\/post"}],"author":[{"embeddable":true,"href":"https:\/\/brasilnoticias.org\/site\/wp-json\/wp\/v2\/users\/1"}],"replies":[{"embeddable":true,"href":"https:\/\/brasilnoticias.org\/site\/wp-json\/wp\/v2\/comments?post=1982"}],"version-history":[{"count":1,"href":"https:\/\/brasilnoticias.org\/site\/wp-json\/wp\/v2\/posts\/1982\/revisions"}],"predecessor-version":[{"id":1984,"href":"https:\/\/brasilnoticias.org\/site\/wp-json\/wp\/v2\/posts\/1982\/revisions\/1984"}],"wp:featuredmedia":[{"embeddable":true,"href":"https:\/\/brasilnoticias.org\/site\/wp-json\/wp\/v2\/media\/1983"}],"wp:attachment":[{"href":"https:\/\/brasilnoticias.org\/site\/wp-json\/wp\/v2\/media?parent=1982"}],"wp:term":[{"taxonomy":"category","embeddable":true,"href":"https:\/\/brasilnoticias.org\/site\/wp-json\/wp\/v2\/categories?post=1982"},{"taxonomy":"post_tag","embeddable":true,"href":"https:\/\/brasilnoticias.org\/site\/wp-json\/wp\/v2\/tags?post=1982"}],"curies":[{"name":"wp","href":"https:\/\/api.w.org\/{rel}","templated":true}]}}