{"id":19826,"date":"2026-01-26T09:25:41","date_gmt":"2026-01-26T12:25:41","guid":{"rendered":"https:\/\/brasilnoticias.org\/site\/?p=19826"},"modified":"2026-01-26T09:25:41","modified_gmt":"2026-01-26T12:25:41","slug":"agencias-do-inss-fecham-de-quarta-a-sexta-feira-desta-semana","status":"publish","type":"post","link":"https:\/\/brasilnoticias.org\/site\/agencias-do-inss-fecham-de-quarta-a-sexta-feira-desta-semana\/","title":{"rendered":"Ag\u00eancias do INSS fecham de quarta a sexta-feira desta semana"},"content":{"rendered":"<p>As ag\u00eancias do Instituto Nacional do Seguro Social (INSS) estar\u00e3o fechadas de quarta-feira (4) a sexta-feira (6) desta semana, conforme comunicou o pr\u00f3prio \u00f3rg\u00e3o. A interrup\u00e7\u00e3o tempor\u00e1ria dos atendimentos presenciais acontece em raz\u00e3o de ajustes operacionais internos, que incluem atualiza\u00e7\u00e3o de sistemas e reorganiza\u00e7\u00e3o de servi\u00e7os para melhorar o atendimento ao p\u00fablico.<\/p>\n<p>Durante esse per\u00edodo, os segurados n\u00e3o poder\u00e3o realizar servi\u00e7os presenciais nas ag\u00eancias, como solicita\u00e7\u00f5es de aposentadorias, revis\u00f5es, per\u00edcias m\u00e9dicas nem atendimento agendado. No entanto, o INSS refor\u00e7a que a maior parte dos servi\u00e7os pode continuar sendo acessada de forma remota, pela internet, por meio do portal Meu INSS ou do aplicativo Meu INSS, dispon\u00edvel para smartphones.<\/p>\n<p>Entre os servi\u00e7os que podem ser feitos sem necessidade de comparecer \u00e0 ag\u00eancia est\u00e3o a consulta de extratos, requerimento de benef\u00edcios, agendamentos e atualiza\u00e7\u00e3o cadastral (quando permitido digitalmente). O objetivo da iniciativa \u00e9 evitar impacto ao p\u00fablico e incentivar o uso de canais digitais, que funcionam 24 horas por dia, sem interrup\u00e7\u00e3o.<\/p>\n<p>O INSS orienta que os segurados se programem para antecipar demandas urgentes ou utilizar os canais eletr\u00f4nicos durante o per\u00edodo em que as ag\u00eancias estiverem fechadas, principalmente quem ainda n\u00e3o concluiu requerimentos ou precisa de informa\u00e7\u00f5es sobre benef\u00edcios em andamento.<\/p>\n<p>A reabertura das ag\u00eancias est\u00e1 prevista para a segunda-feira seguinte (9), com atendimento normal retomado em todas as unidades do pa\u00eds.<\/p>\n<p>Foto: Divulga\u00e7\u00e3o<br \/>\nFonte: Ag\u00eancia Brasil<\/p>\n","protected":false},"excerpt":{"rendered":"<p>As ag\u00eancias do Instituto Nacional do Seguro Social (INSS) estar\u00e3o fechadas de quarta-feira (4) a sexta-feira (6) desta semana, conforme<\/p>\n","protected":false},"author":4,"featured_media":19827,"comment_status":"open","ping_status":"open","sticky":false,"template":"","format":"standard","meta":{"colormag_page_container_layout":"default_layout","colormag_page_sidebar_layout":"default_layout","_FSMCFIC_featured_image_caption":"","_FSMCFIC_featured_image_nocaption":"","_FSMCFIC_featured_image_hide":"","footnotes":""},"categories":[2,1],"tags":[],"class_list":["post-19826","post","type-post","status-publish","format-standard","has-post-thumbnail","hentry","category-noticias","category-ultimas"],"yoast_head":"<!-- This site is optimized with the Yoast SEO plugin v27.1.1 - https:\/\/yoast.com\/product\/yoast-seo-wordpress\/ -->\n<title>Ag\u00eancias do INSS fecham de quarta a sexta-feira desta semana - Brasil not\u00edcias<\/title>\n<meta name=\"robots\" content=\"index, follow, max-snippet:-1, max-image-preview:large, max-video-preview:-1\" \/>\n<link rel=\"canonical\" href=\"https:\/\/brasilnoticias.org\/site\/agencias-do-inss-fecham-de-quarta-a-sexta-feira-desta-semana\/\" \/>\n<meta property=\"og:locale\" content=\"pt_PT\" \/>\n<meta property=\"og:type\" content=\"article\" \/>\n<meta property=\"og:title\" content=\"Ag\u00eancias do INSS fecham de quarta a sexta-feira desta semana - Brasil not\u00edcias\" \/>\n<meta property=\"og:description\" content=\"As ag\u00eancias do Instituto Nacional do Seguro Social (INSS) estar\u00e3o fechadas de quarta-feira (4) a sexta-feira (6) desta semana, conforme\" \/>\n<meta property=\"og:url\" content=\"https:\/\/brasilnoticias.org\/site\/agencias-do-inss-fecham-de-quarta-a-sexta-feira-desta-semana\/\" \/>\n<meta property=\"og:site_name\" content=\"Brasil not\u00edcias\" \/>\n<meta property=\"article:published_time\" content=\"2026-01-26T12:25:41+00:00\" \/>\n<meta property=\"og:image\" content=\"https:\/\/brasilnoticias.org\/site\/wp-content\/uploads\/2026\/01\/966946-07072015-dsc_5210.webp\" \/>\n\t<meta property=\"og:image:width\" content=\"1170\" \/>\n\t<meta property=\"og:image:height\" content=\"700\" \/>\n\t<meta property=\"og:image:type\" content=\"image\/webp\" \/>\n<meta name=\"author\" content=\"Reda\u00e7\u00e3o\" \/>\n<meta name=\"twitter:card\" content=\"summary_large_image\" \/>\n<meta name=\"twitter:label1\" content=\"Escrito por\" \/>\n\t<meta name=\"twitter:data1\" content=\"Reda\u00e7\u00e3o\" \/>\n\t<meta name=\"twitter:label2\" content=\"Tempo estimado de leitura\" \/>\n\t<meta name=\"twitter:data2\" content=\"1 minuto\" \/>\n<script type=\"application\/ld+json\" class=\"yoast-schema-graph\">{\"@context\":\"https:\/\/schema.org\",\"@graph\":[{\"@type\":\"Article\",\"@id\":\"https:\/\/brasilnoticias.org\/site\/agencias-do-inss-fecham-de-quarta-a-sexta-feira-desta-semana\/#article\",\"isPartOf\":{\"@id\":\"https:\/\/brasilnoticias.org\/site\/agencias-do-inss-fecham-de-quarta-a-sexta-feira-desta-semana\/\"},\"author\":{\"name\":\"Reda\u00e7\u00e3o\",\"@id\":\"https:\/\/brasilnoticias.org\/site\/#\/schema\/person\/03bbbfe6c7634ad18c26444ea39049fa\"},\"headline\":\"Ag\u00eancias do INSS fecham de quarta a sexta-feira desta semana\",\"datePublished\":\"2026-01-26T12:25:41+00:00\",\"mainEntityOfPage\":{\"@id\":\"https:\/\/brasilnoticias.org\/site\/agencias-do-inss-fecham-de-quarta-a-sexta-feira-desta-semana\/\"},\"wordCount\":271,\"commentCount\":0,\"publisher\":{\"@id\":\"https:\/\/brasilnoticias.org\/site\/#organization\"},\"image\":{\"@id\":\"https:\/\/brasilnoticias.org\/site\/agencias-do-inss-fecham-de-quarta-a-sexta-feira-desta-semana\/#primaryimage\"},\"thumbnailUrl\":\"https:\/\/brasilnoticias.org\/site\/wp-content\/uploads\/2026\/01\/966946-07072015-dsc_5210.webp\",\"articleSection\":[\"Not\u00edcias\",\"\u00daltimas\"],\"inLanguage\":\"pt-PT\",\"potentialAction\":[{\"@type\":\"CommentAction\",\"name\":\"Comment\",\"target\":[\"https:\/\/brasilnoticias.org\/site\/agencias-do-inss-fecham-de-quarta-a-sexta-feira-desta-semana\/#respond\"]}]},{\"@type\":\"WebPage\",\"@id\":\"https:\/\/brasilnoticias.org\/site\/agencias-do-inss-fecham-de-quarta-a-sexta-feira-desta-semana\/\",\"url\":\"https:\/\/brasilnoticias.org\/site\/agencias-do-inss-fecham-de-quarta-a-sexta-feira-desta-semana\/\",\"name\":\"Ag\u00eancias do INSS fecham de quarta a sexta-feira desta semana - Brasil not\u00edcias\",\"isPartOf\":{\"@id\":\"https:\/\/brasilnoticias.org\/site\/#website\"},\"primaryImageOfPage\":{\"@id\":\"https:\/\/brasilnoticias.org\/site\/agencias-do-inss-fecham-de-quarta-a-sexta-feira-desta-semana\/#primaryimage\"},\"image\":{\"@id\":\"https:\/\/brasilnoticias.org\/site\/agencias-do-inss-fecham-de-quarta-a-sexta-feira-desta-semana\/#primaryimage\"},\"thumbnailUrl\":\"https:\/\/brasilnoticias.org\/site\/wp-content\/uploads\/2026\/01\/966946-07072015-dsc_5210.webp\",\"datePublished\":\"2026-01-26T12:25:41+00:00\",\"breadcrumb\":{\"@id\":\"https:\/\/brasilnoticias.org\/site\/agencias-do-inss-fecham-de-quarta-a-sexta-feira-desta-semana\/#breadcrumb\"},\"inLanguage\":\"pt-PT\",\"potentialAction\":[{\"@type\":\"ReadAction\",\"target\":[\"https:\/\/brasilnoticias.org\/site\/agencias-do-inss-fecham-de-quarta-a-sexta-feira-desta-semana\/\"]}]},{\"@type\":\"ImageObject\",\"inLanguage\":\"pt-PT\",\"@id\":\"https:\/\/brasilnoticias.org\/site\/agencias-do-inss-fecham-de-quarta-a-sexta-feira-desta-semana\/#primaryimage\",\"url\":\"https:\/\/brasilnoticias.org\/site\/wp-content\/uploads\/2026\/01\/966946-07072015-dsc_5210.webp\",\"contentUrl\":\"https:\/\/brasilnoticias.org\/site\/wp-content\/uploads\/2026\/01\/966946-07072015-dsc_5210.webp\",\"width\":1170,\"height\":700},{\"@type\":\"BreadcrumbList\",\"@id\":\"https:\/\/brasilnoticias.org\/site\/agencias-do-inss-fecham-de-quarta-a-sexta-feira-desta-semana\/#breadcrumb\",\"itemListElement\":[{\"@type\":\"ListItem\",\"position\":1,\"name\":\"In\u00edcio\",\"item\":\"https:\/\/brasilnoticias.org\/site\/\"},{\"@type\":\"ListItem\",\"position\":2,\"name\":\"Ag\u00eancias do INSS fecham de quarta a sexta-feira desta semana\"}]},{\"@type\":\"WebSite\",\"@id\":\"https:\/\/brasilnoticias.org\/site\/#website\",\"url\":\"https:\/\/brasilnoticias.org\/site\/\",\"name\":\"Brasil not\u00edcias\",\"description\":\"Brasil not\u00edcias\",\"publisher\":{\"@id\":\"https:\/\/brasilnoticias.org\/site\/#organization\"},\"potentialAction\":[{\"@type\":\"SearchAction\",\"target\":{\"@type\":\"EntryPoint\",\"urlTemplate\":\"https:\/\/brasilnoticias.org\/site\/?s={search_term_string}\"},\"query-input\":{\"@type\":\"PropertyValueSpecification\",\"valueRequired\":true,\"valueName\":\"search_term_string\"}}],\"inLanguage\":\"pt-PT\"},{\"@type\":\"Organization\",\"@id\":\"https:\/\/brasilnoticias.org\/site\/#organization\",\"name\":\"Brasil not\u00edcias\",\"url\":\"https:\/\/brasilnoticias.org\/site\/\",\"logo\":{\"@type\":\"ImageObject\",\"inLanguage\":\"pt-PT\",\"@id\":\"https:\/\/brasilnoticias.org\/site\/#\/schema\/logo\/image\/\",\"url\":\"https:\/\/brasilnoticias.org\/site\/wp-content\/uploads\/2022\/05\/cropped-brasilnoticias-mini.jpg\",\"contentUrl\":\"https:\/\/brasilnoticias.org\/site\/wp-content\/uploads\/2022\/05\/cropped-brasilnoticias-mini.jpg\",\"width\":314,\"height\":86,\"caption\":\"Brasil not\u00edcias\"},\"image\":{\"@id\":\"https:\/\/brasilnoticias.org\/site\/#\/schema\/logo\/image\/\"}},{\"@type\":\"Person\",\"@id\":\"https:\/\/brasilnoticias.org\/site\/#\/schema\/person\/03bbbfe6c7634ad18c26444ea39049fa\",\"name\":\"Reda\u00e7\u00e3o\",\"image\":{\"@type\":\"ImageObject\",\"inLanguage\":\"pt-PT\",\"@id\":\"https:\/\/brasilnoticias.org\/site\/#\/schema\/person\/image\/\",\"url\":\"https:\/\/secure.gravatar.com\/avatar\/9ecaf7327a696cb23ad926fedded5f1f04d7049de9e445375d55b48c001a6e42?s=96&d=mm&r=g\",\"contentUrl\":\"https:\/\/secure.gravatar.com\/avatar\/9ecaf7327a696cb23ad926fedded5f1f04d7049de9e445375d55b48c001a6e42?s=96&d=mm&r=g\",\"caption\":\"Reda\u00e7\u00e3o\"},\"url\":\"https:\/\/brasilnoticias.org\/site\/author\/henrique\/\"}]}<\/script>\n<!-- \/ Yoast SEO plugin. -->","yoast_head_json":{"title":"Ag\u00eancias do INSS fecham de quarta a sexta-feira desta semana - Brasil not\u00edcias","robots":{"index":"index","follow":"follow","max-snippet":"max-snippet:-1","max-image-preview":"max-image-preview:large","max-video-preview":"max-video-preview:-1"},"canonical":"https:\/\/brasilnoticias.org\/site\/agencias-do-inss-fecham-de-quarta-a-sexta-feira-desta-semana\/","og_locale":"pt_PT","og_type":"article","og_title":"Ag\u00eancias do INSS fecham de quarta a sexta-feira desta semana - Brasil not\u00edcias","og_description":"As ag\u00eancias do Instituto Nacional do Seguro Social (INSS) estar\u00e3o fechadas de quarta-feira (4) a sexta-feira (6) desta semana, conforme","og_url":"https:\/\/brasilnoticias.org\/site\/agencias-do-inss-fecham-de-quarta-a-sexta-feira-desta-semana\/","og_site_name":"Brasil not\u00edcias","article_published_time":"2026-01-26T12:25:41+00:00","og_image":[{"width":1170,"height":700,"url":"https:\/\/brasilnoticias.org\/site\/wp-content\/uploads\/2026\/01\/966946-07072015-dsc_5210.webp","type":"image\/webp"}],"author":"Reda\u00e7\u00e3o","twitter_card":"summary_large_image","twitter_misc":{"Escrito por":"Reda\u00e7\u00e3o","Tempo estimado de leitura":"1 minuto"},"schema":{"@context":"https:\/\/schema.org","@graph":[{"@type":"Article","@id":"https:\/\/brasilnoticias.org\/site\/agencias-do-inss-fecham-de-quarta-a-sexta-feira-desta-semana\/#article","isPartOf":{"@id":"https:\/\/brasilnoticias.org\/site\/agencias-do-inss-fecham-de-quarta-a-sexta-feira-desta-semana\/"},"author":{"name":"Reda\u00e7\u00e3o","@id":"https:\/\/brasilnoticias.org\/site\/#\/schema\/person\/03bbbfe6c7634ad18c26444ea39049fa"},"headline":"Ag\u00eancias do INSS fecham de quarta a sexta-feira desta semana","datePublished":"2026-01-26T12:25:41+00:00","mainEntityOfPage":{"@id":"https:\/\/brasilnoticias.org\/site\/agencias-do-inss-fecham-de-quarta-a-sexta-feira-desta-semana\/"},"wordCount":271,"commentCount":0,"publisher":{"@id":"https:\/\/brasilnoticias.org\/site\/#organization"},"image":{"@id":"https:\/\/brasilnoticias.org\/site\/agencias-do-inss-fecham-de-quarta-a-sexta-feira-desta-semana\/#primaryimage"},"thumbnailUrl":"https:\/\/brasilnoticias.org\/site\/wp-content\/uploads\/2026\/01\/966946-07072015-dsc_5210.webp","articleSection":["Not\u00edcias","\u00daltimas"],"inLanguage":"pt-PT","potentialAction":[{"@type":"CommentAction","name":"Comment","target":["https:\/\/brasilnoticias.org\/site\/agencias-do-inss-fecham-de-quarta-a-sexta-feira-desta-semana\/#respond"]}]},{"@type":"WebPage","@id":"https:\/\/brasilnoticias.org\/site\/agencias-do-inss-fecham-de-quarta-a-sexta-feira-desta-semana\/","url":"https:\/\/brasilnoticias.org\/site\/agencias-do-inss-fecham-de-quarta-a-sexta-feira-desta-semana\/","name":"Ag\u00eancias do INSS fecham de quarta a sexta-feira desta semana - Brasil not\u00edcias","isPartOf":{"@id":"https:\/\/brasilnoticias.org\/site\/#website"},"primaryImageOfPage":{"@id":"https:\/\/brasilnoticias.org\/site\/agencias-do-inss-fecham-de-quarta-a-sexta-feira-desta-semana\/#primaryimage"},"image":{"@id":"https:\/\/brasilnoticias.org\/site\/agencias-do-inss-fecham-de-quarta-a-sexta-feira-desta-semana\/#primaryimage"},"thumbnailUrl":"https:\/\/brasilnoticias.org\/site\/wp-content\/uploads\/2026\/01\/966946-07072015-dsc_5210.webp","datePublished":"2026-01-26T12:25:41+00:00","breadcrumb":{"@id":"https:\/\/brasilnoticias.org\/site\/agencias-do-inss-fecham-de-quarta-a-sexta-feira-desta-semana\/#breadcrumb"},"inLanguage":"pt-PT","potentialAction":[{"@type":"ReadAction","target":["https:\/\/brasilnoticias.org\/site\/agencias-do-inss-fecham-de-quarta-a-sexta-feira-desta-semana\/"]}]},{"@type":"ImageObject","inLanguage":"pt-PT","@id":"https:\/\/brasilnoticias.org\/site\/agencias-do-inss-fecham-de-quarta-a-sexta-feira-desta-semana\/#primaryimage","url":"https:\/\/brasilnoticias.org\/site\/wp-content\/uploads\/2026\/01\/966946-07072015-dsc_5210.webp","contentUrl":"https:\/\/brasilnoticias.org\/site\/wp-content\/uploads\/2026\/01\/966946-07072015-dsc_5210.webp","width":1170,"height":700},{"@type":"BreadcrumbList","@id":"https:\/\/brasilnoticias.org\/site\/agencias-do-inss-fecham-de-quarta-a-sexta-feira-desta-semana\/#breadcrumb","itemListElement":[{"@type":"ListItem","position":1,"name":"In\u00edcio","item":"https:\/\/brasilnoticias.org\/site\/"},{"@type":"ListItem","position":2,"name":"Ag\u00eancias do INSS fecham de quarta a sexta-feira desta semana"}]},{"@type":"WebSite","@id":"https:\/\/brasilnoticias.org\/site\/#website","url":"https:\/\/brasilnoticias.org\/site\/","name":"Brasil not\u00edcias","description":"Brasil not\u00edcias","publisher":{"@id":"https:\/\/brasilnoticias.org\/site\/#organization"},"potentialAction":[{"@type":"SearchAction","target":{"@type":"EntryPoint","urlTemplate":"https:\/\/brasilnoticias.org\/site\/?s={search_term_string}"},"query-input":{"@type":"PropertyValueSpecification","valueRequired":true,"valueName":"search_term_string"}}],"inLanguage":"pt-PT"},{"@type":"Organization","@id":"https:\/\/brasilnoticias.org\/site\/#organization","name":"Brasil not\u00edcias","url":"https:\/\/brasilnoticias.org\/site\/","logo":{"@type":"ImageObject","inLanguage":"pt-PT","@id":"https:\/\/brasilnoticias.org\/site\/#\/schema\/logo\/image\/","url":"https:\/\/brasilnoticias.org\/site\/wp-content\/uploads\/2022\/05\/cropped-brasilnoticias-mini.jpg","contentUrl":"https:\/\/brasilnoticias.org\/site\/wp-content\/uploads\/2022\/05\/cropped-brasilnoticias-mini.jpg","width":314,"height":86,"caption":"Brasil not\u00edcias"},"image":{"@id":"https:\/\/brasilnoticias.org\/site\/#\/schema\/logo\/image\/"}},{"@type":"Person","@id":"https:\/\/brasilnoticias.org\/site\/#\/schema\/person\/03bbbfe6c7634ad18c26444ea39049fa","name":"Reda\u00e7\u00e3o","image":{"@type":"ImageObject","inLanguage":"pt-PT","@id":"https:\/\/brasilnoticias.org\/site\/#\/schema\/person\/image\/","url":"https:\/\/secure.gravatar.com\/avatar\/9ecaf7327a696cb23ad926fedded5f1f04d7049de9e445375d55b48c001a6e42?s=96&d=mm&r=g","contentUrl":"https:\/\/secure.gravatar.com\/avatar\/9ecaf7327a696cb23ad926fedded5f1f04d7049de9e445375d55b48c001a6e42?s=96&d=mm&r=g","caption":"Reda\u00e7\u00e3o"},"url":"https:\/\/brasilnoticias.org\/site\/author\/henrique\/"}]}},"_links":{"self":[{"href":"https:\/\/brasilnoticias.org\/site\/wp-json\/wp\/v2\/posts\/19826","targetHints":{"allow":["GET"]}}],"collection":[{"href":"https:\/\/brasilnoticias.org\/site\/wp-json\/wp\/v2\/posts"}],"about":[{"href":"https:\/\/brasilnoticias.org\/site\/wp-json\/wp\/v2\/types\/post"}],"author":[{"embeddable":true,"href":"https:\/\/brasilnoticias.org\/site\/wp-json\/wp\/v2\/users\/4"}],"replies":[{"embeddable":true,"href":"https:\/\/brasilnoticias.org\/site\/wp-json\/wp\/v2\/comments?post=19826"}],"version-history":[{"count":1,"href":"https:\/\/brasilnoticias.org\/site\/wp-json\/wp\/v2\/posts\/19826\/revisions"}],"predecessor-version":[{"id":19828,"href":"https:\/\/brasilnoticias.org\/site\/wp-json\/wp\/v2\/posts\/19826\/revisions\/19828"}],"wp:featuredmedia":[{"embeddable":true,"href":"https:\/\/brasilnoticias.org\/site\/wp-json\/wp\/v2\/media\/19827"}],"wp:attachment":[{"href":"https:\/\/brasilnoticias.org\/site\/wp-json\/wp\/v2\/media?parent=19826"}],"wp:term":[{"taxonomy":"category","embeddable":true,"href":"https:\/\/brasilnoticias.org\/site\/wp-json\/wp\/v2\/categories?post=19826"},{"taxonomy":"post_tag","embeddable":true,"href":"https:\/\/brasilnoticias.org\/site\/wp-json\/wp\/v2\/tags?post=19826"}],"curies":[{"name":"wp","href":"https:\/\/api.w.org\/{rel}","templated":true}]}}