{"id":19836,"date":"2026-01-27T06:24:57","date_gmt":"2026-01-27T09:24:57","guid":{"rendered":"https:\/\/brasilnoticias.org\/site\/?p=19836"},"modified":"2026-01-27T06:24:57","modified_gmt":"2026-01-27T09:24:57","slug":"justica-determina-apreensao-de-passaporte-de-empresario-da-polishop-por-divida-com-banco","status":"publish","type":"post","link":"https:\/\/brasilnoticias.org\/site\/justica-determina-apreensao-de-passaporte-de-empresario-da-polishop-por-divida-com-banco\/","title":{"rendered":"Justi\u00e7a determina apreens\u00e3o de passaporte de empres\u00e1rio da Polishop por d\u00edvida com banco"},"content":{"rendered":"<p>A Justi\u00e7a determinou a apreens\u00e3o do passaporte de um empres\u00e1rio ligado \u00e0 Polishop em raz\u00e3o de uma d\u00edvida civil com um banco, cujo processo tramita na esfera judicial. A medida foi adotada como forma de garantir o cumprimento de uma decis\u00e3o que busca assegurar o pagamento do valor devido, considerado n\u00e3o quitado apesar de tentativas anteriores de concilia\u00e7\u00e3o entre as partes envolvidas.<\/p>\n<p>De acordo com a decis\u00e3o, a ordem de apreens\u00e3o do passaporte foi expedida para dificultar eventual sa\u00edda do pa\u00eds do empres\u00e1rio e refor\u00e7ar a necessidade de que ele responda ao processo e regularize a d\u00edvida. Esse tipo de determina\u00e7\u00e3o \u00e9 uma ferramenta que o Judici\u00e1rio pode aplicar em casos de descumprimento de obriga\u00e7\u00f5es pactuadas quando h\u00e1 risco de evas\u00e3o do devedor.<\/p>\n<p>O banco credor alegou nos autos que o empres\u00e1rio deixou de honrar compromissos financeiros relativos a um contrato de grande valor, e que medidas coercitivas foram solicitadas para assegurar a efetividade da decis\u00e3o judicial. A apreens\u00e3o do passaporte \u00e9 considerada medida cautelar e tem como objetivo evitar que o devedor fuja da jurisdi\u00e7\u00e3o brasileira, respondendo pelos d\u00e9bitos e implica\u00e7\u00f5es legais.<\/p>\n<p>Autoridades jur\u00eddicas ouvidas destacam que esse tipo de determina\u00e7\u00e3o raramente \u00e9 tomada de forma isolada e costuma ser precedida de tentativas de negocia\u00e7\u00e3o, al\u00e9m da comprova\u00e7\u00e3o de que outras provid\u00eancias menos gravosas n\u00e3o surtiram efeito no processo.<\/p>\n<p>At\u00e9 o momento, ainda n\u00e3o h\u00e1 registro p\u00fablico de manifesta\u00e7\u00e3o da defesa do empres\u00e1rio sobre a decis\u00e3o ou sobre eventuais recursos que possam ser apresentados para contestar a medida.<\/p>\n<p>Foto: Reprodu\u00e7\u00e3o\/Polishop<br \/>\nFonte: Metro1<\/p>\n","protected":false},"excerpt":{"rendered":"<p>A Justi\u00e7a determinou a apreens\u00e3o do passaporte de um empres\u00e1rio ligado \u00e0 Polishop em raz\u00e3o de uma d\u00edvida civil com<\/p>\n","protected":false},"author":4,"featured_media":19839,"comment_status":"open","ping_status":"open","sticky":false,"template":"","format":"standard","meta":{"colormag_page_container_layout":"default_layout","colormag_page_sidebar_layout":"default_layout","_FSMCFIC_featured_image_caption":"","_FSMCFIC_featured_image_nocaption":"","_FSMCFIC_featured_image_hide":"","footnotes":""},"categories":[7,1],"tags":[],"class_list":["post-19836","post","type-post","status-publish","format-standard","has-post-thumbnail","hentry","category-justica","category-ultimas"],"yoast_head":"<!-- This site is optimized with the Yoast SEO plugin v27.1.1 - https:\/\/yoast.com\/product\/yoast-seo-wordpress\/ -->\n<title>Justi\u00e7a determina apreens\u00e3o de passaporte de empres\u00e1rio da Polishop por d\u00edvida com banco - Brasil not\u00edcias<\/title>\n<meta name=\"robots\" content=\"index, follow, max-snippet:-1, max-image-preview:large, max-video-preview:-1\" \/>\n<link rel=\"canonical\" href=\"https:\/\/brasilnoticias.org\/site\/justica-determina-apreensao-de-passaporte-de-empresario-da-polishop-por-divida-com-banco\/\" \/>\n<meta property=\"og:locale\" content=\"pt_PT\" \/>\n<meta property=\"og:type\" content=\"article\" \/>\n<meta property=\"og:title\" content=\"Justi\u00e7a determina apreens\u00e3o de passaporte de empres\u00e1rio da Polishop por d\u00edvida com banco - Brasil not\u00edcias\" \/>\n<meta property=\"og:description\" content=\"A Justi\u00e7a determinou a apreens\u00e3o do passaporte de um empres\u00e1rio ligado \u00e0 Polishop em raz\u00e3o de uma d\u00edvida civil com\" \/>\n<meta property=\"og:url\" content=\"https:\/\/brasilnoticias.org\/site\/justica-determina-apreensao-de-passaporte-de-empresario-da-polishop-por-divida-com-banco\/\" \/>\n<meta property=\"og:site_name\" content=\"Brasil not\u00edcias\" \/>\n<meta property=\"article:published_time\" content=\"2026-01-27T09:24:57+00:00\" \/>\n<meta property=\"og:image\" content=\"https:\/\/brasilnoticias.org\/site\/wp-content\/uploads\/2026\/01\/176809justica-determina-apreensao-de-passaporte-de-empresario-da-polishop-por-divida-com-banco-3.jpg\" \/>\n\t<meta property=\"og:image:width\" content=\"1600\" \/>\n\t<meta property=\"og:image:height\" content=\"752\" \/>\n\t<meta property=\"og:image:type\" content=\"image\/jpeg\" \/>\n<meta name=\"author\" content=\"Reda\u00e7\u00e3o\" \/>\n<meta name=\"twitter:card\" content=\"summary_large_image\" \/>\n<meta name=\"twitter:label1\" content=\"Escrito por\" \/>\n\t<meta name=\"twitter:data1\" content=\"Reda\u00e7\u00e3o\" \/>\n\t<meta name=\"twitter:label2\" content=\"Tempo estimado de leitura\" \/>\n\t<meta name=\"twitter:data2\" content=\"1 minuto\" \/>\n<script type=\"application\/ld+json\" class=\"yoast-schema-graph\">{\"@context\":\"https:\/\/schema.org\",\"@graph\":[{\"@type\":\"Article\",\"@id\":\"https:\/\/brasilnoticias.org\/site\/justica-determina-apreensao-de-passaporte-de-empresario-da-polishop-por-divida-com-banco\/#article\",\"isPartOf\":{\"@id\":\"https:\/\/brasilnoticias.org\/site\/justica-determina-apreensao-de-passaporte-de-empresario-da-polishop-por-divida-com-banco\/\"},\"author\":{\"name\":\"Reda\u00e7\u00e3o\",\"@id\":\"https:\/\/brasilnoticias.org\/site\/#\/schema\/person\/03bbbfe6c7634ad18c26444ea39049fa\"},\"headline\":\"Justi\u00e7a determina apreens\u00e3o de passaporte de empres\u00e1rio da Polishop por d\u00edvida com banco\",\"datePublished\":\"2026-01-27T09:24:57+00:00\",\"mainEntityOfPage\":{\"@id\":\"https:\/\/brasilnoticias.org\/site\/justica-determina-apreensao-de-passaporte-de-empresario-da-polishop-por-divida-com-banco\/\"},\"wordCount\":305,\"commentCount\":0,\"publisher\":{\"@id\":\"https:\/\/brasilnoticias.org\/site\/#organization\"},\"image\":{\"@id\":\"https:\/\/brasilnoticias.org\/site\/justica-determina-apreensao-de-passaporte-de-empresario-da-polishop-por-divida-com-banco\/#primaryimage\"},\"thumbnailUrl\":\"https:\/\/brasilnoticias.org\/site\/wp-content\/uploads\/2026\/01\/176809justica-determina-apreensao-de-passaporte-de-empresario-da-polishop-por-divida-com-banco-3.jpg\",\"articleSection\":[\"Justi\u00e7a\",\"\u00daltimas\"],\"inLanguage\":\"pt-PT\",\"potentialAction\":[{\"@type\":\"CommentAction\",\"name\":\"Comment\",\"target\":[\"https:\/\/brasilnoticias.org\/site\/justica-determina-apreensao-de-passaporte-de-empresario-da-polishop-por-divida-com-banco\/#respond\"]}]},{\"@type\":\"WebPage\",\"@id\":\"https:\/\/brasilnoticias.org\/site\/justica-determina-apreensao-de-passaporte-de-empresario-da-polishop-por-divida-com-banco\/\",\"url\":\"https:\/\/brasilnoticias.org\/site\/justica-determina-apreensao-de-passaporte-de-empresario-da-polishop-por-divida-com-banco\/\",\"name\":\"Justi\u00e7a determina apreens\u00e3o de passaporte de empres\u00e1rio da Polishop por d\u00edvida com banco - Brasil not\u00edcias\",\"isPartOf\":{\"@id\":\"https:\/\/brasilnoticias.org\/site\/#website\"},\"primaryImageOfPage\":{\"@id\":\"https:\/\/brasilnoticias.org\/site\/justica-determina-apreensao-de-passaporte-de-empresario-da-polishop-por-divida-com-banco\/#primaryimage\"},\"image\":{\"@id\":\"https:\/\/brasilnoticias.org\/site\/justica-determina-apreensao-de-passaporte-de-empresario-da-polishop-por-divida-com-banco\/#primaryimage\"},\"thumbnailUrl\":\"https:\/\/brasilnoticias.org\/site\/wp-content\/uploads\/2026\/01\/176809justica-determina-apreensao-de-passaporte-de-empresario-da-polishop-por-divida-com-banco-3.jpg\",\"datePublished\":\"2026-01-27T09:24:57+00:00\",\"breadcrumb\":{\"@id\":\"https:\/\/brasilnoticias.org\/site\/justica-determina-apreensao-de-passaporte-de-empresario-da-polishop-por-divida-com-banco\/#breadcrumb\"},\"inLanguage\":\"pt-PT\",\"potentialAction\":[{\"@type\":\"ReadAction\",\"target\":[\"https:\/\/brasilnoticias.org\/site\/justica-determina-apreensao-de-passaporte-de-empresario-da-polishop-por-divida-com-banco\/\"]}]},{\"@type\":\"ImageObject\",\"inLanguage\":\"pt-PT\",\"@id\":\"https:\/\/brasilnoticias.org\/site\/justica-determina-apreensao-de-passaporte-de-empresario-da-polishop-por-divida-com-banco\/#primaryimage\",\"url\":\"https:\/\/brasilnoticias.org\/site\/wp-content\/uploads\/2026\/01\/176809justica-determina-apreensao-de-passaporte-de-empresario-da-polishop-por-divida-com-banco-3.jpg\",\"contentUrl\":\"https:\/\/brasilnoticias.org\/site\/wp-content\/uploads\/2026\/01\/176809justica-determina-apreensao-de-passaporte-de-empresario-da-polishop-por-divida-com-banco-3.jpg\",\"width\":1600,\"height\":752},{\"@type\":\"BreadcrumbList\",\"@id\":\"https:\/\/brasilnoticias.org\/site\/justica-determina-apreensao-de-passaporte-de-empresario-da-polishop-por-divida-com-banco\/#breadcrumb\",\"itemListElement\":[{\"@type\":\"ListItem\",\"position\":1,\"name\":\"In\u00edcio\",\"item\":\"https:\/\/brasilnoticias.org\/site\/\"},{\"@type\":\"ListItem\",\"position\":2,\"name\":\"Justi\u00e7a determina apreens\u00e3o de passaporte de empres\u00e1rio da Polishop por d\u00edvida com banco\"}]},{\"@type\":\"WebSite\",\"@id\":\"https:\/\/brasilnoticias.org\/site\/#website\",\"url\":\"https:\/\/brasilnoticias.org\/site\/\",\"name\":\"Brasil not\u00edcias\",\"description\":\"Brasil not\u00edcias\",\"publisher\":{\"@id\":\"https:\/\/brasilnoticias.org\/site\/#organization\"},\"potentialAction\":[{\"@type\":\"SearchAction\",\"target\":{\"@type\":\"EntryPoint\",\"urlTemplate\":\"https:\/\/brasilnoticias.org\/site\/?s={search_term_string}\"},\"query-input\":{\"@type\":\"PropertyValueSpecification\",\"valueRequired\":true,\"valueName\":\"search_term_string\"}}],\"inLanguage\":\"pt-PT\"},{\"@type\":\"Organization\",\"@id\":\"https:\/\/brasilnoticias.org\/site\/#organization\",\"name\":\"Brasil not\u00edcias\",\"url\":\"https:\/\/brasilnoticias.org\/site\/\",\"logo\":{\"@type\":\"ImageObject\",\"inLanguage\":\"pt-PT\",\"@id\":\"https:\/\/brasilnoticias.org\/site\/#\/schema\/logo\/image\/\",\"url\":\"https:\/\/brasilnoticias.org\/site\/wp-content\/uploads\/2022\/05\/cropped-brasilnoticias-mini.jpg\",\"contentUrl\":\"https:\/\/brasilnoticias.org\/site\/wp-content\/uploads\/2022\/05\/cropped-brasilnoticias-mini.jpg\",\"width\":314,\"height\":86,\"caption\":\"Brasil not\u00edcias\"},\"image\":{\"@id\":\"https:\/\/brasilnoticias.org\/site\/#\/schema\/logo\/image\/\"}},{\"@type\":\"Person\",\"@id\":\"https:\/\/brasilnoticias.org\/site\/#\/schema\/person\/03bbbfe6c7634ad18c26444ea39049fa\",\"name\":\"Reda\u00e7\u00e3o\",\"image\":{\"@type\":\"ImageObject\",\"inLanguage\":\"pt-PT\",\"@id\":\"https:\/\/brasilnoticias.org\/site\/#\/schema\/person\/image\/\",\"url\":\"https:\/\/secure.gravatar.com\/avatar\/9ecaf7327a696cb23ad926fedded5f1f04d7049de9e445375d55b48c001a6e42?s=96&d=mm&r=g\",\"contentUrl\":\"https:\/\/secure.gravatar.com\/avatar\/9ecaf7327a696cb23ad926fedded5f1f04d7049de9e445375d55b48c001a6e42?s=96&d=mm&r=g\",\"caption\":\"Reda\u00e7\u00e3o\"},\"url\":\"https:\/\/brasilnoticias.org\/site\/author\/henrique\/\"}]}<\/script>\n<!-- \/ Yoast SEO plugin. -->","yoast_head_json":{"title":"Justi\u00e7a determina apreens\u00e3o de passaporte de empres\u00e1rio da Polishop por d\u00edvida com banco - Brasil not\u00edcias","robots":{"index":"index","follow":"follow","max-snippet":"max-snippet:-1","max-image-preview":"max-image-preview:large","max-video-preview":"max-video-preview:-1"},"canonical":"https:\/\/brasilnoticias.org\/site\/justica-determina-apreensao-de-passaporte-de-empresario-da-polishop-por-divida-com-banco\/","og_locale":"pt_PT","og_type":"article","og_title":"Justi\u00e7a determina apreens\u00e3o de passaporte de empres\u00e1rio da Polishop por d\u00edvida com banco - Brasil not\u00edcias","og_description":"A Justi\u00e7a determinou a apreens\u00e3o do passaporte de um empres\u00e1rio ligado \u00e0 Polishop em raz\u00e3o de uma d\u00edvida civil com","og_url":"https:\/\/brasilnoticias.org\/site\/justica-determina-apreensao-de-passaporte-de-empresario-da-polishop-por-divida-com-banco\/","og_site_name":"Brasil not\u00edcias","article_published_time":"2026-01-27T09:24:57+00:00","og_image":[{"width":1600,"height":752,"url":"https:\/\/brasilnoticias.org\/site\/wp-content\/uploads\/2026\/01\/176809justica-determina-apreensao-de-passaporte-de-empresario-da-polishop-por-divida-com-banco-3.jpg","type":"image\/jpeg"}],"author":"Reda\u00e7\u00e3o","twitter_card":"summary_large_image","twitter_misc":{"Escrito por":"Reda\u00e7\u00e3o","Tempo estimado de leitura":"1 minuto"},"schema":{"@context":"https:\/\/schema.org","@graph":[{"@type":"Article","@id":"https:\/\/brasilnoticias.org\/site\/justica-determina-apreensao-de-passaporte-de-empresario-da-polishop-por-divida-com-banco\/#article","isPartOf":{"@id":"https:\/\/brasilnoticias.org\/site\/justica-determina-apreensao-de-passaporte-de-empresario-da-polishop-por-divida-com-banco\/"},"author":{"name":"Reda\u00e7\u00e3o","@id":"https:\/\/brasilnoticias.org\/site\/#\/schema\/person\/03bbbfe6c7634ad18c26444ea39049fa"},"headline":"Justi\u00e7a determina apreens\u00e3o de passaporte de empres\u00e1rio da Polishop por d\u00edvida com banco","datePublished":"2026-01-27T09:24:57+00:00","mainEntityOfPage":{"@id":"https:\/\/brasilnoticias.org\/site\/justica-determina-apreensao-de-passaporte-de-empresario-da-polishop-por-divida-com-banco\/"},"wordCount":305,"commentCount":0,"publisher":{"@id":"https:\/\/brasilnoticias.org\/site\/#organization"},"image":{"@id":"https:\/\/brasilnoticias.org\/site\/justica-determina-apreensao-de-passaporte-de-empresario-da-polishop-por-divida-com-banco\/#primaryimage"},"thumbnailUrl":"https:\/\/brasilnoticias.org\/site\/wp-content\/uploads\/2026\/01\/176809justica-determina-apreensao-de-passaporte-de-empresario-da-polishop-por-divida-com-banco-3.jpg","articleSection":["Justi\u00e7a","\u00daltimas"],"inLanguage":"pt-PT","potentialAction":[{"@type":"CommentAction","name":"Comment","target":["https:\/\/brasilnoticias.org\/site\/justica-determina-apreensao-de-passaporte-de-empresario-da-polishop-por-divida-com-banco\/#respond"]}]},{"@type":"WebPage","@id":"https:\/\/brasilnoticias.org\/site\/justica-determina-apreensao-de-passaporte-de-empresario-da-polishop-por-divida-com-banco\/","url":"https:\/\/brasilnoticias.org\/site\/justica-determina-apreensao-de-passaporte-de-empresario-da-polishop-por-divida-com-banco\/","name":"Justi\u00e7a determina apreens\u00e3o de passaporte de empres\u00e1rio da Polishop por d\u00edvida com banco - Brasil not\u00edcias","isPartOf":{"@id":"https:\/\/brasilnoticias.org\/site\/#website"},"primaryImageOfPage":{"@id":"https:\/\/brasilnoticias.org\/site\/justica-determina-apreensao-de-passaporte-de-empresario-da-polishop-por-divida-com-banco\/#primaryimage"},"image":{"@id":"https:\/\/brasilnoticias.org\/site\/justica-determina-apreensao-de-passaporte-de-empresario-da-polishop-por-divida-com-banco\/#primaryimage"},"thumbnailUrl":"https:\/\/brasilnoticias.org\/site\/wp-content\/uploads\/2026\/01\/176809justica-determina-apreensao-de-passaporte-de-empresario-da-polishop-por-divida-com-banco-3.jpg","datePublished":"2026-01-27T09:24:57+00:00","breadcrumb":{"@id":"https:\/\/brasilnoticias.org\/site\/justica-determina-apreensao-de-passaporte-de-empresario-da-polishop-por-divida-com-banco\/#breadcrumb"},"inLanguage":"pt-PT","potentialAction":[{"@type":"ReadAction","target":["https:\/\/brasilnoticias.org\/site\/justica-determina-apreensao-de-passaporte-de-empresario-da-polishop-por-divida-com-banco\/"]}]},{"@type":"ImageObject","inLanguage":"pt-PT","@id":"https:\/\/brasilnoticias.org\/site\/justica-determina-apreensao-de-passaporte-de-empresario-da-polishop-por-divida-com-banco\/#primaryimage","url":"https:\/\/brasilnoticias.org\/site\/wp-content\/uploads\/2026\/01\/176809justica-determina-apreensao-de-passaporte-de-empresario-da-polishop-por-divida-com-banco-3.jpg","contentUrl":"https:\/\/brasilnoticias.org\/site\/wp-content\/uploads\/2026\/01\/176809justica-determina-apreensao-de-passaporte-de-empresario-da-polishop-por-divida-com-banco-3.jpg","width":1600,"height":752},{"@type":"BreadcrumbList","@id":"https:\/\/brasilnoticias.org\/site\/justica-determina-apreensao-de-passaporte-de-empresario-da-polishop-por-divida-com-banco\/#breadcrumb","itemListElement":[{"@type":"ListItem","position":1,"name":"In\u00edcio","item":"https:\/\/brasilnoticias.org\/site\/"},{"@type":"ListItem","position":2,"name":"Justi\u00e7a determina apreens\u00e3o de passaporte de empres\u00e1rio da Polishop por d\u00edvida com banco"}]},{"@type":"WebSite","@id":"https:\/\/brasilnoticias.org\/site\/#website","url":"https:\/\/brasilnoticias.org\/site\/","name":"Brasil not\u00edcias","description":"Brasil not\u00edcias","publisher":{"@id":"https:\/\/brasilnoticias.org\/site\/#organization"},"potentialAction":[{"@type":"SearchAction","target":{"@type":"EntryPoint","urlTemplate":"https:\/\/brasilnoticias.org\/site\/?s={search_term_string}"},"query-input":{"@type":"PropertyValueSpecification","valueRequired":true,"valueName":"search_term_string"}}],"inLanguage":"pt-PT"},{"@type":"Organization","@id":"https:\/\/brasilnoticias.org\/site\/#organization","name":"Brasil not\u00edcias","url":"https:\/\/brasilnoticias.org\/site\/","logo":{"@type":"ImageObject","inLanguage":"pt-PT","@id":"https:\/\/brasilnoticias.org\/site\/#\/schema\/logo\/image\/","url":"https:\/\/brasilnoticias.org\/site\/wp-content\/uploads\/2022\/05\/cropped-brasilnoticias-mini.jpg","contentUrl":"https:\/\/brasilnoticias.org\/site\/wp-content\/uploads\/2022\/05\/cropped-brasilnoticias-mini.jpg","width":314,"height":86,"caption":"Brasil not\u00edcias"},"image":{"@id":"https:\/\/brasilnoticias.org\/site\/#\/schema\/logo\/image\/"}},{"@type":"Person","@id":"https:\/\/brasilnoticias.org\/site\/#\/schema\/person\/03bbbfe6c7634ad18c26444ea39049fa","name":"Reda\u00e7\u00e3o","image":{"@type":"ImageObject","inLanguage":"pt-PT","@id":"https:\/\/brasilnoticias.org\/site\/#\/schema\/person\/image\/","url":"https:\/\/secure.gravatar.com\/avatar\/9ecaf7327a696cb23ad926fedded5f1f04d7049de9e445375d55b48c001a6e42?s=96&d=mm&r=g","contentUrl":"https:\/\/secure.gravatar.com\/avatar\/9ecaf7327a696cb23ad926fedded5f1f04d7049de9e445375d55b48c001a6e42?s=96&d=mm&r=g","caption":"Reda\u00e7\u00e3o"},"url":"https:\/\/brasilnoticias.org\/site\/author\/henrique\/"}]}},"_links":{"self":[{"href":"https:\/\/brasilnoticias.org\/site\/wp-json\/wp\/v2\/posts\/19836","targetHints":{"allow":["GET"]}}],"collection":[{"href":"https:\/\/brasilnoticias.org\/site\/wp-json\/wp\/v2\/posts"}],"about":[{"href":"https:\/\/brasilnoticias.org\/site\/wp-json\/wp\/v2\/types\/post"}],"author":[{"embeddable":true,"href":"https:\/\/brasilnoticias.org\/site\/wp-json\/wp\/v2\/users\/4"}],"replies":[{"embeddable":true,"href":"https:\/\/brasilnoticias.org\/site\/wp-json\/wp\/v2\/comments?post=19836"}],"version-history":[{"count":1,"href":"https:\/\/brasilnoticias.org\/site\/wp-json\/wp\/v2\/posts\/19836\/revisions"}],"predecessor-version":[{"id":19840,"href":"https:\/\/brasilnoticias.org\/site\/wp-json\/wp\/v2\/posts\/19836\/revisions\/19840"}],"wp:featuredmedia":[{"embeddable":true,"href":"https:\/\/brasilnoticias.org\/site\/wp-json\/wp\/v2\/media\/19839"}],"wp:attachment":[{"href":"https:\/\/brasilnoticias.org\/site\/wp-json\/wp\/v2\/media?parent=19836"}],"wp:term":[{"taxonomy":"category","embeddable":true,"href":"https:\/\/brasilnoticias.org\/site\/wp-json\/wp\/v2\/categories?post=19836"},{"taxonomy":"post_tag","embeddable":true,"href":"https:\/\/brasilnoticias.org\/site\/wp-json\/wp\/v2\/tags?post=19836"}],"curies":[{"name":"wp","href":"https:\/\/api.w.org\/{rel}","templated":true}]}}