{"id":19844,"date":"2026-01-27T06:34:43","date_gmt":"2026-01-27T09:34:43","guid":{"rendered":"https:\/\/brasilnoticias.org\/site\/?p=19844"},"modified":"2026-01-27T06:34:43","modified_gmt":"2026-01-27T09:34:43","slug":"governo-prorroga-ate-marco-prazo-para-pedido-de-ressarcimento-do-inss","status":"publish","type":"post","link":"https:\/\/brasilnoticias.org\/site\/governo-prorroga-ate-marco-prazo-para-pedido-de-ressarcimento-do-inss\/","title":{"rendered":"Governo prorroga at\u00e9 mar\u00e7o prazo para pedido de ressarcimento do INSS"},"content":{"rendered":"<p>O governo federal anunciou a prorroga\u00e7\u00e3o do prazo para solicitar o ressarcimento de valores pagos indevidamente ao Instituto Nacional do Seguro Social (INSS). A medida vale agora at\u00e9 mar\u00e7o de 2026, beneficiando segurados que foram descontados de forma incorreta ou que tiveram altera\u00e7\u00e3o no benef\u00edcio sem a devida corre\u00e7\u00e3o.<\/p>\n<p>A decis\u00e3o tem como objetivo dar mais tempo para que os benefici\u00e1rios \u2014 incluindo aposentados, pensionistas e outros segurados \u2014 regularizem situa\u00e7\u00f5es em que houve descontos indevidos, cobran\u00e7as em duplicidade ou falhas no c\u00e1lculo de parcelas. A amplia\u00e7\u00e3o do prazo foi formalizada por meio de ato normativo do governo, em sintonia com as orienta\u00e7\u00f5es do Minist\u00e9rio do Trabalho e Previd\u00eancia.<\/p>\n<p>O pedido de ressarcimento pode ser feito pelos canais eletr\u00f4nicos do INSS, por meio do portal Meu INSS ou aplicativo, sem necessidade de comparecimento presencial \u00e0s ag\u00eancias, salvo em casos excepcionais. \u00c9 importante que o segurado re\u00fana toda a documenta\u00e7\u00e3o que comprove a cobran\u00e7a indevida ou o erro ocorrido, como extratos, demonstrativos e comprovantes de pagamento.<\/p>\n<p>A prorroga\u00e7\u00e3o do prazo at\u00e9 mar\u00e7o visa alcan\u00e7ar pessoas que n\u00e3o conseguiram iniciar ou concluir o processo dentro do per\u00edodo anterior, oferecendo mais tempo para organiza\u00e7\u00e3o de documentos e solicita\u00e7\u00e3o formal do benef\u00edcio. O INSS orienta que os segurados verifiquem seus direitos e tomem as provid\u00eancias com anteced\u00eancia, evitando deixar a data limite passar sem registro.<\/p>\n<p>Especialistas em previd\u00eancia afirmam que a amplia\u00e7\u00e3o do prazo pode reduzir a necessidade de recursos administrativos ou judiciais, j\u00e1 que muitos casos de cobran\u00e7a indevida podem ser solucionados de forma mais r\u00e1pida e simplificada pelo pr\u00f3prio INSS.<\/p>\n<p>Foto: Fabio Rodrigues-Pozzebom\/ Ag\u00eancia Brasil<br \/>\nFonte: Ag\u00eancia Brasil<\/p>\n","protected":false},"excerpt":{"rendered":"<p>O governo federal anunciou a prorroga\u00e7\u00e3o do prazo para solicitar o ressarcimento de valores pagos indevidamente ao Instituto Nacional do<\/p>\n","protected":false},"author":4,"featured_media":19845,"comment_status":"open","ping_status":"open","sticky":false,"template":"","format":"standard","meta":{"colormag_page_container_layout":"default_layout","colormag_page_sidebar_layout":"default_layout","_FSMCFIC_featured_image_caption":"","_FSMCFIC_featured_image_nocaption":"","_FSMCFIC_featured_image_hide":"","footnotes":""},"categories":[2,1],"tags":[],"class_list":["post-19844","post","type-post","status-publish","format-standard","has-post-thumbnail","hentry","category-noticias","category-ultimas"],"yoast_head":"<!-- This site is optimized with the Yoast SEO plugin v27.1.1 - https:\/\/yoast.com\/product\/yoast-seo-wordpress\/ -->\n<title>Governo prorroga at\u00e9 mar\u00e7o prazo para pedido de ressarcimento do INSS - Brasil not\u00edcias<\/title>\n<meta name=\"robots\" content=\"index, follow, max-snippet:-1, max-image-preview:large, max-video-preview:-1\" \/>\n<link rel=\"canonical\" href=\"https:\/\/brasilnoticias.org\/site\/governo-prorroga-ate-marco-prazo-para-pedido-de-ressarcimento-do-inss\/\" \/>\n<meta property=\"og:locale\" content=\"pt_PT\" \/>\n<meta property=\"og:type\" content=\"article\" \/>\n<meta property=\"og:title\" content=\"Governo prorroga at\u00e9 mar\u00e7o prazo para pedido de ressarcimento do INSS - Brasil not\u00edcias\" \/>\n<meta property=\"og:description\" content=\"O governo federal anunciou a prorroga\u00e7\u00e3o do prazo para solicitar o ressarcimento de valores pagos indevidamente ao Instituto Nacional do\" \/>\n<meta property=\"og:url\" content=\"https:\/\/brasilnoticias.org\/site\/governo-prorroga-ate-marco-prazo-para-pedido-de-ressarcimento-do-inss\/\" \/>\n<meta property=\"og:site_name\" content=\"Brasil not\u00edcias\" \/>\n<meta property=\"article:published_time\" content=\"2026-01-27T09:34:43+00:00\" \/>\n<meta property=\"og:image\" content=\"https:\/\/brasilnoticias.org\/site\/wp-content\/uploads\/2026\/01\/09052025-pzzb8480.webp\" \/>\n\t<meta property=\"og:image:width\" content=\"1170\" \/>\n\t<meta property=\"og:image:height\" content=\"700\" \/>\n\t<meta property=\"og:image:type\" content=\"image\/webp\" \/>\n<meta name=\"author\" content=\"Reda\u00e7\u00e3o\" \/>\n<meta name=\"twitter:card\" content=\"summary_large_image\" \/>\n<meta name=\"twitter:label1\" content=\"Escrito por\" \/>\n\t<meta name=\"twitter:data1\" content=\"Reda\u00e7\u00e3o\" \/>\n\t<meta name=\"twitter:label2\" content=\"Tempo estimado de leitura\" \/>\n\t<meta name=\"twitter:data2\" content=\"1 minuto\" \/>\n<script type=\"application\/ld+json\" class=\"yoast-schema-graph\">{\"@context\":\"https:\/\/schema.org\",\"@graph\":[{\"@type\":\"Article\",\"@id\":\"https:\/\/brasilnoticias.org\/site\/governo-prorroga-ate-marco-prazo-para-pedido-de-ressarcimento-do-inss\/#article\",\"isPartOf\":{\"@id\":\"https:\/\/brasilnoticias.org\/site\/governo-prorroga-ate-marco-prazo-para-pedido-de-ressarcimento-do-inss\/\"},\"author\":{\"name\":\"Reda\u00e7\u00e3o\",\"@id\":\"https:\/\/brasilnoticias.org\/site\/#\/schema\/person\/03bbbfe6c7634ad18c26444ea39049fa\"},\"headline\":\"Governo prorroga at\u00e9 mar\u00e7o prazo para pedido de ressarcimento do INSS\",\"datePublished\":\"2026-01-27T09:34:43+00:00\",\"mainEntityOfPage\":{\"@id\":\"https:\/\/brasilnoticias.org\/site\/governo-prorroga-ate-marco-prazo-para-pedido-de-ressarcimento-do-inss\/\"},\"wordCount\":310,\"commentCount\":0,\"publisher\":{\"@id\":\"https:\/\/brasilnoticias.org\/site\/#organization\"},\"image\":{\"@id\":\"https:\/\/brasilnoticias.org\/site\/governo-prorroga-ate-marco-prazo-para-pedido-de-ressarcimento-do-inss\/#primaryimage\"},\"thumbnailUrl\":\"https:\/\/brasilnoticias.org\/site\/wp-content\/uploads\/2026\/01\/09052025-pzzb8480.webp\",\"articleSection\":[\"Not\u00edcias\",\"\u00daltimas\"],\"inLanguage\":\"pt-PT\",\"potentialAction\":[{\"@type\":\"CommentAction\",\"name\":\"Comment\",\"target\":[\"https:\/\/brasilnoticias.org\/site\/governo-prorroga-ate-marco-prazo-para-pedido-de-ressarcimento-do-inss\/#respond\"]}]},{\"@type\":\"WebPage\",\"@id\":\"https:\/\/brasilnoticias.org\/site\/governo-prorroga-ate-marco-prazo-para-pedido-de-ressarcimento-do-inss\/\",\"url\":\"https:\/\/brasilnoticias.org\/site\/governo-prorroga-ate-marco-prazo-para-pedido-de-ressarcimento-do-inss\/\",\"name\":\"Governo prorroga at\u00e9 mar\u00e7o prazo para pedido de ressarcimento do INSS - Brasil not\u00edcias\",\"isPartOf\":{\"@id\":\"https:\/\/brasilnoticias.org\/site\/#website\"},\"primaryImageOfPage\":{\"@id\":\"https:\/\/brasilnoticias.org\/site\/governo-prorroga-ate-marco-prazo-para-pedido-de-ressarcimento-do-inss\/#primaryimage\"},\"image\":{\"@id\":\"https:\/\/brasilnoticias.org\/site\/governo-prorroga-ate-marco-prazo-para-pedido-de-ressarcimento-do-inss\/#primaryimage\"},\"thumbnailUrl\":\"https:\/\/brasilnoticias.org\/site\/wp-content\/uploads\/2026\/01\/09052025-pzzb8480.webp\",\"datePublished\":\"2026-01-27T09:34:43+00:00\",\"breadcrumb\":{\"@id\":\"https:\/\/brasilnoticias.org\/site\/governo-prorroga-ate-marco-prazo-para-pedido-de-ressarcimento-do-inss\/#breadcrumb\"},\"inLanguage\":\"pt-PT\",\"potentialAction\":[{\"@type\":\"ReadAction\",\"target\":[\"https:\/\/brasilnoticias.org\/site\/governo-prorroga-ate-marco-prazo-para-pedido-de-ressarcimento-do-inss\/\"]}]},{\"@type\":\"ImageObject\",\"inLanguage\":\"pt-PT\",\"@id\":\"https:\/\/brasilnoticias.org\/site\/governo-prorroga-ate-marco-prazo-para-pedido-de-ressarcimento-do-inss\/#primaryimage\",\"url\":\"https:\/\/brasilnoticias.org\/site\/wp-content\/uploads\/2026\/01\/09052025-pzzb8480.webp\",\"contentUrl\":\"https:\/\/brasilnoticias.org\/site\/wp-content\/uploads\/2026\/01\/09052025-pzzb8480.webp\",\"width\":1170,\"height\":700},{\"@type\":\"BreadcrumbList\",\"@id\":\"https:\/\/brasilnoticias.org\/site\/governo-prorroga-ate-marco-prazo-para-pedido-de-ressarcimento-do-inss\/#breadcrumb\",\"itemListElement\":[{\"@type\":\"ListItem\",\"position\":1,\"name\":\"In\u00edcio\",\"item\":\"https:\/\/brasilnoticias.org\/site\/\"},{\"@type\":\"ListItem\",\"position\":2,\"name\":\"Governo prorroga at\u00e9 mar\u00e7o prazo para pedido de ressarcimento do INSS\"}]},{\"@type\":\"WebSite\",\"@id\":\"https:\/\/brasilnoticias.org\/site\/#website\",\"url\":\"https:\/\/brasilnoticias.org\/site\/\",\"name\":\"Brasil not\u00edcias\",\"description\":\"Brasil not\u00edcias\",\"publisher\":{\"@id\":\"https:\/\/brasilnoticias.org\/site\/#organization\"},\"potentialAction\":[{\"@type\":\"SearchAction\",\"target\":{\"@type\":\"EntryPoint\",\"urlTemplate\":\"https:\/\/brasilnoticias.org\/site\/?s={search_term_string}\"},\"query-input\":{\"@type\":\"PropertyValueSpecification\",\"valueRequired\":true,\"valueName\":\"search_term_string\"}}],\"inLanguage\":\"pt-PT\"},{\"@type\":\"Organization\",\"@id\":\"https:\/\/brasilnoticias.org\/site\/#organization\",\"name\":\"Brasil not\u00edcias\",\"url\":\"https:\/\/brasilnoticias.org\/site\/\",\"logo\":{\"@type\":\"ImageObject\",\"inLanguage\":\"pt-PT\",\"@id\":\"https:\/\/brasilnoticias.org\/site\/#\/schema\/logo\/image\/\",\"url\":\"https:\/\/brasilnoticias.org\/site\/wp-content\/uploads\/2022\/05\/cropped-brasilnoticias-mini.jpg\",\"contentUrl\":\"https:\/\/brasilnoticias.org\/site\/wp-content\/uploads\/2022\/05\/cropped-brasilnoticias-mini.jpg\",\"width\":314,\"height\":86,\"caption\":\"Brasil not\u00edcias\"},\"image\":{\"@id\":\"https:\/\/brasilnoticias.org\/site\/#\/schema\/logo\/image\/\"}},{\"@type\":\"Person\",\"@id\":\"https:\/\/brasilnoticias.org\/site\/#\/schema\/person\/03bbbfe6c7634ad18c26444ea39049fa\",\"name\":\"Reda\u00e7\u00e3o\",\"image\":{\"@type\":\"ImageObject\",\"inLanguage\":\"pt-PT\",\"@id\":\"https:\/\/brasilnoticias.org\/site\/#\/schema\/person\/image\/\",\"url\":\"https:\/\/secure.gravatar.com\/avatar\/9ecaf7327a696cb23ad926fedded5f1f04d7049de9e445375d55b48c001a6e42?s=96&d=mm&r=g\",\"contentUrl\":\"https:\/\/secure.gravatar.com\/avatar\/9ecaf7327a696cb23ad926fedded5f1f04d7049de9e445375d55b48c001a6e42?s=96&d=mm&r=g\",\"caption\":\"Reda\u00e7\u00e3o\"},\"url\":\"https:\/\/brasilnoticias.org\/site\/author\/henrique\/\"}]}<\/script>\n<!-- \/ Yoast SEO plugin. -->","yoast_head_json":{"title":"Governo prorroga at\u00e9 mar\u00e7o prazo para pedido de ressarcimento do INSS - Brasil not\u00edcias","robots":{"index":"index","follow":"follow","max-snippet":"max-snippet:-1","max-image-preview":"max-image-preview:large","max-video-preview":"max-video-preview:-1"},"canonical":"https:\/\/brasilnoticias.org\/site\/governo-prorroga-ate-marco-prazo-para-pedido-de-ressarcimento-do-inss\/","og_locale":"pt_PT","og_type":"article","og_title":"Governo prorroga at\u00e9 mar\u00e7o prazo para pedido de ressarcimento do INSS - Brasil not\u00edcias","og_description":"O governo federal anunciou a prorroga\u00e7\u00e3o do prazo para solicitar o ressarcimento de valores pagos indevidamente ao Instituto Nacional do","og_url":"https:\/\/brasilnoticias.org\/site\/governo-prorroga-ate-marco-prazo-para-pedido-de-ressarcimento-do-inss\/","og_site_name":"Brasil not\u00edcias","article_published_time":"2026-01-27T09:34:43+00:00","og_image":[{"width":1170,"height":700,"url":"https:\/\/brasilnoticias.org\/site\/wp-content\/uploads\/2026\/01\/09052025-pzzb8480.webp","type":"image\/webp"}],"author":"Reda\u00e7\u00e3o","twitter_card":"summary_large_image","twitter_misc":{"Escrito por":"Reda\u00e7\u00e3o","Tempo estimado de leitura":"1 minuto"},"schema":{"@context":"https:\/\/schema.org","@graph":[{"@type":"Article","@id":"https:\/\/brasilnoticias.org\/site\/governo-prorroga-ate-marco-prazo-para-pedido-de-ressarcimento-do-inss\/#article","isPartOf":{"@id":"https:\/\/brasilnoticias.org\/site\/governo-prorroga-ate-marco-prazo-para-pedido-de-ressarcimento-do-inss\/"},"author":{"name":"Reda\u00e7\u00e3o","@id":"https:\/\/brasilnoticias.org\/site\/#\/schema\/person\/03bbbfe6c7634ad18c26444ea39049fa"},"headline":"Governo prorroga at\u00e9 mar\u00e7o prazo para pedido de ressarcimento do INSS","datePublished":"2026-01-27T09:34:43+00:00","mainEntityOfPage":{"@id":"https:\/\/brasilnoticias.org\/site\/governo-prorroga-ate-marco-prazo-para-pedido-de-ressarcimento-do-inss\/"},"wordCount":310,"commentCount":0,"publisher":{"@id":"https:\/\/brasilnoticias.org\/site\/#organization"},"image":{"@id":"https:\/\/brasilnoticias.org\/site\/governo-prorroga-ate-marco-prazo-para-pedido-de-ressarcimento-do-inss\/#primaryimage"},"thumbnailUrl":"https:\/\/brasilnoticias.org\/site\/wp-content\/uploads\/2026\/01\/09052025-pzzb8480.webp","articleSection":["Not\u00edcias","\u00daltimas"],"inLanguage":"pt-PT","potentialAction":[{"@type":"CommentAction","name":"Comment","target":["https:\/\/brasilnoticias.org\/site\/governo-prorroga-ate-marco-prazo-para-pedido-de-ressarcimento-do-inss\/#respond"]}]},{"@type":"WebPage","@id":"https:\/\/brasilnoticias.org\/site\/governo-prorroga-ate-marco-prazo-para-pedido-de-ressarcimento-do-inss\/","url":"https:\/\/brasilnoticias.org\/site\/governo-prorroga-ate-marco-prazo-para-pedido-de-ressarcimento-do-inss\/","name":"Governo prorroga at\u00e9 mar\u00e7o prazo para pedido de ressarcimento do INSS - Brasil not\u00edcias","isPartOf":{"@id":"https:\/\/brasilnoticias.org\/site\/#website"},"primaryImageOfPage":{"@id":"https:\/\/brasilnoticias.org\/site\/governo-prorroga-ate-marco-prazo-para-pedido-de-ressarcimento-do-inss\/#primaryimage"},"image":{"@id":"https:\/\/brasilnoticias.org\/site\/governo-prorroga-ate-marco-prazo-para-pedido-de-ressarcimento-do-inss\/#primaryimage"},"thumbnailUrl":"https:\/\/brasilnoticias.org\/site\/wp-content\/uploads\/2026\/01\/09052025-pzzb8480.webp","datePublished":"2026-01-27T09:34:43+00:00","breadcrumb":{"@id":"https:\/\/brasilnoticias.org\/site\/governo-prorroga-ate-marco-prazo-para-pedido-de-ressarcimento-do-inss\/#breadcrumb"},"inLanguage":"pt-PT","potentialAction":[{"@type":"ReadAction","target":["https:\/\/brasilnoticias.org\/site\/governo-prorroga-ate-marco-prazo-para-pedido-de-ressarcimento-do-inss\/"]}]},{"@type":"ImageObject","inLanguage":"pt-PT","@id":"https:\/\/brasilnoticias.org\/site\/governo-prorroga-ate-marco-prazo-para-pedido-de-ressarcimento-do-inss\/#primaryimage","url":"https:\/\/brasilnoticias.org\/site\/wp-content\/uploads\/2026\/01\/09052025-pzzb8480.webp","contentUrl":"https:\/\/brasilnoticias.org\/site\/wp-content\/uploads\/2026\/01\/09052025-pzzb8480.webp","width":1170,"height":700},{"@type":"BreadcrumbList","@id":"https:\/\/brasilnoticias.org\/site\/governo-prorroga-ate-marco-prazo-para-pedido-de-ressarcimento-do-inss\/#breadcrumb","itemListElement":[{"@type":"ListItem","position":1,"name":"In\u00edcio","item":"https:\/\/brasilnoticias.org\/site\/"},{"@type":"ListItem","position":2,"name":"Governo prorroga at\u00e9 mar\u00e7o prazo para pedido de ressarcimento do INSS"}]},{"@type":"WebSite","@id":"https:\/\/brasilnoticias.org\/site\/#website","url":"https:\/\/brasilnoticias.org\/site\/","name":"Brasil not\u00edcias","description":"Brasil not\u00edcias","publisher":{"@id":"https:\/\/brasilnoticias.org\/site\/#organization"},"potentialAction":[{"@type":"SearchAction","target":{"@type":"EntryPoint","urlTemplate":"https:\/\/brasilnoticias.org\/site\/?s={search_term_string}"},"query-input":{"@type":"PropertyValueSpecification","valueRequired":true,"valueName":"search_term_string"}}],"inLanguage":"pt-PT"},{"@type":"Organization","@id":"https:\/\/brasilnoticias.org\/site\/#organization","name":"Brasil not\u00edcias","url":"https:\/\/brasilnoticias.org\/site\/","logo":{"@type":"ImageObject","inLanguage":"pt-PT","@id":"https:\/\/brasilnoticias.org\/site\/#\/schema\/logo\/image\/","url":"https:\/\/brasilnoticias.org\/site\/wp-content\/uploads\/2022\/05\/cropped-brasilnoticias-mini.jpg","contentUrl":"https:\/\/brasilnoticias.org\/site\/wp-content\/uploads\/2022\/05\/cropped-brasilnoticias-mini.jpg","width":314,"height":86,"caption":"Brasil not\u00edcias"},"image":{"@id":"https:\/\/brasilnoticias.org\/site\/#\/schema\/logo\/image\/"}},{"@type":"Person","@id":"https:\/\/brasilnoticias.org\/site\/#\/schema\/person\/03bbbfe6c7634ad18c26444ea39049fa","name":"Reda\u00e7\u00e3o","image":{"@type":"ImageObject","inLanguage":"pt-PT","@id":"https:\/\/brasilnoticias.org\/site\/#\/schema\/person\/image\/","url":"https:\/\/secure.gravatar.com\/avatar\/9ecaf7327a696cb23ad926fedded5f1f04d7049de9e445375d55b48c001a6e42?s=96&d=mm&r=g","contentUrl":"https:\/\/secure.gravatar.com\/avatar\/9ecaf7327a696cb23ad926fedded5f1f04d7049de9e445375d55b48c001a6e42?s=96&d=mm&r=g","caption":"Reda\u00e7\u00e3o"},"url":"https:\/\/brasilnoticias.org\/site\/author\/henrique\/"}]}},"_links":{"self":[{"href":"https:\/\/brasilnoticias.org\/site\/wp-json\/wp\/v2\/posts\/19844","targetHints":{"allow":["GET"]}}],"collection":[{"href":"https:\/\/brasilnoticias.org\/site\/wp-json\/wp\/v2\/posts"}],"about":[{"href":"https:\/\/brasilnoticias.org\/site\/wp-json\/wp\/v2\/types\/post"}],"author":[{"embeddable":true,"href":"https:\/\/brasilnoticias.org\/site\/wp-json\/wp\/v2\/users\/4"}],"replies":[{"embeddable":true,"href":"https:\/\/brasilnoticias.org\/site\/wp-json\/wp\/v2\/comments?post=19844"}],"version-history":[{"count":1,"href":"https:\/\/brasilnoticias.org\/site\/wp-json\/wp\/v2\/posts\/19844\/revisions"}],"predecessor-version":[{"id":19846,"href":"https:\/\/brasilnoticias.org\/site\/wp-json\/wp\/v2\/posts\/19844\/revisions\/19846"}],"wp:featuredmedia":[{"embeddable":true,"href":"https:\/\/brasilnoticias.org\/site\/wp-json\/wp\/v2\/media\/19845"}],"wp:attachment":[{"href":"https:\/\/brasilnoticias.org\/site\/wp-json\/wp\/v2\/media?parent=19844"}],"wp:term":[{"taxonomy":"category","embeddable":true,"href":"https:\/\/brasilnoticias.org\/site\/wp-json\/wp\/v2\/categories?post=19844"},{"taxonomy":"post_tag","embeddable":true,"href":"https:\/\/brasilnoticias.org\/site\/wp-json\/wp\/v2\/tags?post=19844"}],"curies":[{"name":"wp","href":"https:\/\/api.w.org\/{rel}","templated":true}]}}