{"id":1985,"date":"2022-10-18T18:30:39","date_gmt":"2022-10-18T21:30:39","guid":{"rendered":"https:\/\/brasilnoticias.org\/site\/?p=1985"},"modified":"2022-10-18T18:06:56","modified_gmt":"2022-10-18T21:06:56","slug":"quase-2-mil-caranguejos-transportados-irregularmente-sao-apreendidos-no-extremo-sul-da-bahia","status":"publish","type":"post","link":"https:\/\/brasilnoticias.org\/site\/quase-2-mil-caranguejos-transportados-irregularmente-sao-apreendidos-no-extremo-sul-da-bahia\/","title":{"rendered":"Quase 2 mil caranguejos transportados irregularmente s\u00e3o apreendidos no extremo sul da Bahia"},"content":{"rendered":"<p>Caranguejos que eram transportados sem condi\u00e7\u00f5es higi\u00eanico-sanit\u00e1rias e sem nota fiscal foram apreendidos na noite de segunda-feira (17), pela Pol\u00edcia Rodovi\u00e1ria Federal (PRF). O caso ocorreu durante uma fiscaliza\u00e7\u00e3o no km 720 da BR-101, no trecho da cidade de Eun\u00e1polis, no extremo sul da Bahia.<\/p>\n<p>Segundo a PRF, aproximadamente dois mil caranguejos da esp\u00e9cie &#8216;guaiamum&#8217; eram levados no compartimento de carga, um reboque (carretinha) que estava acoplado em um carro de passeio.<\/p>\n<p>A carga tamb\u00e9m n\u00e3o tinha Guia de Tr\u00e2nsito de Animal (GTA) e refrigera\u00e7\u00e3o adequada. Segundo a PRF, havia caranguejos f\u00eameas, cuja a pesca \u00e9 proibida.<\/p>\n<p>Questionado sobre a mercadoria transportada, o motorista afirmou que capturou os crust\u00e1ceos em um manguezal na cidade de Maca\u00e9 (RJ). Disse tamb\u00e9m que eles seriam comercializados em bares e restaurantes de Aracaju (SE).<\/p>\n<p>A PRF encaminhou o motorista para a delegacia e acionou o Ibama, que ficou respons\u00e1vel pelas notifica\u00e7\u00f5es necess\u00e1rias e destina\u00e7\u00e3o do pescado. N\u00e3o h\u00e1 detalhes se o homem assinou algum termo e foi liberado ou se permaneceu detido.<\/p>\n<p>A pol\u00edcia ressaltou que em certas \u00e9pocas do ano, os caranguejos saem de suas tocas e andam pelo manguezal para acasalamento e libera\u00e7\u00e3o de ovos. S\u00e3o nestes per\u00edodos de proibi\u00e7\u00f5es em que \u00e9 poss\u00edvel garantir a reposi\u00e7\u00e3o dos caranguejos na natureza.<\/p>\n<p>G1<br \/>\nFoto Divulga\u00e7\u00e3o\/PRF<\/p>\n","protected":false},"excerpt":{"rendered":"<p>Caranguejos que eram transportados sem condi\u00e7\u00f5es higi\u00eanico-sanit\u00e1rias e sem nota fiscal foram apreendidos na noite de segunda-feira (17), pela Pol\u00edcia<\/p>\n","protected":false},"author":1,"featured_media":1986,"comment_status":"open","ping_status":"open","sticky":false,"template":"","format":"standard","meta":{"colormag_page_container_layout":"default_layout","colormag_page_sidebar_layout":"default_layout","_FSMCFIC_featured_image_caption":"","_FSMCFIC_featured_image_nocaption":"","_FSMCFIC_featured_image_hide":"","footnotes":""},"categories":[3,1],"tags":[],"class_list":["post-1985","post","type-post","status-publish","format-standard","has-post-thumbnail","hentry","category-policia","category-ultimas"],"yoast_head":"<!-- This site is optimized with the Yoast SEO plugin v27.1.1 - https:\/\/yoast.com\/product\/yoast-seo-wordpress\/ -->\n<title>Quase 2 mil caranguejos transportados irregularmente s\u00e3o apreendidos no extremo sul da Bahia - Brasil not\u00edcias<\/title>\n<meta name=\"robots\" content=\"index, follow, max-snippet:-1, max-image-preview:large, max-video-preview:-1\" \/>\n<link rel=\"canonical\" href=\"https:\/\/brasilnoticias.org\/site\/quase-2-mil-caranguejos-transportados-irregularmente-sao-apreendidos-no-extremo-sul-da-bahia\/\" \/>\n<meta property=\"og:locale\" content=\"pt_PT\" \/>\n<meta property=\"og:type\" content=\"article\" \/>\n<meta property=\"og:title\" content=\"Quase 2 mil caranguejos transportados irregularmente s\u00e3o apreendidos no extremo sul da Bahia - Brasil not\u00edcias\" \/>\n<meta property=\"og:description\" content=\"Caranguejos que eram transportados sem condi\u00e7\u00f5es higi\u00eanico-sanit\u00e1rias e sem nota fiscal foram apreendidos na noite de segunda-feira (17), pela Pol\u00edcia\" \/>\n<meta property=\"og:url\" content=\"https:\/\/brasilnoticias.org\/site\/quase-2-mil-caranguejos-transportados-irregularmente-sao-apreendidos-no-extremo-sul-da-bahia\/\" \/>\n<meta property=\"og:site_name\" content=\"Brasil not\u00edcias\" \/>\n<meta property=\"article:published_time\" content=\"2022-10-18T21:30:39+00:00\" \/>\n<meta property=\"og:image\" content=\"https:\/\/brasilnoticias.org\/site\/wp-content\/uploads\/2022\/10\/carang.jpg\" \/>\n\t<meta property=\"og:image:width\" content=\"722\" \/>\n\t<meta property=\"og:image:height\" content=\"487\" \/>\n\t<meta property=\"og:image:type\" content=\"image\/jpeg\" \/>\n<meta name=\"author\" content=\"Reda\u00e7\u00e3o\" \/>\n<meta name=\"twitter:card\" content=\"summary_large_image\" \/>\n<meta name=\"twitter:label1\" content=\"Escrito por\" \/>\n\t<meta name=\"twitter:data1\" content=\"Reda\u00e7\u00e3o\" \/>\n\t<meta name=\"twitter:label2\" content=\"Tempo estimado de leitura\" \/>\n\t<meta name=\"twitter:data2\" content=\"1 minuto\" \/>\n<script type=\"application\/ld+json\" class=\"yoast-schema-graph\">{\"@context\":\"https:\/\/schema.org\",\"@graph\":[{\"@type\":\"Article\",\"@id\":\"https:\/\/brasilnoticias.org\/site\/quase-2-mil-caranguejos-transportados-irregularmente-sao-apreendidos-no-extremo-sul-da-bahia\/#article\",\"isPartOf\":{\"@id\":\"https:\/\/brasilnoticias.org\/site\/quase-2-mil-caranguejos-transportados-irregularmente-sao-apreendidos-no-extremo-sul-da-bahia\/\"},\"author\":{\"name\":\"Reda\u00e7\u00e3o\",\"@id\":\"https:\/\/brasilnoticias.org\/site\/#\/schema\/person\/a0e05b973ec4d15c658d51911e53507b\"},\"headline\":\"Quase 2 mil caranguejos transportados irregularmente s\u00e3o apreendidos no extremo sul da Bahia\",\"datePublished\":\"2022-10-18T21:30:39+00:00\",\"mainEntityOfPage\":{\"@id\":\"https:\/\/brasilnoticias.org\/site\/quase-2-mil-caranguejos-transportados-irregularmente-sao-apreendidos-no-extremo-sul-da-bahia\/\"},\"wordCount\":250,\"commentCount\":0,\"publisher\":{\"@id\":\"https:\/\/brasilnoticias.org\/site\/#organization\"},\"image\":{\"@id\":\"https:\/\/brasilnoticias.org\/site\/quase-2-mil-caranguejos-transportados-irregularmente-sao-apreendidos-no-extremo-sul-da-bahia\/#primaryimage\"},\"thumbnailUrl\":\"https:\/\/brasilnoticias.org\/site\/wp-content\/uploads\/2022\/10\/carang.jpg\",\"articleSection\":[\"Pol\u00edcia\",\"\u00daltimas\"],\"inLanguage\":\"pt-PT\",\"potentialAction\":[{\"@type\":\"CommentAction\",\"name\":\"Comment\",\"target\":[\"https:\/\/brasilnoticias.org\/site\/quase-2-mil-caranguejos-transportados-irregularmente-sao-apreendidos-no-extremo-sul-da-bahia\/#respond\"]}]},{\"@type\":\"WebPage\",\"@id\":\"https:\/\/brasilnoticias.org\/site\/quase-2-mil-caranguejos-transportados-irregularmente-sao-apreendidos-no-extremo-sul-da-bahia\/\",\"url\":\"https:\/\/brasilnoticias.org\/site\/quase-2-mil-caranguejos-transportados-irregularmente-sao-apreendidos-no-extremo-sul-da-bahia\/\",\"name\":\"Quase 2 mil caranguejos transportados irregularmente s\u00e3o apreendidos no extremo sul da Bahia - Brasil not\u00edcias\",\"isPartOf\":{\"@id\":\"https:\/\/brasilnoticias.org\/site\/#website\"},\"primaryImageOfPage\":{\"@id\":\"https:\/\/brasilnoticias.org\/site\/quase-2-mil-caranguejos-transportados-irregularmente-sao-apreendidos-no-extremo-sul-da-bahia\/#primaryimage\"},\"image\":{\"@id\":\"https:\/\/brasilnoticias.org\/site\/quase-2-mil-caranguejos-transportados-irregularmente-sao-apreendidos-no-extremo-sul-da-bahia\/#primaryimage\"},\"thumbnailUrl\":\"https:\/\/brasilnoticias.org\/site\/wp-content\/uploads\/2022\/10\/carang.jpg\",\"datePublished\":\"2022-10-18T21:30:39+00:00\",\"breadcrumb\":{\"@id\":\"https:\/\/brasilnoticias.org\/site\/quase-2-mil-caranguejos-transportados-irregularmente-sao-apreendidos-no-extremo-sul-da-bahia\/#breadcrumb\"},\"inLanguage\":\"pt-PT\",\"potentialAction\":[{\"@type\":\"ReadAction\",\"target\":[\"https:\/\/brasilnoticias.org\/site\/quase-2-mil-caranguejos-transportados-irregularmente-sao-apreendidos-no-extremo-sul-da-bahia\/\"]}]},{\"@type\":\"ImageObject\",\"inLanguage\":\"pt-PT\",\"@id\":\"https:\/\/brasilnoticias.org\/site\/quase-2-mil-caranguejos-transportados-irregularmente-sao-apreendidos-no-extremo-sul-da-bahia\/#primaryimage\",\"url\":\"https:\/\/brasilnoticias.org\/site\/wp-content\/uploads\/2022\/10\/carang.jpg\",\"contentUrl\":\"https:\/\/brasilnoticias.org\/site\/wp-content\/uploads\/2022\/10\/carang.jpg\",\"width\":722,\"height\":487},{\"@type\":\"BreadcrumbList\",\"@id\":\"https:\/\/brasilnoticias.org\/site\/quase-2-mil-caranguejos-transportados-irregularmente-sao-apreendidos-no-extremo-sul-da-bahia\/#breadcrumb\",\"itemListElement\":[{\"@type\":\"ListItem\",\"position\":1,\"name\":\"In\u00edcio\",\"item\":\"https:\/\/brasilnoticias.org\/site\/\"},{\"@type\":\"ListItem\",\"position\":2,\"name\":\"Quase 2 mil caranguejos transportados irregularmente s\u00e3o apreendidos no extremo sul da Bahia\"}]},{\"@type\":\"WebSite\",\"@id\":\"https:\/\/brasilnoticias.org\/site\/#website\",\"url\":\"https:\/\/brasilnoticias.org\/site\/\",\"name\":\"Brasil not\u00edcias\",\"description\":\"Brasil not\u00edcias\",\"publisher\":{\"@id\":\"https:\/\/brasilnoticias.org\/site\/#organization\"},\"potentialAction\":[{\"@type\":\"SearchAction\",\"target\":{\"@type\":\"EntryPoint\",\"urlTemplate\":\"https:\/\/brasilnoticias.org\/site\/?s={search_term_string}\"},\"query-input\":{\"@type\":\"PropertyValueSpecification\",\"valueRequired\":true,\"valueName\":\"search_term_string\"}}],\"inLanguage\":\"pt-PT\"},{\"@type\":\"Organization\",\"@id\":\"https:\/\/brasilnoticias.org\/site\/#organization\",\"name\":\"Brasil not\u00edcias\",\"url\":\"https:\/\/brasilnoticias.org\/site\/\",\"logo\":{\"@type\":\"ImageObject\",\"inLanguage\":\"pt-PT\",\"@id\":\"https:\/\/brasilnoticias.org\/site\/#\/schema\/logo\/image\/\",\"url\":\"https:\/\/brasilnoticias.org\/site\/wp-content\/uploads\/2022\/05\/cropped-brasilnoticias-mini.jpg\",\"contentUrl\":\"https:\/\/brasilnoticias.org\/site\/wp-content\/uploads\/2022\/05\/cropped-brasilnoticias-mini.jpg\",\"width\":314,\"height\":86,\"caption\":\"Brasil not\u00edcias\"},\"image\":{\"@id\":\"https:\/\/brasilnoticias.org\/site\/#\/schema\/logo\/image\/\"}},{\"@type\":\"Person\",\"@id\":\"https:\/\/brasilnoticias.org\/site\/#\/schema\/person\/a0e05b973ec4d15c658d51911e53507b\",\"name\":\"Reda\u00e7\u00e3o\",\"image\":{\"@type\":\"ImageObject\",\"inLanguage\":\"pt-PT\",\"@id\":\"https:\/\/brasilnoticias.org\/site\/#\/schema\/person\/image\/\",\"url\":\"https:\/\/secure.gravatar.com\/avatar\/75d8b050df2de108b08ae78dfb8e374892df24a383c67db9c46a9c604f6aee9c?s=96&d=mm&r=g\",\"contentUrl\":\"https:\/\/secure.gravatar.com\/avatar\/75d8b050df2de108b08ae78dfb8e374892df24a383c67db9c46a9c604f6aee9c?s=96&d=mm&r=g\",\"caption\":\"Reda\u00e7\u00e3o\"},\"sameAs\":[\"https:\/\/brasilnoticias.org\/site\"],\"url\":\"https:\/\/brasilnoticias.org\/site\/author\/fernandozsngmail-com\/\"}]}<\/script>\n<!-- \/ Yoast SEO plugin. -->","yoast_head_json":{"title":"Quase 2 mil caranguejos transportados irregularmente s\u00e3o apreendidos no extremo sul da Bahia - Brasil not\u00edcias","robots":{"index":"index","follow":"follow","max-snippet":"max-snippet:-1","max-image-preview":"max-image-preview:large","max-video-preview":"max-video-preview:-1"},"canonical":"https:\/\/brasilnoticias.org\/site\/quase-2-mil-caranguejos-transportados-irregularmente-sao-apreendidos-no-extremo-sul-da-bahia\/","og_locale":"pt_PT","og_type":"article","og_title":"Quase 2 mil caranguejos transportados irregularmente s\u00e3o apreendidos no extremo sul da Bahia - Brasil not\u00edcias","og_description":"Caranguejos que eram transportados sem condi\u00e7\u00f5es higi\u00eanico-sanit\u00e1rias e sem nota fiscal foram apreendidos na noite de segunda-feira (17), pela Pol\u00edcia","og_url":"https:\/\/brasilnoticias.org\/site\/quase-2-mil-caranguejos-transportados-irregularmente-sao-apreendidos-no-extremo-sul-da-bahia\/","og_site_name":"Brasil not\u00edcias","article_published_time":"2022-10-18T21:30:39+00:00","og_image":[{"width":722,"height":487,"url":"https:\/\/brasilnoticias.org\/site\/wp-content\/uploads\/2022\/10\/carang.jpg","type":"image\/jpeg"}],"author":"Reda\u00e7\u00e3o","twitter_card":"summary_large_image","twitter_misc":{"Escrito por":"Reda\u00e7\u00e3o","Tempo estimado de leitura":"1 minuto"},"schema":{"@context":"https:\/\/schema.org","@graph":[{"@type":"Article","@id":"https:\/\/brasilnoticias.org\/site\/quase-2-mil-caranguejos-transportados-irregularmente-sao-apreendidos-no-extremo-sul-da-bahia\/#article","isPartOf":{"@id":"https:\/\/brasilnoticias.org\/site\/quase-2-mil-caranguejos-transportados-irregularmente-sao-apreendidos-no-extremo-sul-da-bahia\/"},"author":{"name":"Reda\u00e7\u00e3o","@id":"https:\/\/brasilnoticias.org\/site\/#\/schema\/person\/a0e05b973ec4d15c658d51911e53507b"},"headline":"Quase 2 mil caranguejos transportados irregularmente s\u00e3o apreendidos no extremo sul da Bahia","datePublished":"2022-10-18T21:30:39+00:00","mainEntityOfPage":{"@id":"https:\/\/brasilnoticias.org\/site\/quase-2-mil-caranguejos-transportados-irregularmente-sao-apreendidos-no-extremo-sul-da-bahia\/"},"wordCount":250,"commentCount":0,"publisher":{"@id":"https:\/\/brasilnoticias.org\/site\/#organization"},"image":{"@id":"https:\/\/brasilnoticias.org\/site\/quase-2-mil-caranguejos-transportados-irregularmente-sao-apreendidos-no-extremo-sul-da-bahia\/#primaryimage"},"thumbnailUrl":"https:\/\/brasilnoticias.org\/site\/wp-content\/uploads\/2022\/10\/carang.jpg","articleSection":["Pol\u00edcia","\u00daltimas"],"inLanguage":"pt-PT","potentialAction":[{"@type":"CommentAction","name":"Comment","target":["https:\/\/brasilnoticias.org\/site\/quase-2-mil-caranguejos-transportados-irregularmente-sao-apreendidos-no-extremo-sul-da-bahia\/#respond"]}]},{"@type":"WebPage","@id":"https:\/\/brasilnoticias.org\/site\/quase-2-mil-caranguejos-transportados-irregularmente-sao-apreendidos-no-extremo-sul-da-bahia\/","url":"https:\/\/brasilnoticias.org\/site\/quase-2-mil-caranguejos-transportados-irregularmente-sao-apreendidos-no-extremo-sul-da-bahia\/","name":"Quase 2 mil caranguejos transportados irregularmente s\u00e3o apreendidos no extremo sul da Bahia - Brasil not\u00edcias","isPartOf":{"@id":"https:\/\/brasilnoticias.org\/site\/#website"},"primaryImageOfPage":{"@id":"https:\/\/brasilnoticias.org\/site\/quase-2-mil-caranguejos-transportados-irregularmente-sao-apreendidos-no-extremo-sul-da-bahia\/#primaryimage"},"image":{"@id":"https:\/\/brasilnoticias.org\/site\/quase-2-mil-caranguejos-transportados-irregularmente-sao-apreendidos-no-extremo-sul-da-bahia\/#primaryimage"},"thumbnailUrl":"https:\/\/brasilnoticias.org\/site\/wp-content\/uploads\/2022\/10\/carang.jpg","datePublished":"2022-10-18T21:30:39+00:00","breadcrumb":{"@id":"https:\/\/brasilnoticias.org\/site\/quase-2-mil-caranguejos-transportados-irregularmente-sao-apreendidos-no-extremo-sul-da-bahia\/#breadcrumb"},"inLanguage":"pt-PT","potentialAction":[{"@type":"ReadAction","target":["https:\/\/brasilnoticias.org\/site\/quase-2-mil-caranguejos-transportados-irregularmente-sao-apreendidos-no-extremo-sul-da-bahia\/"]}]},{"@type":"ImageObject","inLanguage":"pt-PT","@id":"https:\/\/brasilnoticias.org\/site\/quase-2-mil-caranguejos-transportados-irregularmente-sao-apreendidos-no-extremo-sul-da-bahia\/#primaryimage","url":"https:\/\/brasilnoticias.org\/site\/wp-content\/uploads\/2022\/10\/carang.jpg","contentUrl":"https:\/\/brasilnoticias.org\/site\/wp-content\/uploads\/2022\/10\/carang.jpg","width":722,"height":487},{"@type":"BreadcrumbList","@id":"https:\/\/brasilnoticias.org\/site\/quase-2-mil-caranguejos-transportados-irregularmente-sao-apreendidos-no-extremo-sul-da-bahia\/#breadcrumb","itemListElement":[{"@type":"ListItem","position":1,"name":"In\u00edcio","item":"https:\/\/brasilnoticias.org\/site\/"},{"@type":"ListItem","position":2,"name":"Quase 2 mil caranguejos transportados irregularmente s\u00e3o apreendidos no extremo sul da Bahia"}]},{"@type":"WebSite","@id":"https:\/\/brasilnoticias.org\/site\/#website","url":"https:\/\/brasilnoticias.org\/site\/","name":"Brasil not\u00edcias","description":"Brasil not\u00edcias","publisher":{"@id":"https:\/\/brasilnoticias.org\/site\/#organization"},"potentialAction":[{"@type":"SearchAction","target":{"@type":"EntryPoint","urlTemplate":"https:\/\/brasilnoticias.org\/site\/?s={search_term_string}"},"query-input":{"@type":"PropertyValueSpecification","valueRequired":true,"valueName":"search_term_string"}}],"inLanguage":"pt-PT"},{"@type":"Organization","@id":"https:\/\/brasilnoticias.org\/site\/#organization","name":"Brasil not\u00edcias","url":"https:\/\/brasilnoticias.org\/site\/","logo":{"@type":"ImageObject","inLanguage":"pt-PT","@id":"https:\/\/brasilnoticias.org\/site\/#\/schema\/logo\/image\/","url":"https:\/\/brasilnoticias.org\/site\/wp-content\/uploads\/2022\/05\/cropped-brasilnoticias-mini.jpg","contentUrl":"https:\/\/brasilnoticias.org\/site\/wp-content\/uploads\/2022\/05\/cropped-brasilnoticias-mini.jpg","width":314,"height":86,"caption":"Brasil not\u00edcias"},"image":{"@id":"https:\/\/brasilnoticias.org\/site\/#\/schema\/logo\/image\/"}},{"@type":"Person","@id":"https:\/\/brasilnoticias.org\/site\/#\/schema\/person\/a0e05b973ec4d15c658d51911e53507b","name":"Reda\u00e7\u00e3o","image":{"@type":"ImageObject","inLanguage":"pt-PT","@id":"https:\/\/brasilnoticias.org\/site\/#\/schema\/person\/image\/","url":"https:\/\/secure.gravatar.com\/avatar\/75d8b050df2de108b08ae78dfb8e374892df24a383c67db9c46a9c604f6aee9c?s=96&d=mm&r=g","contentUrl":"https:\/\/secure.gravatar.com\/avatar\/75d8b050df2de108b08ae78dfb8e374892df24a383c67db9c46a9c604f6aee9c?s=96&d=mm&r=g","caption":"Reda\u00e7\u00e3o"},"sameAs":["https:\/\/brasilnoticias.org\/site"],"url":"https:\/\/brasilnoticias.org\/site\/author\/fernandozsngmail-com\/"}]}},"_links":{"self":[{"href":"https:\/\/brasilnoticias.org\/site\/wp-json\/wp\/v2\/posts\/1985","targetHints":{"allow":["GET"]}}],"collection":[{"href":"https:\/\/brasilnoticias.org\/site\/wp-json\/wp\/v2\/posts"}],"about":[{"href":"https:\/\/brasilnoticias.org\/site\/wp-json\/wp\/v2\/types\/post"}],"author":[{"embeddable":true,"href":"https:\/\/brasilnoticias.org\/site\/wp-json\/wp\/v2\/users\/1"}],"replies":[{"embeddable":true,"href":"https:\/\/brasilnoticias.org\/site\/wp-json\/wp\/v2\/comments?post=1985"}],"version-history":[{"count":1,"href":"https:\/\/brasilnoticias.org\/site\/wp-json\/wp\/v2\/posts\/1985\/revisions"}],"predecessor-version":[{"id":1987,"href":"https:\/\/brasilnoticias.org\/site\/wp-json\/wp\/v2\/posts\/1985\/revisions\/1987"}],"wp:featuredmedia":[{"embeddable":true,"href":"https:\/\/brasilnoticias.org\/site\/wp-json\/wp\/v2\/media\/1986"}],"wp:attachment":[{"href":"https:\/\/brasilnoticias.org\/site\/wp-json\/wp\/v2\/media?parent=1985"}],"wp:term":[{"taxonomy":"category","embeddable":true,"href":"https:\/\/brasilnoticias.org\/site\/wp-json\/wp\/v2\/categories?post=1985"},{"taxonomy":"post_tag","embeddable":true,"href":"https:\/\/brasilnoticias.org\/site\/wp-json\/wp\/v2\/tags?post=1985"}],"curies":[{"name":"wp","href":"https:\/\/api.w.org\/{rel}","templated":true}]}}