{"id":19874,"date":"2026-01-27T12:33:18","date_gmt":"2026-01-27T15:33:18","guid":{"rendered":"https:\/\/brasilnoticias.org\/site\/?p=19874"},"modified":"2026-01-27T12:33:18","modified_gmt":"2026-01-27T15:33:18","slug":"inflacao-perde-forca-em-janeiro-com-recuo-da-conta-de-luz-e-de-passagens-aereas","status":"publish","type":"post","link":"https:\/\/brasilnoticias.org\/site\/inflacao-perde-forca-em-janeiro-com-recuo-da-conta-de-luz-e-de-passagens-aereas\/","title":{"rendered":"Infla\u00e7\u00e3o perde for\u00e7a em janeiro com recuo da conta de luz e de passagens a\u00e9reas"},"content":{"rendered":"<p>A infla\u00e7\u00e3o no Brasil registrou desacelera\u00e7\u00e3o em janeiro de 2026, puxada principalmente pela queda nos pre\u00e7os da conta de luz e das passagens a\u00e9reas, que reduziram parte da press\u00e3o sobre os \u00edndices de pre\u00e7os ao consumidor. Esses fatores contribu\u00edram para que o \u00edndice medido pelo \u00cdndice Nacional de Pre\u00e7os ao Consumidor Amplo (IPCA) mostrasse um desempenho menos vigoroso em compara\u00e7\u00e3o com os meses anteriores.<\/p>\n<p>A redu\u00e7\u00e3o das tarifas de energia el\u00e9trica impactou diretamente a infla\u00e7\u00e3o, aliviando a vida das fam\u00edlias que sofriam com os reajustes altos nos \u00faltimos meses. Outro componente importante para a desacelera\u00e7\u00e3o foi o barateamento das passagens a\u00e9reas, reflexo de pol\u00edticas de oferta, promo\u00e7\u00f5es e ajustes sazonais praticados pelas companhias, o que tamb\u00e9m ajudou a conter a alta dos pre\u00e7os em um dos itens que mais pressionam o bolso dos consumidores.<\/p>\n<p>Especialistas em economia destacam que a infla\u00e7\u00e3o mais amena no come\u00e7o do ano pode indicar que algumas press\u00f5es de custos est\u00e3o se acomodando, mas ainda h\u00e1 aten\u00e7\u00e3o sobre os pr\u00f3ximos meses, sobretudo com a poss\u00edvel influ\u00eancia de fatores sazonais ou choques externos que podem impactar novamente os pre\u00e7os.<\/p>\n<p>O comportamento da infla\u00e7\u00e3o \u00e9 acompanhado de perto pelo Banco Central do Brasil, que utiliza os dados do IPCA para definir a pol\u00edtica monet\u00e1ria, incluindo a taxa de juros que influencia o custo do cr\u00e9dito e as decis\u00f5es de consumo e investimento na economia.<\/p>\n<p>A expectativa de analistas \u00e9 que, mesmo com a desacelera\u00e7\u00e3o em janeiro, o \u00edndice de pre\u00e7os continue sujeito a varia\u00e7\u00f5es ao longo do ano, a depender da combina\u00e7\u00e3o entre oferta de produtos e servi\u00e7os e a din\u00e2mica de demanda do mercado.<\/p>\n<p>Foto: Marcello Casal Jr\/Ag\u00eancia Brasil<br \/>\nFonte: Metro1<\/p>\n","protected":false},"excerpt":{"rendered":"<p>A infla\u00e7\u00e3o no Brasil registrou desacelera\u00e7\u00e3o em janeiro de 2026, puxada principalmente pela queda nos pre\u00e7os da conta de luz<\/p>\n","protected":false},"author":4,"featured_media":19875,"comment_status":"open","ping_status":"open","sticky":false,"template":"","format":"standard","meta":{"colormag_page_container_layout":"default_layout","colormag_page_sidebar_layout":"default_layout","_FSMCFIC_featured_image_caption":"","_FSMCFIC_featured_image_nocaption":"","_FSMCFIC_featured_image_hide":"","footnotes":""},"categories":[2,1],"tags":[],"class_list":["post-19874","post","type-post","status-publish","format-standard","has-post-thumbnail","hentry","category-noticias","category-ultimas"],"yoast_head":"<!-- This site is optimized with the Yoast SEO plugin v27.1.1 - https:\/\/yoast.com\/product\/yoast-seo-wordpress\/ -->\n<title>Infla\u00e7\u00e3o perde for\u00e7a em janeiro com recuo da conta de luz e de passagens a\u00e9reas - Brasil not\u00edcias<\/title>\n<meta name=\"robots\" content=\"index, follow, max-snippet:-1, max-image-preview:large, max-video-preview:-1\" \/>\n<link rel=\"canonical\" href=\"https:\/\/brasilnoticias.org\/site\/inflacao-perde-forca-em-janeiro-com-recuo-da-conta-de-luz-e-de-passagens-aereas\/\" \/>\n<meta property=\"og:locale\" content=\"pt_PT\" \/>\n<meta property=\"og:type\" content=\"article\" \/>\n<meta property=\"og:title\" content=\"Infla\u00e7\u00e3o perde for\u00e7a em janeiro com recuo da conta de luz e de passagens a\u00e9reas - Brasil not\u00edcias\" \/>\n<meta property=\"og:description\" content=\"A infla\u00e7\u00e3o no Brasil registrou desacelera\u00e7\u00e3o em janeiro de 2026, puxada principalmente pela queda nos pre\u00e7os da conta de luz\" \/>\n<meta property=\"og:url\" content=\"https:\/\/brasilnoticias.org\/site\/inflacao-perde-forca-em-janeiro-com-recuo-da-conta-de-luz-e-de-passagens-aereas\/\" \/>\n<meta property=\"og:site_name\" content=\"Brasil not\u00edcias\" \/>\n<meta property=\"article:published_time\" content=\"2026-01-27T15:33:18+00:00\" \/>\n<meta property=\"og:image\" content=\"https:\/\/brasilnoticias.org\/site\/wp-content\/uploads\/2026\/01\/176838inflacao-perde-forca-em-janeiro-com-recuo-da-conta-de-luz-e-de-passagens-aereas-3.jpg\" \/>\n\t<meta property=\"og:image:width\" content=\"1600\" \/>\n\t<meta property=\"og:image:height\" content=\"752\" \/>\n\t<meta property=\"og:image:type\" content=\"image\/jpeg\" \/>\n<meta name=\"author\" content=\"Reda\u00e7\u00e3o\" \/>\n<meta name=\"twitter:card\" content=\"summary_large_image\" \/>\n<meta name=\"twitter:label1\" content=\"Escrito por\" \/>\n\t<meta name=\"twitter:data1\" content=\"Reda\u00e7\u00e3o\" \/>\n\t<meta name=\"twitter:label2\" content=\"Tempo estimado de leitura\" \/>\n\t<meta name=\"twitter:data2\" content=\"1 minuto\" \/>\n<script type=\"application\/ld+json\" class=\"yoast-schema-graph\">{\"@context\":\"https:\/\/schema.org\",\"@graph\":[{\"@type\":\"Article\",\"@id\":\"https:\/\/brasilnoticias.org\/site\/inflacao-perde-forca-em-janeiro-com-recuo-da-conta-de-luz-e-de-passagens-aereas\/#article\",\"isPartOf\":{\"@id\":\"https:\/\/brasilnoticias.org\/site\/inflacao-perde-forca-em-janeiro-com-recuo-da-conta-de-luz-e-de-passagens-aereas\/\"},\"author\":{\"name\":\"Reda\u00e7\u00e3o\",\"@id\":\"https:\/\/brasilnoticias.org\/site\/#\/schema\/person\/03bbbfe6c7634ad18c26444ea39049fa\"},\"headline\":\"Infla\u00e7\u00e3o perde for\u00e7a em janeiro com recuo da conta de luz e de passagens a\u00e9reas\",\"datePublished\":\"2026-01-27T15:33:18+00:00\",\"mainEntityOfPage\":{\"@id\":\"https:\/\/brasilnoticias.org\/site\/inflacao-perde-forca-em-janeiro-com-recuo-da-conta-de-luz-e-de-passagens-aereas\/\"},\"wordCount\":330,\"commentCount\":0,\"publisher\":{\"@id\":\"https:\/\/brasilnoticias.org\/site\/#organization\"},\"image\":{\"@id\":\"https:\/\/brasilnoticias.org\/site\/inflacao-perde-forca-em-janeiro-com-recuo-da-conta-de-luz-e-de-passagens-aereas\/#primaryimage\"},\"thumbnailUrl\":\"https:\/\/brasilnoticias.org\/site\/wp-content\/uploads\/2026\/01\/176838inflacao-perde-forca-em-janeiro-com-recuo-da-conta-de-luz-e-de-passagens-aereas-3.jpg\",\"articleSection\":[\"Not\u00edcias\",\"\u00daltimas\"],\"inLanguage\":\"pt-PT\",\"potentialAction\":[{\"@type\":\"CommentAction\",\"name\":\"Comment\",\"target\":[\"https:\/\/brasilnoticias.org\/site\/inflacao-perde-forca-em-janeiro-com-recuo-da-conta-de-luz-e-de-passagens-aereas\/#respond\"]}]},{\"@type\":\"WebPage\",\"@id\":\"https:\/\/brasilnoticias.org\/site\/inflacao-perde-forca-em-janeiro-com-recuo-da-conta-de-luz-e-de-passagens-aereas\/\",\"url\":\"https:\/\/brasilnoticias.org\/site\/inflacao-perde-forca-em-janeiro-com-recuo-da-conta-de-luz-e-de-passagens-aereas\/\",\"name\":\"Infla\u00e7\u00e3o perde for\u00e7a em janeiro com recuo da conta de luz e de passagens a\u00e9reas - Brasil not\u00edcias\",\"isPartOf\":{\"@id\":\"https:\/\/brasilnoticias.org\/site\/#website\"},\"primaryImageOfPage\":{\"@id\":\"https:\/\/brasilnoticias.org\/site\/inflacao-perde-forca-em-janeiro-com-recuo-da-conta-de-luz-e-de-passagens-aereas\/#primaryimage\"},\"image\":{\"@id\":\"https:\/\/brasilnoticias.org\/site\/inflacao-perde-forca-em-janeiro-com-recuo-da-conta-de-luz-e-de-passagens-aereas\/#primaryimage\"},\"thumbnailUrl\":\"https:\/\/brasilnoticias.org\/site\/wp-content\/uploads\/2026\/01\/176838inflacao-perde-forca-em-janeiro-com-recuo-da-conta-de-luz-e-de-passagens-aereas-3.jpg\",\"datePublished\":\"2026-01-27T15:33:18+00:00\",\"breadcrumb\":{\"@id\":\"https:\/\/brasilnoticias.org\/site\/inflacao-perde-forca-em-janeiro-com-recuo-da-conta-de-luz-e-de-passagens-aereas\/#breadcrumb\"},\"inLanguage\":\"pt-PT\",\"potentialAction\":[{\"@type\":\"ReadAction\",\"target\":[\"https:\/\/brasilnoticias.org\/site\/inflacao-perde-forca-em-janeiro-com-recuo-da-conta-de-luz-e-de-passagens-aereas\/\"]}]},{\"@type\":\"ImageObject\",\"inLanguage\":\"pt-PT\",\"@id\":\"https:\/\/brasilnoticias.org\/site\/inflacao-perde-forca-em-janeiro-com-recuo-da-conta-de-luz-e-de-passagens-aereas\/#primaryimage\",\"url\":\"https:\/\/brasilnoticias.org\/site\/wp-content\/uploads\/2026\/01\/176838inflacao-perde-forca-em-janeiro-com-recuo-da-conta-de-luz-e-de-passagens-aereas-3.jpg\",\"contentUrl\":\"https:\/\/brasilnoticias.org\/site\/wp-content\/uploads\/2026\/01\/176838inflacao-perde-forca-em-janeiro-com-recuo-da-conta-de-luz-e-de-passagens-aereas-3.jpg\",\"width\":1600,\"height\":752},{\"@type\":\"BreadcrumbList\",\"@id\":\"https:\/\/brasilnoticias.org\/site\/inflacao-perde-forca-em-janeiro-com-recuo-da-conta-de-luz-e-de-passagens-aereas\/#breadcrumb\",\"itemListElement\":[{\"@type\":\"ListItem\",\"position\":1,\"name\":\"In\u00edcio\",\"item\":\"https:\/\/brasilnoticias.org\/site\/\"},{\"@type\":\"ListItem\",\"position\":2,\"name\":\"Infla\u00e7\u00e3o perde for\u00e7a em janeiro com recuo da conta de luz e de passagens a\u00e9reas\"}]},{\"@type\":\"WebSite\",\"@id\":\"https:\/\/brasilnoticias.org\/site\/#website\",\"url\":\"https:\/\/brasilnoticias.org\/site\/\",\"name\":\"Brasil not\u00edcias\",\"description\":\"Brasil not\u00edcias\",\"publisher\":{\"@id\":\"https:\/\/brasilnoticias.org\/site\/#organization\"},\"potentialAction\":[{\"@type\":\"SearchAction\",\"target\":{\"@type\":\"EntryPoint\",\"urlTemplate\":\"https:\/\/brasilnoticias.org\/site\/?s={search_term_string}\"},\"query-input\":{\"@type\":\"PropertyValueSpecification\",\"valueRequired\":true,\"valueName\":\"search_term_string\"}}],\"inLanguage\":\"pt-PT\"},{\"@type\":\"Organization\",\"@id\":\"https:\/\/brasilnoticias.org\/site\/#organization\",\"name\":\"Brasil not\u00edcias\",\"url\":\"https:\/\/brasilnoticias.org\/site\/\",\"logo\":{\"@type\":\"ImageObject\",\"inLanguage\":\"pt-PT\",\"@id\":\"https:\/\/brasilnoticias.org\/site\/#\/schema\/logo\/image\/\",\"url\":\"https:\/\/brasilnoticias.org\/site\/wp-content\/uploads\/2022\/05\/cropped-brasilnoticias-mini.jpg\",\"contentUrl\":\"https:\/\/brasilnoticias.org\/site\/wp-content\/uploads\/2022\/05\/cropped-brasilnoticias-mini.jpg\",\"width\":314,\"height\":86,\"caption\":\"Brasil not\u00edcias\"},\"image\":{\"@id\":\"https:\/\/brasilnoticias.org\/site\/#\/schema\/logo\/image\/\"}},{\"@type\":\"Person\",\"@id\":\"https:\/\/brasilnoticias.org\/site\/#\/schema\/person\/03bbbfe6c7634ad18c26444ea39049fa\",\"name\":\"Reda\u00e7\u00e3o\",\"image\":{\"@type\":\"ImageObject\",\"inLanguage\":\"pt-PT\",\"@id\":\"https:\/\/brasilnoticias.org\/site\/#\/schema\/person\/image\/\",\"url\":\"https:\/\/secure.gravatar.com\/avatar\/9ecaf7327a696cb23ad926fedded5f1f04d7049de9e445375d55b48c001a6e42?s=96&d=mm&r=g\",\"contentUrl\":\"https:\/\/secure.gravatar.com\/avatar\/9ecaf7327a696cb23ad926fedded5f1f04d7049de9e445375d55b48c001a6e42?s=96&d=mm&r=g\",\"caption\":\"Reda\u00e7\u00e3o\"},\"url\":\"https:\/\/brasilnoticias.org\/site\/author\/henrique\/\"}]}<\/script>\n<!-- \/ Yoast SEO plugin. -->","yoast_head_json":{"title":"Infla\u00e7\u00e3o perde for\u00e7a em janeiro com recuo da conta de luz e de passagens a\u00e9reas - Brasil not\u00edcias","robots":{"index":"index","follow":"follow","max-snippet":"max-snippet:-1","max-image-preview":"max-image-preview:large","max-video-preview":"max-video-preview:-1"},"canonical":"https:\/\/brasilnoticias.org\/site\/inflacao-perde-forca-em-janeiro-com-recuo-da-conta-de-luz-e-de-passagens-aereas\/","og_locale":"pt_PT","og_type":"article","og_title":"Infla\u00e7\u00e3o perde for\u00e7a em janeiro com recuo da conta de luz e de passagens a\u00e9reas - Brasil not\u00edcias","og_description":"A infla\u00e7\u00e3o no Brasil registrou desacelera\u00e7\u00e3o em janeiro de 2026, puxada principalmente pela queda nos pre\u00e7os da conta de luz","og_url":"https:\/\/brasilnoticias.org\/site\/inflacao-perde-forca-em-janeiro-com-recuo-da-conta-de-luz-e-de-passagens-aereas\/","og_site_name":"Brasil not\u00edcias","article_published_time":"2026-01-27T15:33:18+00:00","og_image":[{"width":1600,"height":752,"url":"https:\/\/brasilnoticias.org\/site\/wp-content\/uploads\/2026\/01\/176838inflacao-perde-forca-em-janeiro-com-recuo-da-conta-de-luz-e-de-passagens-aereas-3.jpg","type":"image\/jpeg"}],"author":"Reda\u00e7\u00e3o","twitter_card":"summary_large_image","twitter_misc":{"Escrito por":"Reda\u00e7\u00e3o","Tempo estimado de leitura":"1 minuto"},"schema":{"@context":"https:\/\/schema.org","@graph":[{"@type":"Article","@id":"https:\/\/brasilnoticias.org\/site\/inflacao-perde-forca-em-janeiro-com-recuo-da-conta-de-luz-e-de-passagens-aereas\/#article","isPartOf":{"@id":"https:\/\/brasilnoticias.org\/site\/inflacao-perde-forca-em-janeiro-com-recuo-da-conta-de-luz-e-de-passagens-aereas\/"},"author":{"name":"Reda\u00e7\u00e3o","@id":"https:\/\/brasilnoticias.org\/site\/#\/schema\/person\/03bbbfe6c7634ad18c26444ea39049fa"},"headline":"Infla\u00e7\u00e3o perde for\u00e7a em janeiro com recuo da conta de luz e de passagens a\u00e9reas","datePublished":"2026-01-27T15:33:18+00:00","mainEntityOfPage":{"@id":"https:\/\/brasilnoticias.org\/site\/inflacao-perde-forca-em-janeiro-com-recuo-da-conta-de-luz-e-de-passagens-aereas\/"},"wordCount":330,"commentCount":0,"publisher":{"@id":"https:\/\/brasilnoticias.org\/site\/#organization"},"image":{"@id":"https:\/\/brasilnoticias.org\/site\/inflacao-perde-forca-em-janeiro-com-recuo-da-conta-de-luz-e-de-passagens-aereas\/#primaryimage"},"thumbnailUrl":"https:\/\/brasilnoticias.org\/site\/wp-content\/uploads\/2026\/01\/176838inflacao-perde-forca-em-janeiro-com-recuo-da-conta-de-luz-e-de-passagens-aereas-3.jpg","articleSection":["Not\u00edcias","\u00daltimas"],"inLanguage":"pt-PT","potentialAction":[{"@type":"CommentAction","name":"Comment","target":["https:\/\/brasilnoticias.org\/site\/inflacao-perde-forca-em-janeiro-com-recuo-da-conta-de-luz-e-de-passagens-aereas\/#respond"]}]},{"@type":"WebPage","@id":"https:\/\/brasilnoticias.org\/site\/inflacao-perde-forca-em-janeiro-com-recuo-da-conta-de-luz-e-de-passagens-aereas\/","url":"https:\/\/brasilnoticias.org\/site\/inflacao-perde-forca-em-janeiro-com-recuo-da-conta-de-luz-e-de-passagens-aereas\/","name":"Infla\u00e7\u00e3o perde for\u00e7a em janeiro com recuo da conta de luz e de passagens a\u00e9reas - Brasil not\u00edcias","isPartOf":{"@id":"https:\/\/brasilnoticias.org\/site\/#website"},"primaryImageOfPage":{"@id":"https:\/\/brasilnoticias.org\/site\/inflacao-perde-forca-em-janeiro-com-recuo-da-conta-de-luz-e-de-passagens-aereas\/#primaryimage"},"image":{"@id":"https:\/\/brasilnoticias.org\/site\/inflacao-perde-forca-em-janeiro-com-recuo-da-conta-de-luz-e-de-passagens-aereas\/#primaryimage"},"thumbnailUrl":"https:\/\/brasilnoticias.org\/site\/wp-content\/uploads\/2026\/01\/176838inflacao-perde-forca-em-janeiro-com-recuo-da-conta-de-luz-e-de-passagens-aereas-3.jpg","datePublished":"2026-01-27T15:33:18+00:00","breadcrumb":{"@id":"https:\/\/brasilnoticias.org\/site\/inflacao-perde-forca-em-janeiro-com-recuo-da-conta-de-luz-e-de-passagens-aereas\/#breadcrumb"},"inLanguage":"pt-PT","potentialAction":[{"@type":"ReadAction","target":["https:\/\/brasilnoticias.org\/site\/inflacao-perde-forca-em-janeiro-com-recuo-da-conta-de-luz-e-de-passagens-aereas\/"]}]},{"@type":"ImageObject","inLanguage":"pt-PT","@id":"https:\/\/brasilnoticias.org\/site\/inflacao-perde-forca-em-janeiro-com-recuo-da-conta-de-luz-e-de-passagens-aereas\/#primaryimage","url":"https:\/\/brasilnoticias.org\/site\/wp-content\/uploads\/2026\/01\/176838inflacao-perde-forca-em-janeiro-com-recuo-da-conta-de-luz-e-de-passagens-aereas-3.jpg","contentUrl":"https:\/\/brasilnoticias.org\/site\/wp-content\/uploads\/2026\/01\/176838inflacao-perde-forca-em-janeiro-com-recuo-da-conta-de-luz-e-de-passagens-aereas-3.jpg","width":1600,"height":752},{"@type":"BreadcrumbList","@id":"https:\/\/brasilnoticias.org\/site\/inflacao-perde-forca-em-janeiro-com-recuo-da-conta-de-luz-e-de-passagens-aereas\/#breadcrumb","itemListElement":[{"@type":"ListItem","position":1,"name":"In\u00edcio","item":"https:\/\/brasilnoticias.org\/site\/"},{"@type":"ListItem","position":2,"name":"Infla\u00e7\u00e3o perde for\u00e7a em janeiro com recuo da conta de luz e de passagens a\u00e9reas"}]},{"@type":"WebSite","@id":"https:\/\/brasilnoticias.org\/site\/#website","url":"https:\/\/brasilnoticias.org\/site\/","name":"Brasil not\u00edcias","description":"Brasil not\u00edcias","publisher":{"@id":"https:\/\/brasilnoticias.org\/site\/#organization"},"potentialAction":[{"@type":"SearchAction","target":{"@type":"EntryPoint","urlTemplate":"https:\/\/brasilnoticias.org\/site\/?s={search_term_string}"},"query-input":{"@type":"PropertyValueSpecification","valueRequired":true,"valueName":"search_term_string"}}],"inLanguage":"pt-PT"},{"@type":"Organization","@id":"https:\/\/brasilnoticias.org\/site\/#organization","name":"Brasil not\u00edcias","url":"https:\/\/brasilnoticias.org\/site\/","logo":{"@type":"ImageObject","inLanguage":"pt-PT","@id":"https:\/\/brasilnoticias.org\/site\/#\/schema\/logo\/image\/","url":"https:\/\/brasilnoticias.org\/site\/wp-content\/uploads\/2022\/05\/cropped-brasilnoticias-mini.jpg","contentUrl":"https:\/\/brasilnoticias.org\/site\/wp-content\/uploads\/2022\/05\/cropped-brasilnoticias-mini.jpg","width":314,"height":86,"caption":"Brasil not\u00edcias"},"image":{"@id":"https:\/\/brasilnoticias.org\/site\/#\/schema\/logo\/image\/"}},{"@type":"Person","@id":"https:\/\/brasilnoticias.org\/site\/#\/schema\/person\/03bbbfe6c7634ad18c26444ea39049fa","name":"Reda\u00e7\u00e3o","image":{"@type":"ImageObject","inLanguage":"pt-PT","@id":"https:\/\/brasilnoticias.org\/site\/#\/schema\/person\/image\/","url":"https:\/\/secure.gravatar.com\/avatar\/9ecaf7327a696cb23ad926fedded5f1f04d7049de9e445375d55b48c001a6e42?s=96&d=mm&r=g","contentUrl":"https:\/\/secure.gravatar.com\/avatar\/9ecaf7327a696cb23ad926fedded5f1f04d7049de9e445375d55b48c001a6e42?s=96&d=mm&r=g","caption":"Reda\u00e7\u00e3o"},"url":"https:\/\/brasilnoticias.org\/site\/author\/henrique\/"}]}},"_links":{"self":[{"href":"https:\/\/brasilnoticias.org\/site\/wp-json\/wp\/v2\/posts\/19874","targetHints":{"allow":["GET"]}}],"collection":[{"href":"https:\/\/brasilnoticias.org\/site\/wp-json\/wp\/v2\/posts"}],"about":[{"href":"https:\/\/brasilnoticias.org\/site\/wp-json\/wp\/v2\/types\/post"}],"author":[{"embeddable":true,"href":"https:\/\/brasilnoticias.org\/site\/wp-json\/wp\/v2\/users\/4"}],"replies":[{"embeddable":true,"href":"https:\/\/brasilnoticias.org\/site\/wp-json\/wp\/v2\/comments?post=19874"}],"version-history":[{"count":1,"href":"https:\/\/brasilnoticias.org\/site\/wp-json\/wp\/v2\/posts\/19874\/revisions"}],"predecessor-version":[{"id":19876,"href":"https:\/\/brasilnoticias.org\/site\/wp-json\/wp\/v2\/posts\/19874\/revisions\/19876"}],"wp:featuredmedia":[{"embeddable":true,"href":"https:\/\/brasilnoticias.org\/site\/wp-json\/wp\/v2\/media\/19875"}],"wp:attachment":[{"href":"https:\/\/brasilnoticias.org\/site\/wp-json\/wp\/v2\/media?parent=19874"}],"wp:term":[{"taxonomy":"category","embeddable":true,"href":"https:\/\/brasilnoticias.org\/site\/wp-json\/wp\/v2\/categories?post=19874"},{"taxonomy":"post_tag","embeddable":true,"href":"https:\/\/brasilnoticias.org\/site\/wp-json\/wp\/v2\/tags?post=19874"}],"curies":[{"name":"wp","href":"https:\/\/api.w.org\/{rel}","templated":true}]}}