{"id":19893,"date":"2026-01-29T07:05:34","date_gmt":"2026-01-29T10:05:34","guid":{"rendered":"https:\/\/brasilnoticias.org\/site\/?p=19893"},"modified":"2026-01-29T07:05:34","modified_gmt":"2026-01-29T10:05:34","slug":"vitoria-bate-o-remo-no-barradao-na-estreia-do-campeonato-brasileiro","status":"publish","type":"post","link":"https:\/\/brasilnoticias.org\/site\/vitoria-bate-o-remo-no-barradao-na-estreia-do-campeonato-brasileiro\/","title":{"rendered":"Vit\u00f3ria bate o Remo no Barrad\u00e3o na estreia do Campeonato Brasileiro"},"content":{"rendered":"<p>O Vit\u00f3ria estreou vencendo no Campeonato Brasileiro. Na noite desta quarta-feira (28), o Colossal bateu o Remo por 2 a 0, no Barrad\u00e3o, pela primeira rodada. Renato Kayzer e Baralhas definiram o placar no segundo tempo.<\/p>\n<p>O Rubro-Negro inicia a campanha na competi\u00e7\u00e3o nacional com tr\u00eas pontos na tabela de classifica\u00e7\u00e3o. Enquanto o Le\u00e3o paraense come\u00e7a zerado.<\/p>\n<p>Na segunda rodada da competi\u00e7\u00e3o nacional, o Vit\u00f3ria ter\u00e1 um teste de fogo contra o Palmeiras, na Arena Barueri, na pr\u00f3xima quarta-feira (4), \u00e0s 21h30. Mas antes disso, o Rubro-Negro volta a pensar no Campeonato Baiano onde ocupa o quarto lugar na tabela de classifica\u00e7\u00e3o com seis pontos. No domingo (1\u00ba), \u00e0s 16h, o time encara o Barcelona de Ilh\u00e9us, na Arena Cajueiro, pela sexta jornada do estadual.<\/p>\n<p>Primeiro tempo<\/p>\n<p>Na primeira descida do Vit\u00f3ria, aos quatro minutos, com Ram\u00f3n pela esquerda, que tenta o toque para Kayzer e a bola bate na m\u00e3o de Marllon e o \u00e1rbitro Ramon Abatti Abel marcou fora da \u00e1rea. Mas os jogadores do time baiano pressionaram o juiz e o jogo ficou paralisado enquanto o VAR revisava o lance para um poss\u00edvel p\u00eanalti. Ao rever a jogada no monitor, Ramon Abatti toque de m\u00e3o de Kayzer antes que ela batesse no defensor da equipe paraense. O Rubro-Negro chegou bem no ataque aos 13 minutos. Cantalapiedra recebeu dentro da \u00e1rea e finalizou, mas a bola explodiu na defesa e saiu pela linha de escanteio. Aos 18, o Remo assustou na finaliza\u00e7\u00e3o de Jo\u00e3o Pedro na \u00e1rea, mas Gabriel fez a defesa. Num vacilo, Kayzer perdeu a bola e o Remo armou o contra-ataque, Alef Manga recebeu e chutou da entrada da \u00e1rea, que tirou tinta da trave direita de Gabriel. O Colossal respondeu na sequ\u00eancia e quase marcou. Aos 35, Kayzer foi lan\u00e7ado livre de marca\u00e7\u00e3o, mas Marcelo Rangel saiu e ficou com a bola. Mas o lance foi invalidado pela arbitragem que apontou impedimento na jogada. O Le\u00e3o baiano teve boa chance aos 41 minutos, Matheuzinho recebeu de Cantalapiedra na \u00e1rea e finalizou, mas Marcelo Rangel fez a defesa. Aos 47, Matheuzinho foi travado por Patrick de Paula ao tentar finalizar dentro da \u00e1rea. No contra-ataque, Jo\u00e3o Lucas chutou no travess\u00e3o de Gabriel, mas a arbitragem apontou impedimento na jogada.<\/p>\n<p>Segundo tempo<\/p>\n<p>O Vit\u00f3ria voltou dos vesti\u00e1rios com Dudu na vaga de Ricelli e Erick no lugar de Cantalapiedra. J\u00e1 o Remo tirou Z\u00e9 Ricardo para colocar Pavani. O Le\u00e3o azul come\u00e7ou assustando, mas o Rubro-Negro respondeu na jogada de Dudu que Matheuzinho bateu colocada e mandou perto do \u00e2ngulo esquerdo de Marcelo Rangel.<\/p>\n<p>Kayzer abre o placar para o Colossal<br \/>\nO Vit\u00f3ria saiu na frente com Renato Kayzer aos 12 minutos. Cobran\u00e7a de escanteio de Erick na cabe\u00e7a do camisa 79 que estufou as redes. Vit\u00f3ria 1&#215;0 Remo<\/p>\n<p>O Colossal ainda teve uma chance com Dudu, que Marcelo Rangel saiu e ficou com a bola, e outra com Kayzer que chutou por cima da meta paraense. Aos 28 minutos, Fabri invadiu a \u00e1rea e foi derrubado. Ramon Abatti Abel marcou o p\u00eanalti. Mas ap\u00f3s rever o lance no VAR, ele voltou atr\u00e1s e cancelou a marca\u00e7\u00e3o.<\/p>\n<p>Baralhas amplia para o Colossal<br \/>\nO Vit\u00f3ria chegou ao segundo gol com Baralhas aos 31 minutos. Fabri cruzou para Erick que perdeu a bola, mas o camisa 44 pegou a sobra para balan\u00e7ar as redes. Vit\u00f3ria 2&#215;0 Remo<\/p>\n<p>O Vit\u00f3ria anotou o terceiro gol com Fabri aos 42 minutos. Jamerson fez a defesa pela esquerda, inavdiu a \u00e1rea e bateu para o gol. Erick n\u00e3o conseguiu desviar e ela sobrou para Fabri que mergulhou de peixinho para balan\u00e7ar as redes. Mas o \u00e1rbitro invalidou o tento apontando impedimento. No minuto seguinte, Fabri invadiu a \u00e1rea e chutou na trave.<\/p>\n<p>FICHA T\u00c9CNICA<br \/>\nVit\u00f3ria 2&#215;0 Remo<br \/>\nCampeonato Brasileiro \u2013 1\u00aa rodada<br \/>\nLocal: Barrad\u00e3o, em Salvador (BA)<br \/>\nData: 28\/01\/2025 (quarta-feira)<br \/>\nHor\u00e1rio: 19h<br \/>\n\u00c1rbitro: Ramon Abatti Abel (SC)<br \/>\nAssistentes: Gizeli Casaril e Thiaggo Americano Labes (ambos de SC)<br \/>\nVAR: Rodrigo Nunes de S\u00e1 (RJ)<br \/>\nCart\u00e3o amarelo: Baralhas, Ramon (Vit\u00f3ria) \/ Z\u00e9 Ricardo, Patrick de Paula, Dod\u00f4, L\u00e9o Andrade (Remo)<\/p>\n<p>Gols: Renato Kayzer, Baralhas (Vit\u00f3ria)<\/p>\n<p>Vit\u00f3ria: Gabriel; Mateus Silva, Riccieli (Dudu), Camutanga, Z\u00e9 Marcos e Ram\u00f3n (Jamerson); Baralhas e Ca\u00edque Gon\u00e7alves; Aitor Cantalapiedra (Erick), Matheuzinho (Osvaldo) e Renato Kayzer(Fabri). T\u00e9cnico: Jair Ventura.<\/p>\n<p>Remo: Marcelo Rangel; Jo\u00e3o Lucas, Marllon, L\u00e9o Andrade e Kayky Almeida; Z\u00e9 Ricardo (Pavani), Patrick de Paula (Dod\u00f4) e Jaderson (Patrick); Yago Pikachu, Alef Manga(Marcelinho) e Jo\u00e3o Pedro (Eduardo Melo). T\u00e9cnico: Juan Carlos Osorio.<\/p>\n<p>Foto: Victor Ferreira\/EC Vit\u00f3ria<br \/>\nPor: Leandro Arag\u00e3o \/ Metro1<\/p>\n","protected":false},"excerpt":{"rendered":"<p>O Vit\u00f3ria estreou vencendo no Campeonato Brasileiro. Na noite desta quarta-feira (28), o Colossal bateu o Remo por 2 a<\/p>\n","protected":false},"author":4,"featured_media":19894,"comment_status":"open","ping_status":"open","sticky":false,"template":"","format":"standard","meta":{"colormag_page_container_layout":"default_layout","colormag_page_sidebar_layout":"default_layout","_FSMCFIC_featured_image_caption":"","_FSMCFIC_featured_image_nocaption":"","_FSMCFIC_featured_image_hide":"","footnotes":""},"categories":[4,1],"tags":[],"class_list":["post-19893","post","type-post","status-publish","format-standard","has-post-thumbnail","hentry","category-esporte","category-ultimas"],"yoast_head":"<!-- This site is optimized with the Yoast SEO plugin v27.1.1 - https:\/\/yoast.com\/product\/yoast-seo-wordpress\/ -->\n<title>Vit\u00f3ria bate o Remo no Barrad\u00e3o na estreia do Campeonato Brasileiro - Brasil not\u00edcias<\/title>\n<meta name=\"robots\" content=\"index, follow, max-snippet:-1, max-image-preview:large, max-video-preview:-1\" \/>\n<link rel=\"canonical\" href=\"https:\/\/brasilnoticias.org\/site\/vitoria-bate-o-remo-no-barradao-na-estreia-do-campeonato-brasileiro\/\" \/>\n<meta property=\"og:locale\" content=\"pt_PT\" \/>\n<meta property=\"og:type\" content=\"article\" \/>\n<meta property=\"og:title\" content=\"Vit\u00f3ria bate o Remo no Barrad\u00e3o na estreia do Campeonato Brasileiro - Brasil not\u00edcias\" \/>\n<meta property=\"og:description\" content=\"O Vit\u00f3ria estreou vencendo no Campeonato Brasileiro. Na noite desta quarta-feira (28), o Colossal bateu o Remo por 2 a\" \/>\n<meta property=\"og:url\" content=\"https:\/\/brasilnoticias.org\/site\/vitoria-bate-o-remo-no-barradao-na-estreia-do-campeonato-brasileiro\/\" \/>\n<meta property=\"og:site_name\" content=\"Brasil not\u00edcias\" \/>\n<meta property=\"article:published_time\" content=\"2026-01-29T10:05:34+00:00\" \/>\n<meta property=\"og:image\" content=\"https:\/\/brasilnoticias.org\/site\/wp-content\/uploads\/2026\/01\/176923vitoria-bate-o-remo-no-barradao-na-estreia-do-campeonato-brasileiro-3.jpg\" \/>\n\t<meta property=\"og:image:width\" content=\"1600\" \/>\n\t<meta property=\"og:image:height\" content=\"752\" \/>\n\t<meta property=\"og:image:type\" content=\"image\/jpeg\" \/>\n<meta name=\"author\" content=\"Reda\u00e7\u00e3o\" \/>\n<meta name=\"twitter:card\" content=\"summary_large_image\" \/>\n<meta name=\"twitter:label1\" content=\"Escrito por\" \/>\n\t<meta name=\"twitter:data1\" content=\"Reda\u00e7\u00e3o\" \/>\n\t<meta name=\"twitter:label2\" content=\"Tempo estimado de leitura\" \/>\n\t<meta name=\"twitter:data2\" content=\"1 minuto\" \/>\n<script type=\"application\/ld+json\" class=\"yoast-schema-graph\">{\"@context\":\"https:\/\/schema.org\",\"@graph\":[{\"@type\":\"Article\",\"@id\":\"https:\/\/brasilnoticias.org\/site\/vitoria-bate-o-remo-no-barradao-na-estreia-do-campeonato-brasileiro\/#article\",\"isPartOf\":{\"@id\":\"https:\/\/brasilnoticias.org\/site\/vitoria-bate-o-remo-no-barradao-na-estreia-do-campeonato-brasileiro\/\"},\"author\":{\"name\":\"Reda\u00e7\u00e3o\",\"@id\":\"https:\/\/brasilnoticias.org\/site\/#\/schema\/person\/03bbbfe6c7634ad18c26444ea39049fa\"},\"headline\":\"Vit\u00f3ria bate o Remo no Barrad\u00e3o na estreia do Campeonato Brasileiro\",\"datePublished\":\"2026-01-29T10:05:34+00:00\",\"mainEntityOfPage\":{\"@id\":\"https:\/\/brasilnoticias.org\/site\/vitoria-bate-o-remo-no-barradao-na-estreia-do-campeonato-brasileiro\/\"},\"wordCount\":809,\"commentCount\":0,\"publisher\":{\"@id\":\"https:\/\/brasilnoticias.org\/site\/#organization\"},\"image\":{\"@id\":\"https:\/\/brasilnoticias.org\/site\/vitoria-bate-o-remo-no-barradao-na-estreia-do-campeonato-brasileiro\/#primaryimage\"},\"thumbnailUrl\":\"https:\/\/brasilnoticias.org\/site\/wp-content\/uploads\/2026\/01\/176923vitoria-bate-o-remo-no-barradao-na-estreia-do-campeonato-brasileiro-3.jpg\",\"articleSection\":[\"Esporte\",\"\u00daltimas\"],\"inLanguage\":\"pt-PT\",\"potentialAction\":[{\"@type\":\"CommentAction\",\"name\":\"Comment\",\"target\":[\"https:\/\/brasilnoticias.org\/site\/vitoria-bate-o-remo-no-barradao-na-estreia-do-campeonato-brasileiro\/#respond\"]}]},{\"@type\":\"WebPage\",\"@id\":\"https:\/\/brasilnoticias.org\/site\/vitoria-bate-o-remo-no-barradao-na-estreia-do-campeonato-brasileiro\/\",\"url\":\"https:\/\/brasilnoticias.org\/site\/vitoria-bate-o-remo-no-barradao-na-estreia-do-campeonato-brasileiro\/\",\"name\":\"Vit\u00f3ria bate o Remo no Barrad\u00e3o na estreia do Campeonato Brasileiro - Brasil not\u00edcias\",\"isPartOf\":{\"@id\":\"https:\/\/brasilnoticias.org\/site\/#website\"},\"primaryImageOfPage\":{\"@id\":\"https:\/\/brasilnoticias.org\/site\/vitoria-bate-o-remo-no-barradao-na-estreia-do-campeonato-brasileiro\/#primaryimage\"},\"image\":{\"@id\":\"https:\/\/brasilnoticias.org\/site\/vitoria-bate-o-remo-no-barradao-na-estreia-do-campeonato-brasileiro\/#primaryimage\"},\"thumbnailUrl\":\"https:\/\/brasilnoticias.org\/site\/wp-content\/uploads\/2026\/01\/176923vitoria-bate-o-remo-no-barradao-na-estreia-do-campeonato-brasileiro-3.jpg\",\"datePublished\":\"2026-01-29T10:05:34+00:00\",\"breadcrumb\":{\"@id\":\"https:\/\/brasilnoticias.org\/site\/vitoria-bate-o-remo-no-barradao-na-estreia-do-campeonato-brasileiro\/#breadcrumb\"},\"inLanguage\":\"pt-PT\",\"potentialAction\":[{\"@type\":\"ReadAction\",\"target\":[\"https:\/\/brasilnoticias.org\/site\/vitoria-bate-o-remo-no-barradao-na-estreia-do-campeonato-brasileiro\/\"]}]},{\"@type\":\"ImageObject\",\"inLanguage\":\"pt-PT\",\"@id\":\"https:\/\/brasilnoticias.org\/site\/vitoria-bate-o-remo-no-barradao-na-estreia-do-campeonato-brasileiro\/#primaryimage\",\"url\":\"https:\/\/brasilnoticias.org\/site\/wp-content\/uploads\/2026\/01\/176923vitoria-bate-o-remo-no-barradao-na-estreia-do-campeonato-brasileiro-3.jpg\",\"contentUrl\":\"https:\/\/brasilnoticias.org\/site\/wp-content\/uploads\/2026\/01\/176923vitoria-bate-o-remo-no-barradao-na-estreia-do-campeonato-brasileiro-3.jpg\",\"width\":1600,\"height\":752},{\"@type\":\"BreadcrumbList\",\"@id\":\"https:\/\/brasilnoticias.org\/site\/vitoria-bate-o-remo-no-barradao-na-estreia-do-campeonato-brasileiro\/#breadcrumb\",\"itemListElement\":[{\"@type\":\"ListItem\",\"position\":1,\"name\":\"In\u00edcio\",\"item\":\"https:\/\/brasilnoticias.org\/site\/\"},{\"@type\":\"ListItem\",\"position\":2,\"name\":\"Vit\u00f3ria bate o Remo no Barrad\u00e3o na estreia do Campeonato Brasileiro\"}]},{\"@type\":\"WebSite\",\"@id\":\"https:\/\/brasilnoticias.org\/site\/#website\",\"url\":\"https:\/\/brasilnoticias.org\/site\/\",\"name\":\"Brasil not\u00edcias\",\"description\":\"Brasil not\u00edcias\",\"publisher\":{\"@id\":\"https:\/\/brasilnoticias.org\/site\/#organization\"},\"potentialAction\":[{\"@type\":\"SearchAction\",\"target\":{\"@type\":\"EntryPoint\",\"urlTemplate\":\"https:\/\/brasilnoticias.org\/site\/?s={search_term_string}\"},\"query-input\":{\"@type\":\"PropertyValueSpecification\",\"valueRequired\":true,\"valueName\":\"search_term_string\"}}],\"inLanguage\":\"pt-PT\"},{\"@type\":\"Organization\",\"@id\":\"https:\/\/brasilnoticias.org\/site\/#organization\",\"name\":\"Brasil not\u00edcias\",\"url\":\"https:\/\/brasilnoticias.org\/site\/\",\"logo\":{\"@type\":\"ImageObject\",\"inLanguage\":\"pt-PT\",\"@id\":\"https:\/\/brasilnoticias.org\/site\/#\/schema\/logo\/image\/\",\"url\":\"https:\/\/brasilnoticias.org\/site\/wp-content\/uploads\/2022\/05\/cropped-brasilnoticias-mini.jpg\",\"contentUrl\":\"https:\/\/brasilnoticias.org\/site\/wp-content\/uploads\/2022\/05\/cropped-brasilnoticias-mini.jpg\",\"width\":314,\"height\":86,\"caption\":\"Brasil not\u00edcias\"},\"image\":{\"@id\":\"https:\/\/brasilnoticias.org\/site\/#\/schema\/logo\/image\/\"}},{\"@type\":\"Person\",\"@id\":\"https:\/\/brasilnoticias.org\/site\/#\/schema\/person\/03bbbfe6c7634ad18c26444ea39049fa\",\"name\":\"Reda\u00e7\u00e3o\",\"image\":{\"@type\":\"ImageObject\",\"inLanguage\":\"pt-PT\",\"@id\":\"https:\/\/brasilnoticias.org\/site\/#\/schema\/person\/image\/\",\"url\":\"https:\/\/secure.gravatar.com\/avatar\/9ecaf7327a696cb23ad926fedded5f1f04d7049de9e445375d55b48c001a6e42?s=96&d=mm&r=g\",\"contentUrl\":\"https:\/\/secure.gravatar.com\/avatar\/9ecaf7327a696cb23ad926fedded5f1f04d7049de9e445375d55b48c001a6e42?s=96&d=mm&r=g\",\"caption\":\"Reda\u00e7\u00e3o\"},\"url\":\"https:\/\/brasilnoticias.org\/site\/author\/henrique\/\"}]}<\/script>\n<!-- \/ Yoast SEO plugin. -->","yoast_head_json":{"title":"Vit\u00f3ria bate o Remo no Barrad\u00e3o na estreia do Campeonato Brasileiro - Brasil not\u00edcias","robots":{"index":"index","follow":"follow","max-snippet":"max-snippet:-1","max-image-preview":"max-image-preview:large","max-video-preview":"max-video-preview:-1"},"canonical":"https:\/\/brasilnoticias.org\/site\/vitoria-bate-o-remo-no-barradao-na-estreia-do-campeonato-brasileiro\/","og_locale":"pt_PT","og_type":"article","og_title":"Vit\u00f3ria bate o Remo no Barrad\u00e3o na estreia do Campeonato Brasileiro - Brasil not\u00edcias","og_description":"O Vit\u00f3ria estreou vencendo no Campeonato Brasileiro. Na noite desta quarta-feira (28), o Colossal bateu o Remo por 2 a","og_url":"https:\/\/brasilnoticias.org\/site\/vitoria-bate-o-remo-no-barradao-na-estreia-do-campeonato-brasileiro\/","og_site_name":"Brasil not\u00edcias","article_published_time":"2026-01-29T10:05:34+00:00","og_image":[{"width":1600,"height":752,"url":"https:\/\/brasilnoticias.org\/site\/wp-content\/uploads\/2026\/01\/176923vitoria-bate-o-remo-no-barradao-na-estreia-do-campeonato-brasileiro-3.jpg","type":"image\/jpeg"}],"author":"Reda\u00e7\u00e3o","twitter_card":"summary_large_image","twitter_misc":{"Escrito por":"Reda\u00e7\u00e3o","Tempo estimado de leitura":"1 minuto"},"schema":{"@context":"https:\/\/schema.org","@graph":[{"@type":"Article","@id":"https:\/\/brasilnoticias.org\/site\/vitoria-bate-o-remo-no-barradao-na-estreia-do-campeonato-brasileiro\/#article","isPartOf":{"@id":"https:\/\/brasilnoticias.org\/site\/vitoria-bate-o-remo-no-barradao-na-estreia-do-campeonato-brasileiro\/"},"author":{"name":"Reda\u00e7\u00e3o","@id":"https:\/\/brasilnoticias.org\/site\/#\/schema\/person\/03bbbfe6c7634ad18c26444ea39049fa"},"headline":"Vit\u00f3ria bate o Remo no Barrad\u00e3o na estreia do Campeonato Brasileiro","datePublished":"2026-01-29T10:05:34+00:00","mainEntityOfPage":{"@id":"https:\/\/brasilnoticias.org\/site\/vitoria-bate-o-remo-no-barradao-na-estreia-do-campeonato-brasileiro\/"},"wordCount":809,"commentCount":0,"publisher":{"@id":"https:\/\/brasilnoticias.org\/site\/#organization"},"image":{"@id":"https:\/\/brasilnoticias.org\/site\/vitoria-bate-o-remo-no-barradao-na-estreia-do-campeonato-brasileiro\/#primaryimage"},"thumbnailUrl":"https:\/\/brasilnoticias.org\/site\/wp-content\/uploads\/2026\/01\/176923vitoria-bate-o-remo-no-barradao-na-estreia-do-campeonato-brasileiro-3.jpg","articleSection":["Esporte","\u00daltimas"],"inLanguage":"pt-PT","potentialAction":[{"@type":"CommentAction","name":"Comment","target":["https:\/\/brasilnoticias.org\/site\/vitoria-bate-o-remo-no-barradao-na-estreia-do-campeonato-brasileiro\/#respond"]}]},{"@type":"WebPage","@id":"https:\/\/brasilnoticias.org\/site\/vitoria-bate-o-remo-no-barradao-na-estreia-do-campeonato-brasileiro\/","url":"https:\/\/brasilnoticias.org\/site\/vitoria-bate-o-remo-no-barradao-na-estreia-do-campeonato-brasileiro\/","name":"Vit\u00f3ria bate o Remo no Barrad\u00e3o na estreia do Campeonato Brasileiro - Brasil not\u00edcias","isPartOf":{"@id":"https:\/\/brasilnoticias.org\/site\/#website"},"primaryImageOfPage":{"@id":"https:\/\/brasilnoticias.org\/site\/vitoria-bate-o-remo-no-barradao-na-estreia-do-campeonato-brasileiro\/#primaryimage"},"image":{"@id":"https:\/\/brasilnoticias.org\/site\/vitoria-bate-o-remo-no-barradao-na-estreia-do-campeonato-brasileiro\/#primaryimage"},"thumbnailUrl":"https:\/\/brasilnoticias.org\/site\/wp-content\/uploads\/2026\/01\/176923vitoria-bate-o-remo-no-barradao-na-estreia-do-campeonato-brasileiro-3.jpg","datePublished":"2026-01-29T10:05:34+00:00","breadcrumb":{"@id":"https:\/\/brasilnoticias.org\/site\/vitoria-bate-o-remo-no-barradao-na-estreia-do-campeonato-brasileiro\/#breadcrumb"},"inLanguage":"pt-PT","potentialAction":[{"@type":"ReadAction","target":["https:\/\/brasilnoticias.org\/site\/vitoria-bate-o-remo-no-barradao-na-estreia-do-campeonato-brasileiro\/"]}]},{"@type":"ImageObject","inLanguage":"pt-PT","@id":"https:\/\/brasilnoticias.org\/site\/vitoria-bate-o-remo-no-barradao-na-estreia-do-campeonato-brasileiro\/#primaryimage","url":"https:\/\/brasilnoticias.org\/site\/wp-content\/uploads\/2026\/01\/176923vitoria-bate-o-remo-no-barradao-na-estreia-do-campeonato-brasileiro-3.jpg","contentUrl":"https:\/\/brasilnoticias.org\/site\/wp-content\/uploads\/2026\/01\/176923vitoria-bate-o-remo-no-barradao-na-estreia-do-campeonato-brasileiro-3.jpg","width":1600,"height":752},{"@type":"BreadcrumbList","@id":"https:\/\/brasilnoticias.org\/site\/vitoria-bate-o-remo-no-barradao-na-estreia-do-campeonato-brasileiro\/#breadcrumb","itemListElement":[{"@type":"ListItem","position":1,"name":"In\u00edcio","item":"https:\/\/brasilnoticias.org\/site\/"},{"@type":"ListItem","position":2,"name":"Vit\u00f3ria bate o Remo no Barrad\u00e3o na estreia do Campeonato Brasileiro"}]},{"@type":"WebSite","@id":"https:\/\/brasilnoticias.org\/site\/#website","url":"https:\/\/brasilnoticias.org\/site\/","name":"Brasil not\u00edcias","description":"Brasil not\u00edcias","publisher":{"@id":"https:\/\/brasilnoticias.org\/site\/#organization"},"potentialAction":[{"@type":"SearchAction","target":{"@type":"EntryPoint","urlTemplate":"https:\/\/brasilnoticias.org\/site\/?s={search_term_string}"},"query-input":{"@type":"PropertyValueSpecification","valueRequired":true,"valueName":"search_term_string"}}],"inLanguage":"pt-PT"},{"@type":"Organization","@id":"https:\/\/brasilnoticias.org\/site\/#organization","name":"Brasil not\u00edcias","url":"https:\/\/brasilnoticias.org\/site\/","logo":{"@type":"ImageObject","inLanguage":"pt-PT","@id":"https:\/\/brasilnoticias.org\/site\/#\/schema\/logo\/image\/","url":"https:\/\/brasilnoticias.org\/site\/wp-content\/uploads\/2022\/05\/cropped-brasilnoticias-mini.jpg","contentUrl":"https:\/\/brasilnoticias.org\/site\/wp-content\/uploads\/2022\/05\/cropped-brasilnoticias-mini.jpg","width":314,"height":86,"caption":"Brasil not\u00edcias"},"image":{"@id":"https:\/\/brasilnoticias.org\/site\/#\/schema\/logo\/image\/"}},{"@type":"Person","@id":"https:\/\/brasilnoticias.org\/site\/#\/schema\/person\/03bbbfe6c7634ad18c26444ea39049fa","name":"Reda\u00e7\u00e3o","image":{"@type":"ImageObject","inLanguage":"pt-PT","@id":"https:\/\/brasilnoticias.org\/site\/#\/schema\/person\/image\/","url":"https:\/\/secure.gravatar.com\/avatar\/9ecaf7327a696cb23ad926fedded5f1f04d7049de9e445375d55b48c001a6e42?s=96&d=mm&r=g","contentUrl":"https:\/\/secure.gravatar.com\/avatar\/9ecaf7327a696cb23ad926fedded5f1f04d7049de9e445375d55b48c001a6e42?s=96&d=mm&r=g","caption":"Reda\u00e7\u00e3o"},"url":"https:\/\/brasilnoticias.org\/site\/author\/henrique\/"}]}},"_links":{"self":[{"href":"https:\/\/brasilnoticias.org\/site\/wp-json\/wp\/v2\/posts\/19893","targetHints":{"allow":["GET"]}}],"collection":[{"href":"https:\/\/brasilnoticias.org\/site\/wp-json\/wp\/v2\/posts"}],"about":[{"href":"https:\/\/brasilnoticias.org\/site\/wp-json\/wp\/v2\/types\/post"}],"author":[{"embeddable":true,"href":"https:\/\/brasilnoticias.org\/site\/wp-json\/wp\/v2\/users\/4"}],"replies":[{"embeddable":true,"href":"https:\/\/brasilnoticias.org\/site\/wp-json\/wp\/v2\/comments?post=19893"}],"version-history":[{"count":1,"href":"https:\/\/brasilnoticias.org\/site\/wp-json\/wp\/v2\/posts\/19893\/revisions"}],"predecessor-version":[{"id":19895,"href":"https:\/\/brasilnoticias.org\/site\/wp-json\/wp\/v2\/posts\/19893\/revisions\/19895"}],"wp:featuredmedia":[{"embeddable":true,"href":"https:\/\/brasilnoticias.org\/site\/wp-json\/wp\/v2\/media\/19894"}],"wp:attachment":[{"href":"https:\/\/brasilnoticias.org\/site\/wp-json\/wp\/v2\/media?parent=19893"}],"wp:term":[{"taxonomy":"category","embeddable":true,"href":"https:\/\/brasilnoticias.org\/site\/wp-json\/wp\/v2\/categories?post=19893"},{"taxonomy":"post_tag","embeddable":true,"href":"https:\/\/brasilnoticias.org\/site\/wp-json\/wp\/v2\/tags?post=19893"}],"curies":[{"name":"wp","href":"https:\/\/api.w.org\/{rel}","templated":true}]}}