{"id":19914,"date":"2026-01-29T08:08:00","date_gmt":"2026-01-29T11:08:00","guid":{"rendered":"https:\/\/brasilnoticias.org\/site\/?p=19914"},"modified":"2026-01-29T08:08:00","modified_gmt":"2026-01-29T11:08:00","slug":"encontro-entre-tarcisio-e-bolsonaro-na-papudinha-pode-ser-decisivo-para-candidatura-de-flavio","status":"publish","type":"post","link":"https:\/\/brasilnoticias.org\/site\/encontro-entre-tarcisio-e-bolsonaro-na-papudinha-pode-ser-decisivo-para-candidatura-de-flavio\/","title":{"rendered":"Encontro entre Tarc\u00edsio e Bolsonaro na Papudinha pode ser decisivo para candidatura de Fl\u00e1vio"},"content":{"rendered":"<p>O encontro entre o ministro Tarc\u00edsio de Freitas e o ex-presidente Jair Bolsonaro, marcado para esta quinta-feira (29) no pres\u00eddio da Papudinha, em Bras\u00edlia, pode ter impacto direto na candidatura de Fl\u00e1vio Bolsonaro ao Senado em 2026. Segundo analistas pol\u00edticos, a visita antecipada pode sinalizar articula\u00e7\u00f5es internas entre aliados e refor\u00e7ar estrat\u00e9gias eleitorais dentro do grupo pol\u00edtico liderado por Bolsonaro \u2014 especialmente em um ano em que a corrida por vagas no Congresso tende a ser bastante disputada.<\/p>\n<p>De acordo com assessores, o encontro n\u00e3o ser\u00e1 apenas uma visita pessoal, mas tamb\u00e9m uma oportunidade para alinhar caminhos estrat\u00e9gicos e pol\u00edticas de campanha que poder\u00e3o influenciar o desempenho eleitoral de aliados, incluindo o pr\u00f3prio Fl\u00e1vio no estado do Rio de Janeiro. A presen\u00e7a de Tarc\u00edsio, figura de peso dentro do cen\u00e1rio pol\u00edtico nacional, \u00e9 vista como um gesto de apoio que pode fortalecer la\u00e7os e consolidar apoios entre grupos que compartilham a mesma base eleitoral.<\/p>\n<p>Especialistas destacam que a articula\u00e7\u00e3o de lideran\u00e7as pol\u00edticas em momentos-chave costuma ser importante para ajustar posi\u00e7\u00f5es, alian\u00e7as e planos de campanha \u2014 especialmente quando envolve nomes com grande express\u00e3o eleitoral. A visita pode, portanto, ser interpretada por setores do campo pol\u00edtico como um movimento estrat\u00e9gico para refor\u00e7ar a imagem de uni\u00e3o em torno da candidatura de Fl\u00e1vio Bolsonaro e seu projeto pol\u00edtico para 2026.<\/p>\n<p>Embora autoridades diretamente ligadas aos envolvidos n\u00e3o tenham divulgado detalhes oficiais sobre o teor das conversas, a expectativa \u00e9 de que o encontro seja acompanhado de perto por setores da m\u00eddia e por integrantes das equipes de campanha que atuam nos bastidores das elei\u00e7\u00f5es. Analistas ressaltam ainda que a repercuss\u00e3o pol\u00edtica desse tipo de encontro pode influenciar percep\u00e7\u00f5es de eleitores e lideran\u00e7as de partidos aliados ao longo das pr\u00f3ximas semanas.<\/p>\n<p>Foto: Pablo Jacob \/Governo do Estado de SP | Jefferson Rudy\/Ag\u00eancia Senado<br \/>\nFonte: BNews<\/p>\n","protected":false},"excerpt":{"rendered":"<p>O encontro entre o ministro Tarc\u00edsio de Freitas e o ex-presidente Jair Bolsonaro, marcado para esta quinta-feira (29) no pres\u00eddio<\/p>\n","protected":false},"author":4,"featured_media":19915,"comment_status":"open","ping_status":"open","sticky":false,"template":"","format":"standard","meta":{"colormag_page_container_layout":"default_layout","colormag_page_sidebar_layout":"default_layout","_FSMCFIC_featured_image_caption":"","_FSMCFIC_featured_image_nocaption":"","_FSMCFIC_featured_image_hide":"","footnotes":""},"categories":[5,1],"tags":[],"class_list":["post-19914","post","type-post","status-publish","format-standard","has-post-thumbnail","hentry","category-politica","category-ultimas"],"yoast_head":"<!-- This site is optimized with the Yoast SEO plugin v27.1.1 - https:\/\/yoast.com\/product\/yoast-seo-wordpress\/ -->\n<title>Encontro entre Tarc\u00edsio e Bolsonaro na Papudinha pode ser decisivo para candidatura de Fl\u00e1vio - Brasil not\u00edcias<\/title>\n<meta name=\"robots\" content=\"index, follow, max-snippet:-1, max-image-preview:large, max-video-preview:-1\" \/>\n<link rel=\"canonical\" href=\"https:\/\/brasilnoticias.org\/site\/encontro-entre-tarcisio-e-bolsonaro-na-papudinha-pode-ser-decisivo-para-candidatura-de-flavio\/\" \/>\n<meta property=\"og:locale\" content=\"pt_PT\" \/>\n<meta property=\"og:type\" content=\"article\" \/>\n<meta property=\"og:title\" content=\"Encontro entre Tarc\u00edsio e Bolsonaro na Papudinha pode ser decisivo para candidatura de Fl\u00e1vio - Brasil not\u00edcias\" \/>\n<meta property=\"og:description\" content=\"O encontro entre o ministro Tarc\u00edsio de Freitas e o ex-presidente Jair Bolsonaro, marcado para esta quinta-feira (29) no pres\u00eddio\" \/>\n<meta property=\"og:url\" content=\"https:\/\/brasilnoticias.org\/site\/encontro-entre-tarcisio-e-bolsonaro-na-papudinha-pode-ser-decisivo-para-candidatura-de-flavio\/\" \/>\n<meta property=\"og:site_name\" content=\"Brasil not\u00edcias\" \/>\n<meta property=\"article:published_time\" content=\"2026-01-29T11:08:00+00:00\" \/>\n<meta property=\"og:image\" content=\"https:\/\/brasilnoticias.org\/site\/wp-content\/uploads\/2026\/01\/capturar_c4qeyqdj_widelg.jpg\" \/>\n\t<meta property=\"og:image:width\" content=\"800\" \/>\n\t<meta property=\"og:image:height\" content=\"450\" \/>\n\t<meta property=\"og:image:type\" content=\"image\/jpeg\" \/>\n<meta name=\"author\" content=\"Reda\u00e7\u00e3o\" \/>\n<meta name=\"twitter:card\" content=\"summary_large_image\" \/>\n<meta name=\"twitter:label1\" content=\"Escrito por\" \/>\n\t<meta name=\"twitter:data1\" content=\"Reda\u00e7\u00e3o\" \/>\n\t<meta name=\"twitter:label2\" content=\"Tempo estimado de leitura\" \/>\n\t<meta name=\"twitter:data2\" content=\"1 minuto\" \/>\n<script type=\"application\/ld+json\" class=\"yoast-schema-graph\">{\"@context\":\"https:\/\/schema.org\",\"@graph\":[{\"@type\":\"Article\",\"@id\":\"https:\/\/brasilnoticias.org\/site\/encontro-entre-tarcisio-e-bolsonaro-na-papudinha-pode-ser-decisivo-para-candidatura-de-flavio\/#article\",\"isPartOf\":{\"@id\":\"https:\/\/brasilnoticias.org\/site\/encontro-entre-tarcisio-e-bolsonaro-na-papudinha-pode-ser-decisivo-para-candidatura-de-flavio\/\"},\"author\":{\"name\":\"Reda\u00e7\u00e3o\",\"@id\":\"https:\/\/brasilnoticias.org\/site\/#\/schema\/person\/03bbbfe6c7634ad18c26444ea39049fa\"},\"headline\":\"Encontro entre Tarc\u00edsio e Bolsonaro na Papudinha pode ser decisivo para candidatura de Fl\u00e1vio\",\"datePublished\":\"2026-01-29T11:08:00+00:00\",\"mainEntityOfPage\":{\"@id\":\"https:\/\/brasilnoticias.org\/site\/encontro-entre-tarcisio-e-bolsonaro-na-papudinha-pode-ser-decisivo-para-candidatura-de-flavio\/\"},\"wordCount\":353,\"commentCount\":0,\"publisher\":{\"@id\":\"https:\/\/brasilnoticias.org\/site\/#organization\"},\"image\":{\"@id\":\"https:\/\/brasilnoticias.org\/site\/encontro-entre-tarcisio-e-bolsonaro-na-papudinha-pode-ser-decisivo-para-candidatura-de-flavio\/#primaryimage\"},\"thumbnailUrl\":\"https:\/\/brasilnoticias.org\/site\/wp-content\/uploads\/2026\/01\/capturar_c4qeyqdj_widelg.jpg\",\"articleSection\":[\"Pol\u00edtica\",\"\u00daltimas\"],\"inLanguage\":\"pt-PT\",\"potentialAction\":[{\"@type\":\"CommentAction\",\"name\":\"Comment\",\"target\":[\"https:\/\/brasilnoticias.org\/site\/encontro-entre-tarcisio-e-bolsonaro-na-papudinha-pode-ser-decisivo-para-candidatura-de-flavio\/#respond\"]}]},{\"@type\":\"WebPage\",\"@id\":\"https:\/\/brasilnoticias.org\/site\/encontro-entre-tarcisio-e-bolsonaro-na-papudinha-pode-ser-decisivo-para-candidatura-de-flavio\/\",\"url\":\"https:\/\/brasilnoticias.org\/site\/encontro-entre-tarcisio-e-bolsonaro-na-papudinha-pode-ser-decisivo-para-candidatura-de-flavio\/\",\"name\":\"Encontro entre Tarc\u00edsio e Bolsonaro na Papudinha pode ser decisivo para candidatura de Fl\u00e1vio - Brasil not\u00edcias\",\"isPartOf\":{\"@id\":\"https:\/\/brasilnoticias.org\/site\/#website\"},\"primaryImageOfPage\":{\"@id\":\"https:\/\/brasilnoticias.org\/site\/encontro-entre-tarcisio-e-bolsonaro-na-papudinha-pode-ser-decisivo-para-candidatura-de-flavio\/#primaryimage\"},\"image\":{\"@id\":\"https:\/\/brasilnoticias.org\/site\/encontro-entre-tarcisio-e-bolsonaro-na-papudinha-pode-ser-decisivo-para-candidatura-de-flavio\/#primaryimage\"},\"thumbnailUrl\":\"https:\/\/brasilnoticias.org\/site\/wp-content\/uploads\/2026\/01\/capturar_c4qeyqdj_widelg.jpg\",\"datePublished\":\"2026-01-29T11:08:00+00:00\",\"breadcrumb\":{\"@id\":\"https:\/\/brasilnoticias.org\/site\/encontro-entre-tarcisio-e-bolsonaro-na-papudinha-pode-ser-decisivo-para-candidatura-de-flavio\/#breadcrumb\"},\"inLanguage\":\"pt-PT\",\"potentialAction\":[{\"@type\":\"ReadAction\",\"target\":[\"https:\/\/brasilnoticias.org\/site\/encontro-entre-tarcisio-e-bolsonaro-na-papudinha-pode-ser-decisivo-para-candidatura-de-flavio\/\"]}]},{\"@type\":\"ImageObject\",\"inLanguage\":\"pt-PT\",\"@id\":\"https:\/\/brasilnoticias.org\/site\/encontro-entre-tarcisio-e-bolsonaro-na-papudinha-pode-ser-decisivo-para-candidatura-de-flavio\/#primaryimage\",\"url\":\"https:\/\/brasilnoticias.org\/site\/wp-content\/uploads\/2026\/01\/capturar_c4qeyqdj_widelg.jpg\",\"contentUrl\":\"https:\/\/brasilnoticias.org\/site\/wp-content\/uploads\/2026\/01\/capturar_c4qeyqdj_widelg.jpg\",\"width\":800,\"height\":450},{\"@type\":\"BreadcrumbList\",\"@id\":\"https:\/\/brasilnoticias.org\/site\/encontro-entre-tarcisio-e-bolsonaro-na-papudinha-pode-ser-decisivo-para-candidatura-de-flavio\/#breadcrumb\",\"itemListElement\":[{\"@type\":\"ListItem\",\"position\":1,\"name\":\"In\u00edcio\",\"item\":\"https:\/\/brasilnoticias.org\/site\/\"},{\"@type\":\"ListItem\",\"position\":2,\"name\":\"Encontro entre Tarc\u00edsio e Bolsonaro na Papudinha pode ser decisivo para candidatura de Fl\u00e1vio\"}]},{\"@type\":\"WebSite\",\"@id\":\"https:\/\/brasilnoticias.org\/site\/#website\",\"url\":\"https:\/\/brasilnoticias.org\/site\/\",\"name\":\"Brasil not\u00edcias\",\"description\":\"Brasil not\u00edcias\",\"publisher\":{\"@id\":\"https:\/\/brasilnoticias.org\/site\/#organization\"},\"potentialAction\":[{\"@type\":\"SearchAction\",\"target\":{\"@type\":\"EntryPoint\",\"urlTemplate\":\"https:\/\/brasilnoticias.org\/site\/?s={search_term_string}\"},\"query-input\":{\"@type\":\"PropertyValueSpecification\",\"valueRequired\":true,\"valueName\":\"search_term_string\"}}],\"inLanguage\":\"pt-PT\"},{\"@type\":\"Organization\",\"@id\":\"https:\/\/brasilnoticias.org\/site\/#organization\",\"name\":\"Brasil not\u00edcias\",\"url\":\"https:\/\/brasilnoticias.org\/site\/\",\"logo\":{\"@type\":\"ImageObject\",\"inLanguage\":\"pt-PT\",\"@id\":\"https:\/\/brasilnoticias.org\/site\/#\/schema\/logo\/image\/\",\"url\":\"https:\/\/brasilnoticias.org\/site\/wp-content\/uploads\/2022\/05\/cropped-brasilnoticias-mini.jpg\",\"contentUrl\":\"https:\/\/brasilnoticias.org\/site\/wp-content\/uploads\/2022\/05\/cropped-brasilnoticias-mini.jpg\",\"width\":314,\"height\":86,\"caption\":\"Brasil not\u00edcias\"},\"image\":{\"@id\":\"https:\/\/brasilnoticias.org\/site\/#\/schema\/logo\/image\/\"}},{\"@type\":\"Person\",\"@id\":\"https:\/\/brasilnoticias.org\/site\/#\/schema\/person\/03bbbfe6c7634ad18c26444ea39049fa\",\"name\":\"Reda\u00e7\u00e3o\",\"image\":{\"@type\":\"ImageObject\",\"inLanguage\":\"pt-PT\",\"@id\":\"https:\/\/brasilnoticias.org\/site\/#\/schema\/person\/image\/\",\"url\":\"https:\/\/secure.gravatar.com\/avatar\/9ecaf7327a696cb23ad926fedded5f1f04d7049de9e445375d55b48c001a6e42?s=96&d=mm&r=g\",\"contentUrl\":\"https:\/\/secure.gravatar.com\/avatar\/9ecaf7327a696cb23ad926fedded5f1f04d7049de9e445375d55b48c001a6e42?s=96&d=mm&r=g\",\"caption\":\"Reda\u00e7\u00e3o\"},\"url\":\"https:\/\/brasilnoticias.org\/site\/author\/henrique\/\"}]}<\/script>\n<!-- \/ Yoast SEO plugin. -->","yoast_head_json":{"title":"Encontro entre Tarc\u00edsio e Bolsonaro na Papudinha pode ser decisivo para candidatura de Fl\u00e1vio - Brasil not\u00edcias","robots":{"index":"index","follow":"follow","max-snippet":"max-snippet:-1","max-image-preview":"max-image-preview:large","max-video-preview":"max-video-preview:-1"},"canonical":"https:\/\/brasilnoticias.org\/site\/encontro-entre-tarcisio-e-bolsonaro-na-papudinha-pode-ser-decisivo-para-candidatura-de-flavio\/","og_locale":"pt_PT","og_type":"article","og_title":"Encontro entre Tarc\u00edsio e Bolsonaro na Papudinha pode ser decisivo para candidatura de Fl\u00e1vio - Brasil not\u00edcias","og_description":"O encontro entre o ministro Tarc\u00edsio de Freitas e o ex-presidente Jair Bolsonaro, marcado para esta quinta-feira (29) no pres\u00eddio","og_url":"https:\/\/brasilnoticias.org\/site\/encontro-entre-tarcisio-e-bolsonaro-na-papudinha-pode-ser-decisivo-para-candidatura-de-flavio\/","og_site_name":"Brasil not\u00edcias","article_published_time":"2026-01-29T11:08:00+00:00","og_image":[{"width":800,"height":450,"url":"https:\/\/brasilnoticias.org\/site\/wp-content\/uploads\/2026\/01\/capturar_c4qeyqdj_widelg.jpg","type":"image\/jpeg"}],"author":"Reda\u00e7\u00e3o","twitter_card":"summary_large_image","twitter_misc":{"Escrito por":"Reda\u00e7\u00e3o","Tempo estimado de leitura":"1 minuto"},"schema":{"@context":"https:\/\/schema.org","@graph":[{"@type":"Article","@id":"https:\/\/brasilnoticias.org\/site\/encontro-entre-tarcisio-e-bolsonaro-na-papudinha-pode-ser-decisivo-para-candidatura-de-flavio\/#article","isPartOf":{"@id":"https:\/\/brasilnoticias.org\/site\/encontro-entre-tarcisio-e-bolsonaro-na-papudinha-pode-ser-decisivo-para-candidatura-de-flavio\/"},"author":{"name":"Reda\u00e7\u00e3o","@id":"https:\/\/brasilnoticias.org\/site\/#\/schema\/person\/03bbbfe6c7634ad18c26444ea39049fa"},"headline":"Encontro entre Tarc\u00edsio e Bolsonaro na Papudinha pode ser decisivo para candidatura de Fl\u00e1vio","datePublished":"2026-01-29T11:08:00+00:00","mainEntityOfPage":{"@id":"https:\/\/brasilnoticias.org\/site\/encontro-entre-tarcisio-e-bolsonaro-na-papudinha-pode-ser-decisivo-para-candidatura-de-flavio\/"},"wordCount":353,"commentCount":0,"publisher":{"@id":"https:\/\/brasilnoticias.org\/site\/#organization"},"image":{"@id":"https:\/\/brasilnoticias.org\/site\/encontro-entre-tarcisio-e-bolsonaro-na-papudinha-pode-ser-decisivo-para-candidatura-de-flavio\/#primaryimage"},"thumbnailUrl":"https:\/\/brasilnoticias.org\/site\/wp-content\/uploads\/2026\/01\/capturar_c4qeyqdj_widelg.jpg","articleSection":["Pol\u00edtica","\u00daltimas"],"inLanguage":"pt-PT","potentialAction":[{"@type":"CommentAction","name":"Comment","target":["https:\/\/brasilnoticias.org\/site\/encontro-entre-tarcisio-e-bolsonaro-na-papudinha-pode-ser-decisivo-para-candidatura-de-flavio\/#respond"]}]},{"@type":"WebPage","@id":"https:\/\/brasilnoticias.org\/site\/encontro-entre-tarcisio-e-bolsonaro-na-papudinha-pode-ser-decisivo-para-candidatura-de-flavio\/","url":"https:\/\/brasilnoticias.org\/site\/encontro-entre-tarcisio-e-bolsonaro-na-papudinha-pode-ser-decisivo-para-candidatura-de-flavio\/","name":"Encontro entre Tarc\u00edsio e Bolsonaro na Papudinha pode ser decisivo para candidatura de Fl\u00e1vio - Brasil not\u00edcias","isPartOf":{"@id":"https:\/\/brasilnoticias.org\/site\/#website"},"primaryImageOfPage":{"@id":"https:\/\/brasilnoticias.org\/site\/encontro-entre-tarcisio-e-bolsonaro-na-papudinha-pode-ser-decisivo-para-candidatura-de-flavio\/#primaryimage"},"image":{"@id":"https:\/\/brasilnoticias.org\/site\/encontro-entre-tarcisio-e-bolsonaro-na-papudinha-pode-ser-decisivo-para-candidatura-de-flavio\/#primaryimage"},"thumbnailUrl":"https:\/\/brasilnoticias.org\/site\/wp-content\/uploads\/2026\/01\/capturar_c4qeyqdj_widelg.jpg","datePublished":"2026-01-29T11:08:00+00:00","breadcrumb":{"@id":"https:\/\/brasilnoticias.org\/site\/encontro-entre-tarcisio-e-bolsonaro-na-papudinha-pode-ser-decisivo-para-candidatura-de-flavio\/#breadcrumb"},"inLanguage":"pt-PT","potentialAction":[{"@type":"ReadAction","target":["https:\/\/brasilnoticias.org\/site\/encontro-entre-tarcisio-e-bolsonaro-na-papudinha-pode-ser-decisivo-para-candidatura-de-flavio\/"]}]},{"@type":"ImageObject","inLanguage":"pt-PT","@id":"https:\/\/brasilnoticias.org\/site\/encontro-entre-tarcisio-e-bolsonaro-na-papudinha-pode-ser-decisivo-para-candidatura-de-flavio\/#primaryimage","url":"https:\/\/brasilnoticias.org\/site\/wp-content\/uploads\/2026\/01\/capturar_c4qeyqdj_widelg.jpg","contentUrl":"https:\/\/brasilnoticias.org\/site\/wp-content\/uploads\/2026\/01\/capturar_c4qeyqdj_widelg.jpg","width":800,"height":450},{"@type":"BreadcrumbList","@id":"https:\/\/brasilnoticias.org\/site\/encontro-entre-tarcisio-e-bolsonaro-na-papudinha-pode-ser-decisivo-para-candidatura-de-flavio\/#breadcrumb","itemListElement":[{"@type":"ListItem","position":1,"name":"In\u00edcio","item":"https:\/\/brasilnoticias.org\/site\/"},{"@type":"ListItem","position":2,"name":"Encontro entre Tarc\u00edsio e Bolsonaro na Papudinha pode ser decisivo para candidatura de Fl\u00e1vio"}]},{"@type":"WebSite","@id":"https:\/\/brasilnoticias.org\/site\/#website","url":"https:\/\/brasilnoticias.org\/site\/","name":"Brasil not\u00edcias","description":"Brasil not\u00edcias","publisher":{"@id":"https:\/\/brasilnoticias.org\/site\/#organization"},"potentialAction":[{"@type":"SearchAction","target":{"@type":"EntryPoint","urlTemplate":"https:\/\/brasilnoticias.org\/site\/?s={search_term_string}"},"query-input":{"@type":"PropertyValueSpecification","valueRequired":true,"valueName":"search_term_string"}}],"inLanguage":"pt-PT"},{"@type":"Organization","@id":"https:\/\/brasilnoticias.org\/site\/#organization","name":"Brasil not\u00edcias","url":"https:\/\/brasilnoticias.org\/site\/","logo":{"@type":"ImageObject","inLanguage":"pt-PT","@id":"https:\/\/brasilnoticias.org\/site\/#\/schema\/logo\/image\/","url":"https:\/\/brasilnoticias.org\/site\/wp-content\/uploads\/2022\/05\/cropped-brasilnoticias-mini.jpg","contentUrl":"https:\/\/brasilnoticias.org\/site\/wp-content\/uploads\/2022\/05\/cropped-brasilnoticias-mini.jpg","width":314,"height":86,"caption":"Brasil not\u00edcias"},"image":{"@id":"https:\/\/brasilnoticias.org\/site\/#\/schema\/logo\/image\/"}},{"@type":"Person","@id":"https:\/\/brasilnoticias.org\/site\/#\/schema\/person\/03bbbfe6c7634ad18c26444ea39049fa","name":"Reda\u00e7\u00e3o","image":{"@type":"ImageObject","inLanguage":"pt-PT","@id":"https:\/\/brasilnoticias.org\/site\/#\/schema\/person\/image\/","url":"https:\/\/secure.gravatar.com\/avatar\/9ecaf7327a696cb23ad926fedded5f1f04d7049de9e445375d55b48c001a6e42?s=96&d=mm&r=g","contentUrl":"https:\/\/secure.gravatar.com\/avatar\/9ecaf7327a696cb23ad926fedded5f1f04d7049de9e445375d55b48c001a6e42?s=96&d=mm&r=g","caption":"Reda\u00e7\u00e3o"},"url":"https:\/\/brasilnoticias.org\/site\/author\/henrique\/"}]}},"_links":{"self":[{"href":"https:\/\/brasilnoticias.org\/site\/wp-json\/wp\/v2\/posts\/19914","targetHints":{"allow":["GET"]}}],"collection":[{"href":"https:\/\/brasilnoticias.org\/site\/wp-json\/wp\/v2\/posts"}],"about":[{"href":"https:\/\/brasilnoticias.org\/site\/wp-json\/wp\/v2\/types\/post"}],"author":[{"embeddable":true,"href":"https:\/\/brasilnoticias.org\/site\/wp-json\/wp\/v2\/users\/4"}],"replies":[{"embeddable":true,"href":"https:\/\/brasilnoticias.org\/site\/wp-json\/wp\/v2\/comments?post=19914"}],"version-history":[{"count":1,"href":"https:\/\/brasilnoticias.org\/site\/wp-json\/wp\/v2\/posts\/19914\/revisions"}],"predecessor-version":[{"id":19916,"href":"https:\/\/brasilnoticias.org\/site\/wp-json\/wp\/v2\/posts\/19914\/revisions\/19916"}],"wp:featuredmedia":[{"embeddable":true,"href":"https:\/\/brasilnoticias.org\/site\/wp-json\/wp\/v2\/media\/19915"}],"wp:attachment":[{"href":"https:\/\/brasilnoticias.org\/site\/wp-json\/wp\/v2\/media?parent=19914"}],"wp:term":[{"taxonomy":"category","embeddable":true,"href":"https:\/\/brasilnoticias.org\/site\/wp-json\/wp\/v2\/categories?post=19914"},{"taxonomy":"post_tag","embeddable":true,"href":"https:\/\/brasilnoticias.org\/site\/wp-json\/wp\/v2\/tags?post=19914"}],"curies":[{"name":"wp","href":"https:\/\/api.w.org\/{rel}","templated":true}]}}