{"id":19944,"date":"2026-01-30T08:27:36","date_gmt":"2026-01-30T11:27:36","guid":{"rendered":"https:\/\/brasilnoticias.org\/site\/?p=19944"},"modified":"2026-01-30T08:27:36","modified_gmt":"2026-01-30T11:27:36","slug":"angelo-coronel-fala-sobre-relacao-com-otto-e-futuro-na-chapa-de-jeronimo","status":"publish","type":"post","link":"https:\/\/brasilnoticias.org\/site\/angelo-coronel-fala-sobre-relacao-com-otto-e-futuro-na-chapa-de-jeronimo\/","title":{"rendered":"\u00c2ngelo Coronel fala sobre rela\u00e7\u00e3o com Otto e futuro na chapa de Jer\u00f4nimo"},"content":{"rendered":"<p>O senador \u00c2ngelo Coronel comentou sobre sua rela\u00e7\u00e3o pol\u00edtica com Otto Alencar e abordou as especula\u00e7\u00f5es em torno de seu futuro na chapa do governador Jer\u00f4nimo Rodrigues para as elei\u00e7\u00f5es de 2026. Em entrevista, Coronel afirmou que o di\u00e1logo segue aberto, mas destacou que decis\u00f5es eleitorais ser\u00e3o tomadas no momento adequado.<\/p>\n<p>O senador ressaltou sua trajet\u00f3ria pol\u00edtica e afirmou que continua comprometido com o grupo pol\u00edtico ao qual pertence, mas n\u00e3o descartou discuss\u00f5es futuras sobre o formato da chapa majorit\u00e1ria.<\/p>\n<p>Foto: Andressa Anholete | Ag\u00eancia Senado<br \/>\nFonte: BNews<\/p>\n","protected":false},"excerpt":{"rendered":"<p>O senador \u00c2ngelo Coronel comentou sobre sua rela\u00e7\u00e3o pol\u00edtica com Otto Alencar e abordou as especula\u00e7\u00f5es em torno de seu<\/p>\n","protected":false},"author":4,"featured_media":19945,"comment_status":"open","ping_status":"open","sticky":false,"template":"","format":"standard","meta":{"colormag_page_container_layout":"default_layout","colormag_page_sidebar_layout":"default_layout","_FSMCFIC_featured_image_caption":"","_FSMCFIC_featured_image_nocaption":"","_FSMCFIC_featured_image_hide":"","footnotes":""},"categories":[5,1],"tags":[],"class_list":["post-19944","post","type-post","status-publish","format-standard","has-post-thumbnail","hentry","category-politica","category-ultimas"],"yoast_head":"<!-- This site is optimized with the Yoast SEO plugin v27.1.1 - https:\/\/yoast.com\/product\/yoast-seo-wordpress\/ -->\n<title>\u00c2ngelo Coronel fala sobre rela\u00e7\u00e3o com Otto e futuro na chapa de Jer\u00f4nimo - Brasil not\u00edcias<\/title>\n<meta name=\"robots\" content=\"index, follow, max-snippet:-1, max-image-preview:large, max-video-preview:-1\" \/>\n<link rel=\"canonical\" href=\"https:\/\/brasilnoticias.org\/site\/angelo-coronel-fala-sobre-relacao-com-otto-e-futuro-na-chapa-de-jeronimo\/\" \/>\n<meta property=\"og:locale\" content=\"pt_PT\" \/>\n<meta property=\"og:type\" content=\"article\" \/>\n<meta property=\"og:title\" content=\"\u00c2ngelo Coronel fala sobre rela\u00e7\u00e3o com Otto e futuro na chapa de Jer\u00f4nimo - Brasil not\u00edcias\" \/>\n<meta property=\"og:description\" content=\"O senador \u00c2ngelo Coronel comentou sobre sua rela\u00e7\u00e3o pol\u00edtica com Otto Alencar e abordou as especula\u00e7\u00f5es em torno de seu\" \/>\n<meta property=\"og:url\" content=\"https:\/\/brasilnoticias.org\/site\/angelo-coronel-fala-sobre-relacao-com-otto-e-futuro-na-chapa-de-jeronimo\/\" \/>\n<meta property=\"og:site_name\" content=\"Brasil not\u00edcias\" \/>\n<meta property=\"article:published_time\" content=\"2026-01-30T11:27:36+00:00\" \/>\n<meta property=\"og:image\" content=\"https:\/\/brasilnoticias.org\/site\/wp-content\/uploads\/2026\/01\/Oposicao-mira-Angelo-Coronel-para-2026-senador-res0137308600202512192147-ScaleDownProportional.webp\" \/>\n\t<meta property=\"og:image:width\" content=\"1080\" \/>\n\t<meta property=\"og:image:height\" content=\"720\" \/>\n\t<meta property=\"og:image:type\" content=\"image\/webp\" \/>\n<meta name=\"author\" content=\"Reda\u00e7\u00e3o\" \/>\n<meta name=\"twitter:card\" content=\"summary_large_image\" \/>\n<meta name=\"twitter:label1\" content=\"Escrito por\" \/>\n\t<meta name=\"twitter:data1\" content=\"Reda\u00e7\u00e3o\" \/>\n\t<meta name=\"twitter:label2\" content=\"Tempo estimado de leitura\" \/>\n\t<meta name=\"twitter:data2\" content=\"1 minuto\" \/>\n<script type=\"application\/ld+json\" class=\"yoast-schema-graph\">{\"@context\":\"https:\/\/schema.org\",\"@graph\":[{\"@type\":\"Article\",\"@id\":\"https:\/\/brasilnoticias.org\/site\/angelo-coronel-fala-sobre-relacao-com-otto-e-futuro-na-chapa-de-jeronimo\/#article\",\"isPartOf\":{\"@id\":\"https:\/\/brasilnoticias.org\/site\/angelo-coronel-fala-sobre-relacao-com-otto-e-futuro-na-chapa-de-jeronimo\/\"},\"author\":{\"name\":\"Reda\u00e7\u00e3o\",\"@id\":\"https:\/\/brasilnoticias.org\/site\/#\/schema\/person\/03bbbfe6c7634ad18c26444ea39049fa\"},\"headline\":\"\u00c2ngelo Coronel fala sobre rela\u00e7\u00e3o com Otto e futuro na chapa de Jer\u00f4nimo\",\"datePublished\":\"2026-01-30T11:27:36+00:00\",\"mainEntityOfPage\":{\"@id\":\"https:\/\/brasilnoticias.org\/site\/angelo-coronel-fala-sobre-relacao-com-otto-e-futuro-na-chapa-de-jeronimo\/\"},\"wordCount\":116,\"commentCount\":0,\"publisher\":{\"@id\":\"https:\/\/brasilnoticias.org\/site\/#organization\"},\"image\":{\"@id\":\"https:\/\/brasilnoticias.org\/site\/angelo-coronel-fala-sobre-relacao-com-otto-e-futuro-na-chapa-de-jeronimo\/#primaryimage\"},\"thumbnailUrl\":\"https:\/\/brasilnoticias.org\/site\/wp-content\/uploads\/2026\/01\/Oposicao-mira-Angelo-Coronel-para-2026-senador-res0137308600202512192147-ScaleDownProportional.webp\",\"articleSection\":[\"Pol\u00edtica\",\"\u00daltimas\"],\"inLanguage\":\"pt-PT\",\"potentialAction\":[{\"@type\":\"CommentAction\",\"name\":\"Comment\",\"target\":[\"https:\/\/brasilnoticias.org\/site\/angelo-coronel-fala-sobre-relacao-com-otto-e-futuro-na-chapa-de-jeronimo\/#respond\"]}]},{\"@type\":\"WebPage\",\"@id\":\"https:\/\/brasilnoticias.org\/site\/angelo-coronel-fala-sobre-relacao-com-otto-e-futuro-na-chapa-de-jeronimo\/\",\"url\":\"https:\/\/brasilnoticias.org\/site\/angelo-coronel-fala-sobre-relacao-com-otto-e-futuro-na-chapa-de-jeronimo\/\",\"name\":\"\u00c2ngelo Coronel fala sobre rela\u00e7\u00e3o com Otto e futuro na chapa de Jer\u00f4nimo - Brasil not\u00edcias\",\"isPartOf\":{\"@id\":\"https:\/\/brasilnoticias.org\/site\/#website\"},\"primaryImageOfPage\":{\"@id\":\"https:\/\/brasilnoticias.org\/site\/angelo-coronel-fala-sobre-relacao-com-otto-e-futuro-na-chapa-de-jeronimo\/#primaryimage\"},\"image\":{\"@id\":\"https:\/\/brasilnoticias.org\/site\/angelo-coronel-fala-sobre-relacao-com-otto-e-futuro-na-chapa-de-jeronimo\/#primaryimage\"},\"thumbnailUrl\":\"https:\/\/brasilnoticias.org\/site\/wp-content\/uploads\/2026\/01\/Oposicao-mira-Angelo-Coronel-para-2026-senador-res0137308600202512192147-ScaleDownProportional.webp\",\"datePublished\":\"2026-01-30T11:27:36+00:00\",\"breadcrumb\":{\"@id\":\"https:\/\/brasilnoticias.org\/site\/angelo-coronel-fala-sobre-relacao-com-otto-e-futuro-na-chapa-de-jeronimo\/#breadcrumb\"},\"inLanguage\":\"pt-PT\",\"potentialAction\":[{\"@type\":\"ReadAction\",\"target\":[\"https:\/\/brasilnoticias.org\/site\/angelo-coronel-fala-sobre-relacao-com-otto-e-futuro-na-chapa-de-jeronimo\/\"]}]},{\"@type\":\"ImageObject\",\"inLanguage\":\"pt-PT\",\"@id\":\"https:\/\/brasilnoticias.org\/site\/angelo-coronel-fala-sobre-relacao-com-otto-e-futuro-na-chapa-de-jeronimo\/#primaryimage\",\"url\":\"https:\/\/brasilnoticias.org\/site\/wp-content\/uploads\/2026\/01\/Oposicao-mira-Angelo-Coronel-para-2026-senador-res0137308600202512192147-ScaleDownProportional.webp\",\"contentUrl\":\"https:\/\/brasilnoticias.org\/site\/wp-content\/uploads\/2026\/01\/Oposicao-mira-Angelo-Coronel-para-2026-senador-res0137308600202512192147-ScaleDownProportional.webp\",\"width\":1080,\"height\":720},{\"@type\":\"BreadcrumbList\",\"@id\":\"https:\/\/brasilnoticias.org\/site\/angelo-coronel-fala-sobre-relacao-com-otto-e-futuro-na-chapa-de-jeronimo\/#breadcrumb\",\"itemListElement\":[{\"@type\":\"ListItem\",\"position\":1,\"name\":\"In\u00edcio\",\"item\":\"https:\/\/brasilnoticias.org\/site\/\"},{\"@type\":\"ListItem\",\"position\":2,\"name\":\"\u00c2ngelo Coronel fala sobre rela\u00e7\u00e3o com Otto e futuro na chapa de Jer\u00f4nimo\"}]},{\"@type\":\"WebSite\",\"@id\":\"https:\/\/brasilnoticias.org\/site\/#website\",\"url\":\"https:\/\/brasilnoticias.org\/site\/\",\"name\":\"Brasil not\u00edcias\",\"description\":\"Brasil not\u00edcias\",\"publisher\":{\"@id\":\"https:\/\/brasilnoticias.org\/site\/#organization\"},\"potentialAction\":[{\"@type\":\"SearchAction\",\"target\":{\"@type\":\"EntryPoint\",\"urlTemplate\":\"https:\/\/brasilnoticias.org\/site\/?s={search_term_string}\"},\"query-input\":{\"@type\":\"PropertyValueSpecification\",\"valueRequired\":true,\"valueName\":\"search_term_string\"}}],\"inLanguage\":\"pt-PT\"},{\"@type\":\"Organization\",\"@id\":\"https:\/\/brasilnoticias.org\/site\/#organization\",\"name\":\"Brasil not\u00edcias\",\"url\":\"https:\/\/brasilnoticias.org\/site\/\",\"logo\":{\"@type\":\"ImageObject\",\"inLanguage\":\"pt-PT\",\"@id\":\"https:\/\/brasilnoticias.org\/site\/#\/schema\/logo\/image\/\",\"url\":\"https:\/\/brasilnoticias.org\/site\/wp-content\/uploads\/2022\/05\/cropped-brasilnoticias-mini.jpg\",\"contentUrl\":\"https:\/\/brasilnoticias.org\/site\/wp-content\/uploads\/2022\/05\/cropped-brasilnoticias-mini.jpg\",\"width\":314,\"height\":86,\"caption\":\"Brasil not\u00edcias\"},\"image\":{\"@id\":\"https:\/\/brasilnoticias.org\/site\/#\/schema\/logo\/image\/\"}},{\"@type\":\"Person\",\"@id\":\"https:\/\/brasilnoticias.org\/site\/#\/schema\/person\/03bbbfe6c7634ad18c26444ea39049fa\",\"name\":\"Reda\u00e7\u00e3o\",\"image\":{\"@type\":\"ImageObject\",\"inLanguage\":\"pt-PT\",\"@id\":\"https:\/\/brasilnoticias.org\/site\/#\/schema\/person\/image\/\",\"url\":\"https:\/\/secure.gravatar.com\/avatar\/9ecaf7327a696cb23ad926fedded5f1f04d7049de9e445375d55b48c001a6e42?s=96&d=mm&r=g\",\"contentUrl\":\"https:\/\/secure.gravatar.com\/avatar\/9ecaf7327a696cb23ad926fedded5f1f04d7049de9e445375d55b48c001a6e42?s=96&d=mm&r=g\",\"caption\":\"Reda\u00e7\u00e3o\"},\"url\":\"https:\/\/brasilnoticias.org\/site\/author\/henrique\/\"}]}<\/script>\n<!-- \/ Yoast SEO plugin. -->","yoast_head_json":{"title":"\u00c2ngelo Coronel fala sobre rela\u00e7\u00e3o com Otto e futuro na chapa de Jer\u00f4nimo - Brasil not\u00edcias","robots":{"index":"index","follow":"follow","max-snippet":"max-snippet:-1","max-image-preview":"max-image-preview:large","max-video-preview":"max-video-preview:-1"},"canonical":"https:\/\/brasilnoticias.org\/site\/angelo-coronel-fala-sobre-relacao-com-otto-e-futuro-na-chapa-de-jeronimo\/","og_locale":"pt_PT","og_type":"article","og_title":"\u00c2ngelo Coronel fala sobre rela\u00e7\u00e3o com Otto e futuro na chapa de Jer\u00f4nimo - Brasil not\u00edcias","og_description":"O senador \u00c2ngelo Coronel comentou sobre sua rela\u00e7\u00e3o pol\u00edtica com Otto Alencar e abordou as especula\u00e7\u00f5es em torno de seu","og_url":"https:\/\/brasilnoticias.org\/site\/angelo-coronel-fala-sobre-relacao-com-otto-e-futuro-na-chapa-de-jeronimo\/","og_site_name":"Brasil not\u00edcias","article_published_time":"2026-01-30T11:27:36+00:00","og_image":[{"width":1080,"height":720,"url":"https:\/\/brasilnoticias.org\/site\/wp-content\/uploads\/2026\/01\/Oposicao-mira-Angelo-Coronel-para-2026-senador-res0137308600202512192147-ScaleDownProportional.webp","type":"image\/webp"}],"author":"Reda\u00e7\u00e3o","twitter_card":"summary_large_image","twitter_misc":{"Escrito por":"Reda\u00e7\u00e3o","Tempo estimado de leitura":"1 minuto"},"schema":{"@context":"https:\/\/schema.org","@graph":[{"@type":"Article","@id":"https:\/\/brasilnoticias.org\/site\/angelo-coronel-fala-sobre-relacao-com-otto-e-futuro-na-chapa-de-jeronimo\/#article","isPartOf":{"@id":"https:\/\/brasilnoticias.org\/site\/angelo-coronel-fala-sobre-relacao-com-otto-e-futuro-na-chapa-de-jeronimo\/"},"author":{"name":"Reda\u00e7\u00e3o","@id":"https:\/\/brasilnoticias.org\/site\/#\/schema\/person\/03bbbfe6c7634ad18c26444ea39049fa"},"headline":"\u00c2ngelo Coronel fala sobre rela\u00e7\u00e3o com Otto e futuro na chapa de Jer\u00f4nimo","datePublished":"2026-01-30T11:27:36+00:00","mainEntityOfPage":{"@id":"https:\/\/brasilnoticias.org\/site\/angelo-coronel-fala-sobre-relacao-com-otto-e-futuro-na-chapa-de-jeronimo\/"},"wordCount":116,"commentCount":0,"publisher":{"@id":"https:\/\/brasilnoticias.org\/site\/#organization"},"image":{"@id":"https:\/\/brasilnoticias.org\/site\/angelo-coronel-fala-sobre-relacao-com-otto-e-futuro-na-chapa-de-jeronimo\/#primaryimage"},"thumbnailUrl":"https:\/\/brasilnoticias.org\/site\/wp-content\/uploads\/2026\/01\/Oposicao-mira-Angelo-Coronel-para-2026-senador-res0137308600202512192147-ScaleDownProportional.webp","articleSection":["Pol\u00edtica","\u00daltimas"],"inLanguage":"pt-PT","potentialAction":[{"@type":"CommentAction","name":"Comment","target":["https:\/\/brasilnoticias.org\/site\/angelo-coronel-fala-sobre-relacao-com-otto-e-futuro-na-chapa-de-jeronimo\/#respond"]}]},{"@type":"WebPage","@id":"https:\/\/brasilnoticias.org\/site\/angelo-coronel-fala-sobre-relacao-com-otto-e-futuro-na-chapa-de-jeronimo\/","url":"https:\/\/brasilnoticias.org\/site\/angelo-coronel-fala-sobre-relacao-com-otto-e-futuro-na-chapa-de-jeronimo\/","name":"\u00c2ngelo Coronel fala sobre rela\u00e7\u00e3o com Otto e futuro na chapa de Jer\u00f4nimo - Brasil not\u00edcias","isPartOf":{"@id":"https:\/\/brasilnoticias.org\/site\/#website"},"primaryImageOfPage":{"@id":"https:\/\/brasilnoticias.org\/site\/angelo-coronel-fala-sobre-relacao-com-otto-e-futuro-na-chapa-de-jeronimo\/#primaryimage"},"image":{"@id":"https:\/\/brasilnoticias.org\/site\/angelo-coronel-fala-sobre-relacao-com-otto-e-futuro-na-chapa-de-jeronimo\/#primaryimage"},"thumbnailUrl":"https:\/\/brasilnoticias.org\/site\/wp-content\/uploads\/2026\/01\/Oposicao-mira-Angelo-Coronel-para-2026-senador-res0137308600202512192147-ScaleDownProportional.webp","datePublished":"2026-01-30T11:27:36+00:00","breadcrumb":{"@id":"https:\/\/brasilnoticias.org\/site\/angelo-coronel-fala-sobre-relacao-com-otto-e-futuro-na-chapa-de-jeronimo\/#breadcrumb"},"inLanguage":"pt-PT","potentialAction":[{"@type":"ReadAction","target":["https:\/\/brasilnoticias.org\/site\/angelo-coronel-fala-sobre-relacao-com-otto-e-futuro-na-chapa-de-jeronimo\/"]}]},{"@type":"ImageObject","inLanguage":"pt-PT","@id":"https:\/\/brasilnoticias.org\/site\/angelo-coronel-fala-sobre-relacao-com-otto-e-futuro-na-chapa-de-jeronimo\/#primaryimage","url":"https:\/\/brasilnoticias.org\/site\/wp-content\/uploads\/2026\/01\/Oposicao-mira-Angelo-Coronel-para-2026-senador-res0137308600202512192147-ScaleDownProportional.webp","contentUrl":"https:\/\/brasilnoticias.org\/site\/wp-content\/uploads\/2026\/01\/Oposicao-mira-Angelo-Coronel-para-2026-senador-res0137308600202512192147-ScaleDownProportional.webp","width":1080,"height":720},{"@type":"BreadcrumbList","@id":"https:\/\/brasilnoticias.org\/site\/angelo-coronel-fala-sobre-relacao-com-otto-e-futuro-na-chapa-de-jeronimo\/#breadcrumb","itemListElement":[{"@type":"ListItem","position":1,"name":"In\u00edcio","item":"https:\/\/brasilnoticias.org\/site\/"},{"@type":"ListItem","position":2,"name":"\u00c2ngelo Coronel fala sobre rela\u00e7\u00e3o com Otto e futuro na chapa de Jer\u00f4nimo"}]},{"@type":"WebSite","@id":"https:\/\/brasilnoticias.org\/site\/#website","url":"https:\/\/brasilnoticias.org\/site\/","name":"Brasil not\u00edcias","description":"Brasil not\u00edcias","publisher":{"@id":"https:\/\/brasilnoticias.org\/site\/#organization"},"potentialAction":[{"@type":"SearchAction","target":{"@type":"EntryPoint","urlTemplate":"https:\/\/brasilnoticias.org\/site\/?s={search_term_string}"},"query-input":{"@type":"PropertyValueSpecification","valueRequired":true,"valueName":"search_term_string"}}],"inLanguage":"pt-PT"},{"@type":"Organization","@id":"https:\/\/brasilnoticias.org\/site\/#organization","name":"Brasil not\u00edcias","url":"https:\/\/brasilnoticias.org\/site\/","logo":{"@type":"ImageObject","inLanguage":"pt-PT","@id":"https:\/\/brasilnoticias.org\/site\/#\/schema\/logo\/image\/","url":"https:\/\/brasilnoticias.org\/site\/wp-content\/uploads\/2022\/05\/cropped-brasilnoticias-mini.jpg","contentUrl":"https:\/\/brasilnoticias.org\/site\/wp-content\/uploads\/2022\/05\/cropped-brasilnoticias-mini.jpg","width":314,"height":86,"caption":"Brasil not\u00edcias"},"image":{"@id":"https:\/\/brasilnoticias.org\/site\/#\/schema\/logo\/image\/"}},{"@type":"Person","@id":"https:\/\/brasilnoticias.org\/site\/#\/schema\/person\/03bbbfe6c7634ad18c26444ea39049fa","name":"Reda\u00e7\u00e3o","image":{"@type":"ImageObject","inLanguage":"pt-PT","@id":"https:\/\/brasilnoticias.org\/site\/#\/schema\/person\/image\/","url":"https:\/\/secure.gravatar.com\/avatar\/9ecaf7327a696cb23ad926fedded5f1f04d7049de9e445375d55b48c001a6e42?s=96&d=mm&r=g","contentUrl":"https:\/\/secure.gravatar.com\/avatar\/9ecaf7327a696cb23ad926fedded5f1f04d7049de9e445375d55b48c001a6e42?s=96&d=mm&r=g","caption":"Reda\u00e7\u00e3o"},"url":"https:\/\/brasilnoticias.org\/site\/author\/henrique\/"}]}},"_links":{"self":[{"href":"https:\/\/brasilnoticias.org\/site\/wp-json\/wp\/v2\/posts\/19944","targetHints":{"allow":["GET"]}}],"collection":[{"href":"https:\/\/brasilnoticias.org\/site\/wp-json\/wp\/v2\/posts"}],"about":[{"href":"https:\/\/brasilnoticias.org\/site\/wp-json\/wp\/v2\/types\/post"}],"author":[{"embeddable":true,"href":"https:\/\/brasilnoticias.org\/site\/wp-json\/wp\/v2\/users\/4"}],"replies":[{"embeddable":true,"href":"https:\/\/brasilnoticias.org\/site\/wp-json\/wp\/v2\/comments?post=19944"}],"version-history":[{"count":1,"href":"https:\/\/brasilnoticias.org\/site\/wp-json\/wp\/v2\/posts\/19944\/revisions"}],"predecessor-version":[{"id":19946,"href":"https:\/\/brasilnoticias.org\/site\/wp-json\/wp\/v2\/posts\/19944\/revisions\/19946"}],"wp:featuredmedia":[{"embeddable":true,"href":"https:\/\/brasilnoticias.org\/site\/wp-json\/wp\/v2\/media\/19945"}],"wp:attachment":[{"href":"https:\/\/brasilnoticias.org\/site\/wp-json\/wp\/v2\/media?parent=19944"}],"wp:term":[{"taxonomy":"category","embeddable":true,"href":"https:\/\/brasilnoticias.org\/site\/wp-json\/wp\/v2\/categories?post=19944"},{"taxonomy":"post_tag","embeddable":true,"href":"https:\/\/brasilnoticias.org\/site\/wp-json\/wp\/v2\/tags?post=19944"}],"curies":[{"name":"wp","href":"https:\/\/api.w.org\/{rel}","templated":true}]}}