{"id":19950,"date":"2026-01-30T08:39:39","date_gmt":"2026-01-30T11:39:39","guid":{"rendered":"https:\/\/brasilnoticias.org\/site\/?p=19950"},"modified":"2026-01-30T08:39:39","modified_gmt":"2026-01-30T11:39:39","slug":"pl-articula-aproximacao-com-zema-para-fortalecer-candidatura-de-flavio-bolsonaro","status":"publish","type":"post","link":"https:\/\/brasilnoticias.org\/site\/pl-articula-aproximacao-com-zema-para-fortalecer-candidatura-de-flavio-bolsonaro\/","title":{"rendered":"PL articula aproxima\u00e7\u00e3o com Zema para fortalecer candidatura de Fl\u00e1vio Bolsonaro"},"content":{"rendered":"<p>O Partido Liberal (PL) tem articulado uma aproxima\u00e7\u00e3o com o governador de Minas Gerais, Romeu Zema, com o objetivo de fortalecer a candidatura de Fl\u00e1vio Bolsonaro nas elei\u00e7\u00f5es de 2026.<\/p>\n<p>A movimenta\u00e7\u00e3o faz parte de uma estrat\u00e9gia nacional do partido para ampliar apoios regionais e consolidar alian\u00e7as pol\u00edticas que possam dar mais robustez \u00e0 candidatura. Lideran\u00e7as do PL avaliam que o apoio de Zema pode ser decisivo para ampliar a base eleitoral em Minas Gerais.<\/p>\n<p>Foto: Waldemir Barreto\/Ag\u00eancia Senado<br \/>\nFonte: Metro1<\/p>\n","protected":false},"excerpt":{"rendered":"<p>O Partido Liberal (PL) tem articulado uma aproxima\u00e7\u00e3o com o governador de Minas Gerais, Romeu Zema, com o objetivo de<\/p>\n","protected":false},"author":4,"featured_media":19951,"comment_status":"open","ping_status":"open","sticky":false,"template":"","format":"standard","meta":{"colormag_page_container_layout":"default_layout","colormag_page_sidebar_layout":"default_layout","_FSMCFIC_featured_image_caption":"","_FSMCFIC_featured_image_nocaption":"","_FSMCFIC_featured_image_hide":"","footnotes":""},"categories":[5,1],"tags":[],"class_list":["post-19950","post","type-post","status-publish","format-standard","has-post-thumbnail","hentry","category-politica","category-ultimas"],"yoast_head":"<!-- This site is optimized with the Yoast SEO plugin v27.1.1 - https:\/\/yoast.com\/product\/yoast-seo-wordpress\/ -->\n<title>PL articula aproxima\u00e7\u00e3o com Zema para fortalecer candidatura de Fl\u00e1vio Bolsonaro - Brasil not\u00edcias<\/title>\n<meta name=\"robots\" content=\"index, follow, max-snippet:-1, max-image-preview:large, max-video-preview:-1\" \/>\n<link rel=\"canonical\" href=\"https:\/\/brasilnoticias.org\/site\/pl-articula-aproximacao-com-zema-para-fortalecer-candidatura-de-flavio-bolsonaro\/\" \/>\n<meta property=\"og:locale\" content=\"pt_PT\" \/>\n<meta property=\"og:type\" content=\"article\" \/>\n<meta property=\"og:title\" content=\"PL articula aproxima\u00e7\u00e3o com Zema para fortalecer candidatura de Fl\u00e1vio Bolsonaro - Brasil not\u00edcias\" \/>\n<meta property=\"og:description\" content=\"O Partido Liberal (PL) tem articulado uma aproxima\u00e7\u00e3o com o governador de Minas Gerais, Romeu Zema, com o objetivo de\" \/>\n<meta property=\"og:url\" content=\"https:\/\/brasilnoticias.org\/site\/pl-articula-aproximacao-com-zema-para-fortalecer-candidatura-de-flavio-bolsonaro\/\" \/>\n<meta property=\"og:site_name\" content=\"Brasil not\u00edcias\" \/>\n<meta property=\"article:published_time\" content=\"2026-01-30T11:39:39+00:00\" \/>\n<meta property=\"og:image\" content=\"https:\/\/brasilnoticias.org\/site\/wp-content\/uploads\/2026\/01\/176976pl-articula-aproximacao-com-zema-para-fortalecer-candidatura-de-flavio-bolsonaro-3.jpg\" \/>\n\t<meta property=\"og:image:width\" content=\"1600\" \/>\n\t<meta property=\"og:image:height\" content=\"752\" \/>\n\t<meta property=\"og:image:type\" content=\"image\/jpeg\" \/>\n<meta name=\"author\" content=\"Reda\u00e7\u00e3o\" \/>\n<meta name=\"twitter:card\" content=\"summary_large_image\" \/>\n<meta name=\"twitter:label1\" content=\"Escrito por\" \/>\n\t<meta name=\"twitter:data1\" content=\"Reda\u00e7\u00e3o\" \/>\n\t<meta name=\"twitter:label2\" content=\"Tempo estimado de leitura\" \/>\n\t<meta name=\"twitter:data2\" content=\"1 minuto\" \/>\n<script type=\"application\/ld+json\" class=\"yoast-schema-graph\">{\"@context\":\"https:\/\/schema.org\",\"@graph\":[{\"@type\":\"Article\",\"@id\":\"https:\/\/brasilnoticias.org\/site\/pl-articula-aproximacao-com-zema-para-fortalecer-candidatura-de-flavio-bolsonaro\/#article\",\"isPartOf\":{\"@id\":\"https:\/\/brasilnoticias.org\/site\/pl-articula-aproximacao-com-zema-para-fortalecer-candidatura-de-flavio-bolsonaro\/\"},\"author\":{\"name\":\"Reda\u00e7\u00e3o\",\"@id\":\"https:\/\/brasilnoticias.org\/site\/#\/schema\/person\/03bbbfe6c7634ad18c26444ea39049fa\"},\"headline\":\"PL articula aproxima\u00e7\u00e3o com Zema para fortalecer candidatura de Fl\u00e1vio Bolsonaro\",\"datePublished\":\"2026-01-30T11:39:39+00:00\",\"mainEntityOfPage\":{\"@id\":\"https:\/\/brasilnoticias.org\/site\/pl-articula-aproximacao-com-zema-para-fortalecer-candidatura-de-flavio-bolsonaro\/\"},\"wordCount\":102,\"commentCount\":0,\"publisher\":{\"@id\":\"https:\/\/brasilnoticias.org\/site\/#organization\"},\"image\":{\"@id\":\"https:\/\/brasilnoticias.org\/site\/pl-articula-aproximacao-com-zema-para-fortalecer-candidatura-de-flavio-bolsonaro\/#primaryimage\"},\"thumbnailUrl\":\"https:\/\/brasilnoticias.org\/site\/wp-content\/uploads\/2026\/01\/176976pl-articula-aproximacao-com-zema-para-fortalecer-candidatura-de-flavio-bolsonaro-3.jpg\",\"articleSection\":[\"Pol\u00edtica\",\"\u00daltimas\"],\"inLanguage\":\"pt-PT\",\"potentialAction\":[{\"@type\":\"CommentAction\",\"name\":\"Comment\",\"target\":[\"https:\/\/brasilnoticias.org\/site\/pl-articula-aproximacao-com-zema-para-fortalecer-candidatura-de-flavio-bolsonaro\/#respond\"]}]},{\"@type\":\"WebPage\",\"@id\":\"https:\/\/brasilnoticias.org\/site\/pl-articula-aproximacao-com-zema-para-fortalecer-candidatura-de-flavio-bolsonaro\/\",\"url\":\"https:\/\/brasilnoticias.org\/site\/pl-articula-aproximacao-com-zema-para-fortalecer-candidatura-de-flavio-bolsonaro\/\",\"name\":\"PL articula aproxima\u00e7\u00e3o com Zema para fortalecer candidatura de Fl\u00e1vio Bolsonaro - Brasil not\u00edcias\",\"isPartOf\":{\"@id\":\"https:\/\/brasilnoticias.org\/site\/#website\"},\"primaryImageOfPage\":{\"@id\":\"https:\/\/brasilnoticias.org\/site\/pl-articula-aproximacao-com-zema-para-fortalecer-candidatura-de-flavio-bolsonaro\/#primaryimage\"},\"image\":{\"@id\":\"https:\/\/brasilnoticias.org\/site\/pl-articula-aproximacao-com-zema-para-fortalecer-candidatura-de-flavio-bolsonaro\/#primaryimage\"},\"thumbnailUrl\":\"https:\/\/brasilnoticias.org\/site\/wp-content\/uploads\/2026\/01\/176976pl-articula-aproximacao-com-zema-para-fortalecer-candidatura-de-flavio-bolsonaro-3.jpg\",\"datePublished\":\"2026-01-30T11:39:39+00:00\",\"breadcrumb\":{\"@id\":\"https:\/\/brasilnoticias.org\/site\/pl-articula-aproximacao-com-zema-para-fortalecer-candidatura-de-flavio-bolsonaro\/#breadcrumb\"},\"inLanguage\":\"pt-PT\",\"potentialAction\":[{\"@type\":\"ReadAction\",\"target\":[\"https:\/\/brasilnoticias.org\/site\/pl-articula-aproximacao-com-zema-para-fortalecer-candidatura-de-flavio-bolsonaro\/\"]}]},{\"@type\":\"ImageObject\",\"inLanguage\":\"pt-PT\",\"@id\":\"https:\/\/brasilnoticias.org\/site\/pl-articula-aproximacao-com-zema-para-fortalecer-candidatura-de-flavio-bolsonaro\/#primaryimage\",\"url\":\"https:\/\/brasilnoticias.org\/site\/wp-content\/uploads\/2026\/01\/176976pl-articula-aproximacao-com-zema-para-fortalecer-candidatura-de-flavio-bolsonaro-3.jpg\",\"contentUrl\":\"https:\/\/brasilnoticias.org\/site\/wp-content\/uploads\/2026\/01\/176976pl-articula-aproximacao-com-zema-para-fortalecer-candidatura-de-flavio-bolsonaro-3.jpg\",\"width\":1600,\"height\":752},{\"@type\":\"BreadcrumbList\",\"@id\":\"https:\/\/brasilnoticias.org\/site\/pl-articula-aproximacao-com-zema-para-fortalecer-candidatura-de-flavio-bolsonaro\/#breadcrumb\",\"itemListElement\":[{\"@type\":\"ListItem\",\"position\":1,\"name\":\"In\u00edcio\",\"item\":\"https:\/\/brasilnoticias.org\/site\/\"},{\"@type\":\"ListItem\",\"position\":2,\"name\":\"PL articula aproxima\u00e7\u00e3o com Zema para fortalecer candidatura de Fl\u00e1vio Bolsonaro\"}]},{\"@type\":\"WebSite\",\"@id\":\"https:\/\/brasilnoticias.org\/site\/#website\",\"url\":\"https:\/\/brasilnoticias.org\/site\/\",\"name\":\"Brasil not\u00edcias\",\"description\":\"Brasil not\u00edcias\",\"publisher\":{\"@id\":\"https:\/\/brasilnoticias.org\/site\/#organization\"},\"potentialAction\":[{\"@type\":\"SearchAction\",\"target\":{\"@type\":\"EntryPoint\",\"urlTemplate\":\"https:\/\/brasilnoticias.org\/site\/?s={search_term_string}\"},\"query-input\":{\"@type\":\"PropertyValueSpecification\",\"valueRequired\":true,\"valueName\":\"search_term_string\"}}],\"inLanguage\":\"pt-PT\"},{\"@type\":\"Organization\",\"@id\":\"https:\/\/brasilnoticias.org\/site\/#organization\",\"name\":\"Brasil not\u00edcias\",\"url\":\"https:\/\/brasilnoticias.org\/site\/\",\"logo\":{\"@type\":\"ImageObject\",\"inLanguage\":\"pt-PT\",\"@id\":\"https:\/\/brasilnoticias.org\/site\/#\/schema\/logo\/image\/\",\"url\":\"https:\/\/brasilnoticias.org\/site\/wp-content\/uploads\/2022\/05\/cropped-brasilnoticias-mini.jpg\",\"contentUrl\":\"https:\/\/brasilnoticias.org\/site\/wp-content\/uploads\/2022\/05\/cropped-brasilnoticias-mini.jpg\",\"width\":314,\"height\":86,\"caption\":\"Brasil not\u00edcias\"},\"image\":{\"@id\":\"https:\/\/brasilnoticias.org\/site\/#\/schema\/logo\/image\/\"}},{\"@type\":\"Person\",\"@id\":\"https:\/\/brasilnoticias.org\/site\/#\/schema\/person\/03bbbfe6c7634ad18c26444ea39049fa\",\"name\":\"Reda\u00e7\u00e3o\",\"image\":{\"@type\":\"ImageObject\",\"inLanguage\":\"pt-PT\",\"@id\":\"https:\/\/brasilnoticias.org\/site\/#\/schema\/person\/image\/\",\"url\":\"https:\/\/secure.gravatar.com\/avatar\/9ecaf7327a696cb23ad926fedded5f1f04d7049de9e445375d55b48c001a6e42?s=96&d=mm&r=g\",\"contentUrl\":\"https:\/\/secure.gravatar.com\/avatar\/9ecaf7327a696cb23ad926fedded5f1f04d7049de9e445375d55b48c001a6e42?s=96&d=mm&r=g\",\"caption\":\"Reda\u00e7\u00e3o\"},\"url\":\"https:\/\/brasilnoticias.org\/site\/author\/henrique\/\"}]}<\/script>\n<!-- \/ Yoast SEO plugin. -->","yoast_head_json":{"title":"PL articula aproxima\u00e7\u00e3o com Zema para fortalecer candidatura de Fl\u00e1vio Bolsonaro - Brasil not\u00edcias","robots":{"index":"index","follow":"follow","max-snippet":"max-snippet:-1","max-image-preview":"max-image-preview:large","max-video-preview":"max-video-preview:-1"},"canonical":"https:\/\/brasilnoticias.org\/site\/pl-articula-aproximacao-com-zema-para-fortalecer-candidatura-de-flavio-bolsonaro\/","og_locale":"pt_PT","og_type":"article","og_title":"PL articula aproxima\u00e7\u00e3o com Zema para fortalecer candidatura de Fl\u00e1vio Bolsonaro - Brasil not\u00edcias","og_description":"O Partido Liberal (PL) tem articulado uma aproxima\u00e7\u00e3o com o governador de Minas Gerais, Romeu Zema, com o objetivo de","og_url":"https:\/\/brasilnoticias.org\/site\/pl-articula-aproximacao-com-zema-para-fortalecer-candidatura-de-flavio-bolsonaro\/","og_site_name":"Brasil not\u00edcias","article_published_time":"2026-01-30T11:39:39+00:00","og_image":[{"width":1600,"height":752,"url":"https:\/\/brasilnoticias.org\/site\/wp-content\/uploads\/2026\/01\/176976pl-articula-aproximacao-com-zema-para-fortalecer-candidatura-de-flavio-bolsonaro-3.jpg","type":"image\/jpeg"}],"author":"Reda\u00e7\u00e3o","twitter_card":"summary_large_image","twitter_misc":{"Escrito por":"Reda\u00e7\u00e3o","Tempo estimado de leitura":"1 minuto"},"schema":{"@context":"https:\/\/schema.org","@graph":[{"@type":"Article","@id":"https:\/\/brasilnoticias.org\/site\/pl-articula-aproximacao-com-zema-para-fortalecer-candidatura-de-flavio-bolsonaro\/#article","isPartOf":{"@id":"https:\/\/brasilnoticias.org\/site\/pl-articula-aproximacao-com-zema-para-fortalecer-candidatura-de-flavio-bolsonaro\/"},"author":{"name":"Reda\u00e7\u00e3o","@id":"https:\/\/brasilnoticias.org\/site\/#\/schema\/person\/03bbbfe6c7634ad18c26444ea39049fa"},"headline":"PL articula aproxima\u00e7\u00e3o com Zema para fortalecer candidatura de Fl\u00e1vio Bolsonaro","datePublished":"2026-01-30T11:39:39+00:00","mainEntityOfPage":{"@id":"https:\/\/brasilnoticias.org\/site\/pl-articula-aproximacao-com-zema-para-fortalecer-candidatura-de-flavio-bolsonaro\/"},"wordCount":102,"commentCount":0,"publisher":{"@id":"https:\/\/brasilnoticias.org\/site\/#organization"},"image":{"@id":"https:\/\/brasilnoticias.org\/site\/pl-articula-aproximacao-com-zema-para-fortalecer-candidatura-de-flavio-bolsonaro\/#primaryimage"},"thumbnailUrl":"https:\/\/brasilnoticias.org\/site\/wp-content\/uploads\/2026\/01\/176976pl-articula-aproximacao-com-zema-para-fortalecer-candidatura-de-flavio-bolsonaro-3.jpg","articleSection":["Pol\u00edtica","\u00daltimas"],"inLanguage":"pt-PT","potentialAction":[{"@type":"CommentAction","name":"Comment","target":["https:\/\/brasilnoticias.org\/site\/pl-articula-aproximacao-com-zema-para-fortalecer-candidatura-de-flavio-bolsonaro\/#respond"]}]},{"@type":"WebPage","@id":"https:\/\/brasilnoticias.org\/site\/pl-articula-aproximacao-com-zema-para-fortalecer-candidatura-de-flavio-bolsonaro\/","url":"https:\/\/brasilnoticias.org\/site\/pl-articula-aproximacao-com-zema-para-fortalecer-candidatura-de-flavio-bolsonaro\/","name":"PL articula aproxima\u00e7\u00e3o com Zema para fortalecer candidatura de Fl\u00e1vio Bolsonaro - Brasil not\u00edcias","isPartOf":{"@id":"https:\/\/brasilnoticias.org\/site\/#website"},"primaryImageOfPage":{"@id":"https:\/\/brasilnoticias.org\/site\/pl-articula-aproximacao-com-zema-para-fortalecer-candidatura-de-flavio-bolsonaro\/#primaryimage"},"image":{"@id":"https:\/\/brasilnoticias.org\/site\/pl-articula-aproximacao-com-zema-para-fortalecer-candidatura-de-flavio-bolsonaro\/#primaryimage"},"thumbnailUrl":"https:\/\/brasilnoticias.org\/site\/wp-content\/uploads\/2026\/01\/176976pl-articula-aproximacao-com-zema-para-fortalecer-candidatura-de-flavio-bolsonaro-3.jpg","datePublished":"2026-01-30T11:39:39+00:00","breadcrumb":{"@id":"https:\/\/brasilnoticias.org\/site\/pl-articula-aproximacao-com-zema-para-fortalecer-candidatura-de-flavio-bolsonaro\/#breadcrumb"},"inLanguage":"pt-PT","potentialAction":[{"@type":"ReadAction","target":["https:\/\/brasilnoticias.org\/site\/pl-articula-aproximacao-com-zema-para-fortalecer-candidatura-de-flavio-bolsonaro\/"]}]},{"@type":"ImageObject","inLanguage":"pt-PT","@id":"https:\/\/brasilnoticias.org\/site\/pl-articula-aproximacao-com-zema-para-fortalecer-candidatura-de-flavio-bolsonaro\/#primaryimage","url":"https:\/\/brasilnoticias.org\/site\/wp-content\/uploads\/2026\/01\/176976pl-articula-aproximacao-com-zema-para-fortalecer-candidatura-de-flavio-bolsonaro-3.jpg","contentUrl":"https:\/\/brasilnoticias.org\/site\/wp-content\/uploads\/2026\/01\/176976pl-articula-aproximacao-com-zema-para-fortalecer-candidatura-de-flavio-bolsonaro-3.jpg","width":1600,"height":752},{"@type":"BreadcrumbList","@id":"https:\/\/brasilnoticias.org\/site\/pl-articula-aproximacao-com-zema-para-fortalecer-candidatura-de-flavio-bolsonaro\/#breadcrumb","itemListElement":[{"@type":"ListItem","position":1,"name":"In\u00edcio","item":"https:\/\/brasilnoticias.org\/site\/"},{"@type":"ListItem","position":2,"name":"PL articula aproxima\u00e7\u00e3o com Zema para fortalecer candidatura de Fl\u00e1vio Bolsonaro"}]},{"@type":"WebSite","@id":"https:\/\/brasilnoticias.org\/site\/#website","url":"https:\/\/brasilnoticias.org\/site\/","name":"Brasil not\u00edcias","description":"Brasil not\u00edcias","publisher":{"@id":"https:\/\/brasilnoticias.org\/site\/#organization"},"potentialAction":[{"@type":"SearchAction","target":{"@type":"EntryPoint","urlTemplate":"https:\/\/brasilnoticias.org\/site\/?s={search_term_string}"},"query-input":{"@type":"PropertyValueSpecification","valueRequired":true,"valueName":"search_term_string"}}],"inLanguage":"pt-PT"},{"@type":"Organization","@id":"https:\/\/brasilnoticias.org\/site\/#organization","name":"Brasil not\u00edcias","url":"https:\/\/brasilnoticias.org\/site\/","logo":{"@type":"ImageObject","inLanguage":"pt-PT","@id":"https:\/\/brasilnoticias.org\/site\/#\/schema\/logo\/image\/","url":"https:\/\/brasilnoticias.org\/site\/wp-content\/uploads\/2022\/05\/cropped-brasilnoticias-mini.jpg","contentUrl":"https:\/\/brasilnoticias.org\/site\/wp-content\/uploads\/2022\/05\/cropped-brasilnoticias-mini.jpg","width":314,"height":86,"caption":"Brasil not\u00edcias"},"image":{"@id":"https:\/\/brasilnoticias.org\/site\/#\/schema\/logo\/image\/"}},{"@type":"Person","@id":"https:\/\/brasilnoticias.org\/site\/#\/schema\/person\/03bbbfe6c7634ad18c26444ea39049fa","name":"Reda\u00e7\u00e3o","image":{"@type":"ImageObject","inLanguage":"pt-PT","@id":"https:\/\/brasilnoticias.org\/site\/#\/schema\/person\/image\/","url":"https:\/\/secure.gravatar.com\/avatar\/9ecaf7327a696cb23ad926fedded5f1f04d7049de9e445375d55b48c001a6e42?s=96&d=mm&r=g","contentUrl":"https:\/\/secure.gravatar.com\/avatar\/9ecaf7327a696cb23ad926fedded5f1f04d7049de9e445375d55b48c001a6e42?s=96&d=mm&r=g","caption":"Reda\u00e7\u00e3o"},"url":"https:\/\/brasilnoticias.org\/site\/author\/henrique\/"}]}},"_links":{"self":[{"href":"https:\/\/brasilnoticias.org\/site\/wp-json\/wp\/v2\/posts\/19950","targetHints":{"allow":["GET"]}}],"collection":[{"href":"https:\/\/brasilnoticias.org\/site\/wp-json\/wp\/v2\/posts"}],"about":[{"href":"https:\/\/brasilnoticias.org\/site\/wp-json\/wp\/v2\/types\/post"}],"author":[{"embeddable":true,"href":"https:\/\/brasilnoticias.org\/site\/wp-json\/wp\/v2\/users\/4"}],"replies":[{"embeddable":true,"href":"https:\/\/brasilnoticias.org\/site\/wp-json\/wp\/v2\/comments?post=19950"}],"version-history":[{"count":1,"href":"https:\/\/brasilnoticias.org\/site\/wp-json\/wp\/v2\/posts\/19950\/revisions"}],"predecessor-version":[{"id":19952,"href":"https:\/\/brasilnoticias.org\/site\/wp-json\/wp\/v2\/posts\/19950\/revisions\/19952"}],"wp:featuredmedia":[{"embeddable":true,"href":"https:\/\/brasilnoticias.org\/site\/wp-json\/wp\/v2\/media\/19951"}],"wp:attachment":[{"href":"https:\/\/brasilnoticias.org\/site\/wp-json\/wp\/v2\/media?parent=19950"}],"wp:term":[{"taxonomy":"category","embeddable":true,"href":"https:\/\/brasilnoticias.org\/site\/wp-json\/wp\/v2\/categories?post=19950"},{"taxonomy":"post_tag","embeddable":true,"href":"https:\/\/brasilnoticias.org\/site\/wp-json\/wp\/v2\/tags?post=19950"}],"curies":[{"name":"wp","href":"https:\/\/api.w.org\/{rel}","templated":true}]}}