{"id":19953,"date":"2026-01-30T08:44:14","date_gmt":"2026-01-30T11:44:14","guid":{"rendered":"https:\/\/brasilnoticias.org\/site\/?p=19953"},"modified":"2026-01-30T08:44:14","modified_gmt":"2026-01-30T11:44:14","slug":"lidice-nega-veto-a-mario-jr-fala-em-montar-chapa-competitiva-e-diz-trabalhar-fortemente-para-que-fabiola-continue-no-psb","status":"publish","type":"post","link":"https:\/\/brasilnoticias.org\/site\/lidice-nega-veto-a-mario-jr-fala-em-montar-chapa-competitiva-e-diz-trabalhar-fortemente-para-que-fabiola-continue-no-psb\/","title":{"rendered":"L\u00eddice nega veto a M\u00e1rio Jr., fala em montar chapa competitiva e diz trabalhar &#8216;fortemente para que Fab\u00edola continue no PSB&#8217;"},"content":{"rendered":"<p>A deputada federal e presidente do PSB na Bahia, L\u00eddice da Mata, negou que tenha vetado a poss\u00edvel filia\u00e7\u00e3o do deputado M\u00e1rio Negromonte J\u00fanior (PP) ao partido e afirmou que o principal desafio da sigla para 2026 \u00e9 formar uma chapa proporcional que seja eleitoralmente vi\u00e1vel e atrativa.<\/p>\n<p>Em entrevista \u00e0 r\u00e1dio CBN Salvador, a dirigente socialista explicou que as conversas n\u00e3o esbarram em vetos pessoais, mas em c\u00e1lculos objetivos feitos pelos pr\u00f3prios pr\u00e9-candidatos.<\/p>\n<p>\u201cN\u00e3o h\u00e1 veto nenhum. O que h\u00e1 \u00e9 uma tentativa de formar uma chapa. A depender da vota\u00e7\u00e3o dos deputados que j\u00e1 t\u00eam mandato, isso pode se tornar um dificultador\u201d, afirmou.<\/p>\n<p>Segundo ela, muitos postulantes analisam a vota\u00e7\u00e3o passada de quem j\u00e1 est\u00e1 no partido antes de decidir se entram ou n\u00e3o na disputa. \u201cO candidato faz a conta: \u2018esse teve 112, aquele teve 140, eu acho que vou ter 100\u2019. A\u00ed ele conclui que fica dif\u00edcil\u201d, explicou.<\/p>\n<p>PSB mira tr\u00eas federais<\/p>\n<p>L\u00eddice foi direta ao tratar da meta do partido na C\u00e2mara dos Deputados. \u201cN\u00f3s estamos lutando para fazer tr\u00eas deputados federais. \u00c9 f\u00e1cil? N\u00e3o. Mas n\u00e3o \u00e9 imposs\u00edvel\u201d, disse.<\/p>\n<p>A dirigente destacou que, diferentemente de partidos maiores, o PSB precisa convencer os nomes a entrar em uma chapa sem federa\u00e7\u00e3o, o que torna o processo mais complexo.<\/p>\n<p>\u201cO PSD n\u00e3o tem esse problema. Ele j\u00e1 tem seis deputados federais. Eu preciso montar uma chapa atrativa para eleger dois ou tr\u00eas\u201d, comparou, ao citar o efeito dos chamados puxadores de voto.<\/p>\n<p>A parlamentar lembrou que, em 2022, a presen\u00e7a de Pastor Sargento Isid\u00f3rio no Avante funcionou como forte elemento de atra\u00e7\u00e3o para outros candidatos. \u201cNa pol\u00edtica, o puxador de votos \u00e9 muito importante\u201d, resumiu.<\/p>\n<p>Al\u00e9m da reelei\u00e7\u00e3o dela pr\u00f3pria, outro nome que estar\u00e1 na nominata para a C\u00e2mara \u00e9 o do atual vereador de Salvador S\u00edlvio Humberto.<\/p>\n<p>Proporcionais e o \u201cincha\u00e7o\u201d do partido<\/p>\n<p>Questionada sobre a disputa para a Assembleia Legislativa, L\u00eddice avaliou que n\u00e3o h\u00e1 diferen\u00e7a conceitual entre a contabilidade eleitoral para deputado estadual e federal, embora reconhe\u00e7a que o PSB vive um momento de crescimento.<\/p>\n<p>Ela citou nomes que passar\u00e3o a integrar o partido, como os dissidentes do PP Niltinho, Hassan, Ant\u00f4nio Henrique J\u00fanior e Eduardo Salles, al\u00e9m da movimenta\u00e7\u00e3o em torno de Ademar Lopes, secret\u00e1rio municipal de Rela\u00e7\u00f5es Institucionais de Cama\u00e7ari e aliado do prefeito Luiz Caetano (PT).<\/p>\n<p>Mesmo assim, L\u00eddice avalia que o crescimento pode ser positivo. \u201cQuem precisa de 120 mil votos e j\u00e1 tem algu\u00e9m com 100 mil est\u00e1 muito pr\u00f3ximo. O segundo e o terceiro ficam mais f\u00e1ceis\u201d, calculou.<\/p>\n<p>Defesa da perman\u00eancia de Fab\u00edola Mansur<\/p>\n<p>Diante do cen\u00e1rio, a presidente do PSB ainda fez uma defesa enf\u00e1tica da perman\u00eancia da deputada estadual Fab\u00edola Mansur no partido e revelou que trabalha para garantir condi\u00e7\u00f5es pol\u00edticas para sua reelei\u00e7\u00e3o.<\/p>\n<p>\u201cEu gosto muito de Fab\u00edola, \u00e9 minha amiga pessoal, e estou trabalhando fortemente para que ela continue no PSB\u201d. Fui eu quem prop\u00f4s a vinda dela para o PSB. \u00c9 uma lideran\u00e7a destacada, com um mandato muito qualificado\u201d, afirmou.<\/p>\n<p>Segundo L\u00eddice, a melhor alternativa para Fab\u00edola \u00e9 permanecer na legenda, desde que haja uma solu\u00e7\u00e3o administrativa que permita sua perman\u00eancia no mandato at\u00e9 o fim do ano.<\/p>\n<p>\u201cCompreendo quando ela diz que fora do mandato fica mais vulner\u00e1vel. Mas isso aconteceria em qualquer partido\u201d, avaliou.<\/p>\n<p>Ela admitiu a possibilidade de rearranjos que envolvem Soane Galv\u00e3o, que n\u00e3o disputar\u00e1 a reelei\u00e7\u00e3o para apoiar o marido, M\u00e0rio Alexandre, hoje no PSD, e \u00c2ngelo Almeida, mas ressaltou que a decis\u00e3o depende do governador Jer\u00f4nimo Rodrigues (PT).<\/p>\n<p>\u201cEu n\u00e3o sou dona dos cargos. Quem \u00e9 dono dos cargos \u00e9 o governador\u201d, afirmou.<\/p>\n<p>Nos bastidores, h\u00e1 hip\u00f3tese \u00e9 de retorno de \u00c2ngelo \u00e0 Alba e indica\u00e7\u00e3o de Soane para assumir a Secretaria de Pol\u00edticas para Mulheres (SPM).<\/p>\n<p>Ao final da entrevista, L\u00eddice estabeleceu a proje\u00e7\u00e3o do PSB para a Assembleia Legislativa em 2026. \u201cA nossa meta \u00e9 seis deputados estaduais, podendo chegar a sete dentro desse projeto\u201d, declarou.<\/p>\n<p>Foto: Evil\u00e1sio J\u00fanior<br \/>\nFonte: <a href=\"https:\/\/www.blogdovila.com.br\/noticia\/lidice-fabiola\">Blog do Vila<\/a><\/p>\n","protected":false},"excerpt":{"rendered":"<p>A deputada federal e presidente do PSB na Bahia, L\u00eddice da Mata, negou que tenha vetado a poss\u00edvel filia\u00e7\u00e3o do<\/p>\n","protected":false},"author":4,"featured_media":19954,"comment_status":"open","ping_status":"open","sticky":false,"template":"","format":"standard","meta":{"colormag_page_container_layout":"default_layout","colormag_page_sidebar_layout":"default_layout","_FSMCFIC_featured_image_caption":"","_FSMCFIC_featured_image_nocaption":"","_FSMCFIC_featured_image_hide":"","footnotes":""},"categories":[5,1],"tags":[],"class_list":["post-19953","post","type-post","status-publish","format-standard","has-post-thumbnail","hentry","category-politica","category-ultimas"],"yoast_head":"<!-- This site is optimized with the Yoast SEO plugin v27.1.1 - https:\/\/yoast.com\/product\/yoast-seo-wordpress\/ -->\n<title>L\u00eddice nega veto a M\u00e1rio Jr., fala em montar chapa competitiva e diz trabalhar &#039;fortemente para que Fab\u00edola continue no PSB&#039; - Brasil not\u00edcias<\/title>\n<meta name=\"robots\" content=\"index, follow, max-snippet:-1, max-image-preview:large, max-video-preview:-1\" \/>\n<link rel=\"canonical\" href=\"https:\/\/brasilnoticias.org\/site\/lidice-nega-veto-a-mario-jr-fala-em-montar-chapa-competitiva-e-diz-trabalhar-fortemente-para-que-fabiola-continue-no-psb\/\" \/>\n<meta property=\"og:locale\" content=\"pt_PT\" \/>\n<meta property=\"og:type\" content=\"article\" \/>\n<meta property=\"og:title\" content=\"L\u00eddice nega veto a M\u00e1rio Jr., fala em montar chapa competitiva e diz trabalhar &#039;fortemente para que Fab\u00edola continue no PSB&#039; - Brasil not\u00edcias\" \/>\n<meta property=\"og:description\" content=\"A deputada federal e presidente do PSB na Bahia, L\u00eddice da Mata, negou que tenha vetado a poss\u00edvel filia\u00e7\u00e3o do\" \/>\n<meta property=\"og:url\" content=\"https:\/\/brasilnoticias.org\/site\/lidice-nega-veto-a-mario-jr-fala-em-montar-chapa-competitiva-e-diz-trabalhar-fortemente-para-que-fabiola-continue-no-psb\/\" \/>\n<meta property=\"og:site_name\" content=\"Brasil not\u00edcias\" \/>\n<meta property=\"article:published_time\" content=\"2026-01-30T11:44:14+00:00\" \/>\n<meta property=\"og:image\" content=\"https:\/\/brasilnoticias.org\/site\/wp-content\/uploads\/2026\/01\/WhatsApp-Image-2026-01-29-at-13.01.09.jpeg\" \/>\n\t<meta property=\"og:image:width\" content=\"1280\" \/>\n\t<meta property=\"og:image:height\" content=\"720\" \/>\n\t<meta property=\"og:image:type\" content=\"image\/jpeg\" \/>\n<meta name=\"author\" content=\"Reda\u00e7\u00e3o\" \/>\n<meta name=\"twitter:card\" content=\"summary_large_image\" \/>\n<meta name=\"twitter:label1\" content=\"Escrito por\" \/>\n\t<meta name=\"twitter:data1\" content=\"Reda\u00e7\u00e3o\" \/>\n\t<meta name=\"twitter:label2\" content=\"Tempo estimado de leitura\" \/>\n\t<meta name=\"twitter:data2\" content=\"1 minuto\" \/>\n<script type=\"application\/ld+json\" class=\"yoast-schema-graph\">{\"@context\":\"https:\/\/schema.org\",\"@graph\":[{\"@type\":\"Article\",\"@id\":\"https:\/\/brasilnoticias.org\/site\/lidice-nega-veto-a-mario-jr-fala-em-montar-chapa-competitiva-e-diz-trabalhar-fortemente-para-que-fabiola-continue-no-psb\/#article\",\"isPartOf\":{\"@id\":\"https:\/\/brasilnoticias.org\/site\/lidice-nega-veto-a-mario-jr-fala-em-montar-chapa-competitiva-e-diz-trabalhar-fortemente-para-que-fabiola-continue-no-psb\/\"},\"author\":{\"name\":\"Reda\u00e7\u00e3o\",\"@id\":\"https:\/\/brasilnoticias.org\/site\/#\/schema\/person\/03bbbfe6c7634ad18c26444ea39049fa\"},\"headline\":\"L\u00eddice nega veto a M\u00e1rio Jr., fala em montar chapa competitiva e diz trabalhar &#8216;fortemente para que Fab\u00edola continue no PSB&#8217;\",\"datePublished\":\"2026-01-30T11:44:14+00:00\",\"mainEntityOfPage\":{\"@id\":\"https:\/\/brasilnoticias.org\/site\/lidice-nega-veto-a-mario-jr-fala-em-montar-chapa-competitiva-e-diz-trabalhar-fortemente-para-que-fabiola-continue-no-psb\/\"},\"wordCount\":746,\"commentCount\":0,\"publisher\":{\"@id\":\"https:\/\/brasilnoticias.org\/site\/#organization\"},\"image\":{\"@id\":\"https:\/\/brasilnoticias.org\/site\/lidice-nega-veto-a-mario-jr-fala-em-montar-chapa-competitiva-e-diz-trabalhar-fortemente-para-que-fabiola-continue-no-psb\/#primaryimage\"},\"thumbnailUrl\":\"https:\/\/brasilnoticias.org\/site\/wp-content\/uploads\/2026\/01\/WhatsApp-Image-2026-01-29-at-13.01.09.jpeg\",\"articleSection\":[\"Pol\u00edtica\",\"\u00daltimas\"],\"inLanguage\":\"pt-PT\",\"potentialAction\":[{\"@type\":\"CommentAction\",\"name\":\"Comment\",\"target\":[\"https:\/\/brasilnoticias.org\/site\/lidice-nega-veto-a-mario-jr-fala-em-montar-chapa-competitiva-e-diz-trabalhar-fortemente-para-que-fabiola-continue-no-psb\/#respond\"]}]},{\"@type\":\"WebPage\",\"@id\":\"https:\/\/brasilnoticias.org\/site\/lidice-nega-veto-a-mario-jr-fala-em-montar-chapa-competitiva-e-diz-trabalhar-fortemente-para-que-fabiola-continue-no-psb\/\",\"url\":\"https:\/\/brasilnoticias.org\/site\/lidice-nega-veto-a-mario-jr-fala-em-montar-chapa-competitiva-e-diz-trabalhar-fortemente-para-que-fabiola-continue-no-psb\/\",\"name\":\"L\u00eddice nega veto a M\u00e1rio Jr., fala em montar chapa competitiva e diz trabalhar 'fortemente para que Fab\u00edola continue no PSB' - Brasil not\u00edcias\",\"isPartOf\":{\"@id\":\"https:\/\/brasilnoticias.org\/site\/#website\"},\"primaryImageOfPage\":{\"@id\":\"https:\/\/brasilnoticias.org\/site\/lidice-nega-veto-a-mario-jr-fala-em-montar-chapa-competitiva-e-diz-trabalhar-fortemente-para-que-fabiola-continue-no-psb\/#primaryimage\"},\"image\":{\"@id\":\"https:\/\/brasilnoticias.org\/site\/lidice-nega-veto-a-mario-jr-fala-em-montar-chapa-competitiva-e-diz-trabalhar-fortemente-para-que-fabiola-continue-no-psb\/#primaryimage\"},\"thumbnailUrl\":\"https:\/\/brasilnoticias.org\/site\/wp-content\/uploads\/2026\/01\/WhatsApp-Image-2026-01-29-at-13.01.09.jpeg\",\"datePublished\":\"2026-01-30T11:44:14+00:00\",\"breadcrumb\":{\"@id\":\"https:\/\/brasilnoticias.org\/site\/lidice-nega-veto-a-mario-jr-fala-em-montar-chapa-competitiva-e-diz-trabalhar-fortemente-para-que-fabiola-continue-no-psb\/#breadcrumb\"},\"inLanguage\":\"pt-PT\",\"potentialAction\":[{\"@type\":\"ReadAction\",\"target\":[\"https:\/\/brasilnoticias.org\/site\/lidice-nega-veto-a-mario-jr-fala-em-montar-chapa-competitiva-e-diz-trabalhar-fortemente-para-que-fabiola-continue-no-psb\/\"]}]},{\"@type\":\"ImageObject\",\"inLanguage\":\"pt-PT\",\"@id\":\"https:\/\/brasilnoticias.org\/site\/lidice-nega-veto-a-mario-jr-fala-em-montar-chapa-competitiva-e-diz-trabalhar-fortemente-para-que-fabiola-continue-no-psb\/#primaryimage\",\"url\":\"https:\/\/brasilnoticias.org\/site\/wp-content\/uploads\/2026\/01\/WhatsApp-Image-2026-01-29-at-13.01.09.jpeg\",\"contentUrl\":\"https:\/\/brasilnoticias.org\/site\/wp-content\/uploads\/2026\/01\/WhatsApp-Image-2026-01-29-at-13.01.09.jpeg\",\"width\":1280,\"height\":720},{\"@type\":\"BreadcrumbList\",\"@id\":\"https:\/\/brasilnoticias.org\/site\/lidice-nega-veto-a-mario-jr-fala-em-montar-chapa-competitiva-e-diz-trabalhar-fortemente-para-que-fabiola-continue-no-psb\/#breadcrumb\",\"itemListElement\":[{\"@type\":\"ListItem\",\"position\":1,\"name\":\"In\u00edcio\",\"item\":\"https:\/\/brasilnoticias.org\/site\/\"},{\"@type\":\"ListItem\",\"position\":2,\"name\":\"L\u00eddice nega veto a M\u00e1rio Jr., fala em montar chapa competitiva e diz trabalhar &#8216;fortemente para que Fab\u00edola continue no PSB&#8217;\"}]},{\"@type\":\"WebSite\",\"@id\":\"https:\/\/brasilnoticias.org\/site\/#website\",\"url\":\"https:\/\/brasilnoticias.org\/site\/\",\"name\":\"Brasil not\u00edcias\",\"description\":\"Brasil not\u00edcias\",\"publisher\":{\"@id\":\"https:\/\/brasilnoticias.org\/site\/#organization\"},\"potentialAction\":[{\"@type\":\"SearchAction\",\"target\":{\"@type\":\"EntryPoint\",\"urlTemplate\":\"https:\/\/brasilnoticias.org\/site\/?s={search_term_string}\"},\"query-input\":{\"@type\":\"PropertyValueSpecification\",\"valueRequired\":true,\"valueName\":\"search_term_string\"}}],\"inLanguage\":\"pt-PT\"},{\"@type\":\"Organization\",\"@id\":\"https:\/\/brasilnoticias.org\/site\/#organization\",\"name\":\"Brasil not\u00edcias\",\"url\":\"https:\/\/brasilnoticias.org\/site\/\",\"logo\":{\"@type\":\"ImageObject\",\"inLanguage\":\"pt-PT\",\"@id\":\"https:\/\/brasilnoticias.org\/site\/#\/schema\/logo\/image\/\",\"url\":\"https:\/\/brasilnoticias.org\/site\/wp-content\/uploads\/2022\/05\/cropped-brasilnoticias-mini.jpg\",\"contentUrl\":\"https:\/\/brasilnoticias.org\/site\/wp-content\/uploads\/2022\/05\/cropped-brasilnoticias-mini.jpg\",\"width\":314,\"height\":86,\"caption\":\"Brasil not\u00edcias\"},\"image\":{\"@id\":\"https:\/\/brasilnoticias.org\/site\/#\/schema\/logo\/image\/\"}},{\"@type\":\"Person\",\"@id\":\"https:\/\/brasilnoticias.org\/site\/#\/schema\/person\/03bbbfe6c7634ad18c26444ea39049fa\",\"name\":\"Reda\u00e7\u00e3o\",\"image\":{\"@type\":\"ImageObject\",\"inLanguage\":\"pt-PT\",\"@id\":\"https:\/\/brasilnoticias.org\/site\/#\/schema\/person\/image\/\",\"url\":\"https:\/\/secure.gravatar.com\/avatar\/9ecaf7327a696cb23ad926fedded5f1f04d7049de9e445375d55b48c001a6e42?s=96&d=mm&r=g\",\"contentUrl\":\"https:\/\/secure.gravatar.com\/avatar\/9ecaf7327a696cb23ad926fedded5f1f04d7049de9e445375d55b48c001a6e42?s=96&d=mm&r=g\",\"caption\":\"Reda\u00e7\u00e3o\"},\"url\":\"https:\/\/brasilnoticias.org\/site\/author\/henrique\/\"}]}<\/script>\n<!-- \/ Yoast SEO plugin. -->","yoast_head_json":{"title":"L\u00eddice nega veto a M\u00e1rio Jr., fala em montar chapa competitiva e diz trabalhar 'fortemente para que Fab\u00edola continue no PSB' - Brasil not\u00edcias","robots":{"index":"index","follow":"follow","max-snippet":"max-snippet:-1","max-image-preview":"max-image-preview:large","max-video-preview":"max-video-preview:-1"},"canonical":"https:\/\/brasilnoticias.org\/site\/lidice-nega-veto-a-mario-jr-fala-em-montar-chapa-competitiva-e-diz-trabalhar-fortemente-para-que-fabiola-continue-no-psb\/","og_locale":"pt_PT","og_type":"article","og_title":"L\u00eddice nega veto a M\u00e1rio Jr., fala em montar chapa competitiva e diz trabalhar 'fortemente para que Fab\u00edola continue no PSB' - Brasil not\u00edcias","og_description":"A deputada federal e presidente do PSB na Bahia, L\u00eddice da Mata, negou que tenha vetado a poss\u00edvel filia\u00e7\u00e3o do","og_url":"https:\/\/brasilnoticias.org\/site\/lidice-nega-veto-a-mario-jr-fala-em-montar-chapa-competitiva-e-diz-trabalhar-fortemente-para-que-fabiola-continue-no-psb\/","og_site_name":"Brasil not\u00edcias","article_published_time":"2026-01-30T11:44:14+00:00","og_image":[{"width":1280,"height":720,"url":"https:\/\/brasilnoticias.org\/site\/wp-content\/uploads\/2026\/01\/WhatsApp-Image-2026-01-29-at-13.01.09.jpeg","type":"image\/jpeg"}],"author":"Reda\u00e7\u00e3o","twitter_card":"summary_large_image","twitter_misc":{"Escrito por":"Reda\u00e7\u00e3o","Tempo estimado de leitura":"1 minuto"},"schema":{"@context":"https:\/\/schema.org","@graph":[{"@type":"Article","@id":"https:\/\/brasilnoticias.org\/site\/lidice-nega-veto-a-mario-jr-fala-em-montar-chapa-competitiva-e-diz-trabalhar-fortemente-para-que-fabiola-continue-no-psb\/#article","isPartOf":{"@id":"https:\/\/brasilnoticias.org\/site\/lidice-nega-veto-a-mario-jr-fala-em-montar-chapa-competitiva-e-diz-trabalhar-fortemente-para-que-fabiola-continue-no-psb\/"},"author":{"name":"Reda\u00e7\u00e3o","@id":"https:\/\/brasilnoticias.org\/site\/#\/schema\/person\/03bbbfe6c7634ad18c26444ea39049fa"},"headline":"L\u00eddice nega veto a M\u00e1rio Jr., fala em montar chapa competitiva e diz trabalhar &#8216;fortemente para que Fab\u00edola continue no PSB&#8217;","datePublished":"2026-01-30T11:44:14+00:00","mainEntityOfPage":{"@id":"https:\/\/brasilnoticias.org\/site\/lidice-nega-veto-a-mario-jr-fala-em-montar-chapa-competitiva-e-diz-trabalhar-fortemente-para-que-fabiola-continue-no-psb\/"},"wordCount":746,"commentCount":0,"publisher":{"@id":"https:\/\/brasilnoticias.org\/site\/#organization"},"image":{"@id":"https:\/\/brasilnoticias.org\/site\/lidice-nega-veto-a-mario-jr-fala-em-montar-chapa-competitiva-e-diz-trabalhar-fortemente-para-que-fabiola-continue-no-psb\/#primaryimage"},"thumbnailUrl":"https:\/\/brasilnoticias.org\/site\/wp-content\/uploads\/2026\/01\/WhatsApp-Image-2026-01-29-at-13.01.09.jpeg","articleSection":["Pol\u00edtica","\u00daltimas"],"inLanguage":"pt-PT","potentialAction":[{"@type":"CommentAction","name":"Comment","target":["https:\/\/brasilnoticias.org\/site\/lidice-nega-veto-a-mario-jr-fala-em-montar-chapa-competitiva-e-diz-trabalhar-fortemente-para-que-fabiola-continue-no-psb\/#respond"]}]},{"@type":"WebPage","@id":"https:\/\/brasilnoticias.org\/site\/lidice-nega-veto-a-mario-jr-fala-em-montar-chapa-competitiva-e-diz-trabalhar-fortemente-para-que-fabiola-continue-no-psb\/","url":"https:\/\/brasilnoticias.org\/site\/lidice-nega-veto-a-mario-jr-fala-em-montar-chapa-competitiva-e-diz-trabalhar-fortemente-para-que-fabiola-continue-no-psb\/","name":"L\u00eddice nega veto a M\u00e1rio Jr., fala em montar chapa competitiva e diz trabalhar 'fortemente para que Fab\u00edola continue no PSB' - Brasil not\u00edcias","isPartOf":{"@id":"https:\/\/brasilnoticias.org\/site\/#website"},"primaryImageOfPage":{"@id":"https:\/\/brasilnoticias.org\/site\/lidice-nega-veto-a-mario-jr-fala-em-montar-chapa-competitiva-e-diz-trabalhar-fortemente-para-que-fabiola-continue-no-psb\/#primaryimage"},"image":{"@id":"https:\/\/brasilnoticias.org\/site\/lidice-nega-veto-a-mario-jr-fala-em-montar-chapa-competitiva-e-diz-trabalhar-fortemente-para-que-fabiola-continue-no-psb\/#primaryimage"},"thumbnailUrl":"https:\/\/brasilnoticias.org\/site\/wp-content\/uploads\/2026\/01\/WhatsApp-Image-2026-01-29-at-13.01.09.jpeg","datePublished":"2026-01-30T11:44:14+00:00","breadcrumb":{"@id":"https:\/\/brasilnoticias.org\/site\/lidice-nega-veto-a-mario-jr-fala-em-montar-chapa-competitiva-e-diz-trabalhar-fortemente-para-que-fabiola-continue-no-psb\/#breadcrumb"},"inLanguage":"pt-PT","potentialAction":[{"@type":"ReadAction","target":["https:\/\/brasilnoticias.org\/site\/lidice-nega-veto-a-mario-jr-fala-em-montar-chapa-competitiva-e-diz-trabalhar-fortemente-para-que-fabiola-continue-no-psb\/"]}]},{"@type":"ImageObject","inLanguage":"pt-PT","@id":"https:\/\/brasilnoticias.org\/site\/lidice-nega-veto-a-mario-jr-fala-em-montar-chapa-competitiva-e-diz-trabalhar-fortemente-para-que-fabiola-continue-no-psb\/#primaryimage","url":"https:\/\/brasilnoticias.org\/site\/wp-content\/uploads\/2026\/01\/WhatsApp-Image-2026-01-29-at-13.01.09.jpeg","contentUrl":"https:\/\/brasilnoticias.org\/site\/wp-content\/uploads\/2026\/01\/WhatsApp-Image-2026-01-29-at-13.01.09.jpeg","width":1280,"height":720},{"@type":"BreadcrumbList","@id":"https:\/\/brasilnoticias.org\/site\/lidice-nega-veto-a-mario-jr-fala-em-montar-chapa-competitiva-e-diz-trabalhar-fortemente-para-que-fabiola-continue-no-psb\/#breadcrumb","itemListElement":[{"@type":"ListItem","position":1,"name":"In\u00edcio","item":"https:\/\/brasilnoticias.org\/site\/"},{"@type":"ListItem","position":2,"name":"L\u00eddice nega veto a M\u00e1rio Jr., fala em montar chapa competitiva e diz trabalhar &#8216;fortemente para que Fab\u00edola continue no PSB&#8217;"}]},{"@type":"WebSite","@id":"https:\/\/brasilnoticias.org\/site\/#website","url":"https:\/\/brasilnoticias.org\/site\/","name":"Brasil not\u00edcias","description":"Brasil not\u00edcias","publisher":{"@id":"https:\/\/brasilnoticias.org\/site\/#organization"},"potentialAction":[{"@type":"SearchAction","target":{"@type":"EntryPoint","urlTemplate":"https:\/\/brasilnoticias.org\/site\/?s={search_term_string}"},"query-input":{"@type":"PropertyValueSpecification","valueRequired":true,"valueName":"search_term_string"}}],"inLanguage":"pt-PT"},{"@type":"Organization","@id":"https:\/\/brasilnoticias.org\/site\/#organization","name":"Brasil not\u00edcias","url":"https:\/\/brasilnoticias.org\/site\/","logo":{"@type":"ImageObject","inLanguage":"pt-PT","@id":"https:\/\/brasilnoticias.org\/site\/#\/schema\/logo\/image\/","url":"https:\/\/brasilnoticias.org\/site\/wp-content\/uploads\/2022\/05\/cropped-brasilnoticias-mini.jpg","contentUrl":"https:\/\/brasilnoticias.org\/site\/wp-content\/uploads\/2022\/05\/cropped-brasilnoticias-mini.jpg","width":314,"height":86,"caption":"Brasil not\u00edcias"},"image":{"@id":"https:\/\/brasilnoticias.org\/site\/#\/schema\/logo\/image\/"}},{"@type":"Person","@id":"https:\/\/brasilnoticias.org\/site\/#\/schema\/person\/03bbbfe6c7634ad18c26444ea39049fa","name":"Reda\u00e7\u00e3o","image":{"@type":"ImageObject","inLanguage":"pt-PT","@id":"https:\/\/brasilnoticias.org\/site\/#\/schema\/person\/image\/","url":"https:\/\/secure.gravatar.com\/avatar\/9ecaf7327a696cb23ad926fedded5f1f04d7049de9e445375d55b48c001a6e42?s=96&d=mm&r=g","contentUrl":"https:\/\/secure.gravatar.com\/avatar\/9ecaf7327a696cb23ad926fedded5f1f04d7049de9e445375d55b48c001a6e42?s=96&d=mm&r=g","caption":"Reda\u00e7\u00e3o"},"url":"https:\/\/brasilnoticias.org\/site\/author\/henrique\/"}]}},"_links":{"self":[{"href":"https:\/\/brasilnoticias.org\/site\/wp-json\/wp\/v2\/posts\/19953","targetHints":{"allow":["GET"]}}],"collection":[{"href":"https:\/\/brasilnoticias.org\/site\/wp-json\/wp\/v2\/posts"}],"about":[{"href":"https:\/\/brasilnoticias.org\/site\/wp-json\/wp\/v2\/types\/post"}],"author":[{"embeddable":true,"href":"https:\/\/brasilnoticias.org\/site\/wp-json\/wp\/v2\/users\/4"}],"replies":[{"embeddable":true,"href":"https:\/\/brasilnoticias.org\/site\/wp-json\/wp\/v2\/comments?post=19953"}],"version-history":[{"count":1,"href":"https:\/\/brasilnoticias.org\/site\/wp-json\/wp\/v2\/posts\/19953\/revisions"}],"predecessor-version":[{"id":19955,"href":"https:\/\/brasilnoticias.org\/site\/wp-json\/wp\/v2\/posts\/19953\/revisions\/19955"}],"wp:featuredmedia":[{"embeddable":true,"href":"https:\/\/brasilnoticias.org\/site\/wp-json\/wp\/v2\/media\/19954"}],"wp:attachment":[{"href":"https:\/\/brasilnoticias.org\/site\/wp-json\/wp\/v2\/media?parent=19953"}],"wp:term":[{"taxonomy":"category","embeddable":true,"href":"https:\/\/brasilnoticias.org\/site\/wp-json\/wp\/v2\/categories?post=19953"},{"taxonomy":"post_tag","embeddable":true,"href":"https:\/\/brasilnoticias.org\/site\/wp-json\/wp\/v2\/tags?post=19953"}],"curies":[{"name":"wp","href":"https:\/\/api.w.org\/{rel}","templated":true}]}}