{"id":19970,"date":"2026-01-30T11:47:05","date_gmt":"2026-01-30T14:47:05","guid":{"rendered":"https:\/\/brasilnoticias.org\/site\/?p=19970"},"modified":"2026-01-30T11:47:05","modified_gmt":"2026-01-30T14:47:05","slug":"angelo-coronel-nao-descarta-ir-para-o-uniao-brasil-e-admite-votar-no-candidato-do-psd-a-presidencia-nao-em-lula","status":"publish","type":"post","link":"https:\/\/brasilnoticias.org\/site\/angelo-coronel-nao-descarta-ir-para-o-uniao-brasil-e-admite-votar-no-candidato-do-psd-a-presidencia-nao-em-lula\/","title":{"rendered":"Angelo Coronel n\u00e3o descarta ir para o Uni\u00e3o Brasil e admite votar no candidato do PSD \u00e0 Presid\u00eancia, n\u00e3o em Lula"},"content":{"rendered":"<p>O senador \u00c2ngelo Coronel (PSD) elevou o tom nesta sexta-feira (30), em entrevista \u00e0 r\u00e1dio CBN Salvador, e deixou dois recados diretos ao seu pr\u00f3prio partido e \u00e0 base do governo Jer\u00f4nimo Rodrigues: n\u00e3o descarta migrar para o Uni\u00e3o Brasil e, caso o PSD tenha candidato pr\u00f3prio \u00e0 Presid\u00eancia da Rep\u00fablica, seguir\u00e1 a orienta\u00e7\u00e3o nacional da legenda \u2014 mesmo que isso signifique n\u00e3o apoiar Lula na Bahia.<\/p>\n<p>Questionado diretamente sobre um poss\u00edvel convite do Uni\u00e3o Brasil \u2014 j\u00e1 admitido publicamente por dirigentes do partido \u2014 Coronel evitou fechar portas. \u201cRapaz, eu sempre digo: na vida eu n\u00e3o descarto nada. Quem d\u00e1 dispensa \u00e9 o Ex\u00e9rcito\u201d, afirmou.<\/p>\n<p>O senador confirmou que mant\u00e9m di\u00e1logo frequente com ACM Neto e Bruno Reis, mas disse que qualquer conversa pol\u00edtica s\u00f3 ocorrer\u00e1 ap\u00f3s a defini\u00e7\u00e3o do seu futuro dentro da base governista. \u201cDepois que tiver essa defini\u00e7\u00e3o, a gente senta para conversar\u201d, pontuou.<\/p>\n<p>Voto pode n\u00e3o ser Lula<\/p>\n<p>O trecho mais sens\u00edvel da entrevista veio quando Coronel foi perguntado, de forma direta, em quem votaria para presidente caso o PSD lance candidatura pr\u00f3pria, cen\u00e1rio hoje desenhado com Ronaldo Caiado.<\/p>\n<p>Ao contr\u00e1rio de Otto Alencar, que j\u00e1 declarou apoio irrestrito a Lula, Coronel afirmou que seguir\u00e1 o partido. \u201cEu sou partid\u00e1rio. Defendo o que for decis\u00e3o do partido. Se tiver 55 l\u00e1, coronel n\u00e3o hesita\u201d, disse, em refer\u00eancia ao n\u00famero do PSD, e completou: \u201cComo \u00e9 que um candidato a senador pelo 55 vai votar contra o presidente 55?.\u201d<\/p>\n<p>Coronel tamb\u00e9m demonstrou inc\u00f4modo com o espa\u00e7o oferecido ao partido dentro da chapa governista. \u201cEu n\u00e3o posso aceitar o maior partido da Bahia ficar sendo oferecido a supl\u00eancia ou vice-governadoria. Isso \u00e9 um absurdo\u201d, disparou.<\/p>\n<p>Segundo ele, o PSD, por tamanho e for\u00e7a municipalista, n\u00e3o pode ser tratado como coadjuvante: \u201cEu n\u00e3o estou mendigando vaga. Eu defendo que o partido tenha espa\u00e7o.\u201d<\/p>\n<p>Negativa sobre \u201cgolpe\u201d no PSD<\/p>\n<p>O senador negou ainda especula\u00e7\u00f5es de que teria articulado, em S\u00e3o Paulo, uma movimenta\u00e7\u00e3o junto ao presidente nacional da sigla, Gilberto Kassab, para tomar o comando do PSD da Bahia ap\u00f3s a filia\u00e7\u00e3o de Caiado.<\/p>\n<p>\u201cN\u00e3o houve encontro para conspirar contra Otto. Isso \u00e9 mentira, fake news\u201d, afirmou.<\/p>\n<p>Ele classificou como \u201csacanagem\u201d qualquer tentativa de retirar Otto da presid\u00eancia estadual do partido.<\/p>\n<p>PT como \u201cfator de disc\u00f3rdia\u201d<\/p>\n<p>Ao longo da entrevista, Coronel fez quest\u00e3o de afastar qualquer rompimento pessoal com o presidente estadual do PSD, Otto Alencar, e jogou no colo do PT a responsabilidade pelo desgaste interno. Segundo ele, o partido estaria estimulando o conflito para enfraquecer sua posi\u00e7\u00e3o na disputa pelo Senado.<\/p>\n<p>\u201cO PT quer briga entre eu e Otto. Quer que a gente brigue. Da minha parte n\u00e3o vai ter essa briga nunca\u201d, declarou.<\/p>\n<p>Apesar das especula\u00e7\u00f5es sobre acordos alternativos, Coronel garantiu que seu foco \u00e9 a disputa pelo Senado: \u201c\u00c2ngelo Coronel vai brigar pela reelei\u00e7\u00e3o. Quem tem que me tirar \u00e9 a urna, n\u00e3o imposi\u00e7\u00e3o de gabinete.\u201d<\/p>\n<p>O congressista disse que aguardar\u00e1 at\u00e9 mar\u00e7o uma defini\u00e7\u00e3o do governador Jer\u00f4nimo Rodrigues antes de tomar qualquer decis\u00e3o, que ser\u00e1 discutida com o seu grupo pol\u00edtico.<\/p>\n<p>Foto: Edilson Rodrigues \/ Ag\u00eancia Senado<br \/>\nFonte: <a href=\"https:\/\/www.blogdovila.com.br\/noticia\/coronel-uniao\">Blog do Vila<\/a><\/p>\n","protected":false},"excerpt":{"rendered":"<p>O senador \u00c2ngelo Coronel (PSD) elevou o tom nesta sexta-feira (30), em entrevista \u00e0 r\u00e1dio CBN Salvador, e deixou dois<\/p>\n","protected":false},"author":4,"featured_media":19971,"comment_status":"open","ping_status":"open","sticky":false,"template":"","format":"standard","meta":{"colormag_page_container_layout":"default_layout","colormag_page_sidebar_layout":"default_layout","_FSMCFIC_featured_image_caption":"","_FSMCFIC_featured_image_nocaption":"","_FSMCFIC_featured_image_hide":"","footnotes":""},"categories":[5,1],"tags":[],"class_list":["post-19970","post","type-post","status-publish","format-standard","has-post-thumbnail","hentry","category-politica","category-ultimas"],"yoast_head":"<!-- This site is optimized with the Yoast SEO plugin v27.1.1 - https:\/\/yoast.com\/product\/yoast-seo-wordpress\/ -->\n<title>Angelo Coronel n\u00e3o descarta ir para o Uni\u00e3o Brasil e admite votar no candidato do PSD \u00e0 Presid\u00eancia, n\u00e3o em Lula - Brasil not\u00edcias<\/title>\n<meta name=\"robots\" content=\"index, follow, max-snippet:-1, max-image-preview:large, max-video-preview:-1\" \/>\n<link rel=\"canonical\" href=\"https:\/\/brasilnoticias.org\/site\/angelo-coronel-nao-descarta-ir-para-o-uniao-brasil-e-admite-votar-no-candidato-do-psd-a-presidencia-nao-em-lula\/\" \/>\n<meta property=\"og:locale\" content=\"pt_PT\" \/>\n<meta property=\"og:type\" content=\"article\" \/>\n<meta property=\"og:title\" content=\"Angelo Coronel n\u00e3o descarta ir para o Uni\u00e3o Brasil e admite votar no candidato do PSD \u00e0 Presid\u00eancia, n\u00e3o em Lula - Brasil not\u00edcias\" \/>\n<meta property=\"og:description\" content=\"O senador \u00c2ngelo Coronel (PSD) elevou o tom nesta sexta-feira (30), em entrevista \u00e0 r\u00e1dio CBN Salvador, e deixou dois\" \/>\n<meta property=\"og:url\" content=\"https:\/\/brasilnoticias.org\/site\/angelo-coronel-nao-descarta-ir-para-o-uniao-brasil-e-admite-votar-no-candidato-do-psd-a-presidencia-nao-em-lula\/\" \/>\n<meta property=\"og:site_name\" content=\"Brasil not\u00edcias\" \/>\n<meta property=\"article:published_time\" content=\"2026-01-30T14:47:05+00:00\" \/>\n<meta property=\"og:image\" content=\"https:\/\/brasilnoticias.org\/site\/wp-content\/uploads\/2026\/01\/WhatsApp-Image-2026-01-30-at-10.49.12.jpeg\" \/>\n\t<meta property=\"og:image:width\" content=\"1600\" \/>\n\t<meta property=\"og:image:height\" content=\"899\" \/>\n\t<meta property=\"og:image:type\" content=\"image\/jpeg\" \/>\n<meta name=\"author\" content=\"Reda\u00e7\u00e3o\" \/>\n<meta name=\"twitter:card\" content=\"summary_large_image\" \/>\n<meta name=\"twitter:label1\" content=\"Escrito por\" \/>\n\t<meta name=\"twitter:data1\" content=\"Reda\u00e7\u00e3o\" \/>\n\t<meta name=\"twitter:label2\" content=\"Tempo estimado de leitura\" \/>\n\t<meta name=\"twitter:data2\" content=\"1 minuto\" \/>\n<script type=\"application\/ld+json\" class=\"yoast-schema-graph\">{\"@context\":\"https:\/\/schema.org\",\"@graph\":[{\"@type\":\"Article\",\"@id\":\"https:\/\/brasilnoticias.org\/site\/angelo-coronel-nao-descarta-ir-para-o-uniao-brasil-e-admite-votar-no-candidato-do-psd-a-presidencia-nao-em-lula\/#article\",\"isPartOf\":{\"@id\":\"https:\/\/brasilnoticias.org\/site\/angelo-coronel-nao-descarta-ir-para-o-uniao-brasil-e-admite-votar-no-candidato-do-psd-a-presidencia-nao-em-lula\/\"},\"author\":{\"name\":\"Reda\u00e7\u00e3o\",\"@id\":\"https:\/\/brasilnoticias.org\/site\/#\/schema\/person\/03bbbfe6c7634ad18c26444ea39049fa\"},\"headline\":\"Angelo Coronel n\u00e3o descarta ir para o Uni\u00e3o Brasil e admite votar no candidato do PSD \u00e0 Presid\u00eancia, n\u00e3o em Lula\",\"datePublished\":\"2026-01-30T14:47:05+00:00\",\"mainEntityOfPage\":{\"@id\":\"https:\/\/brasilnoticias.org\/site\/angelo-coronel-nao-descarta-ir-para-o-uniao-brasil-e-admite-votar-no-candidato-do-psd-a-presidencia-nao-em-lula\/\"},\"wordCount\":584,\"commentCount\":0,\"publisher\":{\"@id\":\"https:\/\/brasilnoticias.org\/site\/#organization\"},\"image\":{\"@id\":\"https:\/\/brasilnoticias.org\/site\/angelo-coronel-nao-descarta-ir-para-o-uniao-brasil-e-admite-votar-no-candidato-do-psd-a-presidencia-nao-em-lula\/#primaryimage\"},\"thumbnailUrl\":\"https:\/\/brasilnoticias.org\/site\/wp-content\/uploads\/2026\/01\/WhatsApp-Image-2026-01-30-at-10.49.12.jpeg\",\"articleSection\":[\"Pol\u00edtica\",\"\u00daltimas\"],\"inLanguage\":\"pt-PT\",\"potentialAction\":[{\"@type\":\"CommentAction\",\"name\":\"Comment\",\"target\":[\"https:\/\/brasilnoticias.org\/site\/angelo-coronel-nao-descarta-ir-para-o-uniao-brasil-e-admite-votar-no-candidato-do-psd-a-presidencia-nao-em-lula\/#respond\"]}]},{\"@type\":\"WebPage\",\"@id\":\"https:\/\/brasilnoticias.org\/site\/angelo-coronel-nao-descarta-ir-para-o-uniao-brasil-e-admite-votar-no-candidato-do-psd-a-presidencia-nao-em-lula\/\",\"url\":\"https:\/\/brasilnoticias.org\/site\/angelo-coronel-nao-descarta-ir-para-o-uniao-brasil-e-admite-votar-no-candidato-do-psd-a-presidencia-nao-em-lula\/\",\"name\":\"Angelo Coronel n\u00e3o descarta ir para o Uni\u00e3o Brasil e admite votar no candidato do PSD \u00e0 Presid\u00eancia, n\u00e3o em Lula - Brasil not\u00edcias\",\"isPartOf\":{\"@id\":\"https:\/\/brasilnoticias.org\/site\/#website\"},\"primaryImageOfPage\":{\"@id\":\"https:\/\/brasilnoticias.org\/site\/angelo-coronel-nao-descarta-ir-para-o-uniao-brasil-e-admite-votar-no-candidato-do-psd-a-presidencia-nao-em-lula\/#primaryimage\"},\"image\":{\"@id\":\"https:\/\/brasilnoticias.org\/site\/angelo-coronel-nao-descarta-ir-para-o-uniao-brasil-e-admite-votar-no-candidato-do-psd-a-presidencia-nao-em-lula\/#primaryimage\"},\"thumbnailUrl\":\"https:\/\/brasilnoticias.org\/site\/wp-content\/uploads\/2026\/01\/WhatsApp-Image-2026-01-30-at-10.49.12.jpeg\",\"datePublished\":\"2026-01-30T14:47:05+00:00\",\"breadcrumb\":{\"@id\":\"https:\/\/brasilnoticias.org\/site\/angelo-coronel-nao-descarta-ir-para-o-uniao-brasil-e-admite-votar-no-candidato-do-psd-a-presidencia-nao-em-lula\/#breadcrumb\"},\"inLanguage\":\"pt-PT\",\"potentialAction\":[{\"@type\":\"ReadAction\",\"target\":[\"https:\/\/brasilnoticias.org\/site\/angelo-coronel-nao-descarta-ir-para-o-uniao-brasil-e-admite-votar-no-candidato-do-psd-a-presidencia-nao-em-lula\/\"]}]},{\"@type\":\"ImageObject\",\"inLanguage\":\"pt-PT\",\"@id\":\"https:\/\/brasilnoticias.org\/site\/angelo-coronel-nao-descarta-ir-para-o-uniao-brasil-e-admite-votar-no-candidato-do-psd-a-presidencia-nao-em-lula\/#primaryimage\",\"url\":\"https:\/\/brasilnoticias.org\/site\/wp-content\/uploads\/2026\/01\/WhatsApp-Image-2026-01-30-at-10.49.12.jpeg\",\"contentUrl\":\"https:\/\/brasilnoticias.org\/site\/wp-content\/uploads\/2026\/01\/WhatsApp-Image-2026-01-30-at-10.49.12.jpeg\",\"width\":1600,\"height\":899},{\"@type\":\"BreadcrumbList\",\"@id\":\"https:\/\/brasilnoticias.org\/site\/angelo-coronel-nao-descarta-ir-para-o-uniao-brasil-e-admite-votar-no-candidato-do-psd-a-presidencia-nao-em-lula\/#breadcrumb\",\"itemListElement\":[{\"@type\":\"ListItem\",\"position\":1,\"name\":\"In\u00edcio\",\"item\":\"https:\/\/brasilnoticias.org\/site\/\"},{\"@type\":\"ListItem\",\"position\":2,\"name\":\"Angelo Coronel n\u00e3o descarta ir para o Uni\u00e3o Brasil e admite votar no candidato do PSD \u00e0 Presid\u00eancia, n\u00e3o em Lula\"}]},{\"@type\":\"WebSite\",\"@id\":\"https:\/\/brasilnoticias.org\/site\/#website\",\"url\":\"https:\/\/brasilnoticias.org\/site\/\",\"name\":\"Brasil not\u00edcias\",\"description\":\"Brasil not\u00edcias\",\"publisher\":{\"@id\":\"https:\/\/brasilnoticias.org\/site\/#organization\"},\"potentialAction\":[{\"@type\":\"SearchAction\",\"target\":{\"@type\":\"EntryPoint\",\"urlTemplate\":\"https:\/\/brasilnoticias.org\/site\/?s={search_term_string}\"},\"query-input\":{\"@type\":\"PropertyValueSpecification\",\"valueRequired\":true,\"valueName\":\"search_term_string\"}}],\"inLanguage\":\"pt-PT\"},{\"@type\":\"Organization\",\"@id\":\"https:\/\/brasilnoticias.org\/site\/#organization\",\"name\":\"Brasil not\u00edcias\",\"url\":\"https:\/\/brasilnoticias.org\/site\/\",\"logo\":{\"@type\":\"ImageObject\",\"inLanguage\":\"pt-PT\",\"@id\":\"https:\/\/brasilnoticias.org\/site\/#\/schema\/logo\/image\/\",\"url\":\"https:\/\/brasilnoticias.org\/site\/wp-content\/uploads\/2022\/05\/cropped-brasilnoticias-mini.jpg\",\"contentUrl\":\"https:\/\/brasilnoticias.org\/site\/wp-content\/uploads\/2022\/05\/cropped-brasilnoticias-mini.jpg\",\"width\":314,\"height\":86,\"caption\":\"Brasil not\u00edcias\"},\"image\":{\"@id\":\"https:\/\/brasilnoticias.org\/site\/#\/schema\/logo\/image\/\"}},{\"@type\":\"Person\",\"@id\":\"https:\/\/brasilnoticias.org\/site\/#\/schema\/person\/03bbbfe6c7634ad18c26444ea39049fa\",\"name\":\"Reda\u00e7\u00e3o\",\"image\":{\"@type\":\"ImageObject\",\"inLanguage\":\"pt-PT\",\"@id\":\"https:\/\/brasilnoticias.org\/site\/#\/schema\/person\/image\/\",\"url\":\"https:\/\/secure.gravatar.com\/avatar\/9ecaf7327a696cb23ad926fedded5f1f04d7049de9e445375d55b48c001a6e42?s=96&d=mm&r=g\",\"contentUrl\":\"https:\/\/secure.gravatar.com\/avatar\/9ecaf7327a696cb23ad926fedded5f1f04d7049de9e445375d55b48c001a6e42?s=96&d=mm&r=g\",\"caption\":\"Reda\u00e7\u00e3o\"},\"url\":\"https:\/\/brasilnoticias.org\/site\/author\/henrique\/\"}]}<\/script>\n<!-- \/ Yoast SEO plugin. -->","yoast_head_json":{"title":"Angelo Coronel n\u00e3o descarta ir para o Uni\u00e3o Brasil e admite votar no candidato do PSD \u00e0 Presid\u00eancia, n\u00e3o em Lula - Brasil not\u00edcias","robots":{"index":"index","follow":"follow","max-snippet":"max-snippet:-1","max-image-preview":"max-image-preview:large","max-video-preview":"max-video-preview:-1"},"canonical":"https:\/\/brasilnoticias.org\/site\/angelo-coronel-nao-descarta-ir-para-o-uniao-brasil-e-admite-votar-no-candidato-do-psd-a-presidencia-nao-em-lula\/","og_locale":"pt_PT","og_type":"article","og_title":"Angelo Coronel n\u00e3o descarta ir para o Uni\u00e3o Brasil e admite votar no candidato do PSD \u00e0 Presid\u00eancia, n\u00e3o em Lula - Brasil not\u00edcias","og_description":"O senador \u00c2ngelo Coronel (PSD) elevou o tom nesta sexta-feira (30), em entrevista \u00e0 r\u00e1dio CBN Salvador, e deixou dois","og_url":"https:\/\/brasilnoticias.org\/site\/angelo-coronel-nao-descarta-ir-para-o-uniao-brasil-e-admite-votar-no-candidato-do-psd-a-presidencia-nao-em-lula\/","og_site_name":"Brasil not\u00edcias","article_published_time":"2026-01-30T14:47:05+00:00","og_image":[{"width":1600,"height":899,"url":"https:\/\/brasilnoticias.org\/site\/wp-content\/uploads\/2026\/01\/WhatsApp-Image-2026-01-30-at-10.49.12.jpeg","type":"image\/jpeg"}],"author":"Reda\u00e7\u00e3o","twitter_card":"summary_large_image","twitter_misc":{"Escrito por":"Reda\u00e7\u00e3o","Tempo estimado de leitura":"1 minuto"},"schema":{"@context":"https:\/\/schema.org","@graph":[{"@type":"Article","@id":"https:\/\/brasilnoticias.org\/site\/angelo-coronel-nao-descarta-ir-para-o-uniao-brasil-e-admite-votar-no-candidato-do-psd-a-presidencia-nao-em-lula\/#article","isPartOf":{"@id":"https:\/\/brasilnoticias.org\/site\/angelo-coronel-nao-descarta-ir-para-o-uniao-brasil-e-admite-votar-no-candidato-do-psd-a-presidencia-nao-em-lula\/"},"author":{"name":"Reda\u00e7\u00e3o","@id":"https:\/\/brasilnoticias.org\/site\/#\/schema\/person\/03bbbfe6c7634ad18c26444ea39049fa"},"headline":"Angelo Coronel n\u00e3o descarta ir para o Uni\u00e3o Brasil e admite votar no candidato do PSD \u00e0 Presid\u00eancia, n\u00e3o em Lula","datePublished":"2026-01-30T14:47:05+00:00","mainEntityOfPage":{"@id":"https:\/\/brasilnoticias.org\/site\/angelo-coronel-nao-descarta-ir-para-o-uniao-brasil-e-admite-votar-no-candidato-do-psd-a-presidencia-nao-em-lula\/"},"wordCount":584,"commentCount":0,"publisher":{"@id":"https:\/\/brasilnoticias.org\/site\/#organization"},"image":{"@id":"https:\/\/brasilnoticias.org\/site\/angelo-coronel-nao-descarta-ir-para-o-uniao-brasil-e-admite-votar-no-candidato-do-psd-a-presidencia-nao-em-lula\/#primaryimage"},"thumbnailUrl":"https:\/\/brasilnoticias.org\/site\/wp-content\/uploads\/2026\/01\/WhatsApp-Image-2026-01-30-at-10.49.12.jpeg","articleSection":["Pol\u00edtica","\u00daltimas"],"inLanguage":"pt-PT","potentialAction":[{"@type":"CommentAction","name":"Comment","target":["https:\/\/brasilnoticias.org\/site\/angelo-coronel-nao-descarta-ir-para-o-uniao-brasil-e-admite-votar-no-candidato-do-psd-a-presidencia-nao-em-lula\/#respond"]}]},{"@type":"WebPage","@id":"https:\/\/brasilnoticias.org\/site\/angelo-coronel-nao-descarta-ir-para-o-uniao-brasil-e-admite-votar-no-candidato-do-psd-a-presidencia-nao-em-lula\/","url":"https:\/\/brasilnoticias.org\/site\/angelo-coronel-nao-descarta-ir-para-o-uniao-brasil-e-admite-votar-no-candidato-do-psd-a-presidencia-nao-em-lula\/","name":"Angelo Coronel n\u00e3o descarta ir para o Uni\u00e3o Brasil e admite votar no candidato do PSD \u00e0 Presid\u00eancia, n\u00e3o em Lula - Brasil not\u00edcias","isPartOf":{"@id":"https:\/\/brasilnoticias.org\/site\/#website"},"primaryImageOfPage":{"@id":"https:\/\/brasilnoticias.org\/site\/angelo-coronel-nao-descarta-ir-para-o-uniao-brasil-e-admite-votar-no-candidato-do-psd-a-presidencia-nao-em-lula\/#primaryimage"},"image":{"@id":"https:\/\/brasilnoticias.org\/site\/angelo-coronel-nao-descarta-ir-para-o-uniao-brasil-e-admite-votar-no-candidato-do-psd-a-presidencia-nao-em-lula\/#primaryimage"},"thumbnailUrl":"https:\/\/brasilnoticias.org\/site\/wp-content\/uploads\/2026\/01\/WhatsApp-Image-2026-01-30-at-10.49.12.jpeg","datePublished":"2026-01-30T14:47:05+00:00","breadcrumb":{"@id":"https:\/\/brasilnoticias.org\/site\/angelo-coronel-nao-descarta-ir-para-o-uniao-brasil-e-admite-votar-no-candidato-do-psd-a-presidencia-nao-em-lula\/#breadcrumb"},"inLanguage":"pt-PT","potentialAction":[{"@type":"ReadAction","target":["https:\/\/brasilnoticias.org\/site\/angelo-coronel-nao-descarta-ir-para-o-uniao-brasil-e-admite-votar-no-candidato-do-psd-a-presidencia-nao-em-lula\/"]}]},{"@type":"ImageObject","inLanguage":"pt-PT","@id":"https:\/\/brasilnoticias.org\/site\/angelo-coronel-nao-descarta-ir-para-o-uniao-brasil-e-admite-votar-no-candidato-do-psd-a-presidencia-nao-em-lula\/#primaryimage","url":"https:\/\/brasilnoticias.org\/site\/wp-content\/uploads\/2026\/01\/WhatsApp-Image-2026-01-30-at-10.49.12.jpeg","contentUrl":"https:\/\/brasilnoticias.org\/site\/wp-content\/uploads\/2026\/01\/WhatsApp-Image-2026-01-30-at-10.49.12.jpeg","width":1600,"height":899},{"@type":"BreadcrumbList","@id":"https:\/\/brasilnoticias.org\/site\/angelo-coronel-nao-descarta-ir-para-o-uniao-brasil-e-admite-votar-no-candidato-do-psd-a-presidencia-nao-em-lula\/#breadcrumb","itemListElement":[{"@type":"ListItem","position":1,"name":"In\u00edcio","item":"https:\/\/brasilnoticias.org\/site\/"},{"@type":"ListItem","position":2,"name":"Angelo Coronel n\u00e3o descarta ir para o Uni\u00e3o Brasil e admite votar no candidato do PSD \u00e0 Presid\u00eancia, n\u00e3o em Lula"}]},{"@type":"WebSite","@id":"https:\/\/brasilnoticias.org\/site\/#website","url":"https:\/\/brasilnoticias.org\/site\/","name":"Brasil not\u00edcias","description":"Brasil not\u00edcias","publisher":{"@id":"https:\/\/brasilnoticias.org\/site\/#organization"},"potentialAction":[{"@type":"SearchAction","target":{"@type":"EntryPoint","urlTemplate":"https:\/\/brasilnoticias.org\/site\/?s={search_term_string}"},"query-input":{"@type":"PropertyValueSpecification","valueRequired":true,"valueName":"search_term_string"}}],"inLanguage":"pt-PT"},{"@type":"Organization","@id":"https:\/\/brasilnoticias.org\/site\/#organization","name":"Brasil not\u00edcias","url":"https:\/\/brasilnoticias.org\/site\/","logo":{"@type":"ImageObject","inLanguage":"pt-PT","@id":"https:\/\/brasilnoticias.org\/site\/#\/schema\/logo\/image\/","url":"https:\/\/brasilnoticias.org\/site\/wp-content\/uploads\/2022\/05\/cropped-brasilnoticias-mini.jpg","contentUrl":"https:\/\/brasilnoticias.org\/site\/wp-content\/uploads\/2022\/05\/cropped-brasilnoticias-mini.jpg","width":314,"height":86,"caption":"Brasil not\u00edcias"},"image":{"@id":"https:\/\/brasilnoticias.org\/site\/#\/schema\/logo\/image\/"}},{"@type":"Person","@id":"https:\/\/brasilnoticias.org\/site\/#\/schema\/person\/03bbbfe6c7634ad18c26444ea39049fa","name":"Reda\u00e7\u00e3o","image":{"@type":"ImageObject","inLanguage":"pt-PT","@id":"https:\/\/brasilnoticias.org\/site\/#\/schema\/person\/image\/","url":"https:\/\/secure.gravatar.com\/avatar\/9ecaf7327a696cb23ad926fedded5f1f04d7049de9e445375d55b48c001a6e42?s=96&d=mm&r=g","contentUrl":"https:\/\/secure.gravatar.com\/avatar\/9ecaf7327a696cb23ad926fedded5f1f04d7049de9e445375d55b48c001a6e42?s=96&d=mm&r=g","caption":"Reda\u00e7\u00e3o"},"url":"https:\/\/brasilnoticias.org\/site\/author\/henrique\/"}]}},"_links":{"self":[{"href":"https:\/\/brasilnoticias.org\/site\/wp-json\/wp\/v2\/posts\/19970","targetHints":{"allow":["GET"]}}],"collection":[{"href":"https:\/\/brasilnoticias.org\/site\/wp-json\/wp\/v2\/posts"}],"about":[{"href":"https:\/\/brasilnoticias.org\/site\/wp-json\/wp\/v2\/types\/post"}],"author":[{"embeddable":true,"href":"https:\/\/brasilnoticias.org\/site\/wp-json\/wp\/v2\/users\/4"}],"replies":[{"embeddable":true,"href":"https:\/\/brasilnoticias.org\/site\/wp-json\/wp\/v2\/comments?post=19970"}],"version-history":[{"count":1,"href":"https:\/\/brasilnoticias.org\/site\/wp-json\/wp\/v2\/posts\/19970\/revisions"}],"predecessor-version":[{"id":19972,"href":"https:\/\/brasilnoticias.org\/site\/wp-json\/wp\/v2\/posts\/19970\/revisions\/19972"}],"wp:featuredmedia":[{"embeddable":true,"href":"https:\/\/brasilnoticias.org\/site\/wp-json\/wp\/v2\/media\/19971"}],"wp:attachment":[{"href":"https:\/\/brasilnoticias.org\/site\/wp-json\/wp\/v2\/media?parent=19970"}],"wp:term":[{"taxonomy":"category","embeddable":true,"href":"https:\/\/brasilnoticias.org\/site\/wp-json\/wp\/v2\/categories?post=19970"},{"taxonomy":"post_tag","embeddable":true,"href":"https:\/\/brasilnoticias.org\/site\/wp-json\/wp\/v2\/tags?post=19970"}],"curies":[{"name":"wp","href":"https:\/\/api.w.org\/{rel}","templated":true}]}}