{"id":19986,"date":"2026-01-31T15:20:37","date_gmt":"2026-01-31T18:20:37","guid":{"rendered":"https:\/\/brasilnoticias.org\/site\/?p=19986"},"modified":"2026-01-31T15:20:37","modified_gmt":"2026-01-31T18:20:37","slug":"incendio-atinge-instituto-do-coracao-em-sp-e-pacientes-sao-evacuados","status":"publish","type":"post","link":"https:\/\/brasilnoticias.org\/site\/incendio-atinge-instituto-do-coracao-em-sp-e-pacientes-sao-evacuados\/","title":{"rendered":"Inc\u00eandio atinge Instituto do Cora\u00e7\u00e3o em SP e pacientes s\u00e3o evacuados"},"content":{"rendered":"<p>Um inc\u00eandio atingiu o Instituto do Cora\u00e7\u00e3o (InCor), em S\u00e3o Paulo, provocando a evacua\u00e7\u00e3o preventiva de pacientes e funcion\u00e1rios. O fogo teve in\u00edcio em uma \u00e1rea t\u00e9cnica do pr\u00e9dio e mobilizou rapidamente equipes do Corpo de Bombeiros.<\/p>\n<p>Segundo informa\u00e7\u00f5es preliminares, n\u00e3o houve v\u00edtimas, e os pacientes foram transferidos para \u00e1reas seguras do complexo hospitalar. O inc\u00eandio foi controlado em curto espa\u00e7o de tempo, evitando danos maiores \u00e0 estrutura.<\/p>\n<p>A dire\u00e7\u00e3o do hospital informou que as causas do fogo ser\u00e3o apuradas e que o atendimento foi reorganizado para garantir a continuidade dos servi\u00e7os essenciais.<\/p>\n<p>Foto: Reprodu\u00e7\u00e3o \/ Uol<br \/>\nFonte: Bahia Not\u00edcias<\/p>\n","protected":false},"excerpt":{"rendered":"<p>Um inc\u00eandio atingiu o Instituto do Cora\u00e7\u00e3o (InCor), em S\u00e3o Paulo, provocando a evacua\u00e7\u00e3o preventiva de pacientes e funcion\u00e1rios. O<\/p>\n","protected":false},"author":4,"featured_media":19987,"comment_status":"open","ping_status":"open","sticky":false,"template":"","format":"standard","meta":{"colormag_page_container_layout":"default_layout","colormag_page_sidebar_layout":"default_layout","_FSMCFIC_featured_image_caption":"","_FSMCFIC_featured_image_nocaption":"","_FSMCFIC_featured_image_hide":"","footnotes":""},"categories":[2,1],"tags":[],"class_list":["post-19986","post","type-post","status-publish","format-standard","has-post-thumbnail","hentry","category-noticias","category-ultimas"],"yoast_head":"<!-- This site is optimized with the Yoast SEO plugin v27.1.1 - https:\/\/yoast.com\/product\/yoast-seo-wordpress\/ -->\n<title>Inc\u00eandio atinge Instituto do Cora\u00e7\u00e3o em SP e pacientes s\u00e3o evacuados - Brasil not\u00edcias<\/title>\n<meta name=\"robots\" content=\"index, follow, max-snippet:-1, max-image-preview:large, max-video-preview:-1\" \/>\n<link rel=\"canonical\" href=\"https:\/\/brasilnoticias.org\/site\/incendio-atinge-instituto-do-coracao-em-sp-e-pacientes-sao-evacuados\/\" \/>\n<meta property=\"og:locale\" content=\"pt_PT\" \/>\n<meta property=\"og:type\" content=\"article\" \/>\n<meta property=\"og:title\" content=\"Inc\u00eandio atinge Instituto do Cora\u00e7\u00e3o em SP e pacientes s\u00e3o evacuados - Brasil not\u00edcias\" \/>\n<meta property=\"og:description\" content=\"Um inc\u00eandio atingiu o Instituto do Cora\u00e7\u00e3o (InCor), em S\u00e3o Paulo, provocando a evacua\u00e7\u00e3o preventiva de pacientes e funcion\u00e1rios. O\" \/>\n<meta property=\"og:url\" content=\"https:\/\/brasilnoticias.org\/site\/incendio-atinge-instituto-do-coracao-em-sp-e-pacientes-sao-evacuados\/\" \/>\n<meta property=\"og:site_name\" content=\"Brasil not\u00edcias\" \/>\n<meta property=\"article:published_time\" content=\"2026-01-31T18:20:37+00:00\" \/>\n<meta property=\"og:image\" content=\"https:\/\/brasilnoticias.org\/site\/wp-content\/uploads\/2026\/01\/IMAGEM_NOTICIA_9-16.webp\" \/>\n\t<meta property=\"og:image:width\" content=\"1200\" \/>\n\t<meta property=\"og:image:height\" content=\"630\" \/>\n\t<meta property=\"og:image:type\" content=\"image\/webp\" \/>\n<meta name=\"author\" content=\"Reda\u00e7\u00e3o\" \/>\n<meta name=\"twitter:card\" content=\"summary_large_image\" \/>\n<meta name=\"twitter:label1\" content=\"Escrito por\" \/>\n\t<meta name=\"twitter:data1\" content=\"Reda\u00e7\u00e3o\" \/>\n\t<meta name=\"twitter:label2\" content=\"Tempo estimado de leitura\" \/>\n\t<meta name=\"twitter:data2\" content=\"1 minuto\" \/>\n<script type=\"application\/ld+json\" class=\"yoast-schema-graph\">{\"@context\":\"https:\/\/schema.org\",\"@graph\":[{\"@type\":\"Article\",\"@id\":\"https:\/\/brasilnoticias.org\/site\/incendio-atinge-instituto-do-coracao-em-sp-e-pacientes-sao-evacuados\/#article\",\"isPartOf\":{\"@id\":\"https:\/\/brasilnoticias.org\/site\/incendio-atinge-instituto-do-coracao-em-sp-e-pacientes-sao-evacuados\/\"},\"author\":{\"name\":\"Reda\u00e7\u00e3o\",\"@id\":\"https:\/\/brasilnoticias.org\/site\/#\/schema\/person\/03bbbfe6c7634ad18c26444ea39049fa\"},\"headline\":\"Inc\u00eandio atinge Instituto do Cora\u00e7\u00e3o em SP e pacientes s\u00e3o evacuados\",\"datePublished\":\"2026-01-31T18:20:37+00:00\",\"mainEntityOfPage\":{\"@id\":\"https:\/\/brasilnoticias.org\/site\/incendio-atinge-instituto-do-coracao-em-sp-e-pacientes-sao-evacuados\/\"},\"wordCount\":130,\"commentCount\":0,\"publisher\":{\"@id\":\"https:\/\/brasilnoticias.org\/site\/#organization\"},\"image\":{\"@id\":\"https:\/\/brasilnoticias.org\/site\/incendio-atinge-instituto-do-coracao-em-sp-e-pacientes-sao-evacuados\/#primaryimage\"},\"thumbnailUrl\":\"https:\/\/brasilnoticias.org\/site\/wp-content\/uploads\/2026\/01\/IMAGEM_NOTICIA_9-16.webp\",\"articleSection\":[\"Not\u00edcias\",\"\u00daltimas\"],\"inLanguage\":\"pt-PT\",\"potentialAction\":[{\"@type\":\"CommentAction\",\"name\":\"Comment\",\"target\":[\"https:\/\/brasilnoticias.org\/site\/incendio-atinge-instituto-do-coracao-em-sp-e-pacientes-sao-evacuados\/#respond\"]}]},{\"@type\":\"WebPage\",\"@id\":\"https:\/\/brasilnoticias.org\/site\/incendio-atinge-instituto-do-coracao-em-sp-e-pacientes-sao-evacuados\/\",\"url\":\"https:\/\/brasilnoticias.org\/site\/incendio-atinge-instituto-do-coracao-em-sp-e-pacientes-sao-evacuados\/\",\"name\":\"Inc\u00eandio atinge Instituto do Cora\u00e7\u00e3o em SP e pacientes s\u00e3o evacuados - Brasil not\u00edcias\",\"isPartOf\":{\"@id\":\"https:\/\/brasilnoticias.org\/site\/#website\"},\"primaryImageOfPage\":{\"@id\":\"https:\/\/brasilnoticias.org\/site\/incendio-atinge-instituto-do-coracao-em-sp-e-pacientes-sao-evacuados\/#primaryimage\"},\"image\":{\"@id\":\"https:\/\/brasilnoticias.org\/site\/incendio-atinge-instituto-do-coracao-em-sp-e-pacientes-sao-evacuados\/#primaryimage\"},\"thumbnailUrl\":\"https:\/\/brasilnoticias.org\/site\/wp-content\/uploads\/2026\/01\/IMAGEM_NOTICIA_9-16.webp\",\"datePublished\":\"2026-01-31T18:20:37+00:00\",\"breadcrumb\":{\"@id\":\"https:\/\/brasilnoticias.org\/site\/incendio-atinge-instituto-do-coracao-em-sp-e-pacientes-sao-evacuados\/#breadcrumb\"},\"inLanguage\":\"pt-PT\",\"potentialAction\":[{\"@type\":\"ReadAction\",\"target\":[\"https:\/\/brasilnoticias.org\/site\/incendio-atinge-instituto-do-coracao-em-sp-e-pacientes-sao-evacuados\/\"]}]},{\"@type\":\"ImageObject\",\"inLanguage\":\"pt-PT\",\"@id\":\"https:\/\/brasilnoticias.org\/site\/incendio-atinge-instituto-do-coracao-em-sp-e-pacientes-sao-evacuados\/#primaryimage\",\"url\":\"https:\/\/brasilnoticias.org\/site\/wp-content\/uploads\/2026\/01\/IMAGEM_NOTICIA_9-16.webp\",\"contentUrl\":\"https:\/\/brasilnoticias.org\/site\/wp-content\/uploads\/2026\/01\/IMAGEM_NOTICIA_9-16.webp\",\"width\":1200,\"height\":630},{\"@type\":\"BreadcrumbList\",\"@id\":\"https:\/\/brasilnoticias.org\/site\/incendio-atinge-instituto-do-coracao-em-sp-e-pacientes-sao-evacuados\/#breadcrumb\",\"itemListElement\":[{\"@type\":\"ListItem\",\"position\":1,\"name\":\"In\u00edcio\",\"item\":\"https:\/\/brasilnoticias.org\/site\/\"},{\"@type\":\"ListItem\",\"position\":2,\"name\":\"Inc\u00eandio atinge Instituto do Cora\u00e7\u00e3o em SP e pacientes s\u00e3o evacuados\"}]},{\"@type\":\"WebSite\",\"@id\":\"https:\/\/brasilnoticias.org\/site\/#website\",\"url\":\"https:\/\/brasilnoticias.org\/site\/\",\"name\":\"Brasil not\u00edcias\",\"description\":\"Brasil not\u00edcias\",\"publisher\":{\"@id\":\"https:\/\/brasilnoticias.org\/site\/#organization\"},\"potentialAction\":[{\"@type\":\"SearchAction\",\"target\":{\"@type\":\"EntryPoint\",\"urlTemplate\":\"https:\/\/brasilnoticias.org\/site\/?s={search_term_string}\"},\"query-input\":{\"@type\":\"PropertyValueSpecification\",\"valueRequired\":true,\"valueName\":\"search_term_string\"}}],\"inLanguage\":\"pt-PT\"},{\"@type\":\"Organization\",\"@id\":\"https:\/\/brasilnoticias.org\/site\/#organization\",\"name\":\"Brasil not\u00edcias\",\"url\":\"https:\/\/brasilnoticias.org\/site\/\",\"logo\":{\"@type\":\"ImageObject\",\"inLanguage\":\"pt-PT\",\"@id\":\"https:\/\/brasilnoticias.org\/site\/#\/schema\/logo\/image\/\",\"url\":\"https:\/\/brasilnoticias.org\/site\/wp-content\/uploads\/2022\/05\/cropped-brasilnoticias-mini.jpg\",\"contentUrl\":\"https:\/\/brasilnoticias.org\/site\/wp-content\/uploads\/2022\/05\/cropped-brasilnoticias-mini.jpg\",\"width\":314,\"height\":86,\"caption\":\"Brasil not\u00edcias\"},\"image\":{\"@id\":\"https:\/\/brasilnoticias.org\/site\/#\/schema\/logo\/image\/\"}},{\"@type\":\"Person\",\"@id\":\"https:\/\/brasilnoticias.org\/site\/#\/schema\/person\/03bbbfe6c7634ad18c26444ea39049fa\",\"name\":\"Reda\u00e7\u00e3o\",\"image\":{\"@type\":\"ImageObject\",\"inLanguage\":\"pt-PT\",\"@id\":\"https:\/\/brasilnoticias.org\/site\/#\/schema\/person\/image\/\",\"url\":\"https:\/\/secure.gravatar.com\/avatar\/9ecaf7327a696cb23ad926fedded5f1f04d7049de9e445375d55b48c001a6e42?s=96&d=mm&r=g\",\"contentUrl\":\"https:\/\/secure.gravatar.com\/avatar\/9ecaf7327a696cb23ad926fedded5f1f04d7049de9e445375d55b48c001a6e42?s=96&d=mm&r=g\",\"caption\":\"Reda\u00e7\u00e3o\"},\"url\":\"https:\/\/brasilnoticias.org\/site\/author\/henrique\/\"}]}<\/script>\n<!-- \/ Yoast SEO plugin. -->","yoast_head_json":{"title":"Inc\u00eandio atinge Instituto do Cora\u00e7\u00e3o em SP e pacientes s\u00e3o evacuados - Brasil not\u00edcias","robots":{"index":"index","follow":"follow","max-snippet":"max-snippet:-1","max-image-preview":"max-image-preview:large","max-video-preview":"max-video-preview:-1"},"canonical":"https:\/\/brasilnoticias.org\/site\/incendio-atinge-instituto-do-coracao-em-sp-e-pacientes-sao-evacuados\/","og_locale":"pt_PT","og_type":"article","og_title":"Inc\u00eandio atinge Instituto do Cora\u00e7\u00e3o em SP e pacientes s\u00e3o evacuados - Brasil not\u00edcias","og_description":"Um inc\u00eandio atingiu o Instituto do Cora\u00e7\u00e3o (InCor), em S\u00e3o Paulo, provocando a evacua\u00e7\u00e3o preventiva de pacientes e funcion\u00e1rios. O","og_url":"https:\/\/brasilnoticias.org\/site\/incendio-atinge-instituto-do-coracao-em-sp-e-pacientes-sao-evacuados\/","og_site_name":"Brasil not\u00edcias","article_published_time":"2026-01-31T18:20:37+00:00","og_image":[{"width":1200,"height":630,"url":"https:\/\/brasilnoticias.org\/site\/wp-content\/uploads\/2026\/01\/IMAGEM_NOTICIA_9-16.webp","type":"image\/webp"}],"author":"Reda\u00e7\u00e3o","twitter_card":"summary_large_image","twitter_misc":{"Escrito por":"Reda\u00e7\u00e3o","Tempo estimado de leitura":"1 minuto"},"schema":{"@context":"https:\/\/schema.org","@graph":[{"@type":"Article","@id":"https:\/\/brasilnoticias.org\/site\/incendio-atinge-instituto-do-coracao-em-sp-e-pacientes-sao-evacuados\/#article","isPartOf":{"@id":"https:\/\/brasilnoticias.org\/site\/incendio-atinge-instituto-do-coracao-em-sp-e-pacientes-sao-evacuados\/"},"author":{"name":"Reda\u00e7\u00e3o","@id":"https:\/\/brasilnoticias.org\/site\/#\/schema\/person\/03bbbfe6c7634ad18c26444ea39049fa"},"headline":"Inc\u00eandio atinge Instituto do Cora\u00e7\u00e3o em SP e pacientes s\u00e3o evacuados","datePublished":"2026-01-31T18:20:37+00:00","mainEntityOfPage":{"@id":"https:\/\/brasilnoticias.org\/site\/incendio-atinge-instituto-do-coracao-em-sp-e-pacientes-sao-evacuados\/"},"wordCount":130,"commentCount":0,"publisher":{"@id":"https:\/\/brasilnoticias.org\/site\/#organization"},"image":{"@id":"https:\/\/brasilnoticias.org\/site\/incendio-atinge-instituto-do-coracao-em-sp-e-pacientes-sao-evacuados\/#primaryimage"},"thumbnailUrl":"https:\/\/brasilnoticias.org\/site\/wp-content\/uploads\/2026\/01\/IMAGEM_NOTICIA_9-16.webp","articleSection":["Not\u00edcias","\u00daltimas"],"inLanguage":"pt-PT","potentialAction":[{"@type":"CommentAction","name":"Comment","target":["https:\/\/brasilnoticias.org\/site\/incendio-atinge-instituto-do-coracao-em-sp-e-pacientes-sao-evacuados\/#respond"]}]},{"@type":"WebPage","@id":"https:\/\/brasilnoticias.org\/site\/incendio-atinge-instituto-do-coracao-em-sp-e-pacientes-sao-evacuados\/","url":"https:\/\/brasilnoticias.org\/site\/incendio-atinge-instituto-do-coracao-em-sp-e-pacientes-sao-evacuados\/","name":"Inc\u00eandio atinge Instituto do Cora\u00e7\u00e3o em SP e pacientes s\u00e3o evacuados - Brasil not\u00edcias","isPartOf":{"@id":"https:\/\/brasilnoticias.org\/site\/#website"},"primaryImageOfPage":{"@id":"https:\/\/brasilnoticias.org\/site\/incendio-atinge-instituto-do-coracao-em-sp-e-pacientes-sao-evacuados\/#primaryimage"},"image":{"@id":"https:\/\/brasilnoticias.org\/site\/incendio-atinge-instituto-do-coracao-em-sp-e-pacientes-sao-evacuados\/#primaryimage"},"thumbnailUrl":"https:\/\/brasilnoticias.org\/site\/wp-content\/uploads\/2026\/01\/IMAGEM_NOTICIA_9-16.webp","datePublished":"2026-01-31T18:20:37+00:00","breadcrumb":{"@id":"https:\/\/brasilnoticias.org\/site\/incendio-atinge-instituto-do-coracao-em-sp-e-pacientes-sao-evacuados\/#breadcrumb"},"inLanguage":"pt-PT","potentialAction":[{"@type":"ReadAction","target":["https:\/\/brasilnoticias.org\/site\/incendio-atinge-instituto-do-coracao-em-sp-e-pacientes-sao-evacuados\/"]}]},{"@type":"ImageObject","inLanguage":"pt-PT","@id":"https:\/\/brasilnoticias.org\/site\/incendio-atinge-instituto-do-coracao-em-sp-e-pacientes-sao-evacuados\/#primaryimage","url":"https:\/\/brasilnoticias.org\/site\/wp-content\/uploads\/2026\/01\/IMAGEM_NOTICIA_9-16.webp","contentUrl":"https:\/\/brasilnoticias.org\/site\/wp-content\/uploads\/2026\/01\/IMAGEM_NOTICIA_9-16.webp","width":1200,"height":630},{"@type":"BreadcrumbList","@id":"https:\/\/brasilnoticias.org\/site\/incendio-atinge-instituto-do-coracao-em-sp-e-pacientes-sao-evacuados\/#breadcrumb","itemListElement":[{"@type":"ListItem","position":1,"name":"In\u00edcio","item":"https:\/\/brasilnoticias.org\/site\/"},{"@type":"ListItem","position":2,"name":"Inc\u00eandio atinge Instituto do Cora\u00e7\u00e3o em SP e pacientes s\u00e3o evacuados"}]},{"@type":"WebSite","@id":"https:\/\/brasilnoticias.org\/site\/#website","url":"https:\/\/brasilnoticias.org\/site\/","name":"Brasil not\u00edcias","description":"Brasil not\u00edcias","publisher":{"@id":"https:\/\/brasilnoticias.org\/site\/#organization"},"potentialAction":[{"@type":"SearchAction","target":{"@type":"EntryPoint","urlTemplate":"https:\/\/brasilnoticias.org\/site\/?s={search_term_string}"},"query-input":{"@type":"PropertyValueSpecification","valueRequired":true,"valueName":"search_term_string"}}],"inLanguage":"pt-PT"},{"@type":"Organization","@id":"https:\/\/brasilnoticias.org\/site\/#organization","name":"Brasil not\u00edcias","url":"https:\/\/brasilnoticias.org\/site\/","logo":{"@type":"ImageObject","inLanguage":"pt-PT","@id":"https:\/\/brasilnoticias.org\/site\/#\/schema\/logo\/image\/","url":"https:\/\/brasilnoticias.org\/site\/wp-content\/uploads\/2022\/05\/cropped-brasilnoticias-mini.jpg","contentUrl":"https:\/\/brasilnoticias.org\/site\/wp-content\/uploads\/2022\/05\/cropped-brasilnoticias-mini.jpg","width":314,"height":86,"caption":"Brasil not\u00edcias"},"image":{"@id":"https:\/\/brasilnoticias.org\/site\/#\/schema\/logo\/image\/"}},{"@type":"Person","@id":"https:\/\/brasilnoticias.org\/site\/#\/schema\/person\/03bbbfe6c7634ad18c26444ea39049fa","name":"Reda\u00e7\u00e3o","image":{"@type":"ImageObject","inLanguage":"pt-PT","@id":"https:\/\/brasilnoticias.org\/site\/#\/schema\/person\/image\/","url":"https:\/\/secure.gravatar.com\/avatar\/9ecaf7327a696cb23ad926fedded5f1f04d7049de9e445375d55b48c001a6e42?s=96&d=mm&r=g","contentUrl":"https:\/\/secure.gravatar.com\/avatar\/9ecaf7327a696cb23ad926fedded5f1f04d7049de9e445375d55b48c001a6e42?s=96&d=mm&r=g","caption":"Reda\u00e7\u00e3o"},"url":"https:\/\/brasilnoticias.org\/site\/author\/henrique\/"}]}},"_links":{"self":[{"href":"https:\/\/brasilnoticias.org\/site\/wp-json\/wp\/v2\/posts\/19986","targetHints":{"allow":["GET"]}}],"collection":[{"href":"https:\/\/brasilnoticias.org\/site\/wp-json\/wp\/v2\/posts"}],"about":[{"href":"https:\/\/brasilnoticias.org\/site\/wp-json\/wp\/v2\/types\/post"}],"author":[{"embeddable":true,"href":"https:\/\/brasilnoticias.org\/site\/wp-json\/wp\/v2\/users\/4"}],"replies":[{"embeddable":true,"href":"https:\/\/brasilnoticias.org\/site\/wp-json\/wp\/v2\/comments?post=19986"}],"version-history":[{"count":1,"href":"https:\/\/brasilnoticias.org\/site\/wp-json\/wp\/v2\/posts\/19986\/revisions"}],"predecessor-version":[{"id":19988,"href":"https:\/\/brasilnoticias.org\/site\/wp-json\/wp\/v2\/posts\/19986\/revisions\/19988"}],"wp:featuredmedia":[{"embeddable":true,"href":"https:\/\/brasilnoticias.org\/site\/wp-json\/wp\/v2\/media\/19987"}],"wp:attachment":[{"href":"https:\/\/brasilnoticias.org\/site\/wp-json\/wp\/v2\/media?parent=19986"}],"wp:term":[{"taxonomy":"category","embeddable":true,"href":"https:\/\/brasilnoticias.org\/site\/wp-json\/wp\/v2\/categories?post=19986"},{"taxonomy":"post_tag","embeddable":true,"href":"https:\/\/brasilnoticias.org\/site\/wp-json\/wp\/v2\/tags?post=19986"}],"curies":[{"name":"wp","href":"https:\/\/api.w.org\/{rel}","templated":true}]}}