{"id":20013,"date":"2026-02-01T23:31:04","date_gmt":"2026-02-02T02:31:04","guid":{"rendered":"https:\/\/brasilnoticias.org\/site\/?p=20013"},"modified":"2026-02-01T23:31:04","modified_gmt":"2026-02-02T02:31:04","slug":"caetano-veloso-e-gal-costa-vencem-grammy-de-melhor-album-de-musica-global","status":"publish","type":"post","link":"https:\/\/brasilnoticias.org\/site\/caetano-veloso-e-gal-costa-vencem-grammy-de-melhor-album-de-musica-global\/","title":{"rendered":"Caetano Veloso e Gal Costa vencem Grammy de Melhor \u00c1lbum de M\u00fasica Global"},"content":{"rendered":"<p>Os \u00edcones da m\u00fasica brasileira Caetano Veloso e Maria Beth\u00e2nia foram os vencedores do Grammy de Melhor \u00c1lbum de M\u00fasica Global na edi\u00e7\u00e3o mais recente da premia\u00e7\u00e3o internacional, realizada pela The Recording Academy. A conquista destaca o reconhecimento mundial da m\u00fasica feita no Brasil, especialmente em trabalhos que exploram ritmos, cultura e influ\u00eancias da m\u00fasica popular brasileira.<\/p>\n<p>O \u00e1lbum premiado re\u00fane can\u00e7\u00f5es que celebram a trajet\u00f3ria art\u00edstica dos dois cantores, misturando elementos tradicionais brasileiros com arranjos contempor\u00e2neos. A obra foi elogiada pela cr\u00edtica internacional pela sua originalidade, profundidade e pela forma como refor\u00e7a a riqueza musical do pa\u00eds no cen\u00e1rio global.<\/p>\n<p>A vit\u00f3ria no Grammy representa mais um marco na carreira de Caetano Veloso e Beth\u00e2nia, que j\u00e1 acumulam d\u00e9cadas de contribui\u00e7\u00e3o \u00e0 m\u00fasica brasileira e internacional. O pr\u00eamio foi recebido com entusiasmo por artistas, f\u00e3s e apoiadores da m\u00fasica nacional, que acompanharam a cerim\u00f4nia e comemoraram a conquista.<\/p>\n<p>Representantes da Academia destacaram que a escolha do \u00e1lbum reflete n\u00e3o apenas sua qualidade art\u00edstica, mas tamb\u00e9m seu impacto cultural e relev\u00e2ncia no panorama musical contempor\u00e2neo. Ao receber o pr\u00eamio, os artistas ressaltaram a import\u00e2ncia da diversidade sonora do Brasil e agradeceram o carinho do p\u00fablico que acompanha suas carreiras h\u00e1 tantos anos.<\/p>\n<p>Foto: Instagram\/caetanoveloso\/mariabethaniaoficial<br \/>\nFonte: Ag\u00eancia Brasil<\/p>\n","protected":false},"excerpt":{"rendered":"<p>Os \u00edcones da m\u00fasica brasileira Caetano Veloso e Maria Beth\u00e2nia foram os vencedores do Grammy de Melhor \u00c1lbum de M\u00fasica<\/p>\n","protected":false},"author":4,"featured_media":20014,"comment_status":"open","ping_status":"open","sticky":false,"template":"","format":"standard","meta":{"colormag_page_container_layout":"default_layout","colormag_page_sidebar_layout":"default_layout","_FSMCFIC_featured_image_caption":"","_FSMCFIC_featured_image_nocaption":"","_FSMCFIC_featured_image_hide":"","footnotes":""},"categories":[8,1],"tags":[],"class_list":["post-20013","post","type-post","status-publish","format-standard","has-post-thumbnail","hentry","category-entretenimento","category-ultimas"],"yoast_head":"<!-- This site is optimized with the Yoast SEO plugin v27.1.1 - https:\/\/yoast.com\/product\/yoast-seo-wordpress\/ -->\n<title>Caetano Veloso e Gal Costa vencem Grammy de Melhor \u00c1lbum de M\u00fasica Global - Brasil not\u00edcias<\/title>\n<meta name=\"robots\" content=\"index, follow, max-snippet:-1, max-image-preview:large, max-video-preview:-1\" \/>\n<link rel=\"canonical\" href=\"https:\/\/brasilnoticias.org\/site\/caetano-veloso-e-gal-costa-vencem-grammy-de-melhor-album-de-musica-global\/\" \/>\n<meta property=\"og:locale\" content=\"pt_PT\" \/>\n<meta property=\"og:type\" content=\"article\" \/>\n<meta property=\"og:title\" content=\"Caetano Veloso e Gal Costa vencem Grammy de Melhor \u00c1lbum de M\u00fasica Global - Brasil not\u00edcias\" \/>\n<meta property=\"og:description\" content=\"Os \u00edcones da m\u00fasica brasileira Caetano Veloso e Maria Beth\u00e2nia foram os vencedores do Grammy de Melhor \u00c1lbum de M\u00fasica\" \/>\n<meta property=\"og:url\" content=\"https:\/\/brasilnoticias.org\/site\/caetano-veloso-e-gal-costa-vencem-grammy-de-melhor-album-de-musica-global\/\" \/>\n<meta property=\"og:site_name\" content=\"Brasil not\u00edcias\" \/>\n<meta property=\"article:published_time\" content=\"2026-02-02T02:31:04+00:00\" \/>\n<meta property=\"og:image\" content=\"https:\/\/brasilnoticias.org\/site\/wp-content\/uploads\/2026\/02\/captura_de_tela_2025-11-10_as_16.11.41.webp\" \/>\n\t<meta property=\"og:image:width\" content=\"1170\" \/>\n\t<meta property=\"og:image:height\" content=\"700\" \/>\n\t<meta property=\"og:image:type\" content=\"image\/webp\" \/>\n<meta name=\"author\" content=\"Reda\u00e7\u00e3o\" \/>\n<meta name=\"twitter:card\" content=\"summary_large_image\" \/>\n<meta name=\"twitter:label1\" content=\"Escrito por\" \/>\n\t<meta name=\"twitter:data1\" content=\"Reda\u00e7\u00e3o\" \/>\n\t<meta name=\"twitter:label2\" content=\"Tempo estimado de leitura\" \/>\n\t<meta name=\"twitter:data2\" content=\"1 minuto\" \/>\n<script type=\"application\/ld+json\" class=\"yoast-schema-graph\">{\"@context\":\"https:\/\/schema.org\",\"@graph\":[{\"@type\":\"Article\",\"@id\":\"https:\/\/brasilnoticias.org\/site\/caetano-veloso-e-gal-costa-vencem-grammy-de-melhor-album-de-musica-global\/#article\",\"isPartOf\":{\"@id\":\"https:\/\/brasilnoticias.org\/site\/caetano-veloso-e-gal-costa-vencem-grammy-de-melhor-album-de-musica-global\/\"},\"author\":{\"name\":\"Reda\u00e7\u00e3o\",\"@id\":\"https:\/\/brasilnoticias.org\/site\/#\/schema\/person\/03bbbfe6c7634ad18c26444ea39049fa\"},\"headline\":\"Caetano Veloso e Gal Costa vencem Grammy de Melhor \u00c1lbum de M\u00fasica Global\",\"datePublished\":\"2026-02-02T02:31:04+00:00\",\"mainEntityOfPage\":{\"@id\":\"https:\/\/brasilnoticias.org\/site\/caetano-veloso-e-gal-costa-vencem-grammy-de-melhor-album-de-musica-global\/\"},\"wordCount\":257,\"commentCount\":0,\"publisher\":{\"@id\":\"https:\/\/brasilnoticias.org\/site\/#organization\"},\"image\":{\"@id\":\"https:\/\/brasilnoticias.org\/site\/caetano-veloso-e-gal-costa-vencem-grammy-de-melhor-album-de-musica-global\/#primaryimage\"},\"thumbnailUrl\":\"https:\/\/brasilnoticias.org\/site\/wp-content\/uploads\/2026\/02\/captura_de_tela_2025-11-10_as_16.11.41.webp\",\"articleSection\":[\"Entretenimento\",\"\u00daltimas\"],\"inLanguage\":\"pt-PT\",\"potentialAction\":[{\"@type\":\"CommentAction\",\"name\":\"Comment\",\"target\":[\"https:\/\/brasilnoticias.org\/site\/caetano-veloso-e-gal-costa-vencem-grammy-de-melhor-album-de-musica-global\/#respond\"]}]},{\"@type\":\"WebPage\",\"@id\":\"https:\/\/brasilnoticias.org\/site\/caetano-veloso-e-gal-costa-vencem-grammy-de-melhor-album-de-musica-global\/\",\"url\":\"https:\/\/brasilnoticias.org\/site\/caetano-veloso-e-gal-costa-vencem-grammy-de-melhor-album-de-musica-global\/\",\"name\":\"Caetano Veloso e Gal Costa vencem Grammy de Melhor \u00c1lbum de M\u00fasica Global - Brasil not\u00edcias\",\"isPartOf\":{\"@id\":\"https:\/\/brasilnoticias.org\/site\/#website\"},\"primaryImageOfPage\":{\"@id\":\"https:\/\/brasilnoticias.org\/site\/caetano-veloso-e-gal-costa-vencem-grammy-de-melhor-album-de-musica-global\/#primaryimage\"},\"image\":{\"@id\":\"https:\/\/brasilnoticias.org\/site\/caetano-veloso-e-gal-costa-vencem-grammy-de-melhor-album-de-musica-global\/#primaryimage\"},\"thumbnailUrl\":\"https:\/\/brasilnoticias.org\/site\/wp-content\/uploads\/2026\/02\/captura_de_tela_2025-11-10_as_16.11.41.webp\",\"datePublished\":\"2026-02-02T02:31:04+00:00\",\"breadcrumb\":{\"@id\":\"https:\/\/brasilnoticias.org\/site\/caetano-veloso-e-gal-costa-vencem-grammy-de-melhor-album-de-musica-global\/#breadcrumb\"},\"inLanguage\":\"pt-PT\",\"potentialAction\":[{\"@type\":\"ReadAction\",\"target\":[\"https:\/\/brasilnoticias.org\/site\/caetano-veloso-e-gal-costa-vencem-grammy-de-melhor-album-de-musica-global\/\"]}]},{\"@type\":\"ImageObject\",\"inLanguage\":\"pt-PT\",\"@id\":\"https:\/\/brasilnoticias.org\/site\/caetano-veloso-e-gal-costa-vencem-grammy-de-melhor-album-de-musica-global\/#primaryimage\",\"url\":\"https:\/\/brasilnoticias.org\/site\/wp-content\/uploads\/2026\/02\/captura_de_tela_2025-11-10_as_16.11.41.webp\",\"contentUrl\":\"https:\/\/brasilnoticias.org\/site\/wp-content\/uploads\/2026\/02\/captura_de_tela_2025-11-10_as_16.11.41.webp\",\"width\":1170,\"height\":700},{\"@type\":\"BreadcrumbList\",\"@id\":\"https:\/\/brasilnoticias.org\/site\/caetano-veloso-e-gal-costa-vencem-grammy-de-melhor-album-de-musica-global\/#breadcrumb\",\"itemListElement\":[{\"@type\":\"ListItem\",\"position\":1,\"name\":\"In\u00edcio\",\"item\":\"https:\/\/brasilnoticias.org\/site\/\"},{\"@type\":\"ListItem\",\"position\":2,\"name\":\"Caetano Veloso e Gal Costa vencem Grammy de Melhor \u00c1lbum de M\u00fasica Global\"}]},{\"@type\":\"WebSite\",\"@id\":\"https:\/\/brasilnoticias.org\/site\/#website\",\"url\":\"https:\/\/brasilnoticias.org\/site\/\",\"name\":\"Brasil not\u00edcias\",\"description\":\"Brasil not\u00edcias\",\"publisher\":{\"@id\":\"https:\/\/brasilnoticias.org\/site\/#organization\"},\"potentialAction\":[{\"@type\":\"SearchAction\",\"target\":{\"@type\":\"EntryPoint\",\"urlTemplate\":\"https:\/\/brasilnoticias.org\/site\/?s={search_term_string}\"},\"query-input\":{\"@type\":\"PropertyValueSpecification\",\"valueRequired\":true,\"valueName\":\"search_term_string\"}}],\"inLanguage\":\"pt-PT\"},{\"@type\":\"Organization\",\"@id\":\"https:\/\/brasilnoticias.org\/site\/#organization\",\"name\":\"Brasil not\u00edcias\",\"url\":\"https:\/\/brasilnoticias.org\/site\/\",\"logo\":{\"@type\":\"ImageObject\",\"inLanguage\":\"pt-PT\",\"@id\":\"https:\/\/brasilnoticias.org\/site\/#\/schema\/logo\/image\/\",\"url\":\"https:\/\/brasilnoticias.org\/site\/wp-content\/uploads\/2022\/05\/cropped-brasilnoticias-mini.jpg\",\"contentUrl\":\"https:\/\/brasilnoticias.org\/site\/wp-content\/uploads\/2022\/05\/cropped-brasilnoticias-mini.jpg\",\"width\":314,\"height\":86,\"caption\":\"Brasil not\u00edcias\"},\"image\":{\"@id\":\"https:\/\/brasilnoticias.org\/site\/#\/schema\/logo\/image\/\"}},{\"@type\":\"Person\",\"@id\":\"https:\/\/brasilnoticias.org\/site\/#\/schema\/person\/03bbbfe6c7634ad18c26444ea39049fa\",\"name\":\"Reda\u00e7\u00e3o\",\"image\":{\"@type\":\"ImageObject\",\"inLanguage\":\"pt-PT\",\"@id\":\"https:\/\/brasilnoticias.org\/site\/#\/schema\/person\/image\/\",\"url\":\"https:\/\/secure.gravatar.com\/avatar\/9ecaf7327a696cb23ad926fedded5f1f04d7049de9e445375d55b48c001a6e42?s=96&d=mm&r=g\",\"contentUrl\":\"https:\/\/secure.gravatar.com\/avatar\/9ecaf7327a696cb23ad926fedded5f1f04d7049de9e445375d55b48c001a6e42?s=96&d=mm&r=g\",\"caption\":\"Reda\u00e7\u00e3o\"},\"url\":\"https:\/\/brasilnoticias.org\/site\/author\/henrique\/\"}]}<\/script>\n<!-- \/ Yoast SEO plugin. -->","yoast_head_json":{"title":"Caetano Veloso e Gal Costa vencem Grammy de Melhor \u00c1lbum de M\u00fasica Global - Brasil not\u00edcias","robots":{"index":"index","follow":"follow","max-snippet":"max-snippet:-1","max-image-preview":"max-image-preview:large","max-video-preview":"max-video-preview:-1"},"canonical":"https:\/\/brasilnoticias.org\/site\/caetano-veloso-e-gal-costa-vencem-grammy-de-melhor-album-de-musica-global\/","og_locale":"pt_PT","og_type":"article","og_title":"Caetano Veloso e Gal Costa vencem Grammy de Melhor \u00c1lbum de M\u00fasica Global - Brasil not\u00edcias","og_description":"Os \u00edcones da m\u00fasica brasileira Caetano Veloso e Maria Beth\u00e2nia foram os vencedores do Grammy de Melhor \u00c1lbum de M\u00fasica","og_url":"https:\/\/brasilnoticias.org\/site\/caetano-veloso-e-gal-costa-vencem-grammy-de-melhor-album-de-musica-global\/","og_site_name":"Brasil not\u00edcias","article_published_time":"2026-02-02T02:31:04+00:00","og_image":[{"width":1170,"height":700,"url":"https:\/\/brasilnoticias.org\/site\/wp-content\/uploads\/2026\/02\/captura_de_tela_2025-11-10_as_16.11.41.webp","type":"image\/webp"}],"author":"Reda\u00e7\u00e3o","twitter_card":"summary_large_image","twitter_misc":{"Escrito por":"Reda\u00e7\u00e3o","Tempo estimado de leitura":"1 minuto"},"schema":{"@context":"https:\/\/schema.org","@graph":[{"@type":"Article","@id":"https:\/\/brasilnoticias.org\/site\/caetano-veloso-e-gal-costa-vencem-grammy-de-melhor-album-de-musica-global\/#article","isPartOf":{"@id":"https:\/\/brasilnoticias.org\/site\/caetano-veloso-e-gal-costa-vencem-grammy-de-melhor-album-de-musica-global\/"},"author":{"name":"Reda\u00e7\u00e3o","@id":"https:\/\/brasilnoticias.org\/site\/#\/schema\/person\/03bbbfe6c7634ad18c26444ea39049fa"},"headline":"Caetano Veloso e Gal Costa vencem Grammy de Melhor \u00c1lbum de M\u00fasica Global","datePublished":"2026-02-02T02:31:04+00:00","mainEntityOfPage":{"@id":"https:\/\/brasilnoticias.org\/site\/caetano-veloso-e-gal-costa-vencem-grammy-de-melhor-album-de-musica-global\/"},"wordCount":257,"commentCount":0,"publisher":{"@id":"https:\/\/brasilnoticias.org\/site\/#organization"},"image":{"@id":"https:\/\/brasilnoticias.org\/site\/caetano-veloso-e-gal-costa-vencem-grammy-de-melhor-album-de-musica-global\/#primaryimage"},"thumbnailUrl":"https:\/\/brasilnoticias.org\/site\/wp-content\/uploads\/2026\/02\/captura_de_tela_2025-11-10_as_16.11.41.webp","articleSection":["Entretenimento","\u00daltimas"],"inLanguage":"pt-PT","potentialAction":[{"@type":"CommentAction","name":"Comment","target":["https:\/\/brasilnoticias.org\/site\/caetano-veloso-e-gal-costa-vencem-grammy-de-melhor-album-de-musica-global\/#respond"]}]},{"@type":"WebPage","@id":"https:\/\/brasilnoticias.org\/site\/caetano-veloso-e-gal-costa-vencem-grammy-de-melhor-album-de-musica-global\/","url":"https:\/\/brasilnoticias.org\/site\/caetano-veloso-e-gal-costa-vencem-grammy-de-melhor-album-de-musica-global\/","name":"Caetano Veloso e Gal Costa vencem Grammy de Melhor \u00c1lbum de M\u00fasica Global - Brasil not\u00edcias","isPartOf":{"@id":"https:\/\/brasilnoticias.org\/site\/#website"},"primaryImageOfPage":{"@id":"https:\/\/brasilnoticias.org\/site\/caetano-veloso-e-gal-costa-vencem-grammy-de-melhor-album-de-musica-global\/#primaryimage"},"image":{"@id":"https:\/\/brasilnoticias.org\/site\/caetano-veloso-e-gal-costa-vencem-grammy-de-melhor-album-de-musica-global\/#primaryimage"},"thumbnailUrl":"https:\/\/brasilnoticias.org\/site\/wp-content\/uploads\/2026\/02\/captura_de_tela_2025-11-10_as_16.11.41.webp","datePublished":"2026-02-02T02:31:04+00:00","breadcrumb":{"@id":"https:\/\/brasilnoticias.org\/site\/caetano-veloso-e-gal-costa-vencem-grammy-de-melhor-album-de-musica-global\/#breadcrumb"},"inLanguage":"pt-PT","potentialAction":[{"@type":"ReadAction","target":["https:\/\/brasilnoticias.org\/site\/caetano-veloso-e-gal-costa-vencem-grammy-de-melhor-album-de-musica-global\/"]}]},{"@type":"ImageObject","inLanguage":"pt-PT","@id":"https:\/\/brasilnoticias.org\/site\/caetano-veloso-e-gal-costa-vencem-grammy-de-melhor-album-de-musica-global\/#primaryimage","url":"https:\/\/brasilnoticias.org\/site\/wp-content\/uploads\/2026\/02\/captura_de_tela_2025-11-10_as_16.11.41.webp","contentUrl":"https:\/\/brasilnoticias.org\/site\/wp-content\/uploads\/2026\/02\/captura_de_tela_2025-11-10_as_16.11.41.webp","width":1170,"height":700},{"@type":"BreadcrumbList","@id":"https:\/\/brasilnoticias.org\/site\/caetano-veloso-e-gal-costa-vencem-grammy-de-melhor-album-de-musica-global\/#breadcrumb","itemListElement":[{"@type":"ListItem","position":1,"name":"In\u00edcio","item":"https:\/\/brasilnoticias.org\/site\/"},{"@type":"ListItem","position":2,"name":"Caetano Veloso e Gal Costa vencem Grammy de Melhor \u00c1lbum de M\u00fasica Global"}]},{"@type":"WebSite","@id":"https:\/\/brasilnoticias.org\/site\/#website","url":"https:\/\/brasilnoticias.org\/site\/","name":"Brasil not\u00edcias","description":"Brasil not\u00edcias","publisher":{"@id":"https:\/\/brasilnoticias.org\/site\/#organization"},"potentialAction":[{"@type":"SearchAction","target":{"@type":"EntryPoint","urlTemplate":"https:\/\/brasilnoticias.org\/site\/?s={search_term_string}"},"query-input":{"@type":"PropertyValueSpecification","valueRequired":true,"valueName":"search_term_string"}}],"inLanguage":"pt-PT"},{"@type":"Organization","@id":"https:\/\/brasilnoticias.org\/site\/#organization","name":"Brasil not\u00edcias","url":"https:\/\/brasilnoticias.org\/site\/","logo":{"@type":"ImageObject","inLanguage":"pt-PT","@id":"https:\/\/brasilnoticias.org\/site\/#\/schema\/logo\/image\/","url":"https:\/\/brasilnoticias.org\/site\/wp-content\/uploads\/2022\/05\/cropped-brasilnoticias-mini.jpg","contentUrl":"https:\/\/brasilnoticias.org\/site\/wp-content\/uploads\/2022\/05\/cropped-brasilnoticias-mini.jpg","width":314,"height":86,"caption":"Brasil not\u00edcias"},"image":{"@id":"https:\/\/brasilnoticias.org\/site\/#\/schema\/logo\/image\/"}},{"@type":"Person","@id":"https:\/\/brasilnoticias.org\/site\/#\/schema\/person\/03bbbfe6c7634ad18c26444ea39049fa","name":"Reda\u00e7\u00e3o","image":{"@type":"ImageObject","inLanguage":"pt-PT","@id":"https:\/\/brasilnoticias.org\/site\/#\/schema\/person\/image\/","url":"https:\/\/secure.gravatar.com\/avatar\/9ecaf7327a696cb23ad926fedded5f1f04d7049de9e445375d55b48c001a6e42?s=96&d=mm&r=g","contentUrl":"https:\/\/secure.gravatar.com\/avatar\/9ecaf7327a696cb23ad926fedded5f1f04d7049de9e445375d55b48c001a6e42?s=96&d=mm&r=g","caption":"Reda\u00e7\u00e3o"},"url":"https:\/\/brasilnoticias.org\/site\/author\/henrique\/"}]}},"_links":{"self":[{"href":"https:\/\/brasilnoticias.org\/site\/wp-json\/wp\/v2\/posts\/20013","targetHints":{"allow":["GET"]}}],"collection":[{"href":"https:\/\/brasilnoticias.org\/site\/wp-json\/wp\/v2\/posts"}],"about":[{"href":"https:\/\/brasilnoticias.org\/site\/wp-json\/wp\/v2\/types\/post"}],"author":[{"embeddable":true,"href":"https:\/\/brasilnoticias.org\/site\/wp-json\/wp\/v2\/users\/4"}],"replies":[{"embeddable":true,"href":"https:\/\/brasilnoticias.org\/site\/wp-json\/wp\/v2\/comments?post=20013"}],"version-history":[{"count":1,"href":"https:\/\/brasilnoticias.org\/site\/wp-json\/wp\/v2\/posts\/20013\/revisions"}],"predecessor-version":[{"id":20015,"href":"https:\/\/brasilnoticias.org\/site\/wp-json\/wp\/v2\/posts\/20013\/revisions\/20015"}],"wp:featuredmedia":[{"embeddable":true,"href":"https:\/\/brasilnoticias.org\/site\/wp-json\/wp\/v2\/media\/20014"}],"wp:attachment":[{"href":"https:\/\/brasilnoticias.org\/site\/wp-json\/wp\/v2\/media?parent=20013"}],"wp:term":[{"taxonomy":"category","embeddable":true,"href":"https:\/\/brasilnoticias.org\/site\/wp-json\/wp\/v2\/categories?post=20013"},{"taxonomy":"post_tag","embeddable":true,"href":"https:\/\/brasilnoticias.org\/site\/wp-json\/wp\/v2\/tags?post=20013"}],"curies":[{"name":"wp","href":"https:\/\/api.w.org\/{rel}","templated":true}]}}