{"id":2002,"date":"2022-10-19T18:10:59","date_gmt":"2022-10-19T21:10:59","guid":{"rendered":"https:\/\/brasilnoticias.org\/site\/?p=2002"},"modified":"2022-10-19T08:53:44","modified_gmt":"2022-10-19T11:53:44","slug":"senado-aprova-mp-que-cria-autarquia-de-protecao-de-dados","status":"publish","type":"post","link":"https:\/\/brasilnoticias.org\/site\/senado-aprova-mp-que-cria-autarquia-de-protecao-de-dados\/","title":{"rendered":"Senado aprova MP que cria autarquia de prote\u00e7\u00e3o de dados"},"content":{"rendered":"<p>O<a href=\"https:\/\/www.bnews.com.br\/tags\/senado\" target=\"_blank\" rel=\"noopener\">\u00a0Senado<\/a>\u00a0aprovou nesta ter\u00e7a-feira (18) uma medida provis\u00f3ria (MP) que transforma a Ag\u00eancia Nacional de Prote\u00e7\u00e3o de Dados (ANPD) em uma autarquia. A ANPD \u00e9 o \u00f3rg\u00e3o federal respons\u00e1vel por fiscalizar a aplica\u00e7\u00e3o da Lei Geral de Prote\u00e7\u00e3o de Dados Pessoais (LGPD).<\/p>\n<p>O objetivo da mudan\u00e7a, segundo a explica\u00e7\u00e3o do Poder Executivo, \u00e9 evitar a descontinuidade administrativa da ANPD e trazer mais confiabilidade ao sistema regulat\u00f3rio de prote\u00e7\u00e3o de dados. \u201cA presente proposta busca prover a ANPD com a capacidade institucional necess\u00e1ria para estabelecer um efetivo ambiente normativo de prote\u00e7\u00e3o de dados pessoais, proteger adequadamente os direitos dos titulares, e assegurar que a Autoridade possa exercer sua autonomia t\u00e9cnica e decis\u00f3ria, obtendo reconhecimento nacional e internacional\u201d, justifica o governo.<\/p>\n<div class=\"mb-3 veja_mais_inject\">\n<div class=\"row\">\n<div class=\"col-12 col-md-6 py-2 py-sm-0\" data-vejamais=\"399346\">\n<div class=\"row p-0 m-0\">\n<p>No novo formato, esse sistema de prote\u00e7\u00e3o de dados ser\u00e1 compat\u00edvel com outros regimes regulat\u00f3rios e experi\u00eancias internacionais. Al\u00e9m disso, a MP, cria, sem aumento de despesa, um cargo comissionado para o diretor-presidente da ANPD e aloca os atuais servidores na nova autarquia.<\/p>\n<div class=\"d-flex justify-content-center my-3\">\n<div class=\"artigo_texto\">\n<p>Segundo informa\u00e7\u00f5es da Ag\u00eancia Brasil, a ANPD\u00a0nasceu vinculada \u00e0 Presid\u00eancia da Rep\u00fablica, mas desde 2019 j\u00e1 existia a possibilidade legal de transform\u00e1-la em autarquia especial. Assim, ela ter\u00e1 autonomia administrativa e financeira. O texto segue para promulga\u00e7\u00e3o.<\/p>\n<p>&nbsp;<\/p>\n<\/div>\n<\/div>\n<\/div>\n<\/div>\n<\/div>\n<\/div>\n<p>&nbsp;<\/p>\n<p>Bnews<\/p>\n<p><span class=\"d-inline-block\">Foto Jonas Pereira\/ Ag\u00eancia Senado<\/span><\/p>\n","protected":false},"excerpt":{"rendered":"<p>O\u00a0Senado\u00a0aprovou nesta ter\u00e7a-feira (18) uma medida provis\u00f3ria (MP) que transforma a Ag\u00eancia Nacional de Prote\u00e7\u00e3o de Dados (ANPD) em uma<\/p>\n","protected":false},"author":1,"featured_media":2003,"comment_status":"open","ping_status":"open","sticky":false,"template":"","format":"standard","meta":{"colormag_page_container_layout":"default_layout","colormag_page_sidebar_layout":"default_layout","_FSMCFIC_featured_image_caption":"","_FSMCFIC_featured_image_nocaption":"","_FSMCFIC_featured_image_hide":"","footnotes":""},"categories":[5,1],"tags":[],"class_list":["post-2002","post","type-post","status-publish","format-standard","has-post-thumbnail","hentry","category-politica","category-ultimas"],"yoast_head":"<!-- This site is optimized with the Yoast SEO plugin v27.1.1 - https:\/\/yoast.com\/product\/yoast-seo-wordpress\/ -->\n<title>Senado aprova MP que cria autarquia de prote\u00e7\u00e3o de dados - Brasil not\u00edcias<\/title>\n<meta name=\"robots\" content=\"index, follow, max-snippet:-1, max-image-preview:large, max-video-preview:-1\" \/>\n<link rel=\"canonical\" href=\"https:\/\/brasilnoticias.org\/site\/senado-aprova-mp-que-cria-autarquia-de-protecao-de-dados\/\" \/>\n<meta property=\"og:locale\" content=\"pt_PT\" \/>\n<meta property=\"og:type\" content=\"article\" \/>\n<meta property=\"og:title\" content=\"Senado aprova MP que cria autarquia de prote\u00e7\u00e3o de dados - Brasil not\u00edcias\" \/>\n<meta property=\"og:description\" content=\"O\u00a0Senado\u00a0aprovou nesta ter\u00e7a-feira (18) uma medida provis\u00f3ria (MP) que transforma a Ag\u00eancia Nacional de Prote\u00e7\u00e3o de Dados (ANPD) em uma\" \/>\n<meta property=\"og:url\" content=\"https:\/\/brasilnoticias.org\/site\/senado-aprova-mp-que-cria-autarquia-de-protecao-de-dados\/\" \/>\n<meta property=\"og:site_name\" content=\"Brasil not\u00edcias\" \/>\n<meta property=\"article:published_time\" content=\"2022-10-19T21:10:59+00:00\" \/>\n<meta property=\"og:image\" content=\"https:\/\/brasilnoticias.org\/site\/wp-content\/uploads\/2022\/10\/senado-_jonas_pereira_agencia_senado_widelg_widelg.png\" \/>\n\t<meta property=\"og:image:width\" content=\"800\" \/>\n\t<meta property=\"og:image:height\" content=\"450\" \/>\n\t<meta property=\"og:image:type\" content=\"image\/png\" \/>\n<meta name=\"author\" content=\"Reda\u00e7\u00e3o\" \/>\n<meta name=\"twitter:card\" content=\"summary_large_image\" \/>\n<meta name=\"twitter:label1\" content=\"Escrito por\" \/>\n\t<meta name=\"twitter:data1\" content=\"Reda\u00e7\u00e3o\" \/>\n\t<meta name=\"twitter:label2\" content=\"Tempo estimado de leitura\" \/>\n\t<meta name=\"twitter:data2\" content=\"1 minuto\" \/>\n<script type=\"application\/ld+json\" class=\"yoast-schema-graph\">{\"@context\":\"https:\/\/schema.org\",\"@graph\":[{\"@type\":\"Article\",\"@id\":\"https:\/\/brasilnoticias.org\/site\/senado-aprova-mp-que-cria-autarquia-de-protecao-de-dados\/#article\",\"isPartOf\":{\"@id\":\"https:\/\/brasilnoticias.org\/site\/senado-aprova-mp-que-cria-autarquia-de-protecao-de-dados\/\"},\"author\":{\"name\":\"Reda\u00e7\u00e3o\",\"@id\":\"https:\/\/brasilnoticias.org\/site\/#\/schema\/person\/a0e05b973ec4d15c658d51911e53507b\"},\"headline\":\"Senado aprova MP que cria autarquia de prote\u00e7\u00e3o de dados\",\"datePublished\":\"2022-10-19T21:10:59+00:00\",\"mainEntityOfPage\":{\"@id\":\"https:\/\/brasilnoticias.org\/site\/senado-aprova-mp-que-cria-autarquia-de-protecao-de-dados\/\"},\"wordCount\":243,\"commentCount\":0,\"publisher\":{\"@id\":\"https:\/\/brasilnoticias.org\/site\/#organization\"},\"image\":{\"@id\":\"https:\/\/brasilnoticias.org\/site\/senado-aprova-mp-que-cria-autarquia-de-protecao-de-dados\/#primaryimage\"},\"thumbnailUrl\":\"https:\/\/brasilnoticias.org\/site\/wp-content\/uploads\/2022\/10\/senado-_jonas_pereira_agencia_senado_widelg_widelg.png\",\"articleSection\":[\"Pol\u00edtica\",\"\u00daltimas\"],\"inLanguage\":\"pt-PT\",\"potentialAction\":[{\"@type\":\"CommentAction\",\"name\":\"Comment\",\"target\":[\"https:\/\/brasilnoticias.org\/site\/senado-aprova-mp-que-cria-autarquia-de-protecao-de-dados\/#respond\"]}]},{\"@type\":\"WebPage\",\"@id\":\"https:\/\/brasilnoticias.org\/site\/senado-aprova-mp-que-cria-autarquia-de-protecao-de-dados\/\",\"url\":\"https:\/\/brasilnoticias.org\/site\/senado-aprova-mp-que-cria-autarquia-de-protecao-de-dados\/\",\"name\":\"Senado aprova MP que cria autarquia de prote\u00e7\u00e3o de dados - Brasil not\u00edcias\",\"isPartOf\":{\"@id\":\"https:\/\/brasilnoticias.org\/site\/#website\"},\"primaryImageOfPage\":{\"@id\":\"https:\/\/brasilnoticias.org\/site\/senado-aprova-mp-que-cria-autarquia-de-protecao-de-dados\/#primaryimage\"},\"image\":{\"@id\":\"https:\/\/brasilnoticias.org\/site\/senado-aprova-mp-que-cria-autarquia-de-protecao-de-dados\/#primaryimage\"},\"thumbnailUrl\":\"https:\/\/brasilnoticias.org\/site\/wp-content\/uploads\/2022\/10\/senado-_jonas_pereira_agencia_senado_widelg_widelg.png\",\"datePublished\":\"2022-10-19T21:10:59+00:00\",\"breadcrumb\":{\"@id\":\"https:\/\/brasilnoticias.org\/site\/senado-aprova-mp-que-cria-autarquia-de-protecao-de-dados\/#breadcrumb\"},\"inLanguage\":\"pt-PT\",\"potentialAction\":[{\"@type\":\"ReadAction\",\"target\":[\"https:\/\/brasilnoticias.org\/site\/senado-aprova-mp-que-cria-autarquia-de-protecao-de-dados\/\"]}]},{\"@type\":\"ImageObject\",\"inLanguage\":\"pt-PT\",\"@id\":\"https:\/\/brasilnoticias.org\/site\/senado-aprova-mp-que-cria-autarquia-de-protecao-de-dados\/#primaryimage\",\"url\":\"https:\/\/brasilnoticias.org\/site\/wp-content\/uploads\/2022\/10\/senado-_jonas_pereira_agencia_senado_widelg_widelg.png\",\"contentUrl\":\"https:\/\/brasilnoticias.org\/site\/wp-content\/uploads\/2022\/10\/senado-_jonas_pereira_agencia_senado_widelg_widelg.png\",\"width\":800,\"height\":450},{\"@type\":\"BreadcrumbList\",\"@id\":\"https:\/\/brasilnoticias.org\/site\/senado-aprova-mp-que-cria-autarquia-de-protecao-de-dados\/#breadcrumb\",\"itemListElement\":[{\"@type\":\"ListItem\",\"position\":1,\"name\":\"In\u00edcio\",\"item\":\"https:\/\/brasilnoticias.org\/site\/\"},{\"@type\":\"ListItem\",\"position\":2,\"name\":\"Senado aprova MP que cria autarquia de prote\u00e7\u00e3o de dados\"}]},{\"@type\":\"WebSite\",\"@id\":\"https:\/\/brasilnoticias.org\/site\/#website\",\"url\":\"https:\/\/brasilnoticias.org\/site\/\",\"name\":\"Brasil not\u00edcias\",\"description\":\"Brasil not\u00edcias\",\"publisher\":{\"@id\":\"https:\/\/brasilnoticias.org\/site\/#organization\"},\"potentialAction\":[{\"@type\":\"SearchAction\",\"target\":{\"@type\":\"EntryPoint\",\"urlTemplate\":\"https:\/\/brasilnoticias.org\/site\/?s={search_term_string}\"},\"query-input\":{\"@type\":\"PropertyValueSpecification\",\"valueRequired\":true,\"valueName\":\"search_term_string\"}}],\"inLanguage\":\"pt-PT\"},{\"@type\":\"Organization\",\"@id\":\"https:\/\/brasilnoticias.org\/site\/#organization\",\"name\":\"Brasil not\u00edcias\",\"url\":\"https:\/\/brasilnoticias.org\/site\/\",\"logo\":{\"@type\":\"ImageObject\",\"inLanguage\":\"pt-PT\",\"@id\":\"https:\/\/brasilnoticias.org\/site\/#\/schema\/logo\/image\/\",\"url\":\"https:\/\/brasilnoticias.org\/site\/wp-content\/uploads\/2022\/05\/cropped-brasilnoticias-mini.jpg\",\"contentUrl\":\"https:\/\/brasilnoticias.org\/site\/wp-content\/uploads\/2022\/05\/cropped-brasilnoticias-mini.jpg\",\"width\":314,\"height\":86,\"caption\":\"Brasil not\u00edcias\"},\"image\":{\"@id\":\"https:\/\/brasilnoticias.org\/site\/#\/schema\/logo\/image\/\"}},{\"@type\":\"Person\",\"@id\":\"https:\/\/brasilnoticias.org\/site\/#\/schema\/person\/a0e05b973ec4d15c658d51911e53507b\",\"name\":\"Reda\u00e7\u00e3o\",\"image\":{\"@type\":\"ImageObject\",\"inLanguage\":\"pt-PT\",\"@id\":\"https:\/\/brasilnoticias.org\/site\/#\/schema\/person\/image\/\",\"url\":\"https:\/\/secure.gravatar.com\/avatar\/75d8b050df2de108b08ae78dfb8e374892df24a383c67db9c46a9c604f6aee9c?s=96&d=mm&r=g\",\"contentUrl\":\"https:\/\/secure.gravatar.com\/avatar\/75d8b050df2de108b08ae78dfb8e374892df24a383c67db9c46a9c604f6aee9c?s=96&d=mm&r=g\",\"caption\":\"Reda\u00e7\u00e3o\"},\"sameAs\":[\"https:\/\/brasilnoticias.org\/site\"],\"url\":\"https:\/\/brasilnoticias.org\/site\/author\/fernandozsngmail-com\/\"}]}<\/script>\n<!-- \/ Yoast SEO plugin. -->","yoast_head_json":{"title":"Senado aprova MP que cria autarquia de prote\u00e7\u00e3o de dados - Brasil not\u00edcias","robots":{"index":"index","follow":"follow","max-snippet":"max-snippet:-1","max-image-preview":"max-image-preview:large","max-video-preview":"max-video-preview:-1"},"canonical":"https:\/\/brasilnoticias.org\/site\/senado-aprova-mp-que-cria-autarquia-de-protecao-de-dados\/","og_locale":"pt_PT","og_type":"article","og_title":"Senado aprova MP que cria autarquia de prote\u00e7\u00e3o de dados - Brasil not\u00edcias","og_description":"O\u00a0Senado\u00a0aprovou nesta ter\u00e7a-feira (18) uma medida provis\u00f3ria (MP) que transforma a Ag\u00eancia Nacional de Prote\u00e7\u00e3o de Dados (ANPD) em uma","og_url":"https:\/\/brasilnoticias.org\/site\/senado-aprova-mp-que-cria-autarquia-de-protecao-de-dados\/","og_site_name":"Brasil not\u00edcias","article_published_time":"2022-10-19T21:10:59+00:00","og_image":[{"width":800,"height":450,"url":"https:\/\/brasilnoticias.org\/site\/wp-content\/uploads\/2022\/10\/senado-_jonas_pereira_agencia_senado_widelg_widelg.png","type":"image\/png"}],"author":"Reda\u00e7\u00e3o","twitter_card":"summary_large_image","twitter_misc":{"Escrito por":"Reda\u00e7\u00e3o","Tempo estimado de leitura":"1 minuto"},"schema":{"@context":"https:\/\/schema.org","@graph":[{"@type":"Article","@id":"https:\/\/brasilnoticias.org\/site\/senado-aprova-mp-que-cria-autarquia-de-protecao-de-dados\/#article","isPartOf":{"@id":"https:\/\/brasilnoticias.org\/site\/senado-aprova-mp-que-cria-autarquia-de-protecao-de-dados\/"},"author":{"name":"Reda\u00e7\u00e3o","@id":"https:\/\/brasilnoticias.org\/site\/#\/schema\/person\/a0e05b973ec4d15c658d51911e53507b"},"headline":"Senado aprova MP que cria autarquia de prote\u00e7\u00e3o de dados","datePublished":"2022-10-19T21:10:59+00:00","mainEntityOfPage":{"@id":"https:\/\/brasilnoticias.org\/site\/senado-aprova-mp-que-cria-autarquia-de-protecao-de-dados\/"},"wordCount":243,"commentCount":0,"publisher":{"@id":"https:\/\/brasilnoticias.org\/site\/#organization"},"image":{"@id":"https:\/\/brasilnoticias.org\/site\/senado-aprova-mp-que-cria-autarquia-de-protecao-de-dados\/#primaryimage"},"thumbnailUrl":"https:\/\/brasilnoticias.org\/site\/wp-content\/uploads\/2022\/10\/senado-_jonas_pereira_agencia_senado_widelg_widelg.png","articleSection":["Pol\u00edtica","\u00daltimas"],"inLanguage":"pt-PT","potentialAction":[{"@type":"CommentAction","name":"Comment","target":["https:\/\/brasilnoticias.org\/site\/senado-aprova-mp-que-cria-autarquia-de-protecao-de-dados\/#respond"]}]},{"@type":"WebPage","@id":"https:\/\/brasilnoticias.org\/site\/senado-aprova-mp-que-cria-autarquia-de-protecao-de-dados\/","url":"https:\/\/brasilnoticias.org\/site\/senado-aprova-mp-que-cria-autarquia-de-protecao-de-dados\/","name":"Senado aprova MP que cria autarquia de prote\u00e7\u00e3o de dados - Brasil not\u00edcias","isPartOf":{"@id":"https:\/\/brasilnoticias.org\/site\/#website"},"primaryImageOfPage":{"@id":"https:\/\/brasilnoticias.org\/site\/senado-aprova-mp-que-cria-autarquia-de-protecao-de-dados\/#primaryimage"},"image":{"@id":"https:\/\/brasilnoticias.org\/site\/senado-aprova-mp-que-cria-autarquia-de-protecao-de-dados\/#primaryimage"},"thumbnailUrl":"https:\/\/brasilnoticias.org\/site\/wp-content\/uploads\/2022\/10\/senado-_jonas_pereira_agencia_senado_widelg_widelg.png","datePublished":"2022-10-19T21:10:59+00:00","breadcrumb":{"@id":"https:\/\/brasilnoticias.org\/site\/senado-aprova-mp-que-cria-autarquia-de-protecao-de-dados\/#breadcrumb"},"inLanguage":"pt-PT","potentialAction":[{"@type":"ReadAction","target":["https:\/\/brasilnoticias.org\/site\/senado-aprova-mp-que-cria-autarquia-de-protecao-de-dados\/"]}]},{"@type":"ImageObject","inLanguage":"pt-PT","@id":"https:\/\/brasilnoticias.org\/site\/senado-aprova-mp-que-cria-autarquia-de-protecao-de-dados\/#primaryimage","url":"https:\/\/brasilnoticias.org\/site\/wp-content\/uploads\/2022\/10\/senado-_jonas_pereira_agencia_senado_widelg_widelg.png","contentUrl":"https:\/\/brasilnoticias.org\/site\/wp-content\/uploads\/2022\/10\/senado-_jonas_pereira_agencia_senado_widelg_widelg.png","width":800,"height":450},{"@type":"BreadcrumbList","@id":"https:\/\/brasilnoticias.org\/site\/senado-aprova-mp-que-cria-autarquia-de-protecao-de-dados\/#breadcrumb","itemListElement":[{"@type":"ListItem","position":1,"name":"In\u00edcio","item":"https:\/\/brasilnoticias.org\/site\/"},{"@type":"ListItem","position":2,"name":"Senado aprova MP que cria autarquia de prote\u00e7\u00e3o de dados"}]},{"@type":"WebSite","@id":"https:\/\/brasilnoticias.org\/site\/#website","url":"https:\/\/brasilnoticias.org\/site\/","name":"Brasil not\u00edcias","description":"Brasil not\u00edcias","publisher":{"@id":"https:\/\/brasilnoticias.org\/site\/#organization"},"potentialAction":[{"@type":"SearchAction","target":{"@type":"EntryPoint","urlTemplate":"https:\/\/brasilnoticias.org\/site\/?s={search_term_string}"},"query-input":{"@type":"PropertyValueSpecification","valueRequired":true,"valueName":"search_term_string"}}],"inLanguage":"pt-PT"},{"@type":"Organization","@id":"https:\/\/brasilnoticias.org\/site\/#organization","name":"Brasil not\u00edcias","url":"https:\/\/brasilnoticias.org\/site\/","logo":{"@type":"ImageObject","inLanguage":"pt-PT","@id":"https:\/\/brasilnoticias.org\/site\/#\/schema\/logo\/image\/","url":"https:\/\/brasilnoticias.org\/site\/wp-content\/uploads\/2022\/05\/cropped-brasilnoticias-mini.jpg","contentUrl":"https:\/\/brasilnoticias.org\/site\/wp-content\/uploads\/2022\/05\/cropped-brasilnoticias-mini.jpg","width":314,"height":86,"caption":"Brasil not\u00edcias"},"image":{"@id":"https:\/\/brasilnoticias.org\/site\/#\/schema\/logo\/image\/"}},{"@type":"Person","@id":"https:\/\/brasilnoticias.org\/site\/#\/schema\/person\/a0e05b973ec4d15c658d51911e53507b","name":"Reda\u00e7\u00e3o","image":{"@type":"ImageObject","inLanguage":"pt-PT","@id":"https:\/\/brasilnoticias.org\/site\/#\/schema\/person\/image\/","url":"https:\/\/secure.gravatar.com\/avatar\/75d8b050df2de108b08ae78dfb8e374892df24a383c67db9c46a9c604f6aee9c?s=96&d=mm&r=g","contentUrl":"https:\/\/secure.gravatar.com\/avatar\/75d8b050df2de108b08ae78dfb8e374892df24a383c67db9c46a9c604f6aee9c?s=96&d=mm&r=g","caption":"Reda\u00e7\u00e3o"},"sameAs":["https:\/\/brasilnoticias.org\/site"],"url":"https:\/\/brasilnoticias.org\/site\/author\/fernandozsngmail-com\/"}]}},"_links":{"self":[{"href":"https:\/\/brasilnoticias.org\/site\/wp-json\/wp\/v2\/posts\/2002","targetHints":{"allow":["GET"]}}],"collection":[{"href":"https:\/\/brasilnoticias.org\/site\/wp-json\/wp\/v2\/posts"}],"about":[{"href":"https:\/\/brasilnoticias.org\/site\/wp-json\/wp\/v2\/types\/post"}],"author":[{"embeddable":true,"href":"https:\/\/brasilnoticias.org\/site\/wp-json\/wp\/v2\/users\/1"}],"replies":[{"embeddable":true,"href":"https:\/\/brasilnoticias.org\/site\/wp-json\/wp\/v2\/comments?post=2002"}],"version-history":[{"count":1,"href":"https:\/\/brasilnoticias.org\/site\/wp-json\/wp\/v2\/posts\/2002\/revisions"}],"predecessor-version":[{"id":2004,"href":"https:\/\/brasilnoticias.org\/site\/wp-json\/wp\/v2\/posts\/2002\/revisions\/2004"}],"wp:featuredmedia":[{"embeddable":true,"href":"https:\/\/brasilnoticias.org\/site\/wp-json\/wp\/v2\/media\/2003"}],"wp:attachment":[{"href":"https:\/\/brasilnoticias.org\/site\/wp-json\/wp\/v2\/media?parent=2002"}],"wp:term":[{"taxonomy":"category","embeddable":true,"href":"https:\/\/brasilnoticias.org\/site\/wp-json\/wp\/v2\/categories?post=2002"},{"taxonomy":"post_tag","embeddable":true,"href":"https:\/\/brasilnoticias.org\/site\/wp-json\/wp\/v2\/tags?post=2002"}],"curies":[{"name":"wp","href":"https:\/\/api.w.org\/{rel}","templated":true}]}}