{"id":20035,"date":"2026-02-02T07:09:00","date_gmt":"2026-02-02T10:09:00","guid":{"rendered":"https:\/\/brasilnoticias.org\/site\/?p=20035"},"modified":"2026-02-02T07:09:00","modified_gmt":"2026-02-02T10:09:00","slug":"camara-municipal-de-salvador-retoma-atividades-com-sessao-solene-e-discurso-de-bruno-reis","status":"publish","type":"post","link":"https:\/\/brasilnoticias.org\/site\/camara-municipal-de-salvador-retoma-atividades-com-sessao-solene-e-discurso-de-bruno-reis\/","title":{"rendered":"C\u00e2mara Municipal de Salvador retoma atividades com sess\u00e3o solene e discurso de Bruno Reis"},"content":{"rendered":"<p>A C\u00e2mara Municipal de Salvador retornou \u00e0s suas atividades legislativas nesta segunda-feira, com uma sess\u00e3o solene de abertura dos trabalhos e um discurso do prefeito Bruno Reis, marcando o in\u00edcio de mais um per\u00edodo de delibera\u00e7\u00f5es e debates na Casa. A solenidade ocorreu no plen\u00e1rio principal e contou com a presen\u00e7a de vereadores, autoridades municipais, representantes da sociedade civil e imprensa.<\/p>\n<p>No discurso oficial, o prefeito Bruno Reis destacou as principais a\u00e7\u00f5es planejadas pela gest\u00e3o para este ano, com \u00eanfase em temas como infraestrutura urbana, educa\u00e7\u00e3o, sa\u00fade p\u00fablica, mobilidade e desenvolvimento econ\u00f4mico. Ele tamb\u00e9m aproveitou a ocasi\u00e3o para refor\u00e7ar a import\u00e2ncia da uni\u00e3o entre os poderes Executivo e Legislativo para a execu\u00e7\u00e3o de pol\u00edticas p\u00fablicas que beneficiem diretamente a popula\u00e7\u00e3o soteropolitana.<\/p>\n<p>A pauta da sess\u00e3o incluiu a apresenta\u00e7\u00e3o de projetos de lei e propostas de emendas que dever\u00e3o ser analisadas pelas comiss\u00f5es tem\u00e1ticas e posteriormente votadas em plen\u00e1rio. Entre os temas previstos est\u00e3o iniciativas voltadas para fortalecimento da seguran\u00e7a comunit\u00e1ria, melhorias na rede de atendimento \u00e0 sa\u00fade e incentivos ao empreendedorismo local.<\/p>\n<p>Vereadores usaram a tribuna para destacar as necessidades de suas bases eleitorais, apresentar demandas de bairros e propor solu\u00e7\u00f5es para desafios urbanos, como saneamento b\u00e1sico e mobilidade. A retomada dos trabalhos legislativos acontece em um momento em que a capital baiana se prepara para desafios sazonais, entre eles o Carnaval, e pol\u00edticas p\u00fablicas que exigem articula\u00e7\u00e3o entre os poderes.<\/p>\n<p>A C\u00e2mara refor\u00e7ou que os pr\u00f3ximos meses ser\u00e3o intensos em termos de tramita\u00e7\u00e3o de mat\u00e9rias e debates p\u00fablicos, com audi\u00eancias e sess\u00f5es programadas para ouvir a sociedade e debater as propostas de interesse coletivo. A expectativa \u00e9 de que a agenda legislativa seja marcada por temas de impacto social relevante ao longo de todo o ano.<\/p>\n<p>Foto: CMS<br \/>\nFonte: Bahia Not\u00edcias<\/p>\n","protected":false},"excerpt":{"rendered":"<p>A C\u00e2mara Municipal de Salvador retornou \u00e0s suas atividades legislativas nesta segunda-feira, com uma sess\u00e3o solene de abertura dos trabalhos<\/p>\n","protected":false},"author":4,"featured_media":20038,"comment_status":"open","ping_status":"open","sticky":false,"template":"","format":"standard","meta":{"colormag_page_container_layout":"default_layout","colormag_page_sidebar_layout":"default_layout","_FSMCFIC_featured_image_caption":"","_FSMCFIC_featured_image_nocaption":"","_FSMCFIC_featured_image_hide":"","footnotes":""},"categories":[5,1],"tags":[],"class_list":["post-20035","post","type-post","status-publish","format-standard","has-post-thumbnail","hentry","category-politica","category-ultimas"],"yoast_head":"<!-- This site is optimized with the Yoast SEO plugin v27.1.1 - https:\/\/yoast.com\/product\/yoast-seo-wordpress\/ -->\n<title>C\u00e2mara Municipal de Salvador retoma atividades com sess\u00e3o solene e discurso de Bruno Reis - Brasil not\u00edcias<\/title>\n<meta name=\"robots\" content=\"index, follow, max-snippet:-1, max-image-preview:large, max-video-preview:-1\" \/>\n<link rel=\"canonical\" href=\"https:\/\/brasilnoticias.org\/site\/camara-municipal-de-salvador-retoma-atividades-com-sessao-solene-e-discurso-de-bruno-reis\/\" \/>\n<meta property=\"og:locale\" content=\"pt_PT\" \/>\n<meta property=\"og:type\" content=\"article\" \/>\n<meta property=\"og:title\" content=\"C\u00e2mara Municipal de Salvador retoma atividades com sess\u00e3o solene e discurso de Bruno Reis - Brasil not\u00edcias\" \/>\n<meta property=\"og:description\" content=\"A C\u00e2mara Municipal de Salvador retornou \u00e0s suas atividades legislativas nesta segunda-feira, com uma sess\u00e3o solene de abertura dos trabalhos\" \/>\n<meta property=\"og:url\" content=\"https:\/\/brasilnoticias.org\/site\/camara-municipal-de-salvador-retoma-atividades-com-sessao-solene-e-discurso-de-bruno-reis\/\" \/>\n<meta property=\"og:site_name\" content=\"Brasil not\u00edcias\" \/>\n<meta property=\"article:published_time\" content=\"2026-02-02T10:09:00+00:00\" \/>\n<meta property=\"og:image\" content=\"https:\/\/brasilnoticias.org\/site\/wp-content\/uploads\/2026\/02\/IMAGEM_NOTICIA_9.webp\" \/>\n\t<meta property=\"og:image:width\" content=\"1200\" \/>\n\t<meta property=\"og:image:height\" content=\"630\" \/>\n\t<meta property=\"og:image:type\" content=\"image\/webp\" \/>\n<meta name=\"author\" content=\"Reda\u00e7\u00e3o\" \/>\n<meta name=\"twitter:card\" content=\"summary_large_image\" \/>\n<meta name=\"twitter:label1\" content=\"Escrito por\" \/>\n\t<meta name=\"twitter:data1\" content=\"Reda\u00e7\u00e3o\" \/>\n\t<meta name=\"twitter:label2\" content=\"Tempo estimado de leitura\" \/>\n\t<meta name=\"twitter:data2\" content=\"1 minuto\" \/>\n<script type=\"application\/ld+json\" class=\"yoast-schema-graph\">{\"@context\":\"https:\/\/schema.org\",\"@graph\":[{\"@type\":\"Article\",\"@id\":\"https:\/\/brasilnoticias.org\/site\/camara-municipal-de-salvador-retoma-atividades-com-sessao-solene-e-discurso-de-bruno-reis\/#article\",\"isPartOf\":{\"@id\":\"https:\/\/brasilnoticias.org\/site\/camara-municipal-de-salvador-retoma-atividades-com-sessao-solene-e-discurso-de-bruno-reis\/\"},\"author\":{\"name\":\"Reda\u00e7\u00e3o\",\"@id\":\"https:\/\/brasilnoticias.org\/site\/#\/schema\/person\/03bbbfe6c7634ad18c26444ea39049fa\"},\"headline\":\"C\u00e2mara Municipal de Salvador retoma atividades com sess\u00e3o solene e discurso de Bruno Reis\",\"datePublished\":\"2026-02-02T10:09:00+00:00\",\"mainEntityOfPage\":{\"@id\":\"https:\/\/brasilnoticias.org\/site\/camara-municipal-de-salvador-retoma-atividades-com-sessao-solene-e-discurso-de-bruno-reis\/\"},\"wordCount\":353,\"commentCount\":0,\"publisher\":{\"@id\":\"https:\/\/brasilnoticias.org\/site\/#organization\"},\"image\":{\"@id\":\"https:\/\/brasilnoticias.org\/site\/camara-municipal-de-salvador-retoma-atividades-com-sessao-solene-e-discurso-de-bruno-reis\/#primaryimage\"},\"thumbnailUrl\":\"https:\/\/brasilnoticias.org\/site\/wp-content\/uploads\/2026\/02\/IMAGEM_NOTICIA_9.webp\",\"articleSection\":[\"Pol\u00edtica\",\"\u00daltimas\"],\"inLanguage\":\"pt-PT\",\"potentialAction\":[{\"@type\":\"CommentAction\",\"name\":\"Comment\",\"target\":[\"https:\/\/brasilnoticias.org\/site\/camara-municipal-de-salvador-retoma-atividades-com-sessao-solene-e-discurso-de-bruno-reis\/#respond\"]}]},{\"@type\":\"WebPage\",\"@id\":\"https:\/\/brasilnoticias.org\/site\/camara-municipal-de-salvador-retoma-atividades-com-sessao-solene-e-discurso-de-bruno-reis\/\",\"url\":\"https:\/\/brasilnoticias.org\/site\/camara-municipal-de-salvador-retoma-atividades-com-sessao-solene-e-discurso-de-bruno-reis\/\",\"name\":\"C\u00e2mara Municipal de Salvador retoma atividades com sess\u00e3o solene e discurso de Bruno Reis - Brasil not\u00edcias\",\"isPartOf\":{\"@id\":\"https:\/\/brasilnoticias.org\/site\/#website\"},\"primaryImageOfPage\":{\"@id\":\"https:\/\/brasilnoticias.org\/site\/camara-municipal-de-salvador-retoma-atividades-com-sessao-solene-e-discurso-de-bruno-reis\/#primaryimage\"},\"image\":{\"@id\":\"https:\/\/brasilnoticias.org\/site\/camara-municipal-de-salvador-retoma-atividades-com-sessao-solene-e-discurso-de-bruno-reis\/#primaryimage\"},\"thumbnailUrl\":\"https:\/\/brasilnoticias.org\/site\/wp-content\/uploads\/2026\/02\/IMAGEM_NOTICIA_9.webp\",\"datePublished\":\"2026-02-02T10:09:00+00:00\",\"breadcrumb\":{\"@id\":\"https:\/\/brasilnoticias.org\/site\/camara-municipal-de-salvador-retoma-atividades-com-sessao-solene-e-discurso-de-bruno-reis\/#breadcrumb\"},\"inLanguage\":\"pt-PT\",\"potentialAction\":[{\"@type\":\"ReadAction\",\"target\":[\"https:\/\/brasilnoticias.org\/site\/camara-municipal-de-salvador-retoma-atividades-com-sessao-solene-e-discurso-de-bruno-reis\/\"]}]},{\"@type\":\"ImageObject\",\"inLanguage\":\"pt-PT\",\"@id\":\"https:\/\/brasilnoticias.org\/site\/camara-municipal-de-salvador-retoma-atividades-com-sessao-solene-e-discurso-de-bruno-reis\/#primaryimage\",\"url\":\"https:\/\/brasilnoticias.org\/site\/wp-content\/uploads\/2026\/02\/IMAGEM_NOTICIA_9.webp\",\"contentUrl\":\"https:\/\/brasilnoticias.org\/site\/wp-content\/uploads\/2026\/02\/IMAGEM_NOTICIA_9.webp\",\"width\":1200,\"height\":630},{\"@type\":\"BreadcrumbList\",\"@id\":\"https:\/\/brasilnoticias.org\/site\/camara-municipal-de-salvador-retoma-atividades-com-sessao-solene-e-discurso-de-bruno-reis\/#breadcrumb\",\"itemListElement\":[{\"@type\":\"ListItem\",\"position\":1,\"name\":\"In\u00edcio\",\"item\":\"https:\/\/brasilnoticias.org\/site\/\"},{\"@type\":\"ListItem\",\"position\":2,\"name\":\"C\u00e2mara Municipal de Salvador retoma atividades com sess\u00e3o solene e discurso de Bruno Reis\"}]},{\"@type\":\"WebSite\",\"@id\":\"https:\/\/brasilnoticias.org\/site\/#website\",\"url\":\"https:\/\/brasilnoticias.org\/site\/\",\"name\":\"Brasil not\u00edcias\",\"description\":\"Brasil not\u00edcias\",\"publisher\":{\"@id\":\"https:\/\/brasilnoticias.org\/site\/#organization\"},\"potentialAction\":[{\"@type\":\"SearchAction\",\"target\":{\"@type\":\"EntryPoint\",\"urlTemplate\":\"https:\/\/brasilnoticias.org\/site\/?s={search_term_string}\"},\"query-input\":{\"@type\":\"PropertyValueSpecification\",\"valueRequired\":true,\"valueName\":\"search_term_string\"}}],\"inLanguage\":\"pt-PT\"},{\"@type\":\"Organization\",\"@id\":\"https:\/\/brasilnoticias.org\/site\/#organization\",\"name\":\"Brasil not\u00edcias\",\"url\":\"https:\/\/brasilnoticias.org\/site\/\",\"logo\":{\"@type\":\"ImageObject\",\"inLanguage\":\"pt-PT\",\"@id\":\"https:\/\/brasilnoticias.org\/site\/#\/schema\/logo\/image\/\",\"url\":\"https:\/\/brasilnoticias.org\/site\/wp-content\/uploads\/2022\/05\/cropped-brasilnoticias-mini.jpg\",\"contentUrl\":\"https:\/\/brasilnoticias.org\/site\/wp-content\/uploads\/2022\/05\/cropped-brasilnoticias-mini.jpg\",\"width\":314,\"height\":86,\"caption\":\"Brasil not\u00edcias\"},\"image\":{\"@id\":\"https:\/\/brasilnoticias.org\/site\/#\/schema\/logo\/image\/\"}},{\"@type\":\"Person\",\"@id\":\"https:\/\/brasilnoticias.org\/site\/#\/schema\/person\/03bbbfe6c7634ad18c26444ea39049fa\",\"name\":\"Reda\u00e7\u00e3o\",\"image\":{\"@type\":\"ImageObject\",\"inLanguage\":\"pt-PT\",\"@id\":\"https:\/\/brasilnoticias.org\/site\/#\/schema\/person\/image\/\",\"url\":\"https:\/\/secure.gravatar.com\/avatar\/9ecaf7327a696cb23ad926fedded5f1f04d7049de9e445375d55b48c001a6e42?s=96&d=mm&r=g\",\"contentUrl\":\"https:\/\/secure.gravatar.com\/avatar\/9ecaf7327a696cb23ad926fedded5f1f04d7049de9e445375d55b48c001a6e42?s=96&d=mm&r=g\",\"caption\":\"Reda\u00e7\u00e3o\"},\"url\":\"https:\/\/brasilnoticias.org\/site\/author\/henrique\/\"}]}<\/script>\n<!-- \/ Yoast SEO plugin. -->","yoast_head_json":{"title":"C\u00e2mara Municipal de Salvador retoma atividades com sess\u00e3o solene e discurso de Bruno Reis - Brasil not\u00edcias","robots":{"index":"index","follow":"follow","max-snippet":"max-snippet:-1","max-image-preview":"max-image-preview:large","max-video-preview":"max-video-preview:-1"},"canonical":"https:\/\/brasilnoticias.org\/site\/camara-municipal-de-salvador-retoma-atividades-com-sessao-solene-e-discurso-de-bruno-reis\/","og_locale":"pt_PT","og_type":"article","og_title":"C\u00e2mara Municipal de Salvador retoma atividades com sess\u00e3o solene e discurso de Bruno Reis - Brasil not\u00edcias","og_description":"A C\u00e2mara Municipal de Salvador retornou \u00e0s suas atividades legislativas nesta segunda-feira, com uma sess\u00e3o solene de abertura dos trabalhos","og_url":"https:\/\/brasilnoticias.org\/site\/camara-municipal-de-salvador-retoma-atividades-com-sessao-solene-e-discurso-de-bruno-reis\/","og_site_name":"Brasil not\u00edcias","article_published_time":"2026-02-02T10:09:00+00:00","og_image":[{"width":1200,"height":630,"url":"https:\/\/brasilnoticias.org\/site\/wp-content\/uploads\/2026\/02\/IMAGEM_NOTICIA_9.webp","type":"image\/webp"}],"author":"Reda\u00e7\u00e3o","twitter_card":"summary_large_image","twitter_misc":{"Escrito por":"Reda\u00e7\u00e3o","Tempo estimado de leitura":"1 minuto"},"schema":{"@context":"https:\/\/schema.org","@graph":[{"@type":"Article","@id":"https:\/\/brasilnoticias.org\/site\/camara-municipal-de-salvador-retoma-atividades-com-sessao-solene-e-discurso-de-bruno-reis\/#article","isPartOf":{"@id":"https:\/\/brasilnoticias.org\/site\/camara-municipal-de-salvador-retoma-atividades-com-sessao-solene-e-discurso-de-bruno-reis\/"},"author":{"name":"Reda\u00e7\u00e3o","@id":"https:\/\/brasilnoticias.org\/site\/#\/schema\/person\/03bbbfe6c7634ad18c26444ea39049fa"},"headline":"C\u00e2mara Municipal de Salvador retoma atividades com sess\u00e3o solene e discurso de Bruno Reis","datePublished":"2026-02-02T10:09:00+00:00","mainEntityOfPage":{"@id":"https:\/\/brasilnoticias.org\/site\/camara-municipal-de-salvador-retoma-atividades-com-sessao-solene-e-discurso-de-bruno-reis\/"},"wordCount":353,"commentCount":0,"publisher":{"@id":"https:\/\/brasilnoticias.org\/site\/#organization"},"image":{"@id":"https:\/\/brasilnoticias.org\/site\/camara-municipal-de-salvador-retoma-atividades-com-sessao-solene-e-discurso-de-bruno-reis\/#primaryimage"},"thumbnailUrl":"https:\/\/brasilnoticias.org\/site\/wp-content\/uploads\/2026\/02\/IMAGEM_NOTICIA_9.webp","articleSection":["Pol\u00edtica","\u00daltimas"],"inLanguage":"pt-PT","potentialAction":[{"@type":"CommentAction","name":"Comment","target":["https:\/\/brasilnoticias.org\/site\/camara-municipal-de-salvador-retoma-atividades-com-sessao-solene-e-discurso-de-bruno-reis\/#respond"]}]},{"@type":"WebPage","@id":"https:\/\/brasilnoticias.org\/site\/camara-municipal-de-salvador-retoma-atividades-com-sessao-solene-e-discurso-de-bruno-reis\/","url":"https:\/\/brasilnoticias.org\/site\/camara-municipal-de-salvador-retoma-atividades-com-sessao-solene-e-discurso-de-bruno-reis\/","name":"C\u00e2mara Municipal de Salvador retoma atividades com sess\u00e3o solene e discurso de Bruno Reis - Brasil not\u00edcias","isPartOf":{"@id":"https:\/\/brasilnoticias.org\/site\/#website"},"primaryImageOfPage":{"@id":"https:\/\/brasilnoticias.org\/site\/camara-municipal-de-salvador-retoma-atividades-com-sessao-solene-e-discurso-de-bruno-reis\/#primaryimage"},"image":{"@id":"https:\/\/brasilnoticias.org\/site\/camara-municipal-de-salvador-retoma-atividades-com-sessao-solene-e-discurso-de-bruno-reis\/#primaryimage"},"thumbnailUrl":"https:\/\/brasilnoticias.org\/site\/wp-content\/uploads\/2026\/02\/IMAGEM_NOTICIA_9.webp","datePublished":"2026-02-02T10:09:00+00:00","breadcrumb":{"@id":"https:\/\/brasilnoticias.org\/site\/camara-municipal-de-salvador-retoma-atividades-com-sessao-solene-e-discurso-de-bruno-reis\/#breadcrumb"},"inLanguage":"pt-PT","potentialAction":[{"@type":"ReadAction","target":["https:\/\/brasilnoticias.org\/site\/camara-municipal-de-salvador-retoma-atividades-com-sessao-solene-e-discurso-de-bruno-reis\/"]}]},{"@type":"ImageObject","inLanguage":"pt-PT","@id":"https:\/\/brasilnoticias.org\/site\/camara-municipal-de-salvador-retoma-atividades-com-sessao-solene-e-discurso-de-bruno-reis\/#primaryimage","url":"https:\/\/brasilnoticias.org\/site\/wp-content\/uploads\/2026\/02\/IMAGEM_NOTICIA_9.webp","contentUrl":"https:\/\/brasilnoticias.org\/site\/wp-content\/uploads\/2026\/02\/IMAGEM_NOTICIA_9.webp","width":1200,"height":630},{"@type":"BreadcrumbList","@id":"https:\/\/brasilnoticias.org\/site\/camara-municipal-de-salvador-retoma-atividades-com-sessao-solene-e-discurso-de-bruno-reis\/#breadcrumb","itemListElement":[{"@type":"ListItem","position":1,"name":"In\u00edcio","item":"https:\/\/brasilnoticias.org\/site\/"},{"@type":"ListItem","position":2,"name":"C\u00e2mara Municipal de Salvador retoma atividades com sess\u00e3o solene e discurso de Bruno Reis"}]},{"@type":"WebSite","@id":"https:\/\/brasilnoticias.org\/site\/#website","url":"https:\/\/brasilnoticias.org\/site\/","name":"Brasil not\u00edcias","description":"Brasil not\u00edcias","publisher":{"@id":"https:\/\/brasilnoticias.org\/site\/#organization"},"potentialAction":[{"@type":"SearchAction","target":{"@type":"EntryPoint","urlTemplate":"https:\/\/brasilnoticias.org\/site\/?s={search_term_string}"},"query-input":{"@type":"PropertyValueSpecification","valueRequired":true,"valueName":"search_term_string"}}],"inLanguage":"pt-PT"},{"@type":"Organization","@id":"https:\/\/brasilnoticias.org\/site\/#organization","name":"Brasil not\u00edcias","url":"https:\/\/brasilnoticias.org\/site\/","logo":{"@type":"ImageObject","inLanguage":"pt-PT","@id":"https:\/\/brasilnoticias.org\/site\/#\/schema\/logo\/image\/","url":"https:\/\/brasilnoticias.org\/site\/wp-content\/uploads\/2022\/05\/cropped-brasilnoticias-mini.jpg","contentUrl":"https:\/\/brasilnoticias.org\/site\/wp-content\/uploads\/2022\/05\/cropped-brasilnoticias-mini.jpg","width":314,"height":86,"caption":"Brasil not\u00edcias"},"image":{"@id":"https:\/\/brasilnoticias.org\/site\/#\/schema\/logo\/image\/"}},{"@type":"Person","@id":"https:\/\/brasilnoticias.org\/site\/#\/schema\/person\/03bbbfe6c7634ad18c26444ea39049fa","name":"Reda\u00e7\u00e3o","image":{"@type":"ImageObject","inLanguage":"pt-PT","@id":"https:\/\/brasilnoticias.org\/site\/#\/schema\/person\/image\/","url":"https:\/\/secure.gravatar.com\/avatar\/9ecaf7327a696cb23ad926fedded5f1f04d7049de9e445375d55b48c001a6e42?s=96&d=mm&r=g","contentUrl":"https:\/\/secure.gravatar.com\/avatar\/9ecaf7327a696cb23ad926fedded5f1f04d7049de9e445375d55b48c001a6e42?s=96&d=mm&r=g","caption":"Reda\u00e7\u00e3o"},"url":"https:\/\/brasilnoticias.org\/site\/author\/henrique\/"}]}},"_links":{"self":[{"href":"https:\/\/brasilnoticias.org\/site\/wp-json\/wp\/v2\/posts\/20035","targetHints":{"allow":["GET"]}}],"collection":[{"href":"https:\/\/brasilnoticias.org\/site\/wp-json\/wp\/v2\/posts"}],"about":[{"href":"https:\/\/brasilnoticias.org\/site\/wp-json\/wp\/v2\/types\/post"}],"author":[{"embeddable":true,"href":"https:\/\/brasilnoticias.org\/site\/wp-json\/wp\/v2\/users\/4"}],"replies":[{"embeddable":true,"href":"https:\/\/brasilnoticias.org\/site\/wp-json\/wp\/v2\/comments?post=20035"}],"version-history":[{"count":1,"href":"https:\/\/brasilnoticias.org\/site\/wp-json\/wp\/v2\/posts\/20035\/revisions"}],"predecessor-version":[{"id":20039,"href":"https:\/\/brasilnoticias.org\/site\/wp-json\/wp\/v2\/posts\/20035\/revisions\/20039"}],"wp:featuredmedia":[{"embeddable":true,"href":"https:\/\/brasilnoticias.org\/site\/wp-json\/wp\/v2\/media\/20038"}],"wp:attachment":[{"href":"https:\/\/brasilnoticias.org\/site\/wp-json\/wp\/v2\/media?parent=20035"}],"wp:term":[{"taxonomy":"category","embeddable":true,"href":"https:\/\/brasilnoticias.org\/site\/wp-json\/wp\/v2\/categories?post=20035"},{"taxonomy":"post_tag","embeddable":true,"href":"https:\/\/brasilnoticias.org\/site\/wp-json\/wp\/v2\/tags?post=20035"}],"curies":[{"name":"wp","href":"https:\/\/api.w.org\/{rel}","templated":true}]}}