{"id":20043,"date":"2026-02-02T08:01:01","date_gmt":"2026-02-02T11:01:01","guid":{"rendered":"https:\/\/brasilnoticias.org\/site\/?p=20043"},"modified":"2026-02-02T08:01:01","modified_gmt":"2026-02-02T11:01:01","slug":"salario-minimo-de-r-1-621-comeca-a-ser-pago-nesta-segunda-feira","status":"publish","type":"post","link":"https:\/\/brasilnoticias.org\/site\/salario-minimo-de-r-1-621-comeca-a-ser-pago-nesta-segunda-feira\/","title":{"rendered":"Sal\u00e1rio m\u00ednimo de R$ 1.621 come\u00e7a a ser pago nesta segunda-feira"},"content":{"rendered":"<p>Come\u00e7a a ser pago nesta segunda-feira (10 de fevereiro de 2026) o novo sal\u00e1rio m\u00ednimo no valor de R$ 1.621, conforme determina\u00e7\u00e3o do governo federal. O reajuste representa uma atualiza\u00e7\u00e3o anual do piso nacional de remunera\u00e7\u00e3o para trabalhadores formais e beneficia milh\u00f5es de brasileiros que recebem o m\u00ednimo ou t\u00eam seus benef\u00edcios vinculados ao valor base.<\/p>\n<p>O sal\u00e1rio m\u00ednimo \u00e9 refer\u00eancia para o c\u00e1lculo de diversas pol\u00edticas p\u00fablicas, incluindo aposentadorias, pens\u00f5es, seguro-desemprego e programas sociais. Com o reajuste, centenas de milhares de benefici\u00e1rios da Previd\u00eancia e de aux\u00edlios governamentais ter\u00e3o seus valores atualizados automaticamente, refletindo a nova base de refer\u00eancia.<\/p>\n<p>Autoridades do governo destacaram que o reajuste foi calculado levando em conta crit\u00e9rios como a infla\u00e7\u00e3o acumulada no per\u00edodo e a necessidade de manter o poder de compra dos trabalhadores. A medida \u00e9 adotada todos os anos e impacta diretamente o or\u00e7amento das fam\u00edlias que dependem exclusivamente dessa renda, especialmente em um contexto de ajustes econ\u00f4micos e press\u00f5es inflacion\u00e1rias.<\/p>\n<p>Especialistas em economia afirmam que o reajuste do sal\u00e1rio m\u00ednimo tamb\u00e9m tem efeitos na economia como um todo, pois pode impulsionar o consumo entre as fam\u00edlias de menor renda e estimular setores que dependem do dinamismo do mercado interno. No entanto, tamb\u00e9m existe a preocupa\u00e7\u00e3o de que impactos adicionais nos custos do setor produtivo e no or\u00e7amento p\u00fablico precisem ser equilibrados.<\/p>\n<p>A Caixa Econ\u00f4mica Federal e o INSS (Instituto Nacional do Seguro Social) orientam os trabalhadores e benefici\u00e1rios a consultarem os canais oficiais para obter informa\u00e7\u00f5es sobre datas, valores espec\u00edficos e detalhes sobre os pagamentos com base no novo sal\u00e1rio m\u00ednimo.<\/p>\n<p>Foto: Marcelo Camargo\/Ag\u00eancia Brasil<br \/>\nFonte: Ag\u00eancia Brasil<\/p>\n","protected":false},"excerpt":{"rendered":"<p>Come\u00e7a a ser pago nesta segunda-feira (10 de fevereiro de 2026) o novo sal\u00e1rio m\u00ednimo no valor de R$ 1.621,<\/p>\n","protected":false},"author":4,"featured_media":20044,"comment_status":"open","ping_status":"open","sticky":false,"template":"","format":"standard","meta":{"colormag_page_container_layout":"default_layout","colormag_page_sidebar_layout":"default_layout","_FSMCFIC_featured_image_caption":"","_FSMCFIC_featured_image_nocaption":"","_FSMCFIC_featured_image_hide":"","footnotes":""},"categories":[2,1],"tags":[],"class_list":["post-20043","post","type-post","status-publish","format-standard","has-post-thumbnail","hentry","category-noticias","category-ultimas"],"yoast_head":"<!-- This site is optimized with the Yoast SEO plugin v27.1.1 - https:\/\/yoast.com\/product\/yoast-seo-wordpress\/ -->\n<title>Sal\u00e1rio m\u00ednimo de R$ 1.621 come\u00e7a a ser pago nesta segunda-feira - Brasil not\u00edcias<\/title>\n<meta name=\"robots\" content=\"index, follow, max-snippet:-1, max-image-preview:large, max-video-preview:-1\" \/>\n<link rel=\"canonical\" href=\"https:\/\/brasilnoticias.org\/site\/salario-minimo-de-r-1-621-comeca-a-ser-pago-nesta-segunda-feira\/\" \/>\n<meta property=\"og:locale\" content=\"pt_PT\" \/>\n<meta property=\"og:type\" content=\"article\" \/>\n<meta property=\"og:title\" content=\"Sal\u00e1rio m\u00ednimo de R$ 1.621 come\u00e7a a ser pago nesta segunda-feira - Brasil not\u00edcias\" \/>\n<meta property=\"og:description\" content=\"Come\u00e7a a ser pago nesta segunda-feira (10 de fevereiro de 2026) o novo sal\u00e1rio m\u00ednimo no valor de R$ 1.621,\" \/>\n<meta property=\"og:url\" content=\"https:\/\/brasilnoticias.org\/site\/salario-minimo-de-r-1-621-comeca-a-ser-pago-nesta-segunda-feira\/\" \/>\n<meta property=\"og:site_name\" content=\"Brasil not\u00edcias\" \/>\n<meta property=\"article:published_time\" content=\"2026-02-02T11:01:01+00:00\" \/>\n<meta property=\"og:image\" content=\"https:\/\/brasilnoticias.org\/site\/wp-content\/uploads\/2026\/02\/0d8a1308.webp\" \/>\n\t<meta property=\"og:image:width\" content=\"1170\" \/>\n\t<meta property=\"og:image:height\" content=\"700\" \/>\n\t<meta property=\"og:image:type\" content=\"image\/webp\" \/>\n<meta name=\"author\" content=\"Reda\u00e7\u00e3o\" \/>\n<meta name=\"twitter:card\" content=\"summary_large_image\" \/>\n<meta name=\"twitter:label1\" content=\"Escrito por\" \/>\n\t<meta name=\"twitter:data1\" content=\"Reda\u00e7\u00e3o\" \/>\n\t<meta name=\"twitter:label2\" content=\"Tempo estimado de leitura\" \/>\n\t<meta name=\"twitter:data2\" content=\"1 minuto\" \/>\n<script type=\"application\/ld+json\" class=\"yoast-schema-graph\">{\"@context\":\"https:\/\/schema.org\",\"@graph\":[{\"@type\":\"Article\",\"@id\":\"https:\/\/brasilnoticias.org\/site\/salario-minimo-de-r-1-621-comeca-a-ser-pago-nesta-segunda-feira\/#article\",\"isPartOf\":{\"@id\":\"https:\/\/brasilnoticias.org\/site\/salario-minimo-de-r-1-621-comeca-a-ser-pago-nesta-segunda-feira\/\"},\"author\":{\"name\":\"Reda\u00e7\u00e3o\",\"@id\":\"https:\/\/brasilnoticias.org\/site\/#\/schema\/person\/03bbbfe6c7634ad18c26444ea39049fa\"},\"headline\":\"Sal\u00e1rio m\u00ednimo de R$ 1.621 come\u00e7a a ser pago nesta segunda-feira\",\"datePublished\":\"2026-02-02T11:01:01+00:00\",\"mainEntityOfPage\":{\"@id\":\"https:\/\/brasilnoticias.org\/site\/salario-minimo-de-r-1-621-comeca-a-ser-pago-nesta-segunda-feira\/\"},\"wordCount\":322,\"commentCount\":0,\"publisher\":{\"@id\":\"https:\/\/brasilnoticias.org\/site\/#organization\"},\"image\":{\"@id\":\"https:\/\/brasilnoticias.org\/site\/salario-minimo-de-r-1-621-comeca-a-ser-pago-nesta-segunda-feira\/#primaryimage\"},\"thumbnailUrl\":\"https:\/\/brasilnoticias.org\/site\/wp-content\/uploads\/2026\/02\/0d8a1308.webp\",\"articleSection\":[\"Not\u00edcias\",\"\u00daltimas\"],\"inLanguage\":\"pt-PT\",\"potentialAction\":[{\"@type\":\"CommentAction\",\"name\":\"Comment\",\"target\":[\"https:\/\/brasilnoticias.org\/site\/salario-minimo-de-r-1-621-comeca-a-ser-pago-nesta-segunda-feira\/#respond\"]}]},{\"@type\":\"WebPage\",\"@id\":\"https:\/\/brasilnoticias.org\/site\/salario-minimo-de-r-1-621-comeca-a-ser-pago-nesta-segunda-feira\/\",\"url\":\"https:\/\/brasilnoticias.org\/site\/salario-minimo-de-r-1-621-comeca-a-ser-pago-nesta-segunda-feira\/\",\"name\":\"Sal\u00e1rio m\u00ednimo de R$ 1.621 come\u00e7a a ser pago nesta segunda-feira - Brasil not\u00edcias\",\"isPartOf\":{\"@id\":\"https:\/\/brasilnoticias.org\/site\/#website\"},\"primaryImageOfPage\":{\"@id\":\"https:\/\/brasilnoticias.org\/site\/salario-minimo-de-r-1-621-comeca-a-ser-pago-nesta-segunda-feira\/#primaryimage\"},\"image\":{\"@id\":\"https:\/\/brasilnoticias.org\/site\/salario-minimo-de-r-1-621-comeca-a-ser-pago-nesta-segunda-feira\/#primaryimage\"},\"thumbnailUrl\":\"https:\/\/brasilnoticias.org\/site\/wp-content\/uploads\/2026\/02\/0d8a1308.webp\",\"datePublished\":\"2026-02-02T11:01:01+00:00\",\"breadcrumb\":{\"@id\":\"https:\/\/brasilnoticias.org\/site\/salario-minimo-de-r-1-621-comeca-a-ser-pago-nesta-segunda-feira\/#breadcrumb\"},\"inLanguage\":\"pt-PT\",\"potentialAction\":[{\"@type\":\"ReadAction\",\"target\":[\"https:\/\/brasilnoticias.org\/site\/salario-minimo-de-r-1-621-comeca-a-ser-pago-nesta-segunda-feira\/\"]}]},{\"@type\":\"ImageObject\",\"inLanguage\":\"pt-PT\",\"@id\":\"https:\/\/brasilnoticias.org\/site\/salario-minimo-de-r-1-621-comeca-a-ser-pago-nesta-segunda-feira\/#primaryimage\",\"url\":\"https:\/\/brasilnoticias.org\/site\/wp-content\/uploads\/2026\/02\/0d8a1308.webp\",\"contentUrl\":\"https:\/\/brasilnoticias.org\/site\/wp-content\/uploads\/2026\/02\/0d8a1308.webp\",\"width\":1170,\"height\":700},{\"@type\":\"BreadcrumbList\",\"@id\":\"https:\/\/brasilnoticias.org\/site\/salario-minimo-de-r-1-621-comeca-a-ser-pago-nesta-segunda-feira\/#breadcrumb\",\"itemListElement\":[{\"@type\":\"ListItem\",\"position\":1,\"name\":\"In\u00edcio\",\"item\":\"https:\/\/brasilnoticias.org\/site\/\"},{\"@type\":\"ListItem\",\"position\":2,\"name\":\"Sal\u00e1rio m\u00ednimo de R$ 1.621 come\u00e7a a ser pago nesta segunda-feira\"}]},{\"@type\":\"WebSite\",\"@id\":\"https:\/\/brasilnoticias.org\/site\/#website\",\"url\":\"https:\/\/brasilnoticias.org\/site\/\",\"name\":\"Brasil not\u00edcias\",\"description\":\"Brasil not\u00edcias\",\"publisher\":{\"@id\":\"https:\/\/brasilnoticias.org\/site\/#organization\"},\"potentialAction\":[{\"@type\":\"SearchAction\",\"target\":{\"@type\":\"EntryPoint\",\"urlTemplate\":\"https:\/\/brasilnoticias.org\/site\/?s={search_term_string}\"},\"query-input\":{\"@type\":\"PropertyValueSpecification\",\"valueRequired\":true,\"valueName\":\"search_term_string\"}}],\"inLanguage\":\"pt-PT\"},{\"@type\":\"Organization\",\"@id\":\"https:\/\/brasilnoticias.org\/site\/#organization\",\"name\":\"Brasil not\u00edcias\",\"url\":\"https:\/\/brasilnoticias.org\/site\/\",\"logo\":{\"@type\":\"ImageObject\",\"inLanguage\":\"pt-PT\",\"@id\":\"https:\/\/brasilnoticias.org\/site\/#\/schema\/logo\/image\/\",\"url\":\"https:\/\/brasilnoticias.org\/site\/wp-content\/uploads\/2022\/05\/cropped-brasilnoticias-mini.jpg\",\"contentUrl\":\"https:\/\/brasilnoticias.org\/site\/wp-content\/uploads\/2022\/05\/cropped-brasilnoticias-mini.jpg\",\"width\":314,\"height\":86,\"caption\":\"Brasil not\u00edcias\"},\"image\":{\"@id\":\"https:\/\/brasilnoticias.org\/site\/#\/schema\/logo\/image\/\"}},{\"@type\":\"Person\",\"@id\":\"https:\/\/brasilnoticias.org\/site\/#\/schema\/person\/03bbbfe6c7634ad18c26444ea39049fa\",\"name\":\"Reda\u00e7\u00e3o\",\"image\":{\"@type\":\"ImageObject\",\"inLanguage\":\"pt-PT\",\"@id\":\"https:\/\/brasilnoticias.org\/site\/#\/schema\/person\/image\/\",\"url\":\"https:\/\/secure.gravatar.com\/avatar\/9ecaf7327a696cb23ad926fedded5f1f04d7049de9e445375d55b48c001a6e42?s=96&d=mm&r=g\",\"contentUrl\":\"https:\/\/secure.gravatar.com\/avatar\/9ecaf7327a696cb23ad926fedded5f1f04d7049de9e445375d55b48c001a6e42?s=96&d=mm&r=g\",\"caption\":\"Reda\u00e7\u00e3o\"},\"url\":\"https:\/\/brasilnoticias.org\/site\/author\/henrique\/\"}]}<\/script>\n<!-- \/ Yoast SEO plugin. -->","yoast_head_json":{"title":"Sal\u00e1rio m\u00ednimo de R$ 1.621 come\u00e7a a ser pago nesta segunda-feira - Brasil not\u00edcias","robots":{"index":"index","follow":"follow","max-snippet":"max-snippet:-1","max-image-preview":"max-image-preview:large","max-video-preview":"max-video-preview:-1"},"canonical":"https:\/\/brasilnoticias.org\/site\/salario-minimo-de-r-1-621-comeca-a-ser-pago-nesta-segunda-feira\/","og_locale":"pt_PT","og_type":"article","og_title":"Sal\u00e1rio m\u00ednimo de R$ 1.621 come\u00e7a a ser pago nesta segunda-feira - Brasil not\u00edcias","og_description":"Come\u00e7a a ser pago nesta segunda-feira (10 de fevereiro de 2026) o novo sal\u00e1rio m\u00ednimo no valor de R$ 1.621,","og_url":"https:\/\/brasilnoticias.org\/site\/salario-minimo-de-r-1-621-comeca-a-ser-pago-nesta-segunda-feira\/","og_site_name":"Brasil not\u00edcias","article_published_time":"2026-02-02T11:01:01+00:00","og_image":[{"width":1170,"height":700,"url":"https:\/\/brasilnoticias.org\/site\/wp-content\/uploads\/2026\/02\/0d8a1308.webp","type":"image\/webp"}],"author":"Reda\u00e7\u00e3o","twitter_card":"summary_large_image","twitter_misc":{"Escrito por":"Reda\u00e7\u00e3o","Tempo estimado de leitura":"1 minuto"},"schema":{"@context":"https:\/\/schema.org","@graph":[{"@type":"Article","@id":"https:\/\/brasilnoticias.org\/site\/salario-minimo-de-r-1-621-comeca-a-ser-pago-nesta-segunda-feira\/#article","isPartOf":{"@id":"https:\/\/brasilnoticias.org\/site\/salario-minimo-de-r-1-621-comeca-a-ser-pago-nesta-segunda-feira\/"},"author":{"name":"Reda\u00e7\u00e3o","@id":"https:\/\/brasilnoticias.org\/site\/#\/schema\/person\/03bbbfe6c7634ad18c26444ea39049fa"},"headline":"Sal\u00e1rio m\u00ednimo de R$ 1.621 come\u00e7a a ser pago nesta segunda-feira","datePublished":"2026-02-02T11:01:01+00:00","mainEntityOfPage":{"@id":"https:\/\/brasilnoticias.org\/site\/salario-minimo-de-r-1-621-comeca-a-ser-pago-nesta-segunda-feira\/"},"wordCount":322,"commentCount":0,"publisher":{"@id":"https:\/\/brasilnoticias.org\/site\/#organization"},"image":{"@id":"https:\/\/brasilnoticias.org\/site\/salario-minimo-de-r-1-621-comeca-a-ser-pago-nesta-segunda-feira\/#primaryimage"},"thumbnailUrl":"https:\/\/brasilnoticias.org\/site\/wp-content\/uploads\/2026\/02\/0d8a1308.webp","articleSection":["Not\u00edcias","\u00daltimas"],"inLanguage":"pt-PT","potentialAction":[{"@type":"CommentAction","name":"Comment","target":["https:\/\/brasilnoticias.org\/site\/salario-minimo-de-r-1-621-comeca-a-ser-pago-nesta-segunda-feira\/#respond"]}]},{"@type":"WebPage","@id":"https:\/\/brasilnoticias.org\/site\/salario-minimo-de-r-1-621-comeca-a-ser-pago-nesta-segunda-feira\/","url":"https:\/\/brasilnoticias.org\/site\/salario-minimo-de-r-1-621-comeca-a-ser-pago-nesta-segunda-feira\/","name":"Sal\u00e1rio m\u00ednimo de R$ 1.621 come\u00e7a a ser pago nesta segunda-feira - Brasil not\u00edcias","isPartOf":{"@id":"https:\/\/brasilnoticias.org\/site\/#website"},"primaryImageOfPage":{"@id":"https:\/\/brasilnoticias.org\/site\/salario-minimo-de-r-1-621-comeca-a-ser-pago-nesta-segunda-feira\/#primaryimage"},"image":{"@id":"https:\/\/brasilnoticias.org\/site\/salario-minimo-de-r-1-621-comeca-a-ser-pago-nesta-segunda-feira\/#primaryimage"},"thumbnailUrl":"https:\/\/brasilnoticias.org\/site\/wp-content\/uploads\/2026\/02\/0d8a1308.webp","datePublished":"2026-02-02T11:01:01+00:00","breadcrumb":{"@id":"https:\/\/brasilnoticias.org\/site\/salario-minimo-de-r-1-621-comeca-a-ser-pago-nesta-segunda-feira\/#breadcrumb"},"inLanguage":"pt-PT","potentialAction":[{"@type":"ReadAction","target":["https:\/\/brasilnoticias.org\/site\/salario-minimo-de-r-1-621-comeca-a-ser-pago-nesta-segunda-feira\/"]}]},{"@type":"ImageObject","inLanguage":"pt-PT","@id":"https:\/\/brasilnoticias.org\/site\/salario-minimo-de-r-1-621-comeca-a-ser-pago-nesta-segunda-feira\/#primaryimage","url":"https:\/\/brasilnoticias.org\/site\/wp-content\/uploads\/2026\/02\/0d8a1308.webp","contentUrl":"https:\/\/brasilnoticias.org\/site\/wp-content\/uploads\/2026\/02\/0d8a1308.webp","width":1170,"height":700},{"@type":"BreadcrumbList","@id":"https:\/\/brasilnoticias.org\/site\/salario-minimo-de-r-1-621-comeca-a-ser-pago-nesta-segunda-feira\/#breadcrumb","itemListElement":[{"@type":"ListItem","position":1,"name":"In\u00edcio","item":"https:\/\/brasilnoticias.org\/site\/"},{"@type":"ListItem","position":2,"name":"Sal\u00e1rio m\u00ednimo de R$ 1.621 come\u00e7a a ser pago nesta segunda-feira"}]},{"@type":"WebSite","@id":"https:\/\/brasilnoticias.org\/site\/#website","url":"https:\/\/brasilnoticias.org\/site\/","name":"Brasil not\u00edcias","description":"Brasil not\u00edcias","publisher":{"@id":"https:\/\/brasilnoticias.org\/site\/#organization"},"potentialAction":[{"@type":"SearchAction","target":{"@type":"EntryPoint","urlTemplate":"https:\/\/brasilnoticias.org\/site\/?s={search_term_string}"},"query-input":{"@type":"PropertyValueSpecification","valueRequired":true,"valueName":"search_term_string"}}],"inLanguage":"pt-PT"},{"@type":"Organization","@id":"https:\/\/brasilnoticias.org\/site\/#organization","name":"Brasil not\u00edcias","url":"https:\/\/brasilnoticias.org\/site\/","logo":{"@type":"ImageObject","inLanguage":"pt-PT","@id":"https:\/\/brasilnoticias.org\/site\/#\/schema\/logo\/image\/","url":"https:\/\/brasilnoticias.org\/site\/wp-content\/uploads\/2022\/05\/cropped-brasilnoticias-mini.jpg","contentUrl":"https:\/\/brasilnoticias.org\/site\/wp-content\/uploads\/2022\/05\/cropped-brasilnoticias-mini.jpg","width":314,"height":86,"caption":"Brasil not\u00edcias"},"image":{"@id":"https:\/\/brasilnoticias.org\/site\/#\/schema\/logo\/image\/"}},{"@type":"Person","@id":"https:\/\/brasilnoticias.org\/site\/#\/schema\/person\/03bbbfe6c7634ad18c26444ea39049fa","name":"Reda\u00e7\u00e3o","image":{"@type":"ImageObject","inLanguage":"pt-PT","@id":"https:\/\/brasilnoticias.org\/site\/#\/schema\/person\/image\/","url":"https:\/\/secure.gravatar.com\/avatar\/9ecaf7327a696cb23ad926fedded5f1f04d7049de9e445375d55b48c001a6e42?s=96&d=mm&r=g","contentUrl":"https:\/\/secure.gravatar.com\/avatar\/9ecaf7327a696cb23ad926fedded5f1f04d7049de9e445375d55b48c001a6e42?s=96&d=mm&r=g","caption":"Reda\u00e7\u00e3o"},"url":"https:\/\/brasilnoticias.org\/site\/author\/henrique\/"}]}},"_links":{"self":[{"href":"https:\/\/brasilnoticias.org\/site\/wp-json\/wp\/v2\/posts\/20043","targetHints":{"allow":["GET"]}}],"collection":[{"href":"https:\/\/brasilnoticias.org\/site\/wp-json\/wp\/v2\/posts"}],"about":[{"href":"https:\/\/brasilnoticias.org\/site\/wp-json\/wp\/v2\/types\/post"}],"author":[{"embeddable":true,"href":"https:\/\/brasilnoticias.org\/site\/wp-json\/wp\/v2\/users\/4"}],"replies":[{"embeddable":true,"href":"https:\/\/brasilnoticias.org\/site\/wp-json\/wp\/v2\/comments?post=20043"}],"version-history":[{"count":1,"href":"https:\/\/brasilnoticias.org\/site\/wp-json\/wp\/v2\/posts\/20043\/revisions"}],"predecessor-version":[{"id":20045,"href":"https:\/\/brasilnoticias.org\/site\/wp-json\/wp\/v2\/posts\/20043\/revisions\/20045"}],"wp:featuredmedia":[{"embeddable":true,"href":"https:\/\/brasilnoticias.org\/site\/wp-json\/wp\/v2\/media\/20044"}],"wp:attachment":[{"href":"https:\/\/brasilnoticias.org\/site\/wp-json\/wp\/v2\/media?parent=20043"}],"wp:term":[{"taxonomy":"category","embeddable":true,"href":"https:\/\/brasilnoticias.org\/site\/wp-json\/wp\/v2\/categories?post=20043"},{"taxonomy":"post_tag","embeddable":true,"href":"https:\/\/brasilnoticias.org\/site\/wp-json\/wp\/v2\/tags?post=20043"}],"curies":[{"name":"wp","href":"https:\/\/api.w.org\/{rel}","templated":true}]}}