{"id":20061,"date":"2026-02-02T12:46:57","date_gmt":"2026-02-02T15:46:57","guid":{"rendered":"https:\/\/brasilnoticias.org\/site\/?p=20061"},"modified":"2026-02-02T12:46:57","modified_gmt":"2026-02-02T15:46:57","slug":"grammy-2026-e-marcado-por-criticas-a-donald-trump-durante-cerimonia-em-los-angeles","status":"publish","type":"post","link":"https:\/\/brasilnoticias.org\/site\/grammy-2026-e-marcado-por-criticas-a-donald-trump-durante-cerimonia-em-los-angeles\/","title":{"rendered":"Grammy 2026 \u00e9 marcado por cr\u00edticas a Donald Trump durante cerim\u00f4nia em Los Angeles"},"content":{"rendered":"<p>A cerim\u00f4nia do Grammy Awards 2026, realizada na noite de domingo (1\u00ba de fevereiro) em Los Angeles (EUA), foi destaque n\u00e3o apenas pelos pr\u00eamios musicais, mas tamb\u00e9m pelo tom pol\u00edtico que tomou conta de v\u00e1rios discursos de artistas no palco.<\/p>\n<p>Durante o evento, artistas premiados usaram seus momentos no microfone para criticar o ex-presidente Donald Trump e a pol\u00edtica de imigra\u00e7\u00e3o dos Estados Unidos, especialmente a atua\u00e7\u00e3o do ICE \u2014 ag\u00eancia respons\u00e1vel por fiscaliza\u00e7\u00e3o de fronteiras e deporta\u00e7\u00f5es no pa\u00eds.<\/p>\n<p>O rapper porto-riquenho Bad Bunny, que venceu na categoria de Melhor \u00c1lbum de M\u00fasica Urbana, fez um discurso em que enfatizou a humanidade dos imigrantes e criticou a atua\u00e7\u00e3o de autoridades norte-americanas, recebendo aplausos da plateia.<\/p>\n<p>A cantora Billie Eilish, vencedora do pr\u00eamio de Melhor Can\u00e7\u00e3o do Ano, tamb\u00e9m abordou o tema ao afirmar que \u201cnenhuma pessoa \u00e9 ilegal em terras roubadas\u201d, refor\u00e7ando a mensagem de resist\u00eancia e solidariedade aos imigrantes.<\/p>\n<p>O apresentador do evento, Trevor Noah, tamb\u00e9m fez piadas e cr\u00edticas envolvendo o nome de Trump durante sua apresenta\u00e7\u00e3o. Em resposta, o ex-presidente publicou uma mensagem em sua rede social afirmando que a cerim\u00f4nia foi \u201ca pior\u201d e chegou a criticar Noah por conta das falas no palco.<\/p>\n<p>Al\u00e9m dos discursos pol\u00edticos, a noite tamb\u00e9m celebrou grandes artistas com pr\u00eamios em diversas categorias, incluindo nomes como Kendrick Lamar entre os maiores vencedores da noite.<\/p>\n<p>Foto: REUTERS\/Daniel Cole &#8211; Proibido reprodu\u00e7\u00e3o<br \/>\nFonte: Ag\u00eancia Brasil<\/p>\n","protected":false},"excerpt":{"rendered":"<p>A cerim\u00f4nia do Grammy Awards 2026, realizada na noite de domingo (1\u00ba de fevereiro) em Los Angeles (EUA), foi destaque<\/p>\n","protected":false},"author":4,"featured_media":20062,"comment_status":"open","ping_status":"open","sticky":false,"template":"","format":"standard","meta":{"colormag_page_container_layout":"default_layout","colormag_page_sidebar_layout":"default_layout","_FSMCFIC_featured_image_caption":"","_FSMCFIC_featured_image_nocaption":"","_FSMCFIC_featured_image_hide":"","footnotes":""},"categories":[8,1],"tags":[],"class_list":["post-20061","post","type-post","status-publish","format-standard","has-post-thumbnail","hentry","category-entretenimento","category-ultimas"],"yoast_head":"<!-- This site is optimized with the Yoast SEO plugin v27.1.1 - https:\/\/yoast.com\/product\/yoast-seo-wordpress\/ -->\n<title>Grammy 2026 \u00e9 marcado por cr\u00edticas a Donald Trump durante cerim\u00f4nia em Los Angeles - Brasil not\u00edcias<\/title>\n<meta name=\"robots\" content=\"index, follow, max-snippet:-1, max-image-preview:large, max-video-preview:-1\" \/>\n<link rel=\"canonical\" href=\"https:\/\/brasilnoticias.org\/site\/grammy-2026-e-marcado-por-criticas-a-donald-trump-durante-cerimonia-em-los-angeles\/\" \/>\n<meta property=\"og:locale\" content=\"pt_PT\" \/>\n<meta property=\"og:type\" content=\"article\" \/>\n<meta property=\"og:title\" content=\"Grammy 2026 \u00e9 marcado por cr\u00edticas a Donald Trump durante cerim\u00f4nia em Los Angeles - Brasil not\u00edcias\" \/>\n<meta property=\"og:description\" content=\"A cerim\u00f4nia do Grammy Awards 2026, realizada na noite de domingo (1\u00ba de fevereiro) em Los Angeles (EUA), foi destaque\" \/>\n<meta property=\"og:url\" content=\"https:\/\/brasilnoticias.org\/site\/grammy-2026-e-marcado-por-criticas-a-donald-trump-durante-cerimonia-em-los-angeles\/\" \/>\n<meta property=\"og:site_name\" content=\"Brasil not\u00edcias\" \/>\n<meta property=\"article:published_time\" content=\"2026-02-02T15:46:57+00:00\" \/>\n<meta property=\"og:image\" content=\"https:\/\/brasilnoticias.org\/site\/wp-content\/uploads\/2026\/02\/2026-02-02t010748z_1139826117_hp1em22034xg9_rtrmadp_3_awards-grammys.webp\" \/>\n\t<meta property=\"og:image:width\" content=\"1170\" \/>\n\t<meta property=\"og:image:height\" content=\"700\" \/>\n\t<meta property=\"og:image:type\" content=\"image\/webp\" \/>\n<meta name=\"author\" content=\"Reda\u00e7\u00e3o\" \/>\n<meta name=\"twitter:card\" content=\"summary_large_image\" \/>\n<meta name=\"twitter:label1\" content=\"Escrito por\" \/>\n\t<meta name=\"twitter:data1\" content=\"Reda\u00e7\u00e3o\" \/>\n\t<meta name=\"twitter:label2\" content=\"Tempo estimado de leitura\" \/>\n\t<meta name=\"twitter:data2\" content=\"1 minuto\" \/>\n<script type=\"application\/ld+json\" class=\"yoast-schema-graph\">{\"@context\":\"https:\/\/schema.org\",\"@graph\":[{\"@type\":\"Article\",\"@id\":\"https:\/\/brasilnoticias.org\/site\/grammy-2026-e-marcado-por-criticas-a-donald-trump-durante-cerimonia-em-los-angeles\/#article\",\"isPartOf\":{\"@id\":\"https:\/\/brasilnoticias.org\/site\/grammy-2026-e-marcado-por-criticas-a-donald-trump-durante-cerimonia-em-los-angeles\/\"},\"author\":{\"name\":\"Reda\u00e7\u00e3o\",\"@id\":\"https:\/\/brasilnoticias.org\/site\/#\/schema\/person\/03bbbfe6c7634ad18c26444ea39049fa\"},\"headline\":\"Grammy 2026 \u00e9 marcado por cr\u00edticas a Donald Trump durante cerim\u00f4nia em Los Angeles\",\"datePublished\":\"2026-02-02T15:46:57+00:00\",\"mainEntityOfPage\":{\"@id\":\"https:\/\/brasilnoticias.org\/site\/grammy-2026-e-marcado-por-criticas-a-donald-trump-durante-cerimonia-em-los-angeles\/\"},\"wordCount\":276,\"commentCount\":0,\"publisher\":{\"@id\":\"https:\/\/brasilnoticias.org\/site\/#organization\"},\"image\":{\"@id\":\"https:\/\/brasilnoticias.org\/site\/grammy-2026-e-marcado-por-criticas-a-donald-trump-durante-cerimonia-em-los-angeles\/#primaryimage\"},\"thumbnailUrl\":\"https:\/\/brasilnoticias.org\/site\/wp-content\/uploads\/2026\/02\/2026-02-02t010748z_1139826117_hp1em22034xg9_rtrmadp_3_awards-grammys.webp\",\"articleSection\":[\"Entretenimento\",\"\u00daltimas\"],\"inLanguage\":\"pt-PT\",\"potentialAction\":[{\"@type\":\"CommentAction\",\"name\":\"Comment\",\"target\":[\"https:\/\/brasilnoticias.org\/site\/grammy-2026-e-marcado-por-criticas-a-donald-trump-durante-cerimonia-em-los-angeles\/#respond\"]}]},{\"@type\":\"WebPage\",\"@id\":\"https:\/\/brasilnoticias.org\/site\/grammy-2026-e-marcado-por-criticas-a-donald-trump-durante-cerimonia-em-los-angeles\/\",\"url\":\"https:\/\/brasilnoticias.org\/site\/grammy-2026-e-marcado-por-criticas-a-donald-trump-durante-cerimonia-em-los-angeles\/\",\"name\":\"Grammy 2026 \u00e9 marcado por cr\u00edticas a Donald Trump durante cerim\u00f4nia em Los Angeles - Brasil not\u00edcias\",\"isPartOf\":{\"@id\":\"https:\/\/brasilnoticias.org\/site\/#website\"},\"primaryImageOfPage\":{\"@id\":\"https:\/\/brasilnoticias.org\/site\/grammy-2026-e-marcado-por-criticas-a-donald-trump-durante-cerimonia-em-los-angeles\/#primaryimage\"},\"image\":{\"@id\":\"https:\/\/brasilnoticias.org\/site\/grammy-2026-e-marcado-por-criticas-a-donald-trump-durante-cerimonia-em-los-angeles\/#primaryimage\"},\"thumbnailUrl\":\"https:\/\/brasilnoticias.org\/site\/wp-content\/uploads\/2026\/02\/2026-02-02t010748z_1139826117_hp1em22034xg9_rtrmadp_3_awards-grammys.webp\",\"datePublished\":\"2026-02-02T15:46:57+00:00\",\"breadcrumb\":{\"@id\":\"https:\/\/brasilnoticias.org\/site\/grammy-2026-e-marcado-por-criticas-a-donald-trump-durante-cerimonia-em-los-angeles\/#breadcrumb\"},\"inLanguage\":\"pt-PT\",\"potentialAction\":[{\"@type\":\"ReadAction\",\"target\":[\"https:\/\/brasilnoticias.org\/site\/grammy-2026-e-marcado-por-criticas-a-donald-trump-durante-cerimonia-em-los-angeles\/\"]}]},{\"@type\":\"ImageObject\",\"inLanguage\":\"pt-PT\",\"@id\":\"https:\/\/brasilnoticias.org\/site\/grammy-2026-e-marcado-por-criticas-a-donald-trump-durante-cerimonia-em-los-angeles\/#primaryimage\",\"url\":\"https:\/\/brasilnoticias.org\/site\/wp-content\/uploads\/2026\/02\/2026-02-02t010748z_1139826117_hp1em22034xg9_rtrmadp_3_awards-grammys.webp\",\"contentUrl\":\"https:\/\/brasilnoticias.org\/site\/wp-content\/uploads\/2026\/02\/2026-02-02t010748z_1139826117_hp1em22034xg9_rtrmadp_3_awards-grammys.webp\",\"width\":1170,\"height\":700},{\"@type\":\"BreadcrumbList\",\"@id\":\"https:\/\/brasilnoticias.org\/site\/grammy-2026-e-marcado-por-criticas-a-donald-trump-durante-cerimonia-em-los-angeles\/#breadcrumb\",\"itemListElement\":[{\"@type\":\"ListItem\",\"position\":1,\"name\":\"In\u00edcio\",\"item\":\"https:\/\/brasilnoticias.org\/site\/\"},{\"@type\":\"ListItem\",\"position\":2,\"name\":\"Grammy 2026 \u00e9 marcado por cr\u00edticas a Donald Trump durante cerim\u00f4nia em Los Angeles\"}]},{\"@type\":\"WebSite\",\"@id\":\"https:\/\/brasilnoticias.org\/site\/#website\",\"url\":\"https:\/\/brasilnoticias.org\/site\/\",\"name\":\"Brasil not\u00edcias\",\"description\":\"Brasil not\u00edcias\",\"publisher\":{\"@id\":\"https:\/\/brasilnoticias.org\/site\/#organization\"},\"potentialAction\":[{\"@type\":\"SearchAction\",\"target\":{\"@type\":\"EntryPoint\",\"urlTemplate\":\"https:\/\/brasilnoticias.org\/site\/?s={search_term_string}\"},\"query-input\":{\"@type\":\"PropertyValueSpecification\",\"valueRequired\":true,\"valueName\":\"search_term_string\"}}],\"inLanguage\":\"pt-PT\"},{\"@type\":\"Organization\",\"@id\":\"https:\/\/brasilnoticias.org\/site\/#organization\",\"name\":\"Brasil not\u00edcias\",\"url\":\"https:\/\/brasilnoticias.org\/site\/\",\"logo\":{\"@type\":\"ImageObject\",\"inLanguage\":\"pt-PT\",\"@id\":\"https:\/\/brasilnoticias.org\/site\/#\/schema\/logo\/image\/\",\"url\":\"https:\/\/brasilnoticias.org\/site\/wp-content\/uploads\/2022\/05\/cropped-brasilnoticias-mini.jpg\",\"contentUrl\":\"https:\/\/brasilnoticias.org\/site\/wp-content\/uploads\/2022\/05\/cropped-brasilnoticias-mini.jpg\",\"width\":314,\"height\":86,\"caption\":\"Brasil not\u00edcias\"},\"image\":{\"@id\":\"https:\/\/brasilnoticias.org\/site\/#\/schema\/logo\/image\/\"}},{\"@type\":\"Person\",\"@id\":\"https:\/\/brasilnoticias.org\/site\/#\/schema\/person\/03bbbfe6c7634ad18c26444ea39049fa\",\"name\":\"Reda\u00e7\u00e3o\",\"image\":{\"@type\":\"ImageObject\",\"inLanguage\":\"pt-PT\",\"@id\":\"https:\/\/brasilnoticias.org\/site\/#\/schema\/person\/image\/\",\"url\":\"https:\/\/secure.gravatar.com\/avatar\/9ecaf7327a696cb23ad926fedded5f1f04d7049de9e445375d55b48c001a6e42?s=96&d=mm&r=g\",\"contentUrl\":\"https:\/\/secure.gravatar.com\/avatar\/9ecaf7327a696cb23ad926fedded5f1f04d7049de9e445375d55b48c001a6e42?s=96&d=mm&r=g\",\"caption\":\"Reda\u00e7\u00e3o\"},\"url\":\"https:\/\/brasilnoticias.org\/site\/author\/henrique\/\"}]}<\/script>\n<!-- \/ Yoast SEO plugin. -->","yoast_head_json":{"title":"Grammy 2026 \u00e9 marcado por cr\u00edticas a Donald Trump durante cerim\u00f4nia em Los Angeles - Brasil not\u00edcias","robots":{"index":"index","follow":"follow","max-snippet":"max-snippet:-1","max-image-preview":"max-image-preview:large","max-video-preview":"max-video-preview:-1"},"canonical":"https:\/\/brasilnoticias.org\/site\/grammy-2026-e-marcado-por-criticas-a-donald-trump-durante-cerimonia-em-los-angeles\/","og_locale":"pt_PT","og_type":"article","og_title":"Grammy 2026 \u00e9 marcado por cr\u00edticas a Donald Trump durante cerim\u00f4nia em Los Angeles - Brasil not\u00edcias","og_description":"A cerim\u00f4nia do Grammy Awards 2026, realizada na noite de domingo (1\u00ba de fevereiro) em Los Angeles (EUA), foi destaque","og_url":"https:\/\/brasilnoticias.org\/site\/grammy-2026-e-marcado-por-criticas-a-donald-trump-durante-cerimonia-em-los-angeles\/","og_site_name":"Brasil not\u00edcias","article_published_time":"2026-02-02T15:46:57+00:00","og_image":[{"width":1170,"height":700,"url":"https:\/\/brasilnoticias.org\/site\/wp-content\/uploads\/2026\/02\/2026-02-02t010748z_1139826117_hp1em22034xg9_rtrmadp_3_awards-grammys.webp","type":"image\/webp"}],"author":"Reda\u00e7\u00e3o","twitter_card":"summary_large_image","twitter_misc":{"Escrito por":"Reda\u00e7\u00e3o","Tempo estimado de leitura":"1 minuto"},"schema":{"@context":"https:\/\/schema.org","@graph":[{"@type":"Article","@id":"https:\/\/brasilnoticias.org\/site\/grammy-2026-e-marcado-por-criticas-a-donald-trump-durante-cerimonia-em-los-angeles\/#article","isPartOf":{"@id":"https:\/\/brasilnoticias.org\/site\/grammy-2026-e-marcado-por-criticas-a-donald-trump-durante-cerimonia-em-los-angeles\/"},"author":{"name":"Reda\u00e7\u00e3o","@id":"https:\/\/brasilnoticias.org\/site\/#\/schema\/person\/03bbbfe6c7634ad18c26444ea39049fa"},"headline":"Grammy 2026 \u00e9 marcado por cr\u00edticas a Donald Trump durante cerim\u00f4nia em Los Angeles","datePublished":"2026-02-02T15:46:57+00:00","mainEntityOfPage":{"@id":"https:\/\/brasilnoticias.org\/site\/grammy-2026-e-marcado-por-criticas-a-donald-trump-durante-cerimonia-em-los-angeles\/"},"wordCount":276,"commentCount":0,"publisher":{"@id":"https:\/\/brasilnoticias.org\/site\/#organization"},"image":{"@id":"https:\/\/brasilnoticias.org\/site\/grammy-2026-e-marcado-por-criticas-a-donald-trump-durante-cerimonia-em-los-angeles\/#primaryimage"},"thumbnailUrl":"https:\/\/brasilnoticias.org\/site\/wp-content\/uploads\/2026\/02\/2026-02-02t010748z_1139826117_hp1em22034xg9_rtrmadp_3_awards-grammys.webp","articleSection":["Entretenimento","\u00daltimas"],"inLanguage":"pt-PT","potentialAction":[{"@type":"CommentAction","name":"Comment","target":["https:\/\/brasilnoticias.org\/site\/grammy-2026-e-marcado-por-criticas-a-donald-trump-durante-cerimonia-em-los-angeles\/#respond"]}]},{"@type":"WebPage","@id":"https:\/\/brasilnoticias.org\/site\/grammy-2026-e-marcado-por-criticas-a-donald-trump-durante-cerimonia-em-los-angeles\/","url":"https:\/\/brasilnoticias.org\/site\/grammy-2026-e-marcado-por-criticas-a-donald-trump-durante-cerimonia-em-los-angeles\/","name":"Grammy 2026 \u00e9 marcado por cr\u00edticas a Donald Trump durante cerim\u00f4nia em Los Angeles - Brasil not\u00edcias","isPartOf":{"@id":"https:\/\/brasilnoticias.org\/site\/#website"},"primaryImageOfPage":{"@id":"https:\/\/brasilnoticias.org\/site\/grammy-2026-e-marcado-por-criticas-a-donald-trump-durante-cerimonia-em-los-angeles\/#primaryimage"},"image":{"@id":"https:\/\/brasilnoticias.org\/site\/grammy-2026-e-marcado-por-criticas-a-donald-trump-durante-cerimonia-em-los-angeles\/#primaryimage"},"thumbnailUrl":"https:\/\/brasilnoticias.org\/site\/wp-content\/uploads\/2026\/02\/2026-02-02t010748z_1139826117_hp1em22034xg9_rtrmadp_3_awards-grammys.webp","datePublished":"2026-02-02T15:46:57+00:00","breadcrumb":{"@id":"https:\/\/brasilnoticias.org\/site\/grammy-2026-e-marcado-por-criticas-a-donald-trump-durante-cerimonia-em-los-angeles\/#breadcrumb"},"inLanguage":"pt-PT","potentialAction":[{"@type":"ReadAction","target":["https:\/\/brasilnoticias.org\/site\/grammy-2026-e-marcado-por-criticas-a-donald-trump-durante-cerimonia-em-los-angeles\/"]}]},{"@type":"ImageObject","inLanguage":"pt-PT","@id":"https:\/\/brasilnoticias.org\/site\/grammy-2026-e-marcado-por-criticas-a-donald-trump-durante-cerimonia-em-los-angeles\/#primaryimage","url":"https:\/\/brasilnoticias.org\/site\/wp-content\/uploads\/2026\/02\/2026-02-02t010748z_1139826117_hp1em22034xg9_rtrmadp_3_awards-grammys.webp","contentUrl":"https:\/\/brasilnoticias.org\/site\/wp-content\/uploads\/2026\/02\/2026-02-02t010748z_1139826117_hp1em22034xg9_rtrmadp_3_awards-grammys.webp","width":1170,"height":700},{"@type":"BreadcrumbList","@id":"https:\/\/brasilnoticias.org\/site\/grammy-2026-e-marcado-por-criticas-a-donald-trump-durante-cerimonia-em-los-angeles\/#breadcrumb","itemListElement":[{"@type":"ListItem","position":1,"name":"In\u00edcio","item":"https:\/\/brasilnoticias.org\/site\/"},{"@type":"ListItem","position":2,"name":"Grammy 2026 \u00e9 marcado por cr\u00edticas a Donald Trump durante cerim\u00f4nia em Los Angeles"}]},{"@type":"WebSite","@id":"https:\/\/brasilnoticias.org\/site\/#website","url":"https:\/\/brasilnoticias.org\/site\/","name":"Brasil not\u00edcias","description":"Brasil not\u00edcias","publisher":{"@id":"https:\/\/brasilnoticias.org\/site\/#organization"},"potentialAction":[{"@type":"SearchAction","target":{"@type":"EntryPoint","urlTemplate":"https:\/\/brasilnoticias.org\/site\/?s={search_term_string}"},"query-input":{"@type":"PropertyValueSpecification","valueRequired":true,"valueName":"search_term_string"}}],"inLanguage":"pt-PT"},{"@type":"Organization","@id":"https:\/\/brasilnoticias.org\/site\/#organization","name":"Brasil not\u00edcias","url":"https:\/\/brasilnoticias.org\/site\/","logo":{"@type":"ImageObject","inLanguage":"pt-PT","@id":"https:\/\/brasilnoticias.org\/site\/#\/schema\/logo\/image\/","url":"https:\/\/brasilnoticias.org\/site\/wp-content\/uploads\/2022\/05\/cropped-brasilnoticias-mini.jpg","contentUrl":"https:\/\/brasilnoticias.org\/site\/wp-content\/uploads\/2022\/05\/cropped-brasilnoticias-mini.jpg","width":314,"height":86,"caption":"Brasil not\u00edcias"},"image":{"@id":"https:\/\/brasilnoticias.org\/site\/#\/schema\/logo\/image\/"}},{"@type":"Person","@id":"https:\/\/brasilnoticias.org\/site\/#\/schema\/person\/03bbbfe6c7634ad18c26444ea39049fa","name":"Reda\u00e7\u00e3o","image":{"@type":"ImageObject","inLanguage":"pt-PT","@id":"https:\/\/brasilnoticias.org\/site\/#\/schema\/person\/image\/","url":"https:\/\/secure.gravatar.com\/avatar\/9ecaf7327a696cb23ad926fedded5f1f04d7049de9e445375d55b48c001a6e42?s=96&d=mm&r=g","contentUrl":"https:\/\/secure.gravatar.com\/avatar\/9ecaf7327a696cb23ad926fedded5f1f04d7049de9e445375d55b48c001a6e42?s=96&d=mm&r=g","caption":"Reda\u00e7\u00e3o"},"url":"https:\/\/brasilnoticias.org\/site\/author\/henrique\/"}]}},"_links":{"self":[{"href":"https:\/\/brasilnoticias.org\/site\/wp-json\/wp\/v2\/posts\/20061","targetHints":{"allow":["GET"]}}],"collection":[{"href":"https:\/\/brasilnoticias.org\/site\/wp-json\/wp\/v2\/posts"}],"about":[{"href":"https:\/\/brasilnoticias.org\/site\/wp-json\/wp\/v2\/types\/post"}],"author":[{"embeddable":true,"href":"https:\/\/brasilnoticias.org\/site\/wp-json\/wp\/v2\/users\/4"}],"replies":[{"embeddable":true,"href":"https:\/\/brasilnoticias.org\/site\/wp-json\/wp\/v2\/comments?post=20061"}],"version-history":[{"count":1,"href":"https:\/\/brasilnoticias.org\/site\/wp-json\/wp\/v2\/posts\/20061\/revisions"}],"predecessor-version":[{"id":20063,"href":"https:\/\/brasilnoticias.org\/site\/wp-json\/wp\/v2\/posts\/20061\/revisions\/20063"}],"wp:featuredmedia":[{"embeddable":true,"href":"https:\/\/brasilnoticias.org\/site\/wp-json\/wp\/v2\/media\/20062"}],"wp:attachment":[{"href":"https:\/\/brasilnoticias.org\/site\/wp-json\/wp\/v2\/media?parent=20061"}],"wp:term":[{"taxonomy":"category","embeddable":true,"href":"https:\/\/brasilnoticias.org\/site\/wp-json\/wp\/v2\/categories?post=20061"},{"taxonomy":"post_tag","embeddable":true,"href":"https:\/\/brasilnoticias.org\/site\/wp-json\/wp\/v2\/tags?post=20061"}],"curies":[{"name":"wp","href":"https:\/\/api.w.org\/{rel}","templated":true}]}}