{"id":20071,"date":"2026-02-02T12:58:27","date_gmt":"2026-02-02T15:58:27","guid":{"rendered":"https:\/\/brasilnoticias.org\/site\/?p=20071"},"modified":"2026-02-02T12:58:27","modified_gmt":"2026-02-02T15:58:27","slug":"apesar-de-caiado-bruno-nao-ve-rompimento-de-otto-com-o-pt-e-aposta-em-manutencao-de-alianca-do-psd-baiano-com-o-governo","status":"publish","type":"post","link":"https:\/\/brasilnoticias.org\/site\/apesar-de-caiado-bruno-nao-ve-rompimento-de-otto-com-o-pt-e-aposta-em-manutencao-de-alianca-do-psd-baiano-com-o-governo\/","title":{"rendered":"Apesar de Caiado, Bruno n\u00e3o v\u00ea rompimento de Otto com o PT e aposta em manuten\u00e7\u00e3o de alian\u00e7a do PSD baiano com o governo"},"content":{"rendered":"<p>O prefeito de Salvador, Bruno Reis (Uni\u00e3o Brasil), afirmou nesta segunda-feira (2), durante a abertura dos trabalhos legislativos na C\u00e2mara de Vereadores, que n\u00e3o acredita em qualquer mudan\u00e7a de posicionamento do senador Otto Alencar ap\u00f3s a ida do governador Ronaldo Caiado para o PSD nacional.<\/p>\n<p>Na avalia\u00e7\u00e3o do gestor soteropolitano, a rela\u00e7\u00e3o de Otto com o PT \u00e9 consolidada e deve ser mantida na elei\u00e7\u00e3o de 2026, mesmo com a reconfigura\u00e7\u00e3o do partido em n\u00edvel nacional.<\/p>\n<p>\u201cN\u00e3o creio. A rela\u00e7\u00e3o de Otto com o PT aqui na Bahia \u00e9 uma rela\u00e7\u00e3o que tende a permanecer na pr\u00f3xima elei\u00e7\u00e3o. A gente n\u00e3o aposta em mudan\u00e7a local\u201d, declarou Bruno.<\/p>\n<p>Para Bruno, a filia\u00e7\u00e3o de Caiado ao PSD antecipou o calend\u00e1rio pol\u00edtico e acelerou defini\u00e7\u00f5es que s\u00f3 ocorreriam mais \u00e0 frente. \u201cEssa movimenta\u00e7\u00e3o precipitou muita coisa que iria acontecer em mar\u00e7o. Trouxe para janeiro\u201d, considerou, ao refor\u00e7ar que o grupo segue alinhado ao governador goiano: \u201cOnde Caiado for, \u00e9 o nosso pr\u00e9-candidato.\u201d<\/p>\n<p>Coronel \u201ctra\u00eddo\u201d e di\u00e1logo com a oposi\u00e7\u00e3o<\/p>\n<p>Ao comentar a sa\u00edda do senador Angelo Coronel do PSD e da base governista, o prefeito classificou o epis\u00f3dio como resultado direto da decis\u00e3o do PT de fechar a chapa ao Senado com Jaques Wagner e Rui Costa. <\/p>\n<p>\u201cTiraram o direito dele de disputar a reelei\u00e7\u00e3o. Como fizeram com outros aliados no passado. Ele foi tra\u00eddo, \u00e9 v\u00edtima nesse processo. O PT \u00e9 isso: abra\u00e7a e depois descarta\u201d, provocou.<\/p>\n<p>Bruno confirmou que Coronel j\u00e1 iniciou tratativas com o grupo oposicionista e que as conversas devem avan\u00e7ar nos pr\u00f3ximos dias. \u201cA partir dessa semana vamos ter conversas objetivas para discutir a forma, o momento e para qual partido\u201d, disse.<\/p>\n<p>Segundo o prefeito, diferentes siglas da oposi\u00e7\u00e3o j\u00e1 manifestaram interesse em receb\u00ea-lo. \u201cTodos os partidos do nosso grupo abriram as portas e est\u00e3o dispostos a dar a vaga ao Senado\u201d, afirmou.<\/p>\n<p>A tend\u00eancia \u00e9 de que o senador seja filiado ao Uni\u00e3o Brasil, embora o PSDB ainda n\u00e3o esteja completamente descartado, segundo o pr\u00f3prio Coronel.<\/p>\n<p>Com informa\u00e7\u00f5es do rep\u00f3rter da CBN Salvador, Luiz Henrique.<\/p>\n<p>Foto: Betto Jr.\/ Secom PMS<br \/>\nFonte: <a href=\"https:\/\/www.blogdovila.com.br\/noticia\/bruno-psd\">Blog do Vila<\/a><\/p>\n","protected":false},"excerpt":{"rendered":"<p>O prefeito de Salvador, Bruno Reis (Uni\u00e3o Brasil), afirmou nesta segunda-feira (2), durante a abertura dos trabalhos legislativos na C\u00e2mara<\/p>\n","protected":false},"author":4,"featured_media":20072,"comment_status":"open","ping_status":"open","sticky":false,"template":"","format":"standard","meta":{"colormag_page_container_layout":"default_layout","colormag_page_sidebar_layout":"default_layout","_FSMCFIC_featured_image_caption":"","_FSMCFIC_featured_image_nocaption":"","_FSMCFIC_featured_image_hide":"","footnotes":""},"categories":[5,1],"tags":[],"class_list":["post-20071","post","type-post","status-publish","format-standard","has-post-thumbnail","hentry","category-politica","category-ultimas"],"yoast_head":"<!-- This site is optimized with the Yoast SEO plugin v27.1.1 - https:\/\/yoast.com\/product\/yoast-seo-wordpress\/ -->\n<title>Apesar de Caiado, Bruno n\u00e3o v\u00ea rompimento de Otto com o PT e aposta em manuten\u00e7\u00e3o de alian\u00e7a do PSD baiano com o governo - Brasil not\u00edcias<\/title>\n<meta name=\"robots\" content=\"index, follow, max-snippet:-1, max-image-preview:large, max-video-preview:-1\" \/>\n<link rel=\"canonical\" href=\"https:\/\/brasilnoticias.org\/site\/apesar-de-caiado-bruno-nao-ve-rompimento-de-otto-com-o-pt-e-aposta-em-manutencao-de-alianca-do-psd-baiano-com-o-governo\/\" \/>\n<meta property=\"og:locale\" content=\"pt_PT\" \/>\n<meta property=\"og:type\" content=\"article\" \/>\n<meta property=\"og:title\" content=\"Apesar de Caiado, Bruno n\u00e3o v\u00ea rompimento de Otto com o PT e aposta em manuten\u00e7\u00e3o de alian\u00e7a do PSD baiano com o governo - Brasil not\u00edcias\" \/>\n<meta property=\"og:description\" content=\"O prefeito de Salvador, Bruno Reis (Uni\u00e3o Brasil), afirmou nesta segunda-feira (2), durante a abertura dos trabalhos legislativos na C\u00e2mara\" \/>\n<meta property=\"og:url\" content=\"https:\/\/brasilnoticias.org\/site\/apesar-de-caiado-bruno-nao-ve-rompimento-de-otto-com-o-pt-e-aposta-em-manutencao-de-alianca-do-psd-baiano-com-o-governo\/\" \/>\n<meta property=\"og:site_name\" content=\"Brasil not\u00edcias\" \/>\n<meta property=\"article:published_time\" content=\"2026-02-02T15:58:27+00:00\" \/>\n<meta property=\"og:image\" content=\"https:\/\/brasilnoticias.org\/site\/wp-content\/uploads\/2026\/02\/WhatsApp-Image-2026-02-02-at-11.45.48.jpeg\" \/>\n\t<meta property=\"og:image:width\" content=\"1280\" \/>\n\t<meta property=\"og:image:height\" content=\"853\" \/>\n\t<meta property=\"og:image:type\" content=\"image\/jpeg\" \/>\n<meta name=\"author\" content=\"Reda\u00e7\u00e3o\" \/>\n<meta name=\"twitter:card\" content=\"summary_large_image\" \/>\n<meta name=\"twitter:label1\" content=\"Escrito por\" \/>\n\t<meta name=\"twitter:data1\" content=\"Reda\u00e7\u00e3o\" \/>\n\t<meta name=\"twitter:label2\" content=\"Tempo estimado de leitura\" \/>\n\t<meta name=\"twitter:data2\" content=\"1 minuto\" \/>\n<script type=\"application\/ld+json\" class=\"yoast-schema-graph\">{\"@context\":\"https:\/\/schema.org\",\"@graph\":[{\"@type\":\"Article\",\"@id\":\"https:\/\/brasilnoticias.org\/site\/apesar-de-caiado-bruno-nao-ve-rompimento-de-otto-com-o-pt-e-aposta-em-manutencao-de-alianca-do-psd-baiano-com-o-governo\/#article\",\"isPartOf\":{\"@id\":\"https:\/\/brasilnoticias.org\/site\/apesar-de-caiado-bruno-nao-ve-rompimento-de-otto-com-o-pt-e-aposta-em-manutencao-de-alianca-do-psd-baiano-com-o-governo\/\"},\"author\":{\"name\":\"Reda\u00e7\u00e3o\",\"@id\":\"https:\/\/brasilnoticias.org\/site\/#\/schema\/person\/03bbbfe6c7634ad18c26444ea39049fa\"},\"headline\":\"Apesar de Caiado, Bruno n\u00e3o v\u00ea rompimento de Otto com o PT e aposta em manuten\u00e7\u00e3o de alian\u00e7a do PSD baiano com o governo\",\"datePublished\":\"2026-02-02T15:58:27+00:00\",\"mainEntityOfPage\":{\"@id\":\"https:\/\/brasilnoticias.org\/site\/apesar-de-caiado-bruno-nao-ve-rompimento-de-otto-com-o-pt-e-aposta-em-manutencao-de-alianca-do-psd-baiano-com-o-governo\/\"},\"wordCount\":411,\"commentCount\":0,\"publisher\":{\"@id\":\"https:\/\/brasilnoticias.org\/site\/#organization\"},\"image\":{\"@id\":\"https:\/\/brasilnoticias.org\/site\/apesar-de-caiado-bruno-nao-ve-rompimento-de-otto-com-o-pt-e-aposta-em-manutencao-de-alianca-do-psd-baiano-com-o-governo\/#primaryimage\"},\"thumbnailUrl\":\"https:\/\/brasilnoticias.org\/site\/wp-content\/uploads\/2026\/02\/WhatsApp-Image-2026-02-02-at-11.45.48.jpeg\",\"articleSection\":[\"Pol\u00edtica\",\"\u00daltimas\"],\"inLanguage\":\"pt-PT\",\"potentialAction\":[{\"@type\":\"CommentAction\",\"name\":\"Comment\",\"target\":[\"https:\/\/brasilnoticias.org\/site\/apesar-de-caiado-bruno-nao-ve-rompimento-de-otto-com-o-pt-e-aposta-em-manutencao-de-alianca-do-psd-baiano-com-o-governo\/#respond\"]}]},{\"@type\":\"WebPage\",\"@id\":\"https:\/\/brasilnoticias.org\/site\/apesar-de-caiado-bruno-nao-ve-rompimento-de-otto-com-o-pt-e-aposta-em-manutencao-de-alianca-do-psd-baiano-com-o-governo\/\",\"url\":\"https:\/\/brasilnoticias.org\/site\/apesar-de-caiado-bruno-nao-ve-rompimento-de-otto-com-o-pt-e-aposta-em-manutencao-de-alianca-do-psd-baiano-com-o-governo\/\",\"name\":\"Apesar de Caiado, Bruno n\u00e3o v\u00ea rompimento de Otto com o PT e aposta em manuten\u00e7\u00e3o de alian\u00e7a do PSD baiano com o governo - Brasil not\u00edcias\",\"isPartOf\":{\"@id\":\"https:\/\/brasilnoticias.org\/site\/#website\"},\"primaryImageOfPage\":{\"@id\":\"https:\/\/brasilnoticias.org\/site\/apesar-de-caiado-bruno-nao-ve-rompimento-de-otto-com-o-pt-e-aposta-em-manutencao-de-alianca-do-psd-baiano-com-o-governo\/#primaryimage\"},\"image\":{\"@id\":\"https:\/\/brasilnoticias.org\/site\/apesar-de-caiado-bruno-nao-ve-rompimento-de-otto-com-o-pt-e-aposta-em-manutencao-de-alianca-do-psd-baiano-com-o-governo\/#primaryimage\"},\"thumbnailUrl\":\"https:\/\/brasilnoticias.org\/site\/wp-content\/uploads\/2026\/02\/WhatsApp-Image-2026-02-02-at-11.45.48.jpeg\",\"datePublished\":\"2026-02-02T15:58:27+00:00\",\"breadcrumb\":{\"@id\":\"https:\/\/brasilnoticias.org\/site\/apesar-de-caiado-bruno-nao-ve-rompimento-de-otto-com-o-pt-e-aposta-em-manutencao-de-alianca-do-psd-baiano-com-o-governo\/#breadcrumb\"},\"inLanguage\":\"pt-PT\",\"potentialAction\":[{\"@type\":\"ReadAction\",\"target\":[\"https:\/\/brasilnoticias.org\/site\/apesar-de-caiado-bruno-nao-ve-rompimento-de-otto-com-o-pt-e-aposta-em-manutencao-de-alianca-do-psd-baiano-com-o-governo\/\"]}]},{\"@type\":\"ImageObject\",\"inLanguage\":\"pt-PT\",\"@id\":\"https:\/\/brasilnoticias.org\/site\/apesar-de-caiado-bruno-nao-ve-rompimento-de-otto-com-o-pt-e-aposta-em-manutencao-de-alianca-do-psd-baiano-com-o-governo\/#primaryimage\",\"url\":\"https:\/\/brasilnoticias.org\/site\/wp-content\/uploads\/2026\/02\/WhatsApp-Image-2026-02-02-at-11.45.48.jpeg\",\"contentUrl\":\"https:\/\/brasilnoticias.org\/site\/wp-content\/uploads\/2026\/02\/WhatsApp-Image-2026-02-02-at-11.45.48.jpeg\",\"width\":1280,\"height\":853},{\"@type\":\"BreadcrumbList\",\"@id\":\"https:\/\/brasilnoticias.org\/site\/apesar-de-caiado-bruno-nao-ve-rompimento-de-otto-com-o-pt-e-aposta-em-manutencao-de-alianca-do-psd-baiano-com-o-governo\/#breadcrumb\",\"itemListElement\":[{\"@type\":\"ListItem\",\"position\":1,\"name\":\"In\u00edcio\",\"item\":\"https:\/\/brasilnoticias.org\/site\/\"},{\"@type\":\"ListItem\",\"position\":2,\"name\":\"Apesar de Caiado, Bruno n\u00e3o v\u00ea rompimento de Otto com o PT e aposta em manuten\u00e7\u00e3o de alian\u00e7a do PSD baiano com o governo\"}]},{\"@type\":\"WebSite\",\"@id\":\"https:\/\/brasilnoticias.org\/site\/#website\",\"url\":\"https:\/\/brasilnoticias.org\/site\/\",\"name\":\"Brasil not\u00edcias\",\"description\":\"Brasil not\u00edcias\",\"publisher\":{\"@id\":\"https:\/\/brasilnoticias.org\/site\/#organization\"},\"potentialAction\":[{\"@type\":\"SearchAction\",\"target\":{\"@type\":\"EntryPoint\",\"urlTemplate\":\"https:\/\/brasilnoticias.org\/site\/?s={search_term_string}\"},\"query-input\":{\"@type\":\"PropertyValueSpecification\",\"valueRequired\":true,\"valueName\":\"search_term_string\"}}],\"inLanguage\":\"pt-PT\"},{\"@type\":\"Organization\",\"@id\":\"https:\/\/brasilnoticias.org\/site\/#organization\",\"name\":\"Brasil not\u00edcias\",\"url\":\"https:\/\/brasilnoticias.org\/site\/\",\"logo\":{\"@type\":\"ImageObject\",\"inLanguage\":\"pt-PT\",\"@id\":\"https:\/\/brasilnoticias.org\/site\/#\/schema\/logo\/image\/\",\"url\":\"https:\/\/brasilnoticias.org\/site\/wp-content\/uploads\/2022\/05\/cropped-brasilnoticias-mini.jpg\",\"contentUrl\":\"https:\/\/brasilnoticias.org\/site\/wp-content\/uploads\/2022\/05\/cropped-brasilnoticias-mini.jpg\",\"width\":314,\"height\":86,\"caption\":\"Brasil not\u00edcias\"},\"image\":{\"@id\":\"https:\/\/brasilnoticias.org\/site\/#\/schema\/logo\/image\/\"}},{\"@type\":\"Person\",\"@id\":\"https:\/\/brasilnoticias.org\/site\/#\/schema\/person\/03bbbfe6c7634ad18c26444ea39049fa\",\"name\":\"Reda\u00e7\u00e3o\",\"image\":{\"@type\":\"ImageObject\",\"inLanguage\":\"pt-PT\",\"@id\":\"https:\/\/brasilnoticias.org\/site\/#\/schema\/person\/image\/\",\"url\":\"https:\/\/secure.gravatar.com\/avatar\/9ecaf7327a696cb23ad926fedded5f1f04d7049de9e445375d55b48c001a6e42?s=96&d=mm&r=g\",\"contentUrl\":\"https:\/\/secure.gravatar.com\/avatar\/9ecaf7327a696cb23ad926fedded5f1f04d7049de9e445375d55b48c001a6e42?s=96&d=mm&r=g\",\"caption\":\"Reda\u00e7\u00e3o\"},\"url\":\"https:\/\/brasilnoticias.org\/site\/author\/henrique\/\"}]}<\/script>\n<!-- \/ Yoast SEO plugin. -->","yoast_head_json":{"title":"Apesar de Caiado, Bruno n\u00e3o v\u00ea rompimento de Otto com o PT e aposta em manuten\u00e7\u00e3o de alian\u00e7a do PSD baiano com o governo - Brasil not\u00edcias","robots":{"index":"index","follow":"follow","max-snippet":"max-snippet:-1","max-image-preview":"max-image-preview:large","max-video-preview":"max-video-preview:-1"},"canonical":"https:\/\/brasilnoticias.org\/site\/apesar-de-caiado-bruno-nao-ve-rompimento-de-otto-com-o-pt-e-aposta-em-manutencao-de-alianca-do-psd-baiano-com-o-governo\/","og_locale":"pt_PT","og_type":"article","og_title":"Apesar de Caiado, Bruno n\u00e3o v\u00ea rompimento de Otto com o PT e aposta em manuten\u00e7\u00e3o de alian\u00e7a do PSD baiano com o governo - Brasil not\u00edcias","og_description":"O prefeito de Salvador, Bruno Reis (Uni\u00e3o Brasil), afirmou nesta segunda-feira (2), durante a abertura dos trabalhos legislativos na C\u00e2mara","og_url":"https:\/\/brasilnoticias.org\/site\/apesar-de-caiado-bruno-nao-ve-rompimento-de-otto-com-o-pt-e-aposta-em-manutencao-de-alianca-do-psd-baiano-com-o-governo\/","og_site_name":"Brasil not\u00edcias","article_published_time":"2026-02-02T15:58:27+00:00","og_image":[{"width":1280,"height":853,"url":"https:\/\/brasilnoticias.org\/site\/wp-content\/uploads\/2026\/02\/WhatsApp-Image-2026-02-02-at-11.45.48.jpeg","type":"image\/jpeg"}],"author":"Reda\u00e7\u00e3o","twitter_card":"summary_large_image","twitter_misc":{"Escrito por":"Reda\u00e7\u00e3o","Tempo estimado de leitura":"1 minuto"},"schema":{"@context":"https:\/\/schema.org","@graph":[{"@type":"Article","@id":"https:\/\/brasilnoticias.org\/site\/apesar-de-caiado-bruno-nao-ve-rompimento-de-otto-com-o-pt-e-aposta-em-manutencao-de-alianca-do-psd-baiano-com-o-governo\/#article","isPartOf":{"@id":"https:\/\/brasilnoticias.org\/site\/apesar-de-caiado-bruno-nao-ve-rompimento-de-otto-com-o-pt-e-aposta-em-manutencao-de-alianca-do-psd-baiano-com-o-governo\/"},"author":{"name":"Reda\u00e7\u00e3o","@id":"https:\/\/brasilnoticias.org\/site\/#\/schema\/person\/03bbbfe6c7634ad18c26444ea39049fa"},"headline":"Apesar de Caiado, Bruno n\u00e3o v\u00ea rompimento de Otto com o PT e aposta em manuten\u00e7\u00e3o de alian\u00e7a do PSD baiano com o governo","datePublished":"2026-02-02T15:58:27+00:00","mainEntityOfPage":{"@id":"https:\/\/brasilnoticias.org\/site\/apesar-de-caiado-bruno-nao-ve-rompimento-de-otto-com-o-pt-e-aposta-em-manutencao-de-alianca-do-psd-baiano-com-o-governo\/"},"wordCount":411,"commentCount":0,"publisher":{"@id":"https:\/\/brasilnoticias.org\/site\/#organization"},"image":{"@id":"https:\/\/brasilnoticias.org\/site\/apesar-de-caiado-bruno-nao-ve-rompimento-de-otto-com-o-pt-e-aposta-em-manutencao-de-alianca-do-psd-baiano-com-o-governo\/#primaryimage"},"thumbnailUrl":"https:\/\/brasilnoticias.org\/site\/wp-content\/uploads\/2026\/02\/WhatsApp-Image-2026-02-02-at-11.45.48.jpeg","articleSection":["Pol\u00edtica","\u00daltimas"],"inLanguage":"pt-PT","potentialAction":[{"@type":"CommentAction","name":"Comment","target":["https:\/\/brasilnoticias.org\/site\/apesar-de-caiado-bruno-nao-ve-rompimento-de-otto-com-o-pt-e-aposta-em-manutencao-de-alianca-do-psd-baiano-com-o-governo\/#respond"]}]},{"@type":"WebPage","@id":"https:\/\/brasilnoticias.org\/site\/apesar-de-caiado-bruno-nao-ve-rompimento-de-otto-com-o-pt-e-aposta-em-manutencao-de-alianca-do-psd-baiano-com-o-governo\/","url":"https:\/\/brasilnoticias.org\/site\/apesar-de-caiado-bruno-nao-ve-rompimento-de-otto-com-o-pt-e-aposta-em-manutencao-de-alianca-do-psd-baiano-com-o-governo\/","name":"Apesar de Caiado, Bruno n\u00e3o v\u00ea rompimento de Otto com o PT e aposta em manuten\u00e7\u00e3o de alian\u00e7a do PSD baiano com o governo - Brasil not\u00edcias","isPartOf":{"@id":"https:\/\/brasilnoticias.org\/site\/#website"},"primaryImageOfPage":{"@id":"https:\/\/brasilnoticias.org\/site\/apesar-de-caiado-bruno-nao-ve-rompimento-de-otto-com-o-pt-e-aposta-em-manutencao-de-alianca-do-psd-baiano-com-o-governo\/#primaryimage"},"image":{"@id":"https:\/\/brasilnoticias.org\/site\/apesar-de-caiado-bruno-nao-ve-rompimento-de-otto-com-o-pt-e-aposta-em-manutencao-de-alianca-do-psd-baiano-com-o-governo\/#primaryimage"},"thumbnailUrl":"https:\/\/brasilnoticias.org\/site\/wp-content\/uploads\/2026\/02\/WhatsApp-Image-2026-02-02-at-11.45.48.jpeg","datePublished":"2026-02-02T15:58:27+00:00","breadcrumb":{"@id":"https:\/\/brasilnoticias.org\/site\/apesar-de-caiado-bruno-nao-ve-rompimento-de-otto-com-o-pt-e-aposta-em-manutencao-de-alianca-do-psd-baiano-com-o-governo\/#breadcrumb"},"inLanguage":"pt-PT","potentialAction":[{"@type":"ReadAction","target":["https:\/\/brasilnoticias.org\/site\/apesar-de-caiado-bruno-nao-ve-rompimento-de-otto-com-o-pt-e-aposta-em-manutencao-de-alianca-do-psd-baiano-com-o-governo\/"]}]},{"@type":"ImageObject","inLanguage":"pt-PT","@id":"https:\/\/brasilnoticias.org\/site\/apesar-de-caiado-bruno-nao-ve-rompimento-de-otto-com-o-pt-e-aposta-em-manutencao-de-alianca-do-psd-baiano-com-o-governo\/#primaryimage","url":"https:\/\/brasilnoticias.org\/site\/wp-content\/uploads\/2026\/02\/WhatsApp-Image-2026-02-02-at-11.45.48.jpeg","contentUrl":"https:\/\/brasilnoticias.org\/site\/wp-content\/uploads\/2026\/02\/WhatsApp-Image-2026-02-02-at-11.45.48.jpeg","width":1280,"height":853},{"@type":"BreadcrumbList","@id":"https:\/\/brasilnoticias.org\/site\/apesar-de-caiado-bruno-nao-ve-rompimento-de-otto-com-o-pt-e-aposta-em-manutencao-de-alianca-do-psd-baiano-com-o-governo\/#breadcrumb","itemListElement":[{"@type":"ListItem","position":1,"name":"In\u00edcio","item":"https:\/\/brasilnoticias.org\/site\/"},{"@type":"ListItem","position":2,"name":"Apesar de Caiado, Bruno n\u00e3o v\u00ea rompimento de Otto com o PT e aposta em manuten\u00e7\u00e3o de alian\u00e7a do PSD baiano com o governo"}]},{"@type":"WebSite","@id":"https:\/\/brasilnoticias.org\/site\/#website","url":"https:\/\/brasilnoticias.org\/site\/","name":"Brasil not\u00edcias","description":"Brasil not\u00edcias","publisher":{"@id":"https:\/\/brasilnoticias.org\/site\/#organization"},"potentialAction":[{"@type":"SearchAction","target":{"@type":"EntryPoint","urlTemplate":"https:\/\/brasilnoticias.org\/site\/?s={search_term_string}"},"query-input":{"@type":"PropertyValueSpecification","valueRequired":true,"valueName":"search_term_string"}}],"inLanguage":"pt-PT"},{"@type":"Organization","@id":"https:\/\/brasilnoticias.org\/site\/#organization","name":"Brasil not\u00edcias","url":"https:\/\/brasilnoticias.org\/site\/","logo":{"@type":"ImageObject","inLanguage":"pt-PT","@id":"https:\/\/brasilnoticias.org\/site\/#\/schema\/logo\/image\/","url":"https:\/\/brasilnoticias.org\/site\/wp-content\/uploads\/2022\/05\/cropped-brasilnoticias-mini.jpg","contentUrl":"https:\/\/brasilnoticias.org\/site\/wp-content\/uploads\/2022\/05\/cropped-brasilnoticias-mini.jpg","width":314,"height":86,"caption":"Brasil not\u00edcias"},"image":{"@id":"https:\/\/brasilnoticias.org\/site\/#\/schema\/logo\/image\/"}},{"@type":"Person","@id":"https:\/\/brasilnoticias.org\/site\/#\/schema\/person\/03bbbfe6c7634ad18c26444ea39049fa","name":"Reda\u00e7\u00e3o","image":{"@type":"ImageObject","inLanguage":"pt-PT","@id":"https:\/\/brasilnoticias.org\/site\/#\/schema\/person\/image\/","url":"https:\/\/secure.gravatar.com\/avatar\/9ecaf7327a696cb23ad926fedded5f1f04d7049de9e445375d55b48c001a6e42?s=96&d=mm&r=g","contentUrl":"https:\/\/secure.gravatar.com\/avatar\/9ecaf7327a696cb23ad926fedded5f1f04d7049de9e445375d55b48c001a6e42?s=96&d=mm&r=g","caption":"Reda\u00e7\u00e3o"},"url":"https:\/\/brasilnoticias.org\/site\/author\/henrique\/"}]}},"_links":{"self":[{"href":"https:\/\/brasilnoticias.org\/site\/wp-json\/wp\/v2\/posts\/20071","targetHints":{"allow":["GET"]}}],"collection":[{"href":"https:\/\/brasilnoticias.org\/site\/wp-json\/wp\/v2\/posts"}],"about":[{"href":"https:\/\/brasilnoticias.org\/site\/wp-json\/wp\/v2\/types\/post"}],"author":[{"embeddable":true,"href":"https:\/\/brasilnoticias.org\/site\/wp-json\/wp\/v2\/users\/4"}],"replies":[{"embeddable":true,"href":"https:\/\/brasilnoticias.org\/site\/wp-json\/wp\/v2\/comments?post=20071"}],"version-history":[{"count":1,"href":"https:\/\/brasilnoticias.org\/site\/wp-json\/wp\/v2\/posts\/20071\/revisions"}],"predecessor-version":[{"id":20073,"href":"https:\/\/brasilnoticias.org\/site\/wp-json\/wp\/v2\/posts\/20071\/revisions\/20073"}],"wp:featuredmedia":[{"embeddable":true,"href":"https:\/\/brasilnoticias.org\/site\/wp-json\/wp\/v2\/media\/20072"}],"wp:attachment":[{"href":"https:\/\/brasilnoticias.org\/site\/wp-json\/wp\/v2\/media?parent=20071"}],"wp:term":[{"taxonomy":"category","embeddable":true,"href":"https:\/\/brasilnoticias.org\/site\/wp-json\/wp\/v2\/categories?post=20071"},{"taxonomy":"post_tag","embeddable":true,"href":"https:\/\/brasilnoticias.org\/site\/wp-json\/wp\/v2\/tags?post=20071"}],"curies":[{"name":"wp","href":"https:\/\/api.w.org\/{rel}","templated":true}]}}