{"id":20097,"date":"2026-02-03T07:43:51","date_gmt":"2026-02-03T10:43:51","guid":{"rendered":"https:\/\/brasilnoticias.org\/site\/?p=20097"},"modified":"2026-02-03T07:43:51","modified_gmt":"2026-02-03T10:43:51","slug":"juiz-de-manaus-anula-justa-causa-de-motorista-que-desviou-rota-para-ir-ao-banheiro-e-cita-banda-skank","status":"publish","type":"post","link":"https:\/\/brasilnoticias.org\/site\/juiz-de-manaus-anula-justa-causa-de-motorista-que-desviou-rota-para-ir-ao-banheiro-e-cita-banda-skank\/","title":{"rendered":"Juiz de Manaus anula justa causa de motorista que desviou rota para ir ao banheiro e cita banda Skank"},"content":{"rendered":"<p>Um juiz da 4\u00aa Vara do Trabalho de Manaus (AM) anulou a demiss\u00e3o por justa causa de um motorista carreteiro que foi dispensado ap\u00f3s desviar a rota prevista para utilizar o banheiro, em decis\u00e3o considerada incomum e com tom humanizado.<\/p>\n<p>O trabalhador, que havia sido admitido em abril de 2023, foi demitido em junho de 2025 sob a acusa\u00e7\u00e3o de mau procedimento e indisciplina, pois teria deixado o ve\u00edculo em via p\u00fablica e atrasado a entrega. No entanto, durante o processo, uma testemunha confirmou que a parada fora motivada por uma necessidade fisiol\u00f3gica emergencial.<\/p>\n<p>Ao analisar o caso, o juiz entendeu que o ato n\u00e3o constituiu conduta il\u00edcita ou imoral e que a penalidade m\u00e1xima aplicada pela empresa foi desproporcional, especialmente porque o motorista n\u00e3o tinha antecedentes graves no trabalho. Na fundamenta\u00e7\u00e3o da senten\u00e7a, o magistrado recorreu a refer\u00eancias pessoais \u2014 como ensinamentos da av\u00f3 e experi\u00eancias pr\u00f3prias \u2014 e at\u00e9 mencionou a banda Skank para ilustrar a necessidade de razoabilidade na puni\u00e7\u00e3o.<\/p>\n<p>Na decis\u00e3o, a Justi\u00e7a do Trabalho converteu a justa causa em dispensa sem justa causa, determinando o pagamento de verbas rescis\u00f3rias como aviso pr\u00e9vio, 13\u00ba proporcional, f\u00e9rias proporcionais com adicional, FGTS com multa de 40% e seguro-desemprego, al\u00e9m de R$ 8 mil por danos morais, em raz\u00e3o do constrangimento sofrido pelo trabalhador.<\/p>\n<p>Foto: Reprodu\u00e7\u00e3o \/ CNN<br \/>\nFonte: Bahia Not\u00edcias<\/p>\n","protected":false},"excerpt":{"rendered":"<p>Um juiz da 4\u00aa Vara do Trabalho de Manaus (AM) anulou a demiss\u00e3o por justa causa de um motorista carreteiro<\/p>\n","protected":false},"author":4,"featured_media":20098,"comment_status":"open","ping_status":"open","sticky":false,"template":"","format":"standard","meta":{"colormag_page_container_layout":"default_layout","colormag_page_sidebar_layout":"default_layout","_FSMCFIC_featured_image_caption":"","_FSMCFIC_featured_image_nocaption":"","_FSMCFIC_featured_image_hide":"","footnotes":""},"categories":[7,1],"tags":[],"class_list":["post-20097","post","type-post","status-publish","format-standard","has-post-thumbnail","hentry","category-justica","category-ultimas"],"yoast_head":"<!-- This site is optimized with the Yoast SEO plugin v27.1.1 - https:\/\/yoast.com\/product\/yoast-seo-wordpress\/ -->\n<title>Juiz de Manaus anula justa causa de motorista que desviou rota para ir ao banheiro e cita banda Skank - Brasil not\u00edcias<\/title>\n<meta name=\"robots\" content=\"index, follow, max-snippet:-1, max-image-preview:large, max-video-preview:-1\" \/>\n<link rel=\"canonical\" href=\"https:\/\/brasilnoticias.org\/site\/juiz-de-manaus-anula-justa-causa-de-motorista-que-desviou-rota-para-ir-ao-banheiro-e-cita-banda-skank\/\" \/>\n<meta property=\"og:locale\" content=\"pt_PT\" \/>\n<meta property=\"og:type\" content=\"article\" \/>\n<meta property=\"og:title\" content=\"Juiz de Manaus anula justa causa de motorista que desviou rota para ir ao banheiro e cita banda Skank - Brasil not\u00edcias\" \/>\n<meta property=\"og:description\" content=\"Um juiz da 4\u00aa Vara do Trabalho de Manaus (AM) anulou a demiss\u00e3o por justa causa de um motorista carreteiro\" \/>\n<meta property=\"og:url\" content=\"https:\/\/brasilnoticias.org\/site\/juiz-de-manaus-anula-justa-causa-de-motorista-que-desviou-rota-para-ir-ao-banheiro-e-cita-banda-skank\/\" \/>\n<meta property=\"og:site_name\" content=\"Brasil not\u00edcias\" \/>\n<meta property=\"article:published_time\" content=\"2026-02-03T10:43:51+00:00\" \/>\n<meta property=\"og:image\" content=\"https:\/\/brasilnoticias.org\/site\/wp-content\/uploads\/2026\/02\/IMAGEM_NOTICIA_9-3.webp\" \/>\n\t<meta property=\"og:image:width\" content=\"1200\" \/>\n\t<meta property=\"og:image:height\" content=\"630\" \/>\n\t<meta property=\"og:image:type\" content=\"image\/webp\" \/>\n<meta name=\"author\" content=\"Reda\u00e7\u00e3o\" \/>\n<meta name=\"twitter:card\" content=\"summary_large_image\" \/>\n<meta name=\"twitter:label1\" content=\"Escrito por\" \/>\n\t<meta name=\"twitter:data1\" content=\"Reda\u00e7\u00e3o\" \/>\n\t<meta name=\"twitter:label2\" content=\"Tempo estimado de leitura\" \/>\n\t<meta name=\"twitter:data2\" content=\"1 minuto\" \/>\n<script type=\"application\/ld+json\" class=\"yoast-schema-graph\">{\"@context\":\"https:\/\/schema.org\",\"@graph\":[{\"@type\":\"Article\",\"@id\":\"https:\/\/brasilnoticias.org\/site\/juiz-de-manaus-anula-justa-causa-de-motorista-que-desviou-rota-para-ir-ao-banheiro-e-cita-banda-skank\/#article\",\"isPartOf\":{\"@id\":\"https:\/\/brasilnoticias.org\/site\/juiz-de-manaus-anula-justa-causa-de-motorista-que-desviou-rota-para-ir-ao-banheiro-e-cita-banda-skank\/\"},\"author\":{\"name\":\"Reda\u00e7\u00e3o\",\"@id\":\"https:\/\/brasilnoticias.org\/site\/#\/schema\/person\/03bbbfe6c7634ad18c26444ea39049fa\"},\"headline\":\"Juiz de Manaus anula justa causa de motorista que desviou rota para ir ao banheiro e cita banda Skank\",\"datePublished\":\"2026-02-03T10:43:51+00:00\",\"mainEntityOfPage\":{\"@id\":\"https:\/\/brasilnoticias.org\/site\/juiz-de-manaus-anula-justa-causa-de-motorista-que-desviou-rota-para-ir-ao-banheiro-e-cita-banda-skank\/\"},\"wordCount\":258,\"commentCount\":0,\"publisher\":{\"@id\":\"https:\/\/brasilnoticias.org\/site\/#organization\"},\"image\":{\"@id\":\"https:\/\/brasilnoticias.org\/site\/juiz-de-manaus-anula-justa-causa-de-motorista-que-desviou-rota-para-ir-ao-banheiro-e-cita-banda-skank\/#primaryimage\"},\"thumbnailUrl\":\"https:\/\/brasilnoticias.org\/site\/wp-content\/uploads\/2026\/02\/IMAGEM_NOTICIA_9-3.webp\",\"articleSection\":[\"Justi\u00e7a\",\"\u00daltimas\"],\"inLanguage\":\"pt-PT\",\"potentialAction\":[{\"@type\":\"CommentAction\",\"name\":\"Comment\",\"target\":[\"https:\/\/brasilnoticias.org\/site\/juiz-de-manaus-anula-justa-causa-de-motorista-que-desviou-rota-para-ir-ao-banheiro-e-cita-banda-skank\/#respond\"]}]},{\"@type\":\"WebPage\",\"@id\":\"https:\/\/brasilnoticias.org\/site\/juiz-de-manaus-anula-justa-causa-de-motorista-que-desviou-rota-para-ir-ao-banheiro-e-cita-banda-skank\/\",\"url\":\"https:\/\/brasilnoticias.org\/site\/juiz-de-manaus-anula-justa-causa-de-motorista-que-desviou-rota-para-ir-ao-banheiro-e-cita-banda-skank\/\",\"name\":\"Juiz de Manaus anula justa causa de motorista que desviou rota para ir ao banheiro e cita banda Skank - Brasil not\u00edcias\",\"isPartOf\":{\"@id\":\"https:\/\/brasilnoticias.org\/site\/#website\"},\"primaryImageOfPage\":{\"@id\":\"https:\/\/brasilnoticias.org\/site\/juiz-de-manaus-anula-justa-causa-de-motorista-que-desviou-rota-para-ir-ao-banheiro-e-cita-banda-skank\/#primaryimage\"},\"image\":{\"@id\":\"https:\/\/brasilnoticias.org\/site\/juiz-de-manaus-anula-justa-causa-de-motorista-que-desviou-rota-para-ir-ao-banheiro-e-cita-banda-skank\/#primaryimage\"},\"thumbnailUrl\":\"https:\/\/brasilnoticias.org\/site\/wp-content\/uploads\/2026\/02\/IMAGEM_NOTICIA_9-3.webp\",\"datePublished\":\"2026-02-03T10:43:51+00:00\",\"breadcrumb\":{\"@id\":\"https:\/\/brasilnoticias.org\/site\/juiz-de-manaus-anula-justa-causa-de-motorista-que-desviou-rota-para-ir-ao-banheiro-e-cita-banda-skank\/#breadcrumb\"},\"inLanguage\":\"pt-PT\",\"potentialAction\":[{\"@type\":\"ReadAction\",\"target\":[\"https:\/\/brasilnoticias.org\/site\/juiz-de-manaus-anula-justa-causa-de-motorista-que-desviou-rota-para-ir-ao-banheiro-e-cita-banda-skank\/\"]}]},{\"@type\":\"ImageObject\",\"inLanguage\":\"pt-PT\",\"@id\":\"https:\/\/brasilnoticias.org\/site\/juiz-de-manaus-anula-justa-causa-de-motorista-que-desviou-rota-para-ir-ao-banheiro-e-cita-banda-skank\/#primaryimage\",\"url\":\"https:\/\/brasilnoticias.org\/site\/wp-content\/uploads\/2026\/02\/IMAGEM_NOTICIA_9-3.webp\",\"contentUrl\":\"https:\/\/brasilnoticias.org\/site\/wp-content\/uploads\/2026\/02\/IMAGEM_NOTICIA_9-3.webp\",\"width\":1200,\"height\":630},{\"@type\":\"BreadcrumbList\",\"@id\":\"https:\/\/brasilnoticias.org\/site\/juiz-de-manaus-anula-justa-causa-de-motorista-que-desviou-rota-para-ir-ao-banheiro-e-cita-banda-skank\/#breadcrumb\",\"itemListElement\":[{\"@type\":\"ListItem\",\"position\":1,\"name\":\"In\u00edcio\",\"item\":\"https:\/\/brasilnoticias.org\/site\/\"},{\"@type\":\"ListItem\",\"position\":2,\"name\":\"Juiz de Manaus anula justa causa de motorista que desviou rota para ir ao banheiro e cita banda Skank\"}]},{\"@type\":\"WebSite\",\"@id\":\"https:\/\/brasilnoticias.org\/site\/#website\",\"url\":\"https:\/\/brasilnoticias.org\/site\/\",\"name\":\"Brasil not\u00edcias\",\"description\":\"Brasil not\u00edcias\",\"publisher\":{\"@id\":\"https:\/\/brasilnoticias.org\/site\/#organization\"},\"potentialAction\":[{\"@type\":\"SearchAction\",\"target\":{\"@type\":\"EntryPoint\",\"urlTemplate\":\"https:\/\/brasilnoticias.org\/site\/?s={search_term_string}\"},\"query-input\":{\"@type\":\"PropertyValueSpecification\",\"valueRequired\":true,\"valueName\":\"search_term_string\"}}],\"inLanguage\":\"pt-PT\"},{\"@type\":\"Organization\",\"@id\":\"https:\/\/brasilnoticias.org\/site\/#organization\",\"name\":\"Brasil not\u00edcias\",\"url\":\"https:\/\/brasilnoticias.org\/site\/\",\"logo\":{\"@type\":\"ImageObject\",\"inLanguage\":\"pt-PT\",\"@id\":\"https:\/\/brasilnoticias.org\/site\/#\/schema\/logo\/image\/\",\"url\":\"https:\/\/brasilnoticias.org\/site\/wp-content\/uploads\/2022\/05\/cropped-brasilnoticias-mini.jpg\",\"contentUrl\":\"https:\/\/brasilnoticias.org\/site\/wp-content\/uploads\/2022\/05\/cropped-brasilnoticias-mini.jpg\",\"width\":314,\"height\":86,\"caption\":\"Brasil not\u00edcias\"},\"image\":{\"@id\":\"https:\/\/brasilnoticias.org\/site\/#\/schema\/logo\/image\/\"}},{\"@type\":\"Person\",\"@id\":\"https:\/\/brasilnoticias.org\/site\/#\/schema\/person\/03bbbfe6c7634ad18c26444ea39049fa\",\"name\":\"Reda\u00e7\u00e3o\",\"image\":{\"@type\":\"ImageObject\",\"inLanguage\":\"pt-PT\",\"@id\":\"https:\/\/brasilnoticias.org\/site\/#\/schema\/person\/image\/\",\"url\":\"https:\/\/secure.gravatar.com\/avatar\/9ecaf7327a696cb23ad926fedded5f1f04d7049de9e445375d55b48c001a6e42?s=96&d=mm&r=g\",\"contentUrl\":\"https:\/\/secure.gravatar.com\/avatar\/9ecaf7327a696cb23ad926fedded5f1f04d7049de9e445375d55b48c001a6e42?s=96&d=mm&r=g\",\"caption\":\"Reda\u00e7\u00e3o\"},\"url\":\"https:\/\/brasilnoticias.org\/site\/author\/henrique\/\"}]}<\/script>\n<!-- \/ Yoast SEO plugin. -->","yoast_head_json":{"title":"Juiz de Manaus anula justa causa de motorista que desviou rota para ir ao banheiro e cita banda Skank - Brasil not\u00edcias","robots":{"index":"index","follow":"follow","max-snippet":"max-snippet:-1","max-image-preview":"max-image-preview:large","max-video-preview":"max-video-preview:-1"},"canonical":"https:\/\/brasilnoticias.org\/site\/juiz-de-manaus-anula-justa-causa-de-motorista-que-desviou-rota-para-ir-ao-banheiro-e-cita-banda-skank\/","og_locale":"pt_PT","og_type":"article","og_title":"Juiz de Manaus anula justa causa de motorista que desviou rota para ir ao banheiro e cita banda Skank - Brasil not\u00edcias","og_description":"Um juiz da 4\u00aa Vara do Trabalho de Manaus (AM) anulou a demiss\u00e3o por justa causa de um motorista carreteiro","og_url":"https:\/\/brasilnoticias.org\/site\/juiz-de-manaus-anula-justa-causa-de-motorista-que-desviou-rota-para-ir-ao-banheiro-e-cita-banda-skank\/","og_site_name":"Brasil not\u00edcias","article_published_time":"2026-02-03T10:43:51+00:00","og_image":[{"width":1200,"height":630,"url":"https:\/\/brasilnoticias.org\/site\/wp-content\/uploads\/2026\/02\/IMAGEM_NOTICIA_9-3.webp","type":"image\/webp"}],"author":"Reda\u00e7\u00e3o","twitter_card":"summary_large_image","twitter_misc":{"Escrito por":"Reda\u00e7\u00e3o","Tempo estimado de leitura":"1 minuto"},"schema":{"@context":"https:\/\/schema.org","@graph":[{"@type":"Article","@id":"https:\/\/brasilnoticias.org\/site\/juiz-de-manaus-anula-justa-causa-de-motorista-que-desviou-rota-para-ir-ao-banheiro-e-cita-banda-skank\/#article","isPartOf":{"@id":"https:\/\/brasilnoticias.org\/site\/juiz-de-manaus-anula-justa-causa-de-motorista-que-desviou-rota-para-ir-ao-banheiro-e-cita-banda-skank\/"},"author":{"name":"Reda\u00e7\u00e3o","@id":"https:\/\/brasilnoticias.org\/site\/#\/schema\/person\/03bbbfe6c7634ad18c26444ea39049fa"},"headline":"Juiz de Manaus anula justa causa de motorista que desviou rota para ir ao banheiro e cita banda Skank","datePublished":"2026-02-03T10:43:51+00:00","mainEntityOfPage":{"@id":"https:\/\/brasilnoticias.org\/site\/juiz-de-manaus-anula-justa-causa-de-motorista-que-desviou-rota-para-ir-ao-banheiro-e-cita-banda-skank\/"},"wordCount":258,"commentCount":0,"publisher":{"@id":"https:\/\/brasilnoticias.org\/site\/#organization"},"image":{"@id":"https:\/\/brasilnoticias.org\/site\/juiz-de-manaus-anula-justa-causa-de-motorista-que-desviou-rota-para-ir-ao-banheiro-e-cita-banda-skank\/#primaryimage"},"thumbnailUrl":"https:\/\/brasilnoticias.org\/site\/wp-content\/uploads\/2026\/02\/IMAGEM_NOTICIA_9-3.webp","articleSection":["Justi\u00e7a","\u00daltimas"],"inLanguage":"pt-PT","potentialAction":[{"@type":"CommentAction","name":"Comment","target":["https:\/\/brasilnoticias.org\/site\/juiz-de-manaus-anula-justa-causa-de-motorista-que-desviou-rota-para-ir-ao-banheiro-e-cita-banda-skank\/#respond"]}]},{"@type":"WebPage","@id":"https:\/\/brasilnoticias.org\/site\/juiz-de-manaus-anula-justa-causa-de-motorista-que-desviou-rota-para-ir-ao-banheiro-e-cita-banda-skank\/","url":"https:\/\/brasilnoticias.org\/site\/juiz-de-manaus-anula-justa-causa-de-motorista-que-desviou-rota-para-ir-ao-banheiro-e-cita-banda-skank\/","name":"Juiz de Manaus anula justa causa de motorista que desviou rota para ir ao banheiro e cita banda Skank - Brasil not\u00edcias","isPartOf":{"@id":"https:\/\/brasilnoticias.org\/site\/#website"},"primaryImageOfPage":{"@id":"https:\/\/brasilnoticias.org\/site\/juiz-de-manaus-anula-justa-causa-de-motorista-que-desviou-rota-para-ir-ao-banheiro-e-cita-banda-skank\/#primaryimage"},"image":{"@id":"https:\/\/brasilnoticias.org\/site\/juiz-de-manaus-anula-justa-causa-de-motorista-que-desviou-rota-para-ir-ao-banheiro-e-cita-banda-skank\/#primaryimage"},"thumbnailUrl":"https:\/\/brasilnoticias.org\/site\/wp-content\/uploads\/2026\/02\/IMAGEM_NOTICIA_9-3.webp","datePublished":"2026-02-03T10:43:51+00:00","breadcrumb":{"@id":"https:\/\/brasilnoticias.org\/site\/juiz-de-manaus-anula-justa-causa-de-motorista-que-desviou-rota-para-ir-ao-banheiro-e-cita-banda-skank\/#breadcrumb"},"inLanguage":"pt-PT","potentialAction":[{"@type":"ReadAction","target":["https:\/\/brasilnoticias.org\/site\/juiz-de-manaus-anula-justa-causa-de-motorista-que-desviou-rota-para-ir-ao-banheiro-e-cita-banda-skank\/"]}]},{"@type":"ImageObject","inLanguage":"pt-PT","@id":"https:\/\/brasilnoticias.org\/site\/juiz-de-manaus-anula-justa-causa-de-motorista-que-desviou-rota-para-ir-ao-banheiro-e-cita-banda-skank\/#primaryimage","url":"https:\/\/brasilnoticias.org\/site\/wp-content\/uploads\/2026\/02\/IMAGEM_NOTICIA_9-3.webp","contentUrl":"https:\/\/brasilnoticias.org\/site\/wp-content\/uploads\/2026\/02\/IMAGEM_NOTICIA_9-3.webp","width":1200,"height":630},{"@type":"BreadcrumbList","@id":"https:\/\/brasilnoticias.org\/site\/juiz-de-manaus-anula-justa-causa-de-motorista-que-desviou-rota-para-ir-ao-banheiro-e-cita-banda-skank\/#breadcrumb","itemListElement":[{"@type":"ListItem","position":1,"name":"In\u00edcio","item":"https:\/\/brasilnoticias.org\/site\/"},{"@type":"ListItem","position":2,"name":"Juiz de Manaus anula justa causa de motorista que desviou rota para ir ao banheiro e cita banda Skank"}]},{"@type":"WebSite","@id":"https:\/\/brasilnoticias.org\/site\/#website","url":"https:\/\/brasilnoticias.org\/site\/","name":"Brasil not\u00edcias","description":"Brasil not\u00edcias","publisher":{"@id":"https:\/\/brasilnoticias.org\/site\/#organization"},"potentialAction":[{"@type":"SearchAction","target":{"@type":"EntryPoint","urlTemplate":"https:\/\/brasilnoticias.org\/site\/?s={search_term_string}"},"query-input":{"@type":"PropertyValueSpecification","valueRequired":true,"valueName":"search_term_string"}}],"inLanguage":"pt-PT"},{"@type":"Organization","@id":"https:\/\/brasilnoticias.org\/site\/#organization","name":"Brasil not\u00edcias","url":"https:\/\/brasilnoticias.org\/site\/","logo":{"@type":"ImageObject","inLanguage":"pt-PT","@id":"https:\/\/brasilnoticias.org\/site\/#\/schema\/logo\/image\/","url":"https:\/\/brasilnoticias.org\/site\/wp-content\/uploads\/2022\/05\/cropped-brasilnoticias-mini.jpg","contentUrl":"https:\/\/brasilnoticias.org\/site\/wp-content\/uploads\/2022\/05\/cropped-brasilnoticias-mini.jpg","width":314,"height":86,"caption":"Brasil not\u00edcias"},"image":{"@id":"https:\/\/brasilnoticias.org\/site\/#\/schema\/logo\/image\/"}},{"@type":"Person","@id":"https:\/\/brasilnoticias.org\/site\/#\/schema\/person\/03bbbfe6c7634ad18c26444ea39049fa","name":"Reda\u00e7\u00e3o","image":{"@type":"ImageObject","inLanguage":"pt-PT","@id":"https:\/\/brasilnoticias.org\/site\/#\/schema\/person\/image\/","url":"https:\/\/secure.gravatar.com\/avatar\/9ecaf7327a696cb23ad926fedded5f1f04d7049de9e445375d55b48c001a6e42?s=96&d=mm&r=g","contentUrl":"https:\/\/secure.gravatar.com\/avatar\/9ecaf7327a696cb23ad926fedded5f1f04d7049de9e445375d55b48c001a6e42?s=96&d=mm&r=g","caption":"Reda\u00e7\u00e3o"},"url":"https:\/\/brasilnoticias.org\/site\/author\/henrique\/"}]}},"_links":{"self":[{"href":"https:\/\/brasilnoticias.org\/site\/wp-json\/wp\/v2\/posts\/20097","targetHints":{"allow":["GET"]}}],"collection":[{"href":"https:\/\/brasilnoticias.org\/site\/wp-json\/wp\/v2\/posts"}],"about":[{"href":"https:\/\/brasilnoticias.org\/site\/wp-json\/wp\/v2\/types\/post"}],"author":[{"embeddable":true,"href":"https:\/\/brasilnoticias.org\/site\/wp-json\/wp\/v2\/users\/4"}],"replies":[{"embeddable":true,"href":"https:\/\/brasilnoticias.org\/site\/wp-json\/wp\/v2\/comments?post=20097"}],"version-history":[{"count":1,"href":"https:\/\/brasilnoticias.org\/site\/wp-json\/wp\/v2\/posts\/20097\/revisions"}],"predecessor-version":[{"id":20099,"href":"https:\/\/brasilnoticias.org\/site\/wp-json\/wp\/v2\/posts\/20097\/revisions\/20099"}],"wp:featuredmedia":[{"embeddable":true,"href":"https:\/\/brasilnoticias.org\/site\/wp-json\/wp\/v2\/media\/20098"}],"wp:attachment":[{"href":"https:\/\/brasilnoticias.org\/site\/wp-json\/wp\/v2\/media?parent=20097"}],"wp:term":[{"taxonomy":"category","embeddable":true,"href":"https:\/\/brasilnoticias.org\/site\/wp-json\/wp\/v2\/categories?post=20097"},{"taxonomy":"post_tag","embeddable":true,"href":"https:\/\/brasilnoticias.org\/site\/wp-json\/wp\/v2\/tags?post=20097"}],"curies":[{"name":"wp","href":"https:\/\/api.w.org\/{rel}","templated":true}]}}