{"id":20103,"date":"2026-02-03T07:59:09","date_gmt":"2026-02-03T10:59:09","guid":{"rendered":"https:\/\/brasilnoticias.org\/site\/?p=20103"},"modified":"2026-02-03T07:59:09","modified_gmt":"2026-02-03T10:59:09","slug":"ingressos-para-desfiles-da-serie-ouro-do-carnaval-do-rio-estao-esgotados","status":"publish","type":"post","link":"https:\/\/brasilnoticias.org\/site\/ingressos-para-desfiles-da-serie-ouro-do-carnaval-do-rio-estao-esgotados\/","title":{"rendered":"Ingressos para desfiles da S\u00e9rie Ouro do Carnaval do Rio est\u00e3o esgotados"},"content":{"rendered":"<p>Os ingressos para os desfiles da S\u00e9rie Ouro do Carnaval do Rio de Janeiro foram totalmente vendidos, segundo informa\u00e7\u00f5es divulgadas pelas escolas de samba e pela organiza\u00e7\u00e3o do evento. A procura pelo p\u00fablico foi intensa, refletindo o grande interesse dos foli\u00f5es em acompanhar de perto as apresenta\u00e7\u00f5es das agremia\u00e7\u00f5es que comp\u00f5em o grupo de elite da festa carioca.<\/p>\n<p>Os desfiles da S\u00e9rie Ouro, considerados uma das atra\u00e7\u00f5es mais aguardadas do Carnaval carioca, re\u00fanem escolas de samba com enredos, samba-enredo e desempenho t\u00e9cnico de alto n\u00edvel. A expectativa \u00e9 que a plateia lotada nas arquibancadas e frisas contribua para um clima ainda mais vibrante e animado na Sapuca\u00ed.<\/p>\n<p>A venda dos bilhetes havia sido aberta com anteced\u00eancia, e a confirma\u00e7\u00e3o do esgotamento refor\u00e7a a popularidade dos desfiles entre moradores do Rio, turistas e admiradores do samba. A agenda oficial da S\u00e9rie Ouro indica que as apresenta\u00e7\u00f5es ocorrer\u00e3o ao longo dos dias de festa, com destaque para as disputas entre as escolas que buscam os melhores resultados no julgamento.<\/p>\n<p>Fonte: Ag\u00eancia Brasil<br \/>\nFoto: Marcelo Piu\/RioTur<\/p>\n","protected":false},"excerpt":{"rendered":"<p>Os ingressos para os desfiles da S\u00e9rie Ouro do Carnaval do Rio de Janeiro foram totalmente vendidos, segundo informa\u00e7\u00f5es divulgadas<\/p>\n","protected":false},"author":4,"featured_media":20104,"comment_status":"open","ping_status":"open","sticky":false,"template":"","format":"standard","meta":{"colormag_page_container_layout":"default_layout","colormag_page_sidebar_layout":"default_layout","_FSMCFIC_featured_image_caption":"","_FSMCFIC_featured_image_nocaption":"","_FSMCFIC_featured_image_hide":"","footnotes":""},"categories":[8,1],"tags":[],"class_list":["post-20103","post","type-post","status-publish","format-standard","has-post-thumbnail","hentry","category-entretenimento","category-ultimas"],"yoast_head":"<!-- This site is optimized with the Yoast SEO plugin v27.1.1 - https:\/\/yoast.com\/product\/yoast-seo-wordpress\/ -->\n<title>Ingressos para desfiles da S\u00e9rie Ouro do Carnaval do Rio est\u00e3o esgotados - Brasil not\u00edcias<\/title>\n<meta name=\"robots\" content=\"index, follow, max-snippet:-1, max-image-preview:large, max-video-preview:-1\" \/>\n<link rel=\"canonical\" href=\"https:\/\/brasilnoticias.org\/site\/ingressos-para-desfiles-da-serie-ouro-do-carnaval-do-rio-estao-esgotados\/\" \/>\n<meta property=\"og:locale\" content=\"pt_PT\" \/>\n<meta property=\"og:type\" content=\"article\" \/>\n<meta property=\"og:title\" content=\"Ingressos para desfiles da S\u00e9rie Ouro do Carnaval do Rio est\u00e3o esgotados - Brasil not\u00edcias\" \/>\n<meta property=\"og:description\" content=\"Os ingressos para os desfiles da S\u00e9rie Ouro do Carnaval do Rio de Janeiro foram totalmente vendidos, segundo informa\u00e7\u00f5es divulgadas\" \/>\n<meta property=\"og:url\" content=\"https:\/\/brasilnoticias.org\/site\/ingressos-para-desfiles-da-serie-ouro-do-carnaval-do-rio-estao-esgotados\/\" \/>\n<meta property=\"og:site_name\" content=\"Brasil not\u00edcias\" \/>\n<meta property=\"article:published_time\" content=\"2026-02-03T10:59:09+00:00\" \/>\n<meta property=\"og:image\" content=\"https:\/\/brasilnoticias.org\/site\/wp-content\/uploads\/2026\/02\/52019238343_5ed1a6ce5d_k.webp\" \/>\n\t<meta property=\"og:image:width\" content=\"1170\" \/>\n\t<meta property=\"og:image:height\" content=\"700\" \/>\n\t<meta property=\"og:image:type\" content=\"image\/webp\" \/>\n<meta name=\"author\" content=\"Reda\u00e7\u00e3o\" \/>\n<meta name=\"twitter:card\" content=\"summary_large_image\" \/>\n<meta name=\"twitter:label1\" content=\"Escrito por\" \/>\n\t<meta name=\"twitter:data1\" content=\"Reda\u00e7\u00e3o\" \/>\n\t<meta name=\"twitter:label2\" content=\"Tempo estimado de leitura\" \/>\n\t<meta name=\"twitter:data2\" content=\"1 minuto\" \/>\n<script type=\"application\/ld+json\" class=\"yoast-schema-graph\">{\"@context\":\"https:\/\/schema.org\",\"@graph\":[{\"@type\":\"Article\",\"@id\":\"https:\/\/brasilnoticias.org\/site\/ingressos-para-desfiles-da-serie-ouro-do-carnaval-do-rio-estao-esgotados\/#article\",\"isPartOf\":{\"@id\":\"https:\/\/brasilnoticias.org\/site\/ingressos-para-desfiles-da-serie-ouro-do-carnaval-do-rio-estao-esgotados\/\"},\"author\":{\"name\":\"Reda\u00e7\u00e3o\",\"@id\":\"https:\/\/brasilnoticias.org\/site\/#\/schema\/person\/03bbbfe6c7634ad18c26444ea39049fa\"},\"headline\":\"Ingressos para desfiles da S\u00e9rie Ouro do Carnaval do Rio est\u00e3o esgotados\",\"datePublished\":\"2026-02-03T10:59:09+00:00\",\"mainEntityOfPage\":{\"@id\":\"https:\/\/brasilnoticias.org\/site\/ingressos-para-desfiles-da-serie-ouro-do-carnaval-do-rio-estao-esgotados\/\"},\"wordCount\":207,\"commentCount\":0,\"publisher\":{\"@id\":\"https:\/\/brasilnoticias.org\/site\/#organization\"},\"image\":{\"@id\":\"https:\/\/brasilnoticias.org\/site\/ingressos-para-desfiles-da-serie-ouro-do-carnaval-do-rio-estao-esgotados\/#primaryimage\"},\"thumbnailUrl\":\"https:\/\/brasilnoticias.org\/site\/wp-content\/uploads\/2026\/02\/52019238343_5ed1a6ce5d_k.webp\",\"articleSection\":[\"Entretenimento\",\"\u00daltimas\"],\"inLanguage\":\"pt-PT\",\"potentialAction\":[{\"@type\":\"CommentAction\",\"name\":\"Comment\",\"target\":[\"https:\/\/brasilnoticias.org\/site\/ingressos-para-desfiles-da-serie-ouro-do-carnaval-do-rio-estao-esgotados\/#respond\"]}]},{\"@type\":\"WebPage\",\"@id\":\"https:\/\/brasilnoticias.org\/site\/ingressos-para-desfiles-da-serie-ouro-do-carnaval-do-rio-estao-esgotados\/\",\"url\":\"https:\/\/brasilnoticias.org\/site\/ingressos-para-desfiles-da-serie-ouro-do-carnaval-do-rio-estao-esgotados\/\",\"name\":\"Ingressos para desfiles da S\u00e9rie Ouro do Carnaval do Rio est\u00e3o esgotados - Brasil not\u00edcias\",\"isPartOf\":{\"@id\":\"https:\/\/brasilnoticias.org\/site\/#website\"},\"primaryImageOfPage\":{\"@id\":\"https:\/\/brasilnoticias.org\/site\/ingressos-para-desfiles-da-serie-ouro-do-carnaval-do-rio-estao-esgotados\/#primaryimage\"},\"image\":{\"@id\":\"https:\/\/brasilnoticias.org\/site\/ingressos-para-desfiles-da-serie-ouro-do-carnaval-do-rio-estao-esgotados\/#primaryimage\"},\"thumbnailUrl\":\"https:\/\/brasilnoticias.org\/site\/wp-content\/uploads\/2026\/02\/52019238343_5ed1a6ce5d_k.webp\",\"datePublished\":\"2026-02-03T10:59:09+00:00\",\"breadcrumb\":{\"@id\":\"https:\/\/brasilnoticias.org\/site\/ingressos-para-desfiles-da-serie-ouro-do-carnaval-do-rio-estao-esgotados\/#breadcrumb\"},\"inLanguage\":\"pt-PT\",\"potentialAction\":[{\"@type\":\"ReadAction\",\"target\":[\"https:\/\/brasilnoticias.org\/site\/ingressos-para-desfiles-da-serie-ouro-do-carnaval-do-rio-estao-esgotados\/\"]}]},{\"@type\":\"ImageObject\",\"inLanguage\":\"pt-PT\",\"@id\":\"https:\/\/brasilnoticias.org\/site\/ingressos-para-desfiles-da-serie-ouro-do-carnaval-do-rio-estao-esgotados\/#primaryimage\",\"url\":\"https:\/\/brasilnoticias.org\/site\/wp-content\/uploads\/2026\/02\/52019238343_5ed1a6ce5d_k.webp\",\"contentUrl\":\"https:\/\/brasilnoticias.org\/site\/wp-content\/uploads\/2026\/02\/52019238343_5ed1a6ce5d_k.webp\",\"width\":1170,\"height\":700},{\"@type\":\"BreadcrumbList\",\"@id\":\"https:\/\/brasilnoticias.org\/site\/ingressos-para-desfiles-da-serie-ouro-do-carnaval-do-rio-estao-esgotados\/#breadcrumb\",\"itemListElement\":[{\"@type\":\"ListItem\",\"position\":1,\"name\":\"In\u00edcio\",\"item\":\"https:\/\/brasilnoticias.org\/site\/\"},{\"@type\":\"ListItem\",\"position\":2,\"name\":\"Ingressos para desfiles da S\u00e9rie Ouro do Carnaval do Rio est\u00e3o esgotados\"}]},{\"@type\":\"WebSite\",\"@id\":\"https:\/\/brasilnoticias.org\/site\/#website\",\"url\":\"https:\/\/brasilnoticias.org\/site\/\",\"name\":\"Brasil not\u00edcias\",\"description\":\"Brasil not\u00edcias\",\"publisher\":{\"@id\":\"https:\/\/brasilnoticias.org\/site\/#organization\"},\"potentialAction\":[{\"@type\":\"SearchAction\",\"target\":{\"@type\":\"EntryPoint\",\"urlTemplate\":\"https:\/\/brasilnoticias.org\/site\/?s={search_term_string}\"},\"query-input\":{\"@type\":\"PropertyValueSpecification\",\"valueRequired\":true,\"valueName\":\"search_term_string\"}}],\"inLanguage\":\"pt-PT\"},{\"@type\":\"Organization\",\"@id\":\"https:\/\/brasilnoticias.org\/site\/#organization\",\"name\":\"Brasil not\u00edcias\",\"url\":\"https:\/\/brasilnoticias.org\/site\/\",\"logo\":{\"@type\":\"ImageObject\",\"inLanguage\":\"pt-PT\",\"@id\":\"https:\/\/brasilnoticias.org\/site\/#\/schema\/logo\/image\/\",\"url\":\"https:\/\/brasilnoticias.org\/site\/wp-content\/uploads\/2022\/05\/cropped-brasilnoticias-mini.jpg\",\"contentUrl\":\"https:\/\/brasilnoticias.org\/site\/wp-content\/uploads\/2022\/05\/cropped-brasilnoticias-mini.jpg\",\"width\":314,\"height\":86,\"caption\":\"Brasil not\u00edcias\"},\"image\":{\"@id\":\"https:\/\/brasilnoticias.org\/site\/#\/schema\/logo\/image\/\"}},{\"@type\":\"Person\",\"@id\":\"https:\/\/brasilnoticias.org\/site\/#\/schema\/person\/03bbbfe6c7634ad18c26444ea39049fa\",\"name\":\"Reda\u00e7\u00e3o\",\"image\":{\"@type\":\"ImageObject\",\"inLanguage\":\"pt-PT\",\"@id\":\"https:\/\/brasilnoticias.org\/site\/#\/schema\/person\/image\/\",\"url\":\"https:\/\/secure.gravatar.com\/avatar\/9ecaf7327a696cb23ad926fedded5f1f04d7049de9e445375d55b48c001a6e42?s=96&d=mm&r=g\",\"contentUrl\":\"https:\/\/secure.gravatar.com\/avatar\/9ecaf7327a696cb23ad926fedded5f1f04d7049de9e445375d55b48c001a6e42?s=96&d=mm&r=g\",\"caption\":\"Reda\u00e7\u00e3o\"},\"url\":\"https:\/\/brasilnoticias.org\/site\/author\/henrique\/\"}]}<\/script>\n<!-- \/ Yoast SEO plugin. -->","yoast_head_json":{"title":"Ingressos para desfiles da S\u00e9rie Ouro do Carnaval do Rio est\u00e3o esgotados - Brasil not\u00edcias","robots":{"index":"index","follow":"follow","max-snippet":"max-snippet:-1","max-image-preview":"max-image-preview:large","max-video-preview":"max-video-preview:-1"},"canonical":"https:\/\/brasilnoticias.org\/site\/ingressos-para-desfiles-da-serie-ouro-do-carnaval-do-rio-estao-esgotados\/","og_locale":"pt_PT","og_type":"article","og_title":"Ingressos para desfiles da S\u00e9rie Ouro do Carnaval do Rio est\u00e3o esgotados - Brasil not\u00edcias","og_description":"Os ingressos para os desfiles da S\u00e9rie Ouro do Carnaval do Rio de Janeiro foram totalmente vendidos, segundo informa\u00e7\u00f5es divulgadas","og_url":"https:\/\/brasilnoticias.org\/site\/ingressos-para-desfiles-da-serie-ouro-do-carnaval-do-rio-estao-esgotados\/","og_site_name":"Brasil not\u00edcias","article_published_time":"2026-02-03T10:59:09+00:00","og_image":[{"width":1170,"height":700,"url":"https:\/\/brasilnoticias.org\/site\/wp-content\/uploads\/2026\/02\/52019238343_5ed1a6ce5d_k.webp","type":"image\/webp"}],"author":"Reda\u00e7\u00e3o","twitter_card":"summary_large_image","twitter_misc":{"Escrito por":"Reda\u00e7\u00e3o","Tempo estimado de leitura":"1 minuto"},"schema":{"@context":"https:\/\/schema.org","@graph":[{"@type":"Article","@id":"https:\/\/brasilnoticias.org\/site\/ingressos-para-desfiles-da-serie-ouro-do-carnaval-do-rio-estao-esgotados\/#article","isPartOf":{"@id":"https:\/\/brasilnoticias.org\/site\/ingressos-para-desfiles-da-serie-ouro-do-carnaval-do-rio-estao-esgotados\/"},"author":{"name":"Reda\u00e7\u00e3o","@id":"https:\/\/brasilnoticias.org\/site\/#\/schema\/person\/03bbbfe6c7634ad18c26444ea39049fa"},"headline":"Ingressos para desfiles da S\u00e9rie Ouro do Carnaval do Rio est\u00e3o esgotados","datePublished":"2026-02-03T10:59:09+00:00","mainEntityOfPage":{"@id":"https:\/\/brasilnoticias.org\/site\/ingressos-para-desfiles-da-serie-ouro-do-carnaval-do-rio-estao-esgotados\/"},"wordCount":207,"commentCount":0,"publisher":{"@id":"https:\/\/brasilnoticias.org\/site\/#organization"},"image":{"@id":"https:\/\/brasilnoticias.org\/site\/ingressos-para-desfiles-da-serie-ouro-do-carnaval-do-rio-estao-esgotados\/#primaryimage"},"thumbnailUrl":"https:\/\/brasilnoticias.org\/site\/wp-content\/uploads\/2026\/02\/52019238343_5ed1a6ce5d_k.webp","articleSection":["Entretenimento","\u00daltimas"],"inLanguage":"pt-PT","potentialAction":[{"@type":"CommentAction","name":"Comment","target":["https:\/\/brasilnoticias.org\/site\/ingressos-para-desfiles-da-serie-ouro-do-carnaval-do-rio-estao-esgotados\/#respond"]}]},{"@type":"WebPage","@id":"https:\/\/brasilnoticias.org\/site\/ingressos-para-desfiles-da-serie-ouro-do-carnaval-do-rio-estao-esgotados\/","url":"https:\/\/brasilnoticias.org\/site\/ingressos-para-desfiles-da-serie-ouro-do-carnaval-do-rio-estao-esgotados\/","name":"Ingressos para desfiles da S\u00e9rie Ouro do Carnaval do Rio est\u00e3o esgotados - Brasil not\u00edcias","isPartOf":{"@id":"https:\/\/brasilnoticias.org\/site\/#website"},"primaryImageOfPage":{"@id":"https:\/\/brasilnoticias.org\/site\/ingressos-para-desfiles-da-serie-ouro-do-carnaval-do-rio-estao-esgotados\/#primaryimage"},"image":{"@id":"https:\/\/brasilnoticias.org\/site\/ingressos-para-desfiles-da-serie-ouro-do-carnaval-do-rio-estao-esgotados\/#primaryimage"},"thumbnailUrl":"https:\/\/brasilnoticias.org\/site\/wp-content\/uploads\/2026\/02\/52019238343_5ed1a6ce5d_k.webp","datePublished":"2026-02-03T10:59:09+00:00","breadcrumb":{"@id":"https:\/\/brasilnoticias.org\/site\/ingressos-para-desfiles-da-serie-ouro-do-carnaval-do-rio-estao-esgotados\/#breadcrumb"},"inLanguage":"pt-PT","potentialAction":[{"@type":"ReadAction","target":["https:\/\/brasilnoticias.org\/site\/ingressos-para-desfiles-da-serie-ouro-do-carnaval-do-rio-estao-esgotados\/"]}]},{"@type":"ImageObject","inLanguage":"pt-PT","@id":"https:\/\/brasilnoticias.org\/site\/ingressos-para-desfiles-da-serie-ouro-do-carnaval-do-rio-estao-esgotados\/#primaryimage","url":"https:\/\/brasilnoticias.org\/site\/wp-content\/uploads\/2026\/02\/52019238343_5ed1a6ce5d_k.webp","contentUrl":"https:\/\/brasilnoticias.org\/site\/wp-content\/uploads\/2026\/02\/52019238343_5ed1a6ce5d_k.webp","width":1170,"height":700},{"@type":"BreadcrumbList","@id":"https:\/\/brasilnoticias.org\/site\/ingressos-para-desfiles-da-serie-ouro-do-carnaval-do-rio-estao-esgotados\/#breadcrumb","itemListElement":[{"@type":"ListItem","position":1,"name":"In\u00edcio","item":"https:\/\/brasilnoticias.org\/site\/"},{"@type":"ListItem","position":2,"name":"Ingressos para desfiles da S\u00e9rie Ouro do Carnaval do Rio est\u00e3o esgotados"}]},{"@type":"WebSite","@id":"https:\/\/brasilnoticias.org\/site\/#website","url":"https:\/\/brasilnoticias.org\/site\/","name":"Brasil not\u00edcias","description":"Brasil not\u00edcias","publisher":{"@id":"https:\/\/brasilnoticias.org\/site\/#organization"},"potentialAction":[{"@type":"SearchAction","target":{"@type":"EntryPoint","urlTemplate":"https:\/\/brasilnoticias.org\/site\/?s={search_term_string}"},"query-input":{"@type":"PropertyValueSpecification","valueRequired":true,"valueName":"search_term_string"}}],"inLanguage":"pt-PT"},{"@type":"Organization","@id":"https:\/\/brasilnoticias.org\/site\/#organization","name":"Brasil not\u00edcias","url":"https:\/\/brasilnoticias.org\/site\/","logo":{"@type":"ImageObject","inLanguage":"pt-PT","@id":"https:\/\/brasilnoticias.org\/site\/#\/schema\/logo\/image\/","url":"https:\/\/brasilnoticias.org\/site\/wp-content\/uploads\/2022\/05\/cropped-brasilnoticias-mini.jpg","contentUrl":"https:\/\/brasilnoticias.org\/site\/wp-content\/uploads\/2022\/05\/cropped-brasilnoticias-mini.jpg","width":314,"height":86,"caption":"Brasil not\u00edcias"},"image":{"@id":"https:\/\/brasilnoticias.org\/site\/#\/schema\/logo\/image\/"}},{"@type":"Person","@id":"https:\/\/brasilnoticias.org\/site\/#\/schema\/person\/03bbbfe6c7634ad18c26444ea39049fa","name":"Reda\u00e7\u00e3o","image":{"@type":"ImageObject","inLanguage":"pt-PT","@id":"https:\/\/brasilnoticias.org\/site\/#\/schema\/person\/image\/","url":"https:\/\/secure.gravatar.com\/avatar\/9ecaf7327a696cb23ad926fedded5f1f04d7049de9e445375d55b48c001a6e42?s=96&d=mm&r=g","contentUrl":"https:\/\/secure.gravatar.com\/avatar\/9ecaf7327a696cb23ad926fedded5f1f04d7049de9e445375d55b48c001a6e42?s=96&d=mm&r=g","caption":"Reda\u00e7\u00e3o"},"url":"https:\/\/brasilnoticias.org\/site\/author\/henrique\/"}]}},"_links":{"self":[{"href":"https:\/\/brasilnoticias.org\/site\/wp-json\/wp\/v2\/posts\/20103","targetHints":{"allow":["GET"]}}],"collection":[{"href":"https:\/\/brasilnoticias.org\/site\/wp-json\/wp\/v2\/posts"}],"about":[{"href":"https:\/\/brasilnoticias.org\/site\/wp-json\/wp\/v2\/types\/post"}],"author":[{"embeddable":true,"href":"https:\/\/brasilnoticias.org\/site\/wp-json\/wp\/v2\/users\/4"}],"replies":[{"embeddable":true,"href":"https:\/\/brasilnoticias.org\/site\/wp-json\/wp\/v2\/comments?post=20103"}],"version-history":[{"count":1,"href":"https:\/\/brasilnoticias.org\/site\/wp-json\/wp\/v2\/posts\/20103\/revisions"}],"predecessor-version":[{"id":20105,"href":"https:\/\/brasilnoticias.org\/site\/wp-json\/wp\/v2\/posts\/20103\/revisions\/20105"}],"wp:featuredmedia":[{"embeddable":true,"href":"https:\/\/brasilnoticias.org\/site\/wp-json\/wp\/v2\/media\/20104"}],"wp:attachment":[{"href":"https:\/\/brasilnoticias.org\/site\/wp-json\/wp\/v2\/media?parent=20103"}],"wp:term":[{"taxonomy":"category","embeddable":true,"href":"https:\/\/brasilnoticias.org\/site\/wp-json\/wp\/v2\/categories?post=20103"},{"taxonomy":"post_tag","embeddable":true,"href":"https:\/\/brasilnoticias.org\/site\/wp-json\/wp\/v2\/tags?post=20103"}],"curies":[{"name":"wp","href":"https:\/\/api.w.org\/{rel}","templated":true}]}}