{"id":20109,"date":"2026-02-03T08:12:55","date_gmt":"2026-02-03T11:12:55","guid":{"rendered":"https:\/\/brasilnoticias.org\/site\/?p=20109"},"modified":"2026-02-03T08:12:55","modified_gmt":"2026-02-03T11:12:55","slug":"policial-militar-e-baleado-no-nordeste-de-amaralina-e-bope-intensifica-acao","status":"publish","type":"post","link":"https:\/\/brasilnoticias.org\/site\/policial-militar-e-baleado-no-nordeste-de-amaralina-e-bope-intensifica-acao\/","title":{"rendered":"Policial militar \u00e9 baleado no Nordeste de Amaralina e Bope intensifica a\u00e7\u00e3o"},"content":{"rendered":"<p>Um policial militar foi baleado na manh\u00e3 desta ter\u00e7a-feira (3 de fevereiro) no bairro do Nordeste de Amaralina, em Salvador (BA), durante uma ocorr\u00eancia em que equipes do Batalh\u00e3o de Opera\u00e7\u00f5es Policiais Especiais (Bope) e outras unidades da Pol\u00edcia Militar da Bahia foram acionadas para cercar a \u00e1rea ap\u00f3s o ataque.<\/p>\n<p>Segundo informa\u00e7\u00f5es iniciais, o agente foi atingido na regi\u00e3o da cabe\u00e7a enquanto estava dentro de uma viatura do 30\u00ba Batalh\u00e3o da PM. Ele foi socorrido e levado ao Hospital Geral do Estado (HGE) em estado grave, segundo relatos das autoridades.<\/p>\n<p>Moradores da regi\u00e3o relataram que os disparos continuaram at\u00e9 cerca de 5h da manh\u00e3, gerando clima de tens\u00e3o no bairro. As equipes especializadas do Bope atuaram em conjunto com outras unidades da pol\u00edcia na tentativa de localizar os respons\u00e1veis pelos tiros e conter a a\u00e7\u00e3o criminosa.<\/p>\n<p>A ocorr\u00eancia ainda est\u00e1 em atualiza\u00e7\u00e3o, com informa\u00e7\u00f5es oficiais ainda sendo divulgadas pelas for\u00e7as de seguran\u00e7a.<\/p>\n<p>Fonte: BNews<br \/>\nCr\u00e9dito da imagem: Ilustrativa \/ Alberto Maraux<\/p>\n","protected":false},"excerpt":{"rendered":"<p>Um policial militar foi baleado na manh\u00e3 desta ter\u00e7a-feira (3 de fevereiro) no bairro do Nordeste de Amaralina, em Salvador<\/p>\n","protected":false},"author":4,"featured_media":20110,"comment_status":"open","ping_status":"open","sticky":false,"template":"","format":"standard","meta":{"colormag_page_container_layout":"default_layout","colormag_page_sidebar_layout":"default_layout","_FSMCFIC_featured_image_caption":"","_FSMCFIC_featured_image_nocaption":"","_FSMCFIC_featured_image_hide":"","footnotes":""},"categories":[3,1],"tags":[],"class_list":["post-20109","post","type-post","status-publish","format-standard","has-post-thumbnail","hentry","category-policia","category-ultimas"],"yoast_head":"<!-- This site is optimized with the Yoast SEO plugin v27.1.1 - https:\/\/yoast.com\/product\/yoast-seo-wordpress\/ -->\n<title>Policial militar \u00e9 baleado no Nordeste de Amaralina e Bope intensifica a\u00e7\u00e3o - Brasil not\u00edcias<\/title>\n<meta name=\"robots\" content=\"index, follow, max-snippet:-1, max-image-preview:large, max-video-preview:-1\" \/>\n<link rel=\"canonical\" href=\"https:\/\/brasilnoticias.org\/site\/policial-militar-e-baleado-no-nordeste-de-amaralina-e-bope-intensifica-acao\/\" \/>\n<meta property=\"og:locale\" content=\"pt_PT\" \/>\n<meta property=\"og:type\" content=\"article\" \/>\n<meta property=\"og:title\" content=\"Policial militar \u00e9 baleado no Nordeste de Amaralina e Bope intensifica a\u00e7\u00e3o - Brasil not\u00edcias\" \/>\n<meta property=\"og:description\" content=\"Um policial militar foi baleado na manh\u00e3 desta ter\u00e7a-feira (3 de fevereiro) no bairro do Nordeste de Amaralina, em Salvador\" \/>\n<meta property=\"og:url\" content=\"https:\/\/brasilnoticias.org\/site\/policial-militar-e-baleado-no-nordeste-de-amaralina-e-bope-intensifica-acao\/\" \/>\n<meta property=\"og:site_name\" content=\"Brasil not\u00edcias\" \/>\n<meta property=\"article:published_time\" content=\"2026-02-03T11:12:55+00:00\" \/>\n<meta property=\"og:image\" content=\"https:\/\/brasilnoticias.org\/site\/wp-content\/uploads\/2026\/02\/2_widelg.webp\" \/>\n\t<meta property=\"og:image:width\" content=\"800\" \/>\n\t<meta property=\"og:image:height\" content=\"450\" \/>\n\t<meta property=\"og:image:type\" content=\"image\/webp\" \/>\n<meta name=\"author\" content=\"Reda\u00e7\u00e3o\" \/>\n<meta name=\"twitter:card\" content=\"summary_large_image\" \/>\n<meta name=\"twitter:label1\" content=\"Escrito por\" \/>\n\t<meta name=\"twitter:data1\" content=\"Reda\u00e7\u00e3o\" \/>\n\t<meta name=\"twitter:label2\" content=\"Tempo estimado de leitura\" \/>\n\t<meta name=\"twitter:data2\" content=\"1 minuto\" \/>\n<script type=\"application\/ld+json\" class=\"yoast-schema-graph\">{\"@context\":\"https:\/\/schema.org\",\"@graph\":[{\"@type\":\"Article\",\"@id\":\"https:\/\/brasilnoticias.org\/site\/policial-militar-e-baleado-no-nordeste-de-amaralina-e-bope-intensifica-acao\/#article\",\"isPartOf\":{\"@id\":\"https:\/\/brasilnoticias.org\/site\/policial-militar-e-baleado-no-nordeste-de-amaralina-e-bope-intensifica-acao\/\"},\"author\":{\"name\":\"Reda\u00e7\u00e3o\",\"@id\":\"https:\/\/brasilnoticias.org\/site\/#\/schema\/person\/03bbbfe6c7634ad18c26444ea39049fa\"},\"headline\":\"Policial militar \u00e9 baleado no Nordeste de Amaralina e Bope intensifica a\u00e7\u00e3o\",\"datePublished\":\"2026-02-03T11:12:55+00:00\",\"mainEntityOfPage\":{\"@id\":\"https:\/\/brasilnoticias.org\/site\/policial-militar-e-baleado-no-nordeste-de-amaralina-e-bope-intensifica-acao\/\"},\"wordCount\":192,\"commentCount\":0,\"publisher\":{\"@id\":\"https:\/\/brasilnoticias.org\/site\/#organization\"},\"image\":{\"@id\":\"https:\/\/brasilnoticias.org\/site\/policial-militar-e-baleado-no-nordeste-de-amaralina-e-bope-intensifica-acao\/#primaryimage\"},\"thumbnailUrl\":\"https:\/\/brasilnoticias.org\/site\/wp-content\/uploads\/2026\/02\/2_widelg.webp\",\"articleSection\":[\"Pol\u00edcia\",\"\u00daltimas\"],\"inLanguage\":\"pt-PT\",\"potentialAction\":[{\"@type\":\"CommentAction\",\"name\":\"Comment\",\"target\":[\"https:\/\/brasilnoticias.org\/site\/policial-militar-e-baleado-no-nordeste-de-amaralina-e-bope-intensifica-acao\/#respond\"]}]},{\"@type\":\"WebPage\",\"@id\":\"https:\/\/brasilnoticias.org\/site\/policial-militar-e-baleado-no-nordeste-de-amaralina-e-bope-intensifica-acao\/\",\"url\":\"https:\/\/brasilnoticias.org\/site\/policial-militar-e-baleado-no-nordeste-de-amaralina-e-bope-intensifica-acao\/\",\"name\":\"Policial militar \u00e9 baleado no Nordeste de Amaralina e Bope intensifica a\u00e7\u00e3o - Brasil not\u00edcias\",\"isPartOf\":{\"@id\":\"https:\/\/brasilnoticias.org\/site\/#website\"},\"primaryImageOfPage\":{\"@id\":\"https:\/\/brasilnoticias.org\/site\/policial-militar-e-baleado-no-nordeste-de-amaralina-e-bope-intensifica-acao\/#primaryimage\"},\"image\":{\"@id\":\"https:\/\/brasilnoticias.org\/site\/policial-militar-e-baleado-no-nordeste-de-amaralina-e-bope-intensifica-acao\/#primaryimage\"},\"thumbnailUrl\":\"https:\/\/brasilnoticias.org\/site\/wp-content\/uploads\/2026\/02\/2_widelg.webp\",\"datePublished\":\"2026-02-03T11:12:55+00:00\",\"breadcrumb\":{\"@id\":\"https:\/\/brasilnoticias.org\/site\/policial-militar-e-baleado-no-nordeste-de-amaralina-e-bope-intensifica-acao\/#breadcrumb\"},\"inLanguage\":\"pt-PT\",\"potentialAction\":[{\"@type\":\"ReadAction\",\"target\":[\"https:\/\/brasilnoticias.org\/site\/policial-militar-e-baleado-no-nordeste-de-amaralina-e-bope-intensifica-acao\/\"]}]},{\"@type\":\"ImageObject\",\"inLanguage\":\"pt-PT\",\"@id\":\"https:\/\/brasilnoticias.org\/site\/policial-militar-e-baleado-no-nordeste-de-amaralina-e-bope-intensifica-acao\/#primaryimage\",\"url\":\"https:\/\/brasilnoticias.org\/site\/wp-content\/uploads\/2026\/02\/2_widelg.webp\",\"contentUrl\":\"https:\/\/brasilnoticias.org\/site\/wp-content\/uploads\/2026\/02\/2_widelg.webp\",\"width\":800,\"height\":450},{\"@type\":\"BreadcrumbList\",\"@id\":\"https:\/\/brasilnoticias.org\/site\/policial-militar-e-baleado-no-nordeste-de-amaralina-e-bope-intensifica-acao\/#breadcrumb\",\"itemListElement\":[{\"@type\":\"ListItem\",\"position\":1,\"name\":\"In\u00edcio\",\"item\":\"https:\/\/brasilnoticias.org\/site\/\"},{\"@type\":\"ListItem\",\"position\":2,\"name\":\"Policial militar \u00e9 baleado no Nordeste de Amaralina e Bope intensifica a\u00e7\u00e3o\"}]},{\"@type\":\"WebSite\",\"@id\":\"https:\/\/brasilnoticias.org\/site\/#website\",\"url\":\"https:\/\/brasilnoticias.org\/site\/\",\"name\":\"Brasil not\u00edcias\",\"description\":\"Brasil not\u00edcias\",\"publisher\":{\"@id\":\"https:\/\/brasilnoticias.org\/site\/#organization\"},\"potentialAction\":[{\"@type\":\"SearchAction\",\"target\":{\"@type\":\"EntryPoint\",\"urlTemplate\":\"https:\/\/brasilnoticias.org\/site\/?s={search_term_string}\"},\"query-input\":{\"@type\":\"PropertyValueSpecification\",\"valueRequired\":true,\"valueName\":\"search_term_string\"}}],\"inLanguage\":\"pt-PT\"},{\"@type\":\"Organization\",\"@id\":\"https:\/\/brasilnoticias.org\/site\/#organization\",\"name\":\"Brasil not\u00edcias\",\"url\":\"https:\/\/brasilnoticias.org\/site\/\",\"logo\":{\"@type\":\"ImageObject\",\"inLanguage\":\"pt-PT\",\"@id\":\"https:\/\/brasilnoticias.org\/site\/#\/schema\/logo\/image\/\",\"url\":\"https:\/\/brasilnoticias.org\/site\/wp-content\/uploads\/2022\/05\/cropped-brasilnoticias-mini.jpg\",\"contentUrl\":\"https:\/\/brasilnoticias.org\/site\/wp-content\/uploads\/2022\/05\/cropped-brasilnoticias-mini.jpg\",\"width\":314,\"height\":86,\"caption\":\"Brasil not\u00edcias\"},\"image\":{\"@id\":\"https:\/\/brasilnoticias.org\/site\/#\/schema\/logo\/image\/\"}},{\"@type\":\"Person\",\"@id\":\"https:\/\/brasilnoticias.org\/site\/#\/schema\/person\/03bbbfe6c7634ad18c26444ea39049fa\",\"name\":\"Reda\u00e7\u00e3o\",\"image\":{\"@type\":\"ImageObject\",\"inLanguage\":\"pt-PT\",\"@id\":\"https:\/\/brasilnoticias.org\/site\/#\/schema\/person\/image\/\",\"url\":\"https:\/\/secure.gravatar.com\/avatar\/9ecaf7327a696cb23ad926fedded5f1f04d7049de9e445375d55b48c001a6e42?s=96&d=mm&r=g\",\"contentUrl\":\"https:\/\/secure.gravatar.com\/avatar\/9ecaf7327a696cb23ad926fedded5f1f04d7049de9e445375d55b48c001a6e42?s=96&d=mm&r=g\",\"caption\":\"Reda\u00e7\u00e3o\"},\"url\":\"https:\/\/brasilnoticias.org\/site\/author\/henrique\/\"}]}<\/script>\n<!-- \/ Yoast SEO plugin. -->","yoast_head_json":{"title":"Policial militar \u00e9 baleado no Nordeste de Amaralina e Bope intensifica a\u00e7\u00e3o - Brasil not\u00edcias","robots":{"index":"index","follow":"follow","max-snippet":"max-snippet:-1","max-image-preview":"max-image-preview:large","max-video-preview":"max-video-preview:-1"},"canonical":"https:\/\/brasilnoticias.org\/site\/policial-militar-e-baleado-no-nordeste-de-amaralina-e-bope-intensifica-acao\/","og_locale":"pt_PT","og_type":"article","og_title":"Policial militar \u00e9 baleado no Nordeste de Amaralina e Bope intensifica a\u00e7\u00e3o - Brasil not\u00edcias","og_description":"Um policial militar foi baleado na manh\u00e3 desta ter\u00e7a-feira (3 de fevereiro) no bairro do Nordeste de Amaralina, em Salvador","og_url":"https:\/\/brasilnoticias.org\/site\/policial-militar-e-baleado-no-nordeste-de-amaralina-e-bope-intensifica-acao\/","og_site_name":"Brasil not\u00edcias","article_published_time":"2026-02-03T11:12:55+00:00","og_image":[{"width":800,"height":450,"url":"https:\/\/brasilnoticias.org\/site\/wp-content\/uploads\/2026\/02\/2_widelg.webp","type":"image\/webp"}],"author":"Reda\u00e7\u00e3o","twitter_card":"summary_large_image","twitter_misc":{"Escrito por":"Reda\u00e7\u00e3o","Tempo estimado de leitura":"1 minuto"},"schema":{"@context":"https:\/\/schema.org","@graph":[{"@type":"Article","@id":"https:\/\/brasilnoticias.org\/site\/policial-militar-e-baleado-no-nordeste-de-amaralina-e-bope-intensifica-acao\/#article","isPartOf":{"@id":"https:\/\/brasilnoticias.org\/site\/policial-militar-e-baleado-no-nordeste-de-amaralina-e-bope-intensifica-acao\/"},"author":{"name":"Reda\u00e7\u00e3o","@id":"https:\/\/brasilnoticias.org\/site\/#\/schema\/person\/03bbbfe6c7634ad18c26444ea39049fa"},"headline":"Policial militar \u00e9 baleado no Nordeste de Amaralina e Bope intensifica a\u00e7\u00e3o","datePublished":"2026-02-03T11:12:55+00:00","mainEntityOfPage":{"@id":"https:\/\/brasilnoticias.org\/site\/policial-militar-e-baleado-no-nordeste-de-amaralina-e-bope-intensifica-acao\/"},"wordCount":192,"commentCount":0,"publisher":{"@id":"https:\/\/brasilnoticias.org\/site\/#organization"},"image":{"@id":"https:\/\/brasilnoticias.org\/site\/policial-militar-e-baleado-no-nordeste-de-amaralina-e-bope-intensifica-acao\/#primaryimage"},"thumbnailUrl":"https:\/\/brasilnoticias.org\/site\/wp-content\/uploads\/2026\/02\/2_widelg.webp","articleSection":["Pol\u00edcia","\u00daltimas"],"inLanguage":"pt-PT","potentialAction":[{"@type":"CommentAction","name":"Comment","target":["https:\/\/brasilnoticias.org\/site\/policial-militar-e-baleado-no-nordeste-de-amaralina-e-bope-intensifica-acao\/#respond"]}]},{"@type":"WebPage","@id":"https:\/\/brasilnoticias.org\/site\/policial-militar-e-baleado-no-nordeste-de-amaralina-e-bope-intensifica-acao\/","url":"https:\/\/brasilnoticias.org\/site\/policial-militar-e-baleado-no-nordeste-de-amaralina-e-bope-intensifica-acao\/","name":"Policial militar \u00e9 baleado no Nordeste de Amaralina e Bope intensifica a\u00e7\u00e3o - Brasil not\u00edcias","isPartOf":{"@id":"https:\/\/brasilnoticias.org\/site\/#website"},"primaryImageOfPage":{"@id":"https:\/\/brasilnoticias.org\/site\/policial-militar-e-baleado-no-nordeste-de-amaralina-e-bope-intensifica-acao\/#primaryimage"},"image":{"@id":"https:\/\/brasilnoticias.org\/site\/policial-militar-e-baleado-no-nordeste-de-amaralina-e-bope-intensifica-acao\/#primaryimage"},"thumbnailUrl":"https:\/\/brasilnoticias.org\/site\/wp-content\/uploads\/2026\/02\/2_widelg.webp","datePublished":"2026-02-03T11:12:55+00:00","breadcrumb":{"@id":"https:\/\/brasilnoticias.org\/site\/policial-militar-e-baleado-no-nordeste-de-amaralina-e-bope-intensifica-acao\/#breadcrumb"},"inLanguage":"pt-PT","potentialAction":[{"@type":"ReadAction","target":["https:\/\/brasilnoticias.org\/site\/policial-militar-e-baleado-no-nordeste-de-amaralina-e-bope-intensifica-acao\/"]}]},{"@type":"ImageObject","inLanguage":"pt-PT","@id":"https:\/\/brasilnoticias.org\/site\/policial-militar-e-baleado-no-nordeste-de-amaralina-e-bope-intensifica-acao\/#primaryimage","url":"https:\/\/brasilnoticias.org\/site\/wp-content\/uploads\/2026\/02\/2_widelg.webp","contentUrl":"https:\/\/brasilnoticias.org\/site\/wp-content\/uploads\/2026\/02\/2_widelg.webp","width":800,"height":450},{"@type":"BreadcrumbList","@id":"https:\/\/brasilnoticias.org\/site\/policial-militar-e-baleado-no-nordeste-de-amaralina-e-bope-intensifica-acao\/#breadcrumb","itemListElement":[{"@type":"ListItem","position":1,"name":"In\u00edcio","item":"https:\/\/brasilnoticias.org\/site\/"},{"@type":"ListItem","position":2,"name":"Policial militar \u00e9 baleado no Nordeste de Amaralina e Bope intensifica a\u00e7\u00e3o"}]},{"@type":"WebSite","@id":"https:\/\/brasilnoticias.org\/site\/#website","url":"https:\/\/brasilnoticias.org\/site\/","name":"Brasil not\u00edcias","description":"Brasil not\u00edcias","publisher":{"@id":"https:\/\/brasilnoticias.org\/site\/#organization"},"potentialAction":[{"@type":"SearchAction","target":{"@type":"EntryPoint","urlTemplate":"https:\/\/brasilnoticias.org\/site\/?s={search_term_string}"},"query-input":{"@type":"PropertyValueSpecification","valueRequired":true,"valueName":"search_term_string"}}],"inLanguage":"pt-PT"},{"@type":"Organization","@id":"https:\/\/brasilnoticias.org\/site\/#organization","name":"Brasil not\u00edcias","url":"https:\/\/brasilnoticias.org\/site\/","logo":{"@type":"ImageObject","inLanguage":"pt-PT","@id":"https:\/\/brasilnoticias.org\/site\/#\/schema\/logo\/image\/","url":"https:\/\/brasilnoticias.org\/site\/wp-content\/uploads\/2022\/05\/cropped-brasilnoticias-mini.jpg","contentUrl":"https:\/\/brasilnoticias.org\/site\/wp-content\/uploads\/2022\/05\/cropped-brasilnoticias-mini.jpg","width":314,"height":86,"caption":"Brasil not\u00edcias"},"image":{"@id":"https:\/\/brasilnoticias.org\/site\/#\/schema\/logo\/image\/"}},{"@type":"Person","@id":"https:\/\/brasilnoticias.org\/site\/#\/schema\/person\/03bbbfe6c7634ad18c26444ea39049fa","name":"Reda\u00e7\u00e3o","image":{"@type":"ImageObject","inLanguage":"pt-PT","@id":"https:\/\/brasilnoticias.org\/site\/#\/schema\/person\/image\/","url":"https:\/\/secure.gravatar.com\/avatar\/9ecaf7327a696cb23ad926fedded5f1f04d7049de9e445375d55b48c001a6e42?s=96&d=mm&r=g","contentUrl":"https:\/\/secure.gravatar.com\/avatar\/9ecaf7327a696cb23ad926fedded5f1f04d7049de9e445375d55b48c001a6e42?s=96&d=mm&r=g","caption":"Reda\u00e7\u00e3o"},"url":"https:\/\/brasilnoticias.org\/site\/author\/henrique\/"}]}},"_links":{"self":[{"href":"https:\/\/brasilnoticias.org\/site\/wp-json\/wp\/v2\/posts\/20109","targetHints":{"allow":["GET"]}}],"collection":[{"href":"https:\/\/brasilnoticias.org\/site\/wp-json\/wp\/v2\/posts"}],"about":[{"href":"https:\/\/brasilnoticias.org\/site\/wp-json\/wp\/v2\/types\/post"}],"author":[{"embeddable":true,"href":"https:\/\/brasilnoticias.org\/site\/wp-json\/wp\/v2\/users\/4"}],"replies":[{"embeddable":true,"href":"https:\/\/brasilnoticias.org\/site\/wp-json\/wp\/v2\/comments?post=20109"}],"version-history":[{"count":1,"href":"https:\/\/brasilnoticias.org\/site\/wp-json\/wp\/v2\/posts\/20109\/revisions"}],"predecessor-version":[{"id":20111,"href":"https:\/\/brasilnoticias.org\/site\/wp-json\/wp\/v2\/posts\/20109\/revisions\/20111"}],"wp:featuredmedia":[{"embeddable":true,"href":"https:\/\/brasilnoticias.org\/site\/wp-json\/wp\/v2\/media\/20110"}],"wp:attachment":[{"href":"https:\/\/brasilnoticias.org\/site\/wp-json\/wp\/v2\/media?parent=20109"}],"wp:term":[{"taxonomy":"category","embeddable":true,"href":"https:\/\/brasilnoticias.org\/site\/wp-json\/wp\/v2\/categories?post=20109"},{"taxonomy":"post_tag","embeddable":true,"href":"https:\/\/brasilnoticias.org\/site\/wp-json\/wp\/v2\/tags?post=20109"}],"curies":[{"name":"wp","href":"https:\/\/api.w.org\/{rel}","templated":true}]}}