{"id":20115,"date":"2026-02-03T08:52:20","date_gmt":"2026-02-03T11:52:20","guid":{"rendered":"https:\/\/brasilnoticias.org\/site\/?p=20115"},"modified":"2026-02-03T08:52:20","modified_gmt":"2026-02-03T11:52:20","slug":"entenda-quem-tem-direito-ao-gas-do-povo-aprovado-pela-camara","status":"publish","type":"post","link":"https:\/\/brasilnoticias.org\/site\/entenda-quem-tem-direito-ao-gas-do-povo-aprovado-pela-camara\/","title":{"rendered":"Entenda quem tem direito ao \u201cG\u00e1s do Povo\u201d aprovado pela C\u00e2mara"},"content":{"rendered":"<p>A C\u00e2mara dos Deputados aprovou um projeto que cria o programa chamado \u201cG\u00e1s do Povo\u201d, com o objetivo de oferecer subs\u00eddio no pre\u00e7o do g\u00e1s de cozinha para fam\u00edlias de baixa renda em todo o Brasil.<\/p>\n<p>Pelo texto aprovado, poder\u00e3o receber o benef\u00edcio as pessoas que se enquadrem nos crit\u00e9rios de renda e que estejam inscritas no Cadastro \u00danico para Programas Sociais do Governo Federal (Cad\u00danico). Al\u00e9m disso, tamb\u00e9m poder\u00e3o ter acesso fam\u00edlias que recebem o **Bolsa Fam\u00edlia** e outras iniciativas de transfer\u00eancia de renda, desde que atendam aos requisitos estabelecidos em lei.<\/p>\n<p>O programa ainda precisa passar pelo Senado Federal e, depois de aprovado, ser\u00e1 regulamentado pelo Poder Executivo, que definir\u00e1 detalhadamente valores, prazos e a forma de operacionaliza\u00e7\u00e3o. A proposta busca reduzir o impacto do pre\u00e7o do g\u00e1s de cozinha no or\u00e7amento das fam\u00edlias brasileiras, especialmente em um contexto de infla\u00e7\u00e3o de alimentos.<\/p>\n<p>Fonte: Metro1<br \/>\nFoto: Marcello Casal\/Ag\u00eancia Brasil<\/p>\n","protected":false},"excerpt":{"rendered":"<p>A C\u00e2mara dos Deputados aprovou um projeto que cria o programa chamado \u201cG\u00e1s do Povo\u201d, com o objetivo de oferecer<\/p>\n","protected":false},"author":4,"featured_media":20116,"comment_status":"open","ping_status":"open","sticky":false,"template":"","format":"standard","meta":{"colormag_page_container_layout":"default_layout","colormag_page_sidebar_layout":"default_layout","_FSMCFIC_featured_image_caption":"","_FSMCFIC_featured_image_nocaption":"","_FSMCFIC_featured_image_hide":"","footnotes":""},"categories":[2,1],"tags":[],"class_list":["post-20115","post","type-post","status-publish","format-standard","has-post-thumbnail","hentry","category-noticias","category-ultimas"],"yoast_head":"<!-- This site is optimized with the Yoast SEO plugin v27.1.1 - https:\/\/yoast.com\/product\/yoast-seo-wordpress\/ -->\n<title>Entenda quem tem direito ao \u201cG\u00e1s do Povo\u201d aprovado pela C\u00e2mara - Brasil not\u00edcias<\/title>\n<meta name=\"robots\" content=\"index, follow, max-snippet:-1, max-image-preview:large, max-video-preview:-1\" \/>\n<link rel=\"canonical\" href=\"https:\/\/brasilnoticias.org\/site\/entenda-quem-tem-direito-ao-gas-do-povo-aprovado-pela-camara\/\" \/>\n<meta property=\"og:locale\" content=\"pt_PT\" \/>\n<meta property=\"og:type\" content=\"article\" \/>\n<meta property=\"og:title\" content=\"Entenda quem tem direito ao \u201cG\u00e1s do Povo\u201d aprovado pela C\u00e2mara - Brasil not\u00edcias\" \/>\n<meta property=\"og:description\" content=\"A C\u00e2mara dos Deputados aprovou um projeto que cria o programa chamado \u201cG\u00e1s do Povo\u201d, com o objetivo de oferecer\" \/>\n<meta property=\"og:url\" content=\"https:\/\/brasilnoticias.org\/site\/entenda-quem-tem-direito-ao-gas-do-povo-aprovado-pela-camara\/\" \/>\n<meta property=\"og:site_name\" content=\"Brasil not\u00edcias\" \/>\n<meta property=\"article:published_time\" content=\"2026-02-03T11:52:20+00:00\" \/>\n<meta property=\"og:image\" content=\"https:\/\/brasilnoticias.org\/site\/wp-content\/uploads\/2026\/02\/177163saiba-quem-tem-direito-ao-gas-do-povo-aprovado-pela-camara-3.jpg\" \/>\n\t<meta property=\"og:image:width\" content=\"1600\" \/>\n\t<meta property=\"og:image:height\" content=\"752\" \/>\n\t<meta property=\"og:image:type\" content=\"image\/jpeg\" \/>\n<meta name=\"author\" content=\"Reda\u00e7\u00e3o\" \/>\n<meta name=\"twitter:card\" content=\"summary_large_image\" \/>\n<meta name=\"twitter:label1\" content=\"Escrito por\" \/>\n\t<meta name=\"twitter:data1\" content=\"Reda\u00e7\u00e3o\" \/>\n\t<meta name=\"twitter:label2\" content=\"Tempo estimado de leitura\" \/>\n\t<meta name=\"twitter:data2\" content=\"1 minuto\" \/>\n<script type=\"application\/ld+json\" class=\"yoast-schema-graph\">{\"@context\":\"https:\/\/schema.org\",\"@graph\":[{\"@type\":\"Article\",\"@id\":\"https:\/\/brasilnoticias.org\/site\/entenda-quem-tem-direito-ao-gas-do-povo-aprovado-pela-camara\/#article\",\"isPartOf\":{\"@id\":\"https:\/\/brasilnoticias.org\/site\/entenda-quem-tem-direito-ao-gas-do-povo-aprovado-pela-camara\/\"},\"author\":{\"name\":\"Reda\u00e7\u00e3o\",\"@id\":\"https:\/\/brasilnoticias.org\/site\/#\/schema\/person\/03bbbfe6c7634ad18c26444ea39049fa\"},\"headline\":\"Entenda quem tem direito ao \u201cG\u00e1s do Povo\u201d aprovado pela C\u00e2mara\",\"datePublished\":\"2026-02-03T11:52:20+00:00\",\"mainEntityOfPage\":{\"@id\":\"https:\/\/brasilnoticias.org\/site\/entenda-quem-tem-direito-ao-gas-do-povo-aprovado-pela-camara\/\"},\"wordCount\":188,\"commentCount\":0,\"publisher\":{\"@id\":\"https:\/\/brasilnoticias.org\/site\/#organization\"},\"image\":{\"@id\":\"https:\/\/brasilnoticias.org\/site\/entenda-quem-tem-direito-ao-gas-do-povo-aprovado-pela-camara\/#primaryimage\"},\"thumbnailUrl\":\"https:\/\/brasilnoticias.org\/site\/wp-content\/uploads\/2026\/02\/177163saiba-quem-tem-direito-ao-gas-do-povo-aprovado-pela-camara-3.jpg\",\"articleSection\":[\"Not\u00edcias\",\"\u00daltimas\"],\"inLanguage\":\"pt-PT\",\"potentialAction\":[{\"@type\":\"CommentAction\",\"name\":\"Comment\",\"target\":[\"https:\/\/brasilnoticias.org\/site\/entenda-quem-tem-direito-ao-gas-do-povo-aprovado-pela-camara\/#respond\"]}]},{\"@type\":\"WebPage\",\"@id\":\"https:\/\/brasilnoticias.org\/site\/entenda-quem-tem-direito-ao-gas-do-povo-aprovado-pela-camara\/\",\"url\":\"https:\/\/brasilnoticias.org\/site\/entenda-quem-tem-direito-ao-gas-do-povo-aprovado-pela-camara\/\",\"name\":\"Entenda quem tem direito ao \u201cG\u00e1s do Povo\u201d aprovado pela C\u00e2mara - Brasil not\u00edcias\",\"isPartOf\":{\"@id\":\"https:\/\/brasilnoticias.org\/site\/#website\"},\"primaryImageOfPage\":{\"@id\":\"https:\/\/brasilnoticias.org\/site\/entenda-quem-tem-direito-ao-gas-do-povo-aprovado-pela-camara\/#primaryimage\"},\"image\":{\"@id\":\"https:\/\/brasilnoticias.org\/site\/entenda-quem-tem-direito-ao-gas-do-povo-aprovado-pela-camara\/#primaryimage\"},\"thumbnailUrl\":\"https:\/\/brasilnoticias.org\/site\/wp-content\/uploads\/2026\/02\/177163saiba-quem-tem-direito-ao-gas-do-povo-aprovado-pela-camara-3.jpg\",\"datePublished\":\"2026-02-03T11:52:20+00:00\",\"breadcrumb\":{\"@id\":\"https:\/\/brasilnoticias.org\/site\/entenda-quem-tem-direito-ao-gas-do-povo-aprovado-pela-camara\/#breadcrumb\"},\"inLanguage\":\"pt-PT\",\"potentialAction\":[{\"@type\":\"ReadAction\",\"target\":[\"https:\/\/brasilnoticias.org\/site\/entenda-quem-tem-direito-ao-gas-do-povo-aprovado-pela-camara\/\"]}]},{\"@type\":\"ImageObject\",\"inLanguage\":\"pt-PT\",\"@id\":\"https:\/\/brasilnoticias.org\/site\/entenda-quem-tem-direito-ao-gas-do-povo-aprovado-pela-camara\/#primaryimage\",\"url\":\"https:\/\/brasilnoticias.org\/site\/wp-content\/uploads\/2026\/02\/177163saiba-quem-tem-direito-ao-gas-do-povo-aprovado-pela-camara-3.jpg\",\"contentUrl\":\"https:\/\/brasilnoticias.org\/site\/wp-content\/uploads\/2026\/02\/177163saiba-quem-tem-direito-ao-gas-do-povo-aprovado-pela-camara-3.jpg\",\"width\":1600,\"height\":752},{\"@type\":\"BreadcrumbList\",\"@id\":\"https:\/\/brasilnoticias.org\/site\/entenda-quem-tem-direito-ao-gas-do-povo-aprovado-pela-camara\/#breadcrumb\",\"itemListElement\":[{\"@type\":\"ListItem\",\"position\":1,\"name\":\"In\u00edcio\",\"item\":\"https:\/\/brasilnoticias.org\/site\/\"},{\"@type\":\"ListItem\",\"position\":2,\"name\":\"Entenda quem tem direito ao \u201cG\u00e1s do Povo\u201d aprovado pela C\u00e2mara\"}]},{\"@type\":\"WebSite\",\"@id\":\"https:\/\/brasilnoticias.org\/site\/#website\",\"url\":\"https:\/\/brasilnoticias.org\/site\/\",\"name\":\"Brasil not\u00edcias\",\"description\":\"Brasil not\u00edcias\",\"publisher\":{\"@id\":\"https:\/\/brasilnoticias.org\/site\/#organization\"},\"potentialAction\":[{\"@type\":\"SearchAction\",\"target\":{\"@type\":\"EntryPoint\",\"urlTemplate\":\"https:\/\/brasilnoticias.org\/site\/?s={search_term_string}\"},\"query-input\":{\"@type\":\"PropertyValueSpecification\",\"valueRequired\":true,\"valueName\":\"search_term_string\"}}],\"inLanguage\":\"pt-PT\"},{\"@type\":\"Organization\",\"@id\":\"https:\/\/brasilnoticias.org\/site\/#organization\",\"name\":\"Brasil not\u00edcias\",\"url\":\"https:\/\/brasilnoticias.org\/site\/\",\"logo\":{\"@type\":\"ImageObject\",\"inLanguage\":\"pt-PT\",\"@id\":\"https:\/\/brasilnoticias.org\/site\/#\/schema\/logo\/image\/\",\"url\":\"https:\/\/brasilnoticias.org\/site\/wp-content\/uploads\/2022\/05\/cropped-brasilnoticias-mini.jpg\",\"contentUrl\":\"https:\/\/brasilnoticias.org\/site\/wp-content\/uploads\/2022\/05\/cropped-brasilnoticias-mini.jpg\",\"width\":314,\"height\":86,\"caption\":\"Brasil not\u00edcias\"},\"image\":{\"@id\":\"https:\/\/brasilnoticias.org\/site\/#\/schema\/logo\/image\/\"}},{\"@type\":\"Person\",\"@id\":\"https:\/\/brasilnoticias.org\/site\/#\/schema\/person\/03bbbfe6c7634ad18c26444ea39049fa\",\"name\":\"Reda\u00e7\u00e3o\",\"image\":{\"@type\":\"ImageObject\",\"inLanguage\":\"pt-PT\",\"@id\":\"https:\/\/brasilnoticias.org\/site\/#\/schema\/person\/image\/\",\"url\":\"https:\/\/secure.gravatar.com\/avatar\/9ecaf7327a696cb23ad926fedded5f1f04d7049de9e445375d55b48c001a6e42?s=96&d=mm&r=g\",\"contentUrl\":\"https:\/\/secure.gravatar.com\/avatar\/9ecaf7327a696cb23ad926fedded5f1f04d7049de9e445375d55b48c001a6e42?s=96&d=mm&r=g\",\"caption\":\"Reda\u00e7\u00e3o\"},\"url\":\"https:\/\/brasilnoticias.org\/site\/author\/henrique\/\"}]}<\/script>\n<!-- \/ Yoast SEO plugin. -->","yoast_head_json":{"title":"Entenda quem tem direito ao \u201cG\u00e1s do Povo\u201d aprovado pela C\u00e2mara - Brasil not\u00edcias","robots":{"index":"index","follow":"follow","max-snippet":"max-snippet:-1","max-image-preview":"max-image-preview:large","max-video-preview":"max-video-preview:-1"},"canonical":"https:\/\/brasilnoticias.org\/site\/entenda-quem-tem-direito-ao-gas-do-povo-aprovado-pela-camara\/","og_locale":"pt_PT","og_type":"article","og_title":"Entenda quem tem direito ao \u201cG\u00e1s do Povo\u201d aprovado pela C\u00e2mara - Brasil not\u00edcias","og_description":"A C\u00e2mara dos Deputados aprovou um projeto que cria o programa chamado \u201cG\u00e1s do Povo\u201d, com o objetivo de oferecer","og_url":"https:\/\/brasilnoticias.org\/site\/entenda-quem-tem-direito-ao-gas-do-povo-aprovado-pela-camara\/","og_site_name":"Brasil not\u00edcias","article_published_time":"2026-02-03T11:52:20+00:00","og_image":[{"width":1600,"height":752,"url":"https:\/\/brasilnoticias.org\/site\/wp-content\/uploads\/2026\/02\/177163saiba-quem-tem-direito-ao-gas-do-povo-aprovado-pela-camara-3.jpg","type":"image\/jpeg"}],"author":"Reda\u00e7\u00e3o","twitter_card":"summary_large_image","twitter_misc":{"Escrito por":"Reda\u00e7\u00e3o","Tempo estimado de leitura":"1 minuto"},"schema":{"@context":"https:\/\/schema.org","@graph":[{"@type":"Article","@id":"https:\/\/brasilnoticias.org\/site\/entenda-quem-tem-direito-ao-gas-do-povo-aprovado-pela-camara\/#article","isPartOf":{"@id":"https:\/\/brasilnoticias.org\/site\/entenda-quem-tem-direito-ao-gas-do-povo-aprovado-pela-camara\/"},"author":{"name":"Reda\u00e7\u00e3o","@id":"https:\/\/brasilnoticias.org\/site\/#\/schema\/person\/03bbbfe6c7634ad18c26444ea39049fa"},"headline":"Entenda quem tem direito ao \u201cG\u00e1s do Povo\u201d aprovado pela C\u00e2mara","datePublished":"2026-02-03T11:52:20+00:00","mainEntityOfPage":{"@id":"https:\/\/brasilnoticias.org\/site\/entenda-quem-tem-direito-ao-gas-do-povo-aprovado-pela-camara\/"},"wordCount":188,"commentCount":0,"publisher":{"@id":"https:\/\/brasilnoticias.org\/site\/#organization"},"image":{"@id":"https:\/\/brasilnoticias.org\/site\/entenda-quem-tem-direito-ao-gas-do-povo-aprovado-pela-camara\/#primaryimage"},"thumbnailUrl":"https:\/\/brasilnoticias.org\/site\/wp-content\/uploads\/2026\/02\/177163saiba-quem-tem-direito-ao-gas-do-povo-aprovado-pela-camara-3.jpg","articleSection":["Not\u00edcias","\u00daltimas"],"inLanguage":"pt-PT","potentialAction":[{"@type":"CommentAction","name":"Comment","target":["https:\/\/brasilnoticias.org\/site\/entenda-quem-tem-direito-ao-gas-do-povo-aprovado-pela-camara\/#respond"]}]},{"@type":"WebPage","@id":"https:\/\/brasilnoticias.org\/site\/entenda-quem-tem-direito-ao-gas-do-povo-aprovado-pela-camara\/","url":"https:\/\/brasilnoticias.org\/site\/entenda-quem-tem-direito-ao-gas-do-povo-aprovado-pela-camara\/","name":"Entenda quem tem direito ao \u201cG\u00e1s do Povo\u201d aprovado pela C\u00e2mara - Brasil not\u00edcias","isPartOf":{"@id":"https:\/\/brasilnoticias.org\/site\/#website"},"primaryImageOfPage":{"@id":"https:\/\/brasilnoticias.org\/site\/entenda-quem-tem-direito-ao-gas-do-povo-aprovado-pela-camara\/#primaryimage"},"image":{"@id":"https:\/\/brasilnoticias.org\/site\/entenda-quem-tem-direito-ao-gas-do-povo-aprovado-pela-camara\/#primaryimage"},"thumbnailUrl":"https:\/\/brasilnoticias.org\/site\/wp-content\/uploads\/2026\/02\/177163saiba-quem-tem-direito-ao-gas-do-povo-aprovado-pela-camara-3.jpg","datePublished":"2026-02-03T11:52:20+00:00","breadcrumb":{"@id":"https:\/\/brasilnoticias.org\/site\/entenda-quem-tem-direito-ao-gas-do-povo-aprovado-pela-camara\/#breadcrumb"},"inLanguage":"pt-PT","potentialAction":[{"@type":"ReadAction","target":["https:\/\/brasilnoticias.org\/site\/entenda-quem-tem-direito-ao-gas-do-povo-aprovado-pela-camara\/"]}]},{"@type":"ImageObject","inLanguage":"pt-PT","@id":"https:\/\/brasilnoticias.org\/site\/entenda-quem-tem-direito-ao-gas-do-povo-aprovado-pela-camara\/#primaryimage","url":"https:\/\/brasilnoticias.org\/site\/wp-content\/uploads\/2026\/02\/177163saiba-quem-tem-direito-ao-gas-do-povo-aprovado-pela-camara-3.jpg","contentUrl":"https:\/\/brasilnoticias.org\/site\/wp-content\/uploads\/2026\/02\/177163saiba-quem-tem-direito-ao-gas-do-povo-aprovado-pela-camara-3.jpg","width":1600,"height":752},{"@type":"BreadcrumbList","@id":"https:\/\/brasilnoticias.org\/site\/entenda-quem-tem-direito-ao-gas-do-povo-aprovado-pela-camara\/#breadcrumb","itemListElement":[{"@type":"ListItem","position":1,"name":"In\u00edcio","item":"https:\/\/brasilnoticias.org\/site\/"},{"@type":"ListItem","position":2,"name":"Entenda quem tem direito ao \u201cG\u00e1s do Povo\u201d aprovado pela C\u00e2mara"}]},{"@type":"WebSite","@id":"https:\/\/brasilnoticias.org\/site\/#website","url":"https:\/\/brasilnoticias.org\/site\/","name":"Brasil not\u00edcias","description":"Brasil not\u00edcias","publisher":{"@id":"https:\/\/brasilnoticias.org\/site\/#organization"},"potentialAction":[{"@type":"SearchAction","target":{"@type":"EntryPoint","urlTemplate":"https:\/\/brasilnoticias.org\/site\/?s={search_term_string}"},"query-input":{"@type":"PropertyValueSpecification","valueRequired":true,"valueName":"search_term_string"}}],"inLanguage":"pt-PT"},{"@type":"Organization","@id":"https:\/\/brasilnoticias.org\/site\/#organization","name":"Brasil not\u00edcias","url":"https:\/\/brasilnoticias.org\/site\/","logo":{"@type":"ImageObject","inLanguage":"pt-PT","@id":"https:\/\/brasilnoticias.org\/site\/#\/schema\/logo\/image\/","url":"https:\/\/brasilnoticias.org\/site\/wp-content\/uploads\/2022\/05\/cropped-brasilnoticias-mini.jpg","contentUrl":"https:\/\/brasilnoticias.org\/site\/wp-content\/uploads\/2022\/05\/cropped-brasilnoticias-mini.jpg","width":314,"height":86,"caption":"Brasil not\u00edcias"},"image":{"@id":"https:\/\/brasilnoticias.org\/site\/#\/schema\/logo\/image\/"}},{"@type":"Person","@id":"https:\/\/brasilnoticias.org\/site\/#\/schema\/person\/03bbbfe6c7634ad18c26444ea39049fa","name":"Reda\u00e7\u00e3o","image":{"@type":"ImageObject","inLanguage":"pt-PT","@id":"https:\/\/brasilnoticias.org\/site\/#\/schema\/person\/image\/","url":"https:\/\/secure.gravatar.com\/avatar\/9ecaf7327a696cb23ad926fedded5f1f04d7049de9e445375d55b48c001a6e42?s=96&d=mm&r=g","contentUrl":"https:\/\/secure.gravatar.com\/avatar\/9ecaf7327a696cb23ad926fedded5f1f04d7049de9e445375d55b48c001a6e42?s=96&d=mm&r=g","caption":"Reda\u00e7\u00e3o"},"url":"https:\/\/brasilnoticias.org\/site\/author\/henrique\/"}]}},"_links":{"self":[{"href":"https:\/\/brasilnoticias.org\/site\/wp-json\/wp\/v2\/posts\/20115","targetHints":{"allow":["GET"]}}],"collection":[{"href":"https:\/\/brasilnoticias.org\/site\/wp-json\/wp\/v2\/posts"}],"about":[{"href":"https:\/\/brasilnoticias.org\/site\/wp-json\/wp\/v2\/types\/post"}],"author":[{"embeddable":true,"href":"https:\/\/brasilnoticias.org\/site\/wp-json\/wp\/v2\/users\/4"}],"replies":[{"embeddable":true,"href":"https:\/\/brasilnoticias.org\/site\/wp-json\/wp\/v2\/comments?post=20115"}],"version-history":[{"count":1,"href":"https:\/\/brasilnoticias.org\/site\/wp-json\/wp\/v2\/posts\/20115\/revisions"}],"predecessor-version":[{"id":20117,"href":"https:\/\/brasilnoticias.org\/site\/wp-json\/wp\/v2\/posts\/20115\/revisions\/20117"}],"wp:featuredmedia":[{"embeddable":true,"href":"https:\/\/brasilnoticias.org\/site\/wp-json\/wp\/v2\/media\/20116"}],"wp:attachment":[{"href":"https:\/\/brasilnoticias.org\/site\/wp-json\/wp\/v2\/media?parent=20115"}],"wp:term":[{"taxonomy":"category","embeddable":true,"href":"https:\/\/brasilnoticias.org\/site\/wp-json\/wp\/v2\/categories?post=20115"},{"taxonomy":"post_tag","embeddable":true,"href":"https:\/\/brasilnoticias.org\/site\/wp-json\/wp\/v2\/tags?post=20115"}],"curies":[{"name":"wp","href":"https:\/\/api.w.org\/{rel}","templated":true}]}}