{"id":20121,"date":"2026-02-03T08:59:02","date_gmt":"2026-02-03T11:59:02","guid":{"rendered":"https:\/\/brasilnoticias.org\/site\/?p=20121"},"modified":"2026-02-03T08:59:02","modified_gmt":"2026-02-03T11:59:02","slug":"nelson-leal-confirma-vice-do-republicanos-na-chapa-de-acm-neto-e-admite-tentativa-do-grupo-de-atrair-ze-ronaldo","status":"publish","type":"post","link":"https:\/\/brasilnoticias.org\/site\/nelson-leal-confirma-vice-do-republicanos-na-chapa-de-acm-neto-e-admite-tentativa-do-grupo-de-atrair-ze-ronaldo\/","title":{"rendered":"Nelson Leal confirma vice do Republicanos na chapa de ACM Neto e admite tentativa do grupo de atrair Z\u00e9 Ronaldo"},"content":{"rendered":"<p>Um dos coordenadores da campanha de ACM Neto (Uni\u00e3o Brasil), o deputado estadual Nelson Leal (PP) confirmou, em entrevista \u00e0 CBN Salvador, que a vaga de vice-governador na chapa oposicionista est\u00e1 reservada ao Republicanos e que o grupo trabalha para atrair o prefeito de Feira de Santana, Jos\u00e9 Ronaldo de Carvalho, hoje no Uni\u00e3o Brasil, para ocupar o posto.<\/p>\n<p>Sem cravar oficialmente o nome, Leal deixou claro que a constru\u00e7\u00e3o passa pela sigla ligada \u00e0 Igreja Universal e que o di\u00e1logo com o gestor feirense \u00e9 permanente: \u201cN\u00f3s estamos ouvindo todos os partidos. A decis\u00e3o ser\u00e1 democr\u00e1tica e ningu\u00e9m vai sair arranhado.\u201d <\/p>\n<p>Ao ser questionado diretamente se a vice caberia ao Republicanos, respondeu: \u201cOs partidos est\u00e3o discutindo. Tenho certeza absoluta que todos ser\u00e3o contemplados.\u201d <\/p>\n<p>Nos bastidores da oposi\u00e7\u00e3o, a engenharia pol\u00edtica prev\u00ea que, caso aceite o convite, Z\u00e9 Ronaldo se filie ao Republicanos para viabilizar a composi\u00e7\u00e3o.<\/p>\n<p>Indagado sobre a avalia\u00e7\u00e3o da gest\u00e3o do prefeito de Feira, Leal foi direto: \u201cUma lideran\u00e7a que est\u00e1 no quinto mandato em uma cidade do tamanho de Feira de Santana n\u00e3o pode ter outra nota que n\u00e3o seja 10.\u201d <\/p>\n<p>O n\u00famero 10 \u00e9 justamente o do Republicanos.<\/p>\n<p>Chapa at\u00e9 mar\u00e7o<\/p>\n<p>O deputado garantiu que a defini\u00e7\u00e3o da majorit\u00e1ria tem prazo. \u201cAt\u00e9 30 de mar\u00e7o nossa chapa vai estar pronta. Isso eu garanto\u201d, assegurou.<\/p>\n<p>Segundo ele, o grupo quer evitar imposi\u00e7\u00f5es e repetir o modelo que critica no PT. \u201cN\u00f3s n\u00e3o vamos fazer panelinha. Todo mundo vai ser ouvido\u201d, comparou.<\/p>\n<p>Coronel \u00e9 \u201cpe\u00e7a essencial\u201d<\/p>\n<p>Leal tamb\u00e9m comentou a sa\u00edda do senador \u00c2ngelo Coronel do PSD e da base governista e classificou o parlamentar como refor\u00e7o estrat\u00e9gico para a oposi\u00e7\u00e3o.<\/p>\n<p>\u201cFoi tra\u00eddo e abandonado depois de tantos servi\u00e7os prestados\u201d, disse, ao completar: \u201cSe concretizar a ida, \u00e9 uma pe\u00e7a essencial nesse processo. Um senador municipalista, combativo, que leva recursos para os munic\u00edpios.\u201d<\/p>\n<p>PSD deve encolher<\/p>\n<p>Ao analisar o cen\u00e1rio eleitoral, Leal fez uma proje\u00e7\u00e3o de perda de for\u00e7a do PSD sem a candidatura majorit\u00e1ria.<\/p>\n<p>Na avalia\u00e7\u00e3o do progressista, o partido tende a reduzir bancadas. \u201cEm n\u00edvel federal deve fazer tr\u00eas ou quatro. Em n\u00edvel estadual, cinco ou seis\u201d, estimou.<\/p>\n<p>A sigla comandada na Bahia pelo senador Otto Alencar atualmente possui nove cadeiras na Assembleia Legislativa e seis na C\u00e2mara dos Deputados.<\/p>\n<p>Base fechada<\/p>\n<p>O coordenador ainda listou os partidos que j\u00e1 est\u00e3o alinhados ao projeto de Neto: Uni\u00e3o Brasil\/Progressistas, PL, PSDB, Republicanos e Cidadania. \u201cTodos est\u00e3o na mesa. A chapa ser\u00e1 constru\u00edda com di\u00e1logo\u201d, acrescentou Nelson Leal.<\/p>\n<p>Com a vice encaminhada ao Republicanos, o nome de Z\u00e9 Ronaldo desponta como favorito \u2014 e pode ser a pr\u00f3xima pe\u00e7a a se movimentar no tabuleiro.<\/p>\n<p>Foto: Evil\u00e1sio J\u00fanior<br \/>\nFonte: <a href=\"https:\/\/www.blogdovila.com.br\/noticia\/leal-desenho\">Blog do Vila<\/a><\/p>\n","protected":false},"excerpt":{"rendered":"<p>Um dos coordenadores da campanha de ACM Neto (Uni\u00e3o Brasil), o deputado estadual Nelson Leal (PP) confirmou, em entrevista \u00e0<\/p>\n","protected":false},"author":4,"featured_media":20122,"comment_status":"open","ping_status":"open","sticky":false,"template":"","format":"standard","meta":{"colormag_page_container_layout":"default_layout","colormag_page_sidebar_layout":"default_layout","_FSMCFIC_featured_image_caption":"","_FSMCFIC_featured_image_nocaption":"","_FSMCFIC_featured_image_hide":"","footnotes":""},"categories":[5,1],"tags":[],"class_list":["post-20121","post","type-post","status-publish","format-standard","has-post-thumbnail","hentry","category-politica","category-ultimas"],"yoast_head":"<!-- This site is optimized with the Yoast SEO plugin v27.1.1 - https:\/\/yoast.com\/product\/yoast-seo-wordpress\/ -->\n<title>Nelson Leal confirma vice do Republicanos na chapa de ACM Neto e admite tentativa do grupo de atrair Z\u00e9 Ronaldo - Brasil not\u00edcias<\/title>\n<meta name=\"robots\" content=\"index, follow, max-snippet:-1, max-image-preview:large, max-video-preview:-1\" \/>\n<link rel=\"canonical\" href=\"https:\/\/brasilnoticias.org\/site\/nelson-leal-confirma-vice-do-republicanos-na-chapa-de-acm-neto-e-admite-tentativa-do-grupo-de-atrair-ze-ronaldo\/\" \/>\n<meta property=\"og:locale\" content=\"pt_PT\" \/>\n<meta property=\"og:type\" content=\"article\" \/>\n<meta property=\"og:title\" content=\"Nelson Leal confirma vice do Republicanos na chapa de ACM Neto e admite tentativa do grupo de atrair Z\u00e9 Ronaldo - Brasil not\u00edcias\" \/>\n<meta property=\"og:description\" content=\"Um dos coordenadores da campanha de ACM Neto (Uni\u00e3o Brasil), o deputado estadual Nelson Leal (PP) confirmou, em entrevista \u00e0\" \/>\n<meta property=\"og:url\" content=\"https:\/\/brasilnoticias.org\/site\/nelson-leal-confirma-vice-do-republicanos-na-chapa-de-acm-neto-e-admite-tentativa-do-grupo-de-atrair-ze-ronaldo\/\" \/>\n<meta property=\"og:site_name\" content=\"Brasil not\u00edcias\" \/>\n<meta property=\"article:published_time\" content=\"2026-02-03T11:59:02+00:00\" \/>\n<meta property=\"og:image\" content=\"https:\/\/brasilnoticias.org\/site\/wp-content\/uploads\/2026\/02\/WhatsApp-Image-2026-02-02-at-18.28.46-1.jpeg\" \/>\n\t<meta property=\"og:image:width\" content=\"1280\" \/>\n\t<meta property=\"og:image:height\" content=\"720\" \/>\n\t<meta property=\"og:image:type\" content=\"image\/jpeg\" \/>\n<meta name=\"author\" content=\"Reda\u00e7\u00e3o\" \/>\n<meta name=\"twitter:card\" content=\"summary_large_image\" \/>\n<meta name=\"twitter:label1\" content=\"Escrito por\" \/>\n\t<meta name=\"twitter:data1\" content=\"Reda\u00e7\u00e3o\" \/>\n\t<meta name=\"twitter:label2\" content=\"Tempo estimado de leitura\" \/>\n\t<meta name=\"twitter:data2\" content=\"1 minuto\" \/>\n<script type=\"application\/ld+json\" class=\"yoast-schema-graph\">{\"@context\":\"https:\/\/schema.org\",\"@graph\":[{\"@type\":\"Article\",\"@id\":\"https:\/\/brasilnoticias.org\/site\/nelson-leal-confirma-vice-do-republicanos-na-chapa-de-acm-neto-e-admite-tentativa-do-grupo-de-atrair-ze-ronaldo\/#article\",\"isPartOf\":{\"@id\":\"https:\/\/brasilnoticias.org\/site\/nelson-leal-confirma-vice-do-republicanos-na-chapa-de-acm-neto-e-admite-tentativa-do-grupo-de-atrair-ze-ronaldo\/\"},\"author\":{\"name\":\"Reda\u00e7\u00e3o\",\"@id\":\"https:\/\/brasilnoticias.org\/site\/#\/schema\/person\/03bbbfe6c7634ad18c26444ea39049fa\"},\"headline\":\"Nelson Leal confirma vice do Republicanos na chapa de ACM Neto e admite tentativa do grupo de atrair Z\u00e9 Ronaldo\",\"datePublished\":\"2026-02-03T11:59:02+00:00\",\"mainEntityOfPage\":{\"@id\":\"https:\/\/brasilnoticias.org\/site\/nelson-leal-confirma-vice-do-republicanos-na-chapa-de-acm-neto-e-admite-tentativa-do-grupo-de-atrair-ze-ronaldo\/\"},\"wordCount\":509,\"commentCount\":0,\"publisher\":{\"@id\":\"https:\/\/brasilnoticias.org\/site\/#organization\"},\"image\":{\"@id\":\"https:\/\/brasilnoticias.org\/site\/nelson-leal-confirma-vice-do-republicanos-na-chapa-de-acm-neto-e-admite-tentativa-do-grupo-de-atrair-ze-ronaldo\/#primaryimage\"},\"thumbnailUrl\":\"https:\/\/brasilnoticias.org\/site\/wp-content\/uploads\/2026\/02\/WhatsApp-Image-2026-02-02-at-18.28.46-1.jpeg\",\"articleSection\":[\"Pol\u00edtica\",\"\u00daltimas\"],\"inLanguage\":\"pt-PT\",\"potentialAction\":[{\"@type\":\"CommentAction\",\"name\":\"Comment\",\"target\":[\"https:\/\/brasilnoticias.org\/site\/nelson-leal-confirma-vice-do-republicanos-na-chapa-de-acm-neto-e-admite-tentativa-do-grupo-de-atrair-ze-ronaldo\/#respond\"]}]},{\"@type\":\"WebPage\",\"@id\":\"https:\/\/brasilnoticias.org\/site\/nelson-leal-confirma-vice-do-republicanos-na-chapa-de-acm-neto-e-admite-tentativa-do-grupo-de-atrair-ze-ronaldo\/\",\"url\":\"https:\/\/brasilnoticias.org\/site\/nelson-leal-confirma-vice-do-republicanos-na-chapa-de-acm-neto-e-admite-tentativa-do-grupo-de-atrair-ze-ronaldo\/\",\"name\":\"Nelson Leal confirma vice do Republicanos na chapa de ACM Neto e admite tentativa do grupo de atrair Z\u00e9 Ronaldo - Brasil not\u00edcias\",\"isPartOf\":{\"@id\":\"https:\/\/brasilnoticias.org\/site\/#website\"},\"primaryImageOfPage\":{\"@id\":\"https:\/\/brasilnoticias.org\/site\/nelson-leal-confirma-vice-do-republicanos-na-chapa-de-acm-neto-e-admite-tentativa-do-grupo-de-atrair-ze-ronaldo\/#primaryimage\"},\"image\":{\"@id\":\"https:\/\/brasilnoticias.org\/site\/nelson-leal-confirma-vice-do-republicanos-na-chapa-de-acm-neto-e-admite-tentativa-do-grupo-de-atrair-ze-ronaldo\/#primaryimage\"},\"thumbnailUrl\":\"https:\/\/brasilnoticias.org\/site\/wp-content\/uploads\/2026\/02\/WhatsApp-Image-2026-02-02-at-18.28.46-1.jpeg\",\"datePublished\":\"2026-02-03T11:59:02+00:00\",\"breadcrumb\":{\"@id\":\"https:\/\/brasilnoticias.org\/site\/nelson-leal-confirma-vice-do-republicanos-na-chapa-de-acm-neto-e-admite-tentativa-do-grupo-de-atrair-ze-ronaldo\/#breadcrumb\"},\"inLanguage\":\"pt-PT\",\"potentialAction\":[{\"@type\":\"ReadAction\",\"target\":[\"https:\/\/brasilnoticias.org\/site\/nelson-leal-confirma-vice-do-republicanos-na-chapa-de-acm-neto-e-admite-tentativa-do-grupo-de-atrair-ze-ronaldo\/\"]}]},{\"@type\":\"ImageObject\",\"inLanguage\":\"pt-PT\",\"@id\":\"https:\/\/brasilnoticias.org\/site\/nelson-leal-confirma-vice-do-republicanos-na-chapa-de-acm-neto-e-admite-tentativa-do-grupo-de-atrair-ze-ronaldo\/#primaryimage\",\"url\":\"https:\/\/brasilnoticias.org\/site\/wp-content\/uploads\/2026\/02\/WhatsApp-Image-2026-02-02-at-18.28.46-1.jpeg\",\"contentUrl\":\"https:\/\/brasilnoticias.org\/site\/wp-content\/uploads\/2026\/02\/WhatsApp-Image-2026-02-02-at-18.28.46-1.jpeg\",\"width\":1280,\"height\":720},{\"@type\":\"BreadcrumbList\",\"@id\":\"https:\/\/brasilnoticias.org\/site\/nelson-leal-confirma-vice-do-republicanos-na-chapa-de-acm-neto-e-admite-tentativa-do-grupo-de-atrair-ze-ronaldo\/#breadcrumb\",\"itemListElement\":[{\"@type\":\"ListItem\",\"position\":1,\"name\":\"In\u00edcio\",\"item\":\"https:\/\/brasilnoticias.org\/site\/\"},{\"@type\":\"ListItem\",\"position\":2,\"name\":\"Nelson Leal confirma vice do Republicanos na chapa de ACM Neto e admite tentativa do grupo de atrair Z\u00e9 Ronaldo\"}]},{\"@type\":\"WebSite\",\"@id\":\"https:\/\/brasilnoticias.org\/site\/#website\",\"url\":\"https:\/\/brasilnoticias.org\/site\/\",\"name\":\"Brasil not\u00edcias\",\"description\":\"Brasil not\u00edcias\",\"publisher\":{\"@id\":\"https:\/\/brasilnoticias.org\/site\/#organization\"},\"potentialAction\":[{\"@type\":\"SearchAction\",\"target\":{\"@type\":\"EntryPoint\",\"urlTemplate\":\"https:\/\/brasilnoticias.org\/site\/?s={search_term_string}\"},\"query-input\":{\"@type\":\"PropertyValueSpecification\",\"valueRequired\":true,\"valueName\":\"search_term_string\"}}],\"inLanguage\":\"pt-PT\"},{\"@type\":\"Organization\",\"@id\":\"https:\/\/brasilnoticias.org\/site\/#organization\",\"name\":\"Brasil not\u00edcias\",\"url\":\"https:\/\/brasilnoticias.org\/site\/\",\"logo\":{\"@type\":\"ImageObject\",\"inLanguage\":\"pt-PT\",\"@id\":\"https:\/\/brasilnoticias.org\/site\/#\/schema\/logo\/image\/\",\"url\":\"https:\/\/brasilnoticias.org\/site\/wp-content\/uploads\/2022\/05\/cropped-brasilnoticias-mini.jpg\",\"contentUrl\":\"https:\/\/brasilnoticias.org\/site\/wp-content\/uploads\/2022\/05\/cropped-brasilnoticias-mini.jpg\",\"width\":314,\"height\":86,\"caption\":\"Brasil not\u00edcias\"},\"image\":{\"@id\":\"https:\/\/brasilnoticias.org\/site\/#\/schema\/logo\/image\/\"}},{\"@type\":\"Person\",\"@id\":\"https:\/\/brasilnoticias.org\/site\/#\/schema\/person\/03bbbfe6c7634ad18c26444ea39049fa\",\"name\":\"Reda\u00e7\u00e3o\",\"image\":{\"@type\":\"ImageObject\",\"inLanguage\":\"pt-PT\",\"@id\":\"https:\/\/brasilnoticias.org\/site\/#\/schema\/person\/image\/\",\"url\":\"https:\/\/secure.gravatar.com\/avatar\/9ecaf7327a696cb23ad926fedded5f1f04d7049de9e445375d55b48c001a6e42?s=96&d=mm&r=g\",\"contentUrl\":\"https:\/\/secure.gravatar.com\/avatar\/9ecaf7327a696cb23ad926fedded5f1f04d7049de9e445375d55b48c001a6e42?s=96&d=mm&r=g\",\"caption\":\"Reda\u00e7\u00e3o\"},\"url\":\"https:\/\/brasilnoticias.org\/site\/author\/henrique\/\"}]}<\/script>\n<!-- \/ Yoast SEO plugin. -->","yoast_head_json":{"title":"Nelson Leal confirma vice do Republicanos na chapa de ACM Neto e admite tentativa do grupo de atrair Z\u00e9 Ronaldo - Brasil not\u00edcias","robots":{"index":"index","follow":"follow","max-snippet":"max-snippet:-1","max-image-preview":"max-image-preview:large","max-video-preview":"max-video-preview:-1"},"canonical":"https:\/\/brasilnoticias.org\/site\/nelson-leal-confirma-vice-do-republicanos-na-chapa-de-acm-neto-e-admite-tentativa-do-grupo-de-atrair-ze-ronaldo\/","og_locale":"pt_PT","og_type":"article","og_title":"Nelson Leal confirma vice do Republicanos na chapa de ACM Neto e admite tentativa do grupo de atrair Z\u00e9 Ronaldo - Brasil not\u00edcias","og_description":"Um dos coordenadores da campanha de ACM Neto (Uni\u00e3o Brasil), o deputado estadual Nelson Leal (PP) confirmou, em entrevista \u00e0","og_url":"https:\/\/brasilnoticias.org\/site\/nelson-leal-confirma-vice-do-republicanos-na-chapa-de-acm-neto-e-admite-tentativa-do-grupo-de-atrair-ze-ronaldo\/","og_site_name":"Brasil not\u00edcias","article_published_time":"2026-02-03T11:59:02+00:00","og_image":[{"width":1280,"height":720,"url":"https:\/\/brasilnoticias.org\/site\/wp-content\/uploads\/2026\/02\/WhatsApp-Image-2026-02-02-at-18.28.46-1.jpeg","type":"image\/jpeg"}],"author":"Reda\u00e7\u00e3o","twitter_card":"summary_large_image","twitter_misc":{"Escrito por":"Reda\u00e7\u00e3o","Tempo estimado de leitura":"1 minuto"},"schema":{"@context":"https:\/\/schema.org","@graph":[{"@type":"Article","@id":"https:\/\/brasilnoticias.org\/site\/nelson-leal-confirma-vice-do-republicanos-na-chapa-de-acm-neto-e-admite-tentativa-do-grupo-de-atrair-ze-ronaldo\/#article","isPartOf":{"@id":"https:\/\/brasilnoticias.org\/site\/nelson-leal-confirma-vice-do-republicanos-na-chapa-de-acm-neto-e-admite-tentativa-do-grupo-de-atrair-ze-ronaldo\/"},"author":{"name":"Reda\u00e7\u00e3o","@id":"https:\/\/brasilnoticias.org\/site\/#\/schema\/person\/03bbbfe6c7634ad18c26444ea39049fa"},"headline":"Nelson Leal confirma vice do Republicanos na chapa de ACM Neto e admite tentativa do grupo de atrair Z\u00e9 Ronaldo","datePublished":"2026-02-03T11:59:02+00:00","mainEntityOfPage":{"@id":"https:\/\/brasilnoticias.org\/site\/nelson-leal-confirma-vice-do-republicanos-na-chapa-de-acm-neto-e-admite-tentativa-do-grupo-de-atrair-ze-ronaldo\/"},"wordCount":509,"commentCount":0,"publisher":{"@id":"https:\/\/brasilnoticias.org\/site\/#organization"},"image":{"@id":"https:\/\/brasilnoticias.org\/site\/nelson-leal-confirma-vice-do-republicanos-na-chapa-de-acm-neto-e-admite-tentativa-do-grupo-de-atrair-ze-ronaldo\/#primaryimage"},"thumbnailUrl":"https:\/\/brasilnoticias.org\/site\/wp-content\/uploads\/2026\/02\/WhatsApp-Image-2026-02-02-at-18.28.46-1.jpeg","articleSection":["Pol\u00edtica","\u00daltimas"],"inLanguage":"pt-PT","potentialAction":[{"@type":"CommentAction","name":"Comment","target":["https:\/\/brasilnoticias.org\/site\/nelson-leal-confirma-vice-do-republicanos-na-chapa-de-acm-neto-e-admite-tentativa-do-grupo-de-atrair-ze-ronaldo\/#respond"]}]},{"@type":"WebPage","@id":"https:\/\/brasilnoticias.org\/site\/nelson-leal-confirma-vice-do-republicanos-na-chapa-de-acm-neto-e-admite-tentativa-do-grupo-de-atrair-ze-ronaldo\/","url":"https:\/\/brasilnoticias.org\/site\/nelson-leal-confirma-vice-do-republicanos-na-chapa-de-acm-neto-e-admite-tentativa-do-grupo-de-atrair-ze-ronaldo\/","name":"Nelson Leal confirma vice do Republicanos na chapa de ACM Neto e admite tentativa do grupo de atrair Z\u00e9 Ronaldo - Brasil not\u00edcias","isPartOf":{"@id":"https:\/\/brasilnoticias.org\/site\/#website"},"primaryImageOfPage":{"@id":"https:\/\/brasilnoticias.org\/site\/nelson-leal-confirma-vice-do-republicanos-na-chapa-de-acm-neto-e-admite-tentativa-do-grupo-de-atrair-ze-ronaldo\/#primaryimage"},"image":{"@id":"https:\/\/brasilnoticias.org\/site\/nelson-leal-confirma-vice-do-republicanos-na-chapa-de-acm-neto-e-admite-tentativa-do-grupo-de-atrair-ze-ronaldo\/#primaryimage"},"thumbnailUrl":"https:\/\/brasilnoticias.org\/site\/wp-content\/uploads\/2026\/02\/WhatsApp-Image-2026-02-02-at-18.28.46-1.jpeg","datePublished":"2026-02-03T11:59:02+00:00","breadcrumb":{"@id":"https:\/\/brasilnoticias.org\/site\/nelson-leal-confirma-vice-do-republicanos-na-chapa-de-acm-neto-e-admite-tentativa-do-grupo-de-atrair-ze-ronaldo\/#breadcrumb"},"inLanguage":"pt-PT","potentialAction":[{"@type":"ReadAction","target":["https:\/\/brasilnoticias.org\/site\/nelson-leal-confirma-vice-do-republicanos-na-chapa-de-acm-neto-e-admite-tentativa-do-grupo-de-atrair-ze-ronaldo\/"]}]},{"@type":"ImageObject","inLanguage":"pt-PT","@id":"https:\/\/brasilnoticias.org\/site\/nelson-leal-confirma-vice-do-republicanos-na-chapa-de-acm-neto-e-admite-tentativa-do-grupo-de-atrair-ze-ronaldo\/#primaryimage","url":"https:\/\/brasilnoticias.org\/site\/wp-content\/uploads\/2026\/02\/WhatsApp-Image-2026-02-02-at-18.28.46-1.jpeg","contentUrl":"https:\/\/brasilnoticias.org\/site\/wp-content\/uploads\/2026\/02\/WhatsApp-Image-2026-02-02-at-18.28.46-1.jpeg","width":1280,"height":720},{"@type":"BreadcrumbList","@id":"https:\/\/brasilnoticias.org\/site\/nelson-leal-confirma-vice-do-republicanos-na-chapa-de-acm-neto-e-admite-tentativa-do-grupo-de-atrair-ze-ronaldo\/#breadcrumb","itemListElement":[{"@type":"ListItem","position":1,"name":"In\u00edcio","item":"https:\/\/brasilnoticias.org\/site\/"},{"@type":"ListItem","position":2,"name":"Nelson Leal confirma vice do Republicanos na chapa de ACM Neto e admite tentativa do grupo de atrair Z\u00e9 Ronaldo"}]},{"@type":"WebSite","@id":"https:\/\/brasilnoticias.org\/site\/#website","url":"https:\/\/brasilnoticias.org\/site\/","name":"Brasil not\u00edcias","description":"Brasil not\u00edcias","publisher":{"@id":"https:\/\/brasilnoticias.org\/site\/#organization"},"potentialAction":[{"@type":"SearchAction","target":{"@type":"EntryPoint","urlTemplate":"https:\/\/brasilnoticias.org\/site\/?s={search_term_string}"},"query-input":{"@type":"PropertyValueSpecification","valueRequired":true,"valueName":"search_term_string"}}],"inLanguage":"pt-PT"},{"@type":"Organization","@id":"https:\/\/brasilnoticias.org\/site\/#organization","name":"Brasil not\u00edcias","url":"https:\/\/brasilnoticias.org\/site\/","logo":{"@type":"ImageObject","inLanguage":"pt-PT","@id":"https:\/\/brasilnoticias.org\/site\/#\/schema\/logo\/image\/","url":"https:\/\/brasilnoticias.org\/site\/wp-content\/uploads\/2022\/05\/cropped-brasilnoticias-mini.jpg","contentUrl":"https:\/\/brasilnoticias.org\/site\/wp-content\/uploads\/2022\/05\/cropped-brasilnoticias-mini.jpg","width":314,"height":86,"caption":"Brasil not\u00edcias"},"image":{"@id":"https:\/\/brasilnoticias.org\/site\/#\/schema\/logo\/image\/"}},{"@type":"Person","@id":"https:\/\/brasilnoticias.org\/site\/#\/schema\/person\/03bbbfe6c7634ad18c26444ea39049fa","name":"Reda\u00e7\u00e3o","image":{"@type":"ImageObject","inLanguage":"pt-PT","@id":"https:\/\/brasilnoticias.org\/site\/#\/schema\/person\/image\/","url":"https:\/\/secure.gravatar.com\/avatar\/9ecaf7327a696cb23ad926fedded5f1f04d7049de9e445375d55b48c001a6e42?s=96&d=mm&r=g","contentUrl":"https:\/\/secure.gravatar.com\/avatar\/9ecaf7327a696cb23ad926fedded5f1f04d7049de9e445375d55b48c001a6e42?s=96&d=mm&r=g","caption":"Reda\u00e7\u00e3o"},"url":"https:\/\/brasilnoticias.org\/site\/author\/henrique\/"}]}},"_links":{"self":[{"href":"https:\/\/brasilnoticias.org\/site\/wp-json\/wp\/v2\/posts\/20121","targetHints":{"allow":["GET"]}}],"collection":[{"href":"https:\/\/brasilnoticias.org\/site\/wp-json\/wp\/v2\/posts"}],"about":[{"href":"https:\/\/brasilnoticias.org\/site\/wp-json\/wp\/v2\/types\/post"}],"author":[{"embeddable":true,"href":"https:\/\/brasilnoticias.org\/site\/wp-json\/wp\/v2\/users\/4"}],"replies":[{"embeddable":true,"href":"https:\/\/brasilnoticias.org\/site\/wp-json\/wp\/v2\/comments?post=20121"}],"version-history":[{"count":1,"href":"https:\/\/brasilnoticias.org\/site\/wp-json\/wp\/v2\/posts\/20121\/revisions"}],"predecessor-version":[{"id":20123,"href":"https:\/\/brasilnoticias.org\/site\/wp-json\/wp\/v2\/posts\/20121\/revisions\/20123"}],"wp:featuredmedia":[{"embeddable":true,"href":"https:\/\/brasilnoticias.org\/site\/wp-json\/wp\/v2\/media\/20122"}],"wp:attachment":[{"href":"https:\/\/brasilnoticias.org\/site\/wp-json\/wp\/v2\/media?parent=20121"}],"wp:term":[{"taxonomy":"category","embeddable":true,"href":"https:\/\/brasilnoticias.org\/site\/wp-json\/wp\/v2\/categories?post=20121"},{"taxonomy":"post_tag","embeddable":true,"href":"https:\/\/brasilnoticias.org\/site\/wp-json\/wp\/v2\/tags?post=20121"}],"curies":[{"name":"wp","href":"https:\/\/api.w.org\/{rel}","templated":true}]}}