{"id":20134,"date":"2026-02-03T10:41:47","date_gmt":"2026-02-03T13:41:47","guid":{"rendered":"https:\/\/brasilnoticias.org\/site\/?p=20134"},"modified":"2026-02-03T10:41:47","modified_gmt":"2026-02-03T13:41:47","slug":"coronel-nao-descarta-acm-neto-no-psd-otto-chama-possibilidade-de-fake-news","status":"publish","type":"post","link":"https:\/\/brasilnoticias.org\/site\/coronel-nao-descarta-acm-neto-no-psd-otto-chama-possibilidade-de-fake-news\/","title":{"rendered":"Coronel n\u00e3o descarta ACM Neto no PSD; Otto chama possibilidade de &#8216;fake news&#8217;"},"content":{"rendered":"<p>Em meio \u00e0s articula\u00e7\u00f5es para deixar o PSD e disputar a reelei\u00e7\u00e3o ao Senado pela oposi\u00e7\u00e3o, o senador Angelo Coronel surpreendeu ao n\u00e3o descartar a possibilidade de o ex-prefeito ACM Neto (Uni\u00e3o Brasil) concorrer ao governo da Bahia pelo pr\u00f3prio PSD.<\/p>\n<p>A declara\u00e7\u00e3o foi dada nesta ter\u00e7a-feira (3), durante entrevista \u00e0 CBN Salvador, enquanto seguia viagem a Bras\u00edlia no mesmo voo que Neto e o deputado federal Elmar Nascimento (UB).<\/p>\n<p>Questionado sobre a hip\u00f3tese levantada nos bastidores, Coronel foi direto. \u201cEu nunca duvido de nada na pol\u00edtica. N\u00e3o descarto. O partido hoje \u00e9 muito pragm\u00e1tico.\u201d <\/p>\n<p>E completou: \u201cPode acontecer tudo nesses 30 dias. Na pol\u00edtica, ningu\u00e9m pode dizer nunca.\u201d <\/p>\n<p>Sa\u00edda do PSD em fase final<\/p>\n<p>Coronel afirmou que j\u00e1 se considera praticamente fora do PSD e que a formaliza\u00e7\u00e3o depende apenas de tr\u00e2mites burocr\u00e1ticos. Segundo ele, o processo \u00e9 mais complexo no Senado por causa da redistribui\u00e7\u00e3o de vagas em comiss\u00f5es.<\/p>\n<p>\u201cO \u00faltimo passo \u00e9 a entrada no outro partido. Quando voc\u00ea d\u00e1 entrada no TSE, automaticamente o anterior deixa de existir. Acredito que at\u00e9 o fim de fevereiro ou in\u00edcio de mar\u00e7o j\u00e1 esteja definido.\u201d, estimou.<\/p>\n<p>O senador confirmou que viaja a Bras\u00edlia justamente para resolver o futuro pol\u00edtico. \u201cEstou indo resolver minha vida partid\u00e1ria. S\u00f3 posso entrar se me quiserem\u201d, ponderou, sem revelar qual ser\u00e1 o prov\u00e1vel destino.<\/p>\n<p>Grupo pode acompanhar<\/p>\n<p>Al\u00e9m da pr\u00f3pria filia\u00e7\u00e3o, Coronel disse que outros aliados avaliam acompanh\u00e1-lo na mudan\u00e7a, mas preferem agir perto do prazo limite. \u201cTem gente que quer ir comigo, mas prefere esperar para evitar press\u00e3o e especula\u00e7\u00e3o\u201d, disse.<\/p>\n<p>Ele, por\u00e9m, evitou citar nomes e afirmou que n\u00e3o far\u00e1 \u201cincurs\u00e3o\u201d para tirar ningu\u00e9m do PSD: \u201cQuem vier, vem por livre e espont\u00e2nea vontade.\u201d <\/p>\n<p>Cr\u00edticas ao PT e m\u00e1goa com Otto<\/p>\n<p>O senador voltou a atribuir ao PT a tentativa de fomentar conflito interno com Otto Alencar. \u201cDetectei petistas conspirando para manter essa briga entre mim e Otto, para blindar o governo\u201d, apontou.<\/p>\n<p>Apesar disso, disse que n\u00e3o pretende alimentar desgaste: \u201cN\u00e3o guardo rancor. Minha hist\u00f3ria agora \u00e9 tocar pra frente.\u201d<\/p>\n<p>Prefeitos e base municipalista<\/p>\n<p>Coronel tamb\u00e9m ressaltou a capilaridade pol\u00edtica no interior e afirmou j\u00e1 ter dialogado com quase toda a Bahia. \u201cDos 417 munic\u00edpios, devo ter tido contato pessoal com cerca de 390 prefeitos\u201d, contabilizou. <\/p>\n<p>Segundo ele, o apoio n\u00e3o se limita ao PSD: \u201cTenho amizade em prefeitos de todos os partidos, inclusive do PT.\u201d <\/p>\n<p>Otto chama ida de Neto ao PSD de \u201cfake news\u201d e reafirma alian\u00e7a com Jer\u00f4nimo e Lula<\/p>\n<p>Do outro lado da disputa, o senador e presidente estadual do PSD, Otto Alencar, reagiu \u00e0s especula\u00e7\u00f5es de que ACM Neto poderia migrar para o partido e disputar o governo pela legenda.<\/p>\n<p>Em v\u00eddeo publicado nas redes sociais, Otto classificou a informa\u00e7\u00e3o como boato e garantiu que o PSD baiano seguir\u00e1 alinhado \u00e0 base do governador Jer\u00f4nimo Rodrigues e do presidente Luiz In\u00e1cio Lula da Silva.<\/p>\n<p>\u201cEssa informa\u00e7\u00e3o n\u00e3o \u00e9 ver\u00eddica, n\u00e3o aconteceu. O PSD continua firme na decis\u00e3o que n\u00f3s tomamos de apoiar a reelei\u00e7\u00e3o do governador Jer\u00f4nimo e do presidente Lula\u201d, declarou.<\/p>\n<p>Otto disse ainda ter conversado com o presidente nacional da sigla, Gilberto Kassab, que teria refor\u00e7ado o mesmo posicionamento. \u201cN\u00e3o sairemos do nosso rumo com essas informa\u00e7\u00f5es que n\u00e3o s\u00e3o corretas. S\u00e3o fake news\u201d, criticou.<\/p>\n<p>Segundo ele, n\u00e3o h\u00e1 qualquer movimento para mudan\u00e7a de palanque na Bahia: \u201cNada resiste ao trabalho. \u00c9 pelo trabalho que o PSD vai se firmar.\u201d <\/p>\n<p>Foto: Edilson Rodrigues \/ Ag\u00eancia Senado<br \/>\nFonte: <a href=\"https:\/\/www.blogdovila.com.br\/noticia\/coronel-neto-psd\">Blog do Vila<\/a><\/p>\n","protected":false},"excerpt":{"rendered":"<p>Em meio \u00e0s articula\u00e7\u00f5es para deixar o PSD e disputar a reelei\u00e7\u00e3o ao Senado pela oposi\u00e7\u00e3o, o senador Angelo Coronel<\/p>\n","protected":false},"author":4,"featured_media":20136,"comment_status":"open","ping_status":"open","sticky":false,"template":"","format":"standard","meta":{"colormag_page_container_layout":"default_layout","colormag_page_sidebar_layout":"default_layout","_FSMCFIC_featured_image_caption":"","_FSMCFIC_featured_image_nocaption":"","_FSMCFIC_featured_image_hide":"","footnotes":""},"categories":[5,1],"tags":[],"class_list":["post-20134","post","type-post","status-publish","format-standard","has-post-thumbnail","hentry","category-politica","category-ultimas"],"yoast_head":"<!-- This site is optimized with the Yoast SEO plugin v27.1.1 - https:\/\/yoast.com\/product\/yoast-seo-wordpress\/ -->\n<title>Coronel n\u00e3o descarta ACM Neto no PSD; Otto chama possibilidade de &#039;fake news&#039; - Brasil not\u00edcias<\/title>\n<meta name=\"robots\" content=\"index, follow, max-snippet:-1, max-image-preview:large, max-video-preview:-1\" \/>\n<link rel=\"canonical\" href=\"https:\/\/brasilnoticias.org\/site\/coronel-nao-descarta-acm-neto-no-psd-otto-chama-possibilidade-de-fake-news\/\" \/>\n<meta property=\"og:locale\" content=\"pt_PT\" \/>\n<meta property=\"og:type\" content=\"article\" \/>\n<meta property=\"og:title\" content=\"Coronel n\u00e3o descarta ACM Neto no PSD; Otto chama possibilidade de &#039;fake news&#039; - Brasil not\u00edcias\" \/>\n<meta property=\"og:description\" content=\"Em meio \u00e0s articula\u00e7\u00f5es para deixar o PSD e disputar a reelei\u00e7\u00e3o ao Senado pela oposi\u00e7\u00e3o, o senador Angelo Coronel\" \/>\n<meta property=\"og:url\" content=\"https:\/\/brasilnoticias.org\/site\/coronel-nao-descarta-acm-neto-no-psd-otto-chama-possibilidade-de-fake-news\/\" \/>\n<meta property=\"og:site_name\" content=\"Brasil not\u00edcias\" \/>\n<meta property=\"article:published_time\" content=\"2026-02-03T13:41:47+00:00\" \/>\n<meta property=\"og:image\" content=\"https:\/\/brasilnoticias.org\/site\/wp-content\/uploads\/2026\/02\/WhatsApp-Image-2026-02-03-at-10.24.46.jpeg\" \/>\n\t<meta property=\"og:image:width\" content=\"1600\" \/>\n\t<meta property=\"og:image:height\" content=\"900\" \/>\n\t<meta property=\"og:image:type\" content=\"image\/jpeg\" \/>\n<meta name=\"author\" content=\"Reda\u00e7\u00e3o\" \/>\n<meta name=\"twitter:card\" content=\"summary_large_image\" \/>\n<meta name=\"twitter:label1\" content=\"Escrito por\" \/>\n\t<meta name=\"twitter:data1\" content=\"Reda\u00e7\u00e3o\" \/>\n\t<meta name=\"twitter:label2\" content=\"Tempo estimado de leitura\" \/>\n\t<meta name=\"twitter:data2\" content=\"1 minuto\" \/>\n<script type=\"application\/ld+json\" class=\"yoast-schema-graph\">{\"@context\":\"https:\/\/schema.org\",\"@graph\":[{\"@type\":\"Article\",\"@id\":\"https:\/\/brasilnoticias.org\/site\/coronel-nao-descarta-acm-neto-no-psd-otto-chama-possibilidade-de-fake-news\/#article\",\"isPartOf\":{\"@id\":\"https:\/\/brasilnoticias.org\/site\/coronel-nao-descarta-acm-neto-no-psd-otto-chama-possibilidade-de-fake-news\/\"},\"author\":{\"name\":\"Reda\u00e7\u00e3o\",\"@id\":\"https:\/\/brasilnoticias.org\/site\/#\/schema\/person\/03bbbfe6c7634ad18c26444ea39049fa\"},\"headline\":\"Coronel n\u00e3o descarta ACM Neto no PSD; Otto chama possibilidade de &#8216;fake news&#8217;\",\"datePublished\":\"2026-02-03T13:41:47+00:00\",\"mainEntityOfPage\":{\"@id\":\"https:\/\/brasilnoticias.org\/site\/coronel-nao-descarta-acm-neto-no-psd-otto-chama-possibilidade-de-fake-news\/\"},\"wordCount\":649,\"commentCount\":0,\"publisher\":{\"@id\":\"https:\/\/brasilnoticias.org\/site\/#organization\"},\"image\":{\"@id\":\"https:\/\/brasilnoticias.org\/site\/coronel-nao-descarta-acm-neto-no-psd-otto-chama-possibilidade-de-fake-news\/#primaryimage\"},\"thumbnailUrl\":\"https:\/\/brasilnoticias.org\/site\/wp-content\/uploads\/2026\/02\/WhatsApp-Image-2026-02-03-at-10.24.46.jpeg\",\"articleSection\":[\"Pol\u00edtica\",\"\u00daltimas\"],\"inLanguage\":\"pt-PT\",\"potentialAction\":[{\"@type\":\"CommentAction\",\"name\":\"Comment\",\"target\":[\"https:\/\/brasilnoticias.org\/site\/coronel-nao-descarta-acm-neto-no-psd-otto-chama-possibilidade-de-fake-news\/#respond\"]}]},{\"@type\":\"WebPage\",\"@id\":\"https:\/\/brasilnoticias.org\/site\/coronel-nao-descarta-acm-neto-no-psd-otto-chama-possibilidade-de-fake-news\/\",\"url\":\"https:\/\/brasilnoticias.org\/site\/coronel-nao-descarta-acm-neto-no-psd-otto-chama-possibilidade-de-fake-news\/\",\"name\":\"Coronel n\u00e3o descarta ACM Neto no PSD; Otto chama possibilidade de 'fake news' - Brasil not\u00edcias\",\"isPartOf\":{\"@id\":\"https:\/\/brasilnoticias.org\/site\/#website\"},\"primaryImageOfPage\":{\"@id\":\"https:\/\/brasilnoticias.org\/site\/coronel-nao-descarta-acm-neto-no-psd-otto-chama-possibilidade-de-fake-news\/#primaryimage\"},\"image\":{\"@id\":\"https:\/\/brasilnoticias.org\/site\/coronel-nao-descarta-acm-neto-no-psd-otto-chama-possibilidade-de-fake-news\/#primaryimage\"},\"thumbnailUrl\":\"https:\/\/brasilnoticias.org\/site\/wp-content\/uploads\/2026\/02\/WhatsApp-Image-2026-02-03-at-10.24.46.jpeg\",\"datePublished\":\"2026-02-03T13:41:47+00:00\",\"breadcrumb\":{\"@id\":\"https:\/\/brasilnoticias.org\/site\/coronel-nao-descarta-acm-neto-no-psd-otto-chama-possibilidade-de-fake-news\/#breadcrumb\"},\"inLanguage\":\"pt-PT\",\"potentialAction\":[{\"@type\":\"ReadAction\",\"target\":[\"https:\/\/brasilnoticias.org\/site\/coronel-nao-descarta-acm-neto-no-psd-otto-chama-possibilidade-de-fake-news\/\"]}]},{\"@type\":\"ImageObject\",\"inLanguage\":\"pt-PT\",\"@id\":\"https:\/\/brasilnoticias.org\/site\/coronel-nao-descarta-acm-neto-no-psd-otto-chama-possibilidade-de-fake-news\/#primaryimage\",\"url\":\"https:\/\/brasilnoticias.org\/site\/wp-content\/uploads\/2026\/02\/WhatsApp-Image-2026-02-03-at-10.24.46.jpeg\",\"contentUrl\":\"https:\/\/brasilnoticias.org\/site\/wp-content\/uploads\/2026\/02\/WhatsApp-Image-2026-02-03-at-10.24.46.jpeg\",\"width\":1600,\"height\":900},{\"@type\":\"BreadcrumbList\",\"@id\":\"https:\/\/brasilnoticias.org\/site\/coronel-nao-descarta-acm-neto-no-psd-otto-chama-possibilidade-de-fake-news\/#breadcrumb\",\"itemListElement\":[{\"@type\":\"ListItem\",\"position\":1,\"name\":\"In\u00edcio\",\"item\":\"https:\/\/brasilnoticias.org\/site\/\"},{\"@type\":\"ListItem\",\"position\":2,\"name\":\"Coronel n\u00e3o descarta ACM Neto no PSD; Otto chama possibilidade de &#8216;fake news&#8217;\"}]},{\"@type\":\"WebSite\",\"@id\":\"https:\/\/brasilnoticias.org\/site\/#website\",\"url\":\"https:\/\/brasilnoticias.org\/site\/\",\"name\":\"Brasil not\u00edcias\",\"description\":\"Brasil not\u00edcias\",\"publisher\":{\"@id\":\"https:\/\/brasilnoticias.org\/site\/#organization\"},\"potentialAction\":[{\"@type\":\"SearchAction\",\"target\":{\"@type\":\"EntryPoint\",\"urlTemplate\":\"https:\/\/brasilnoticias.org\/site\/?s={search_term_string}\"},\"query-input\":{\"@type\":\"PropertyValueSpecification\",\"valueRequired\":true,\"valueName\":\"search_term_string\"}}],\"inLanguage\":\"pt-PT\"},{\"@type\":\"Organization\",\"@id\":\"https:\/\/brasilnoticias.org\/site\/#organization\",\"name\":\"Brasil not\u00edcias\",\"url\":\"https:\/\/brasilnoticias.org\/site\/\",\"logo\":{\"@type\":\"ImageObject\",\"inLanguage\":\"pt-PT\",\"@id\":\"https:\/\/brasilnoticias.org\/site\/#\/schema\/logo\/image\/\",\"url\":\"https:\/\/brasilnoticias.org\/site\/wp-content\/uploads\/2022\/05\/cropped-brasilnoticias-mini.jpg\",\"contentUrl\":\"https:\/\/brasilnoticias.org\/site\/wp-content\/uploads\/2022\/05\/cropped-brasilnoticias-mini.jpg\",\"width\":314,\"height\":86,\"caption\":\"Brasil not\u00edcias\"},\"image\":{\"@id\":\"https:\/\/brasilnoticias.org\/site\/#\/schema\/logo\/image\/\"}},{\"@type\":\"Person\",\"@id\":\"https:\/\/brasilnoticias.org\/site\/#\/schema\/person\/03bbbfe6c7634ad18c26444ea39049fa\",\"name\":\"Reda\u00e7\u00e3o\",\"image\":{\"@type\":\"ImageObject\",\"inLanguage\":\"pt-PT\",\"@id\":\"https:\/\/brasilnoticias.org\/site\/#\/schema\/person\/image\/\",\"url\":\"https:\/\/secure.gravatar.com\/avatar\/9ecaf7327a696cb23ad926fedded5f1f04d7049de9e445375d55b48c001a6e42?s=96&d=mm&r=g\",\"contentUrl\":\"https:\/\/secure.gravatar.com\/avatar\/9ecaf7327a696cb23ad926fedded5f1f04d7049de9e445375d55b48c001a6e42?s=96&d=mm&r=g\",\"caption\":\"Reda\u00e7\u00e3o\"},\"url\":\"https:\/\/brasilnoticias.org\/site\/author\/henrique\/\"}]}<\/script>\n<!-- \/ Yoast SEO plugin. -->","yoast_head_json":{"title":"Coronel n\u00e3o descarta ACM Neto no PSD; Otto chama possibilidade de 'fake news' - Brasil not\u00edcias","robots":{"index":"index","follow":"follow","max-snippet":"max-snippet:-1","max-image-preview":"max-image-preview:large","max-video-preview":"max-video-preview:-1"},"canonical":"https:\/\/brasilnoticias.org\/site\/coronel-nao-descarta-acm-neto-no-psd-otto-chama-possibilidade-de-fake-news\/","og_locale":"pt_PT","og_type":"article","og_title":"Coronel n\u00e3o descarta ACM Neto no PSD; Otto chama possibilidade de 'fake news' - Brasil not\u00edcias","og_description":"Em meio \u00e0s articula\u00e7\u00f5es para deixar o PSD e disputar a reelei\u00e7\u00e3o ao Senado pela oposi\u00e7\u00e3o, o senador Angelo Coronel","og_url":"https:\/\/brasilnoticias.org\/site\/coronel-nao-descarta-acm-neto-no-psd-otto-chama-possibilidade-de-fake-news\/","og_site_name":"Brasil not\u00edcias","article_published_time":"2026-02-03T13:41:47+00:00","og_image":[{"width":1600,"height":900,"url":"https:\/\/brasilnoticias.org\/site\/wp-content\/uploads\/2026\/02\/WhatsApp-Image-2026-02-03-at-10.24.46.jpeg","type":"image\/jpeg"}],"author":"Reda\u00e7\u00e3o","twitter_card":"summary_large_image","twitter_misc":{"Escrito por":"Reda\u00e7\u00e3o","Tempo estimado de leitura":"1 minuto"},"schema":{"@context":"https:\/\/schema.org","@graph":[{"@type":"Article","@id":"https:\/\/brasilnoticias.org\/site\/coronel-nao-descarta-acm-neto-no-psd-otto-chama-possibilidade-de-fake-news\/#article","isPartOf":{"@id":"https:\/\/brasilnoticias.org\/site\/coronel-nao-descarta-acm-neto-no-psd-otto-chama-possibilidade-de-fake-news\/"},"author":{"name":"Reda\u00e7\u00e3o","@id":"https:\/\/brasilnoticias.org\/site\/#\/schema\/person\/03bbbfe6c7634ad18c26444ea39049fa"},"headline":"Coronel n\u00e3o descarta ACM Neto no PSD; Otto chama possibilidade de &#8216;fake news&#8217;","datePublished":"2026-02-03T13:41:47+00:00","mainEntityOfPage":{"@id":"https:\/\/brasilnoticias.org\/site\/coronel-nao-descarta-acm-neto-no-psd-otto-chama-possibilidade-de-fake-news\/"},"wordCount":649,"commentCount":0,"publisher":{"@id":"https:\/\/brasilnoticias.org\/site\/#organization"},"image":{"@id":"https:\/\/brasilnoticias.org\/site\/coronel-nao-descarta-acm-neto-no-psd-otto-chama-possibilidade-de-fake-news\/#primaryimage"},"thumbnailUrl":"https:\/\/brasilnoticias.org\/site\/wp-content\/uploads\/2026\/02\/WhatsApp-Image-2026-02-03-at-10.24.46.jpeg","articleSection":["Pol\u00edtica","\u00daltimas"],"inLanguage":"pt-PT","potentialAction":[{"@type":"CommentAction","name":"Comment","target":["https:\/\/brasilnoticias.org\/site\/coronel-nao-descarta-acm-neto-no-psd-otto-chama-possibilidade-de-fake-news\/#respond"]}]},{"@type":"WebPage","@id":"https:\/\/brasilnoticias.org\/site\/coronel-nao-descarta-acm-neto-no-psd-otto-chama-possibilidade-de-fake-news\/","url":"https:\/\/brasilnoticias.org\/site\/coronel-nao-descarta-acm-neto-no-psd-otto-chama-possibilidade-de-fake-news\/","name":"Coronel n\u00e3o descarta ACM Neto no PSD; Otto chama possibilidade de 'fake news' - Brasil not\u00edcias","isPartOf":{"@id":"https:\/\/brasilnoticias.org\/site\/#website"},"primaryImageOfPage":{"@id":"https:\/\/brasilnoticias.org\/site\/coronel-nao-descarta-acm-neto-no-psd-otto-chama-possibilidade-de-fake-news\/#primaryimage"},"image":{"@id":"https:\/\/brasilnoticias.org\/site\/coronel-nao-descarta-acm-neto-no-psd-otto-chama-possibilidade-de-fake-news\/#primaryimage"},"thumbnailUrl":"https:\/\/brasilnoticias.org\/site\/wp-content\/uploads\/2026\/02\/WhatsApp-Image-2026-02-03-at-10.24.46.jpeg","datePublished":"2026-02-03T13:41:47+00:00","breadcrumb":{"@id":"https:\/\/brasilnoticias.org\/site\/coronel-nao-descarta-acm-neto-no-psd-otto-chama-possibilidade-de-fake-news\/#breadcrumb"},"inLanguage":"pt-PT","potentialAction":[{"@type":"ReadAction","target":["https:\/\/brasilnoticias.org\/site\/coronel-nao-descarta-acm-neto-no-psd-otto-chama-possibilidade-de-fake-news\/"]}]},{"@type":"ImageObject","inLanguage":"pt-PT","@id":"https:\/\/brasilnoticias.org\/site\/coronel-nao-descarta-acm-neto-no-psd-otto-chama-possibilidade-de-fake-news\/#primaryimage","url":"https:\/\/brasilnoticias.org\/site\/wp-content\/uploads\/2026\/02\/WhatsApp-Image-2026-02-03-at-10.24.46.jpeg","contentUrl":"https:\/\/brasilnoticias.org\/site\/wp-content\/uploads\/2026\/02\/WhatsApp-Image-2026-02-03-at-10.24.46.jpeg","width":1600,"height":900},{"@type":"BreadcrumbList","@id":"https:\/\/brasilnoticias.org\/site\/coronel-nao-descarta-acm-neto-no-psd-otto-chama-possibilidade-de-fake-news\/#breadcrumb","itemListElement":[{"@type":"ListItem","position":1,"name":"In\u00edcio","item":"https:\/\/brasilnoticias.org\/site\/"},{"@type":"ListItem","position":2,"name":"Coronel n\u00e3o descarta ACM Neto no PSD; Otto chama possibilidade de &#8216;fake news&#8217;"}]},{"@type":"WebSite","@id":"https:\/\/brasilnoticias.org\/site\/#website","url":"https:\/\/brasilnoticias.org\/site\/","name":"Brasil not\u00edcias","description":"Brasil not\u00edcias","publisher":{"@id":"https:\/\/brasilnoticias.org\/site\/#organization"},"potentialAction":[{"@type":"SearchAction","target":{"@type":"EntryPoint","urlTemplate":"https:\/\/brasilnoticias.org\/site\/?s={search_term_string}"},"query-input":{"@type":"PropertyValueSpecification","valueRequired":true,"valueName":"search_term_string"}}],"inLanguage":"pt-PT"},{"@type":"Organization","@id":"https:\/\/brasilnoticias.org\/site\/#organization","name":"Brasil not\u00edcias","url":"https:\/\/brasilnoticias.org\/site\/","logo":{"@type":"ImageObject","inLanguage":"pt-PT","@id":"https:\/\/brasilnoticias.org\/site\/#\/schema\/logo\/image\/","url":"https:\/\/brasilnoticias.org\/site\/wp-content\/uploads\/2022\/05\/cropped-brasilnoticias-mini.jpg","contentUrl":"https:\/\/brasilnoticias.org\/site\/wp-content\/uploads\/2022\/05\/cropped-brasilnoticias-mini.jpg","width":314,"height":86,"caption":"Brasil not\u00edcias"},"image":{"@id":"https:\/\/brasilnoticias.org\/site\/#\/schema\/logo\/image\/"}},{"@type":"Person","@id":"https:\/\/brasilnoticias.org\/site\/#\/schema\/person\/03bbbfe6c7634ad18c26444ea39049fa","name":"Reda\u00e7\u00e3o","image":{"@type":"ImageObject","inLanguage":"pt-PT","@id":"https:\/\/brasilnoticias.org\/site\/#\/schema\/person\/image\/","url":"https:\/\/secure.gravatar.com\/avatar\/9ecaf7327a696cb23ad926fedded5f1f04d7049de9e445375d55b48c001a6e42?s=96&d=mm&r=g","contentUrl":"https:\/\/secure.gravatar.com\/avatar\/9ecaf7327a696cb23ad926fedded5f1f04d7049de9e445375d55b48c001a6e42?s=96&d=mm&r=g","caption":"Reda\u00e7\u00e3o"},"url":"https:\/\/brasilnoticias.org\/site\/author\/henrique\/"}]}},"_links":{"self":[{"href":"https:\/\/brasilnoticias.org\/site\/wp-json\/wp\/v2\/posts\/20134","targetHints":{"allow":["GET"]}}],"collection":[{"href":"https:\/\/brasilnoticias.org\/site\/wp-json\/wp\/v2\/posts"}],"about":[{"href":"https:\/\/brasilnoticias.org\/site\/wp-json\/wp\/v2\/types\/post"}],"author":[{"embeddable":true,"href":"https:\/\/brasilnoticias.org\/site\/wp-json\/wp\/v2\/users\/4"}],"replies":[{"embeddable":true,"href":"https:\/\/brasilnoticias.org\/site\/wp-json\/wp\/v2\/comments?post=20134"}],"version-history":[{"count":1,"href":"https:\/\/brasilnoticias.org\/site\/wp-json\/wp\/v2\/posts\/20134\/revisions"}],"predecessor-version":[{"id":20137,"href":"https:\/\/brasilnoticias.org\/site\/wp-json\/wp\/v2\/posts\/20134\/revisions\/20137"}],"wp:featuredmedia":[{"embeddable":true,"href":"https:\/\/brasilnoticias.org\/site\/wp-json\/wp\/v2\/media\/20136"}],"wp:attachment":[{"href":"https:\/\/brasilnoticias.org\/site\/wp-json\/wp\/v2\/media?parent=20134"}],"wp:term":[{"taxonomy":"category","embeddable":true,"href":"https:\/\/brasilnoticias.org\/site\/wp-json\/wp\/v2\/categories?post=20134"},{"taxonomy":"post_tag","embeddable":true,"href":"https:\/\/brasilnoticias.org\/site\/wp-json\/wp\/v2\/tags?post=20134"}],"curies":[{"name":"wp","href":"https:\/\/api.w.org\/{rel}","templated":true}]}}