{"id":20138,"date":"2026-02-03T11:45:49","date_gmt":"2026-02-03T14:45:49","guid":{"rendered":"https:\/\/brasilnoticias.org\/site\/?p=20138"},"modified":"2026-02-03T11:45:49","modified_gmt":"2026-02-03T14:45:49","slug":"kassab-banca-otto-no-comando-do-psd-na-bahia-e-descarta-especulacao-sobre-ida-de-acm-neto-para-o-partido","status":"publish","type":"post","link":"https:\/\/brasilnoticias.org\/site\/kassab-banca-otto-no-comando-do-psd-na-bahia-e-descarta-especulacao-sobre-ida-de-acm-neto-para-o-partido\/","title":{"rendered":"Kassab banca Otto no comando do PSD na Bahia e descarta especula\u00e7\u00e3o sobre ida de ACM Neto para o partido"},"content":{"rendered":"<p>\u201cSe ele quiser vir para o partido, tem que saber que existe um comando, que \u00e9 o de Otto Alencar. E, pelo que conhe\u00e7o da Bahia, vejo certa incompatibilidade nesse momento\u201d, avisa presidente do PSD<\/p>\n<p>Em meio \u00e0 crise aberta no PSD baiano ap\u00f3s a sa\u00edda do senador Angelo Coronel, o presidente nacional da sigla, Gilberto Kassab, tratou de colocar um ponto final nas especula\u00e7\u00f5es sobre uma poss\u00edvel mudan\u00e7a no comando do partido no estado \u2014 e, principalmente, sobre a eventual filia\u00e7\u00e3o do ex-prefeito ACM Neto (Uni\u00e3o Brasil).<\/p>\n<p>Em entrevista \u00e0 CBN Salvador, o dirigente foi direto: &#8220;O PSD continuar\u00e1 sob a lideran\u00e7a do senador Otto Alencar&#8221;.<\/p>\n<p>Segundo ele, a decis\u00e3o \u00e9 pol\u00edtica, hist\u00f3rica e n\u00e3o eleitoral. \u201cO Otto \u00e9 fundador do partido. Desde o in\u00edcio faz um trabalho extraordin\u00e1rio pela Bahia. A executiva nacional \u00e9 clara: o partido a\u00ed segue sob o comando dele. As diretrizes s\u00e3o dele\u201d, afirmou.<\/p>\n<p>A fala joga \u00e1gua fria na tese ventilada nos bastidores de que Neto poderia migrar para o PSD para disputar o governo do Estado pela legenda, especialmente ap\u00f3s o racha de Coronel com a base governista.<\/p>\n<p>Kassab tamb\u00e9m negou qualquer reuni\u00e3o com Neto, Coronel ou o governador de Goi\u00e1s, Ronaldo Caiado, e disse que sequer estava em Bras\u00edlia, mas em S\u00e3o Paulo.<\/p>\n<p>Coer\u00eancia acima da estrat\u00e9gia eleitoral<\/p>\n<p>Mesmo com pr\u00e9-candidatura pr\u00f3pria do PSD \u00e0 Presid\u00eancia da Rep\u00fablica, Kassab afirmou que a Bahia continuar\u00e1 livre para manter alian\u00e7a com o PT e com o presidente Luiz In\u00e1cio Lula da Silva, ao refor\u00e7ar que decis\u00f5es estaduais n\u00e3o ser\u00e3o revistas por conveni\u00eancia eleitoral.<\/p>\n<p>\u201cNossas decis\u00f5es s\u00e3o tomadas no plano da coer\u00eancia, n\u00e3o apenas no plano eleitoral. N\u00e3o tem sentido mudar a diretriz estabelecida. O comando do Otto \u00e9 tranquilo e vai continuar sendo dele\u201d, disse.<\/p>\n<p>O dirigente ainda comparou a situa\u00e7\u00e3o baiana a outros estados onde o PSD apoia palanques diferentes do presidencial nacional e classificou o cen\u00e1rio como \u201ccomum diante das coliga\u00e7\u00f5es majorit\u00e1rias permitidas pela legisla\u00e7\u00e3o\u201d.<\/p>\n<p>Recado indireto a Neto<\/p>\n<p>Questionado diretamente se ACM Neto poderia ser acolhido pelo PSD, Kassab evitou fechar a porta, mas deixou claro que qualquer movimento teria que respeitar a lideran\u00e7a local.<\/p>\n<p>\u201cSe ele quiser vir para o partido, tem que saber que existe um comando, que \u00e9 o de Otto Alencar. E, pelo que conhe\u00e7o da Bahia, vejo certa incompatibilidade nesse momento\u201d, afirmou.<\/p>\n<p>Ao mesmo tempo, Kassab fez um gesto de cortesia a Coronel e ao deputado federal Diego Coronel, ao pontuar que as portas seguem abertas caso decidam retornar no futuro.<\/p>\n<p>Na pr\u00e1tica, o recado \u00e9 claro: o PSD baiano n\u00e3o ser\u00e1 redesenhado para acomodar projetos externos.<\/p>\n<p>Foto: Geraldo Magela \/ Ag\u00eancia Senado<br \/>\nFonte: <a href=\"https:\/\/www.blogdovila.com.br\/noticia\/kassab-cbn\">Blog do Vila<\/a><\/p>\n","protected":false},"excerpt":{"rendered":"<p>\u201cSe ele quiser vir para o partido, tem que saber que existe um comando, que \u00e9 o de Otto Alencar.<\/p>\n","protected":false},"author":4,"featured_media":20139,"comment_status":"open","ping_status":"open","sticky":false,"template":"","format":"standard","meta":{"colormag_page_container_layout":"default_layout","colormag_page_sidebar_layout":"default_layout","_FSMCFIC_featured_image_caption":"","_FSMCFIC_featured_image_nocaption":"","_FSMCFIC_featured_image_hide":"","footnotes":""},"categories":[5,1],"tags":[],"class_list":["post-20138","post","type-post","status-publish","format-standard","has-post-thumbnail","hentry","category-politica","category-ultimas"],"yoast_head":"<!-- This site is optimized with the Yoast SEO plugin v27.1.1 - https:\/\/yoast.com\/product\/yoast-seo-wordpress\/ -->\n<title>Kassab banca Otto no comando do PSD na Bahia e descarta especula\u00e7\u00e3o sobre ida de ACM Neto para o partido - Brasil not\u00edcias<\/title>\n<meta name=\"robots\" content=\"index, follow, max-snippet:-1, max-image-preview:large, max-video-preview:-1\" \/>\n<link rel=\"canonical\" href=\"https:\/\/brasilnoticias.org\/site\/kassab-banca-otto-no-comando-do-psd-na-bahia-e-descarta-especulacao-sobre-ida-de-acm-neto-para-o-partido\/\" \/>\n<meta property=\"og:locale\" content=\"pt_PT\" \/>\n<meta property=\"og:type\" content=\"article\" \/>\n<meta property=\"og:title\" content=\"Kassab banca Otto no comando do PSD na Bahia e descarta especula\u00e7\u00e3o sobre ida de ACM Neto para o partido - Brasil not\u00edcias\" \/>\n<meta property=\"og:description\" content=\"\u201cSe ele quiser vir para o partido, tem que saber que existe um comando, que \u00e9 o de Otto Alencar.\" \/>\n<meta property=\"og:url\" content=\"https:\/\/brasilnoticias.org\/site\/kassab-banca-otto-no-comando-do-psd-na-bahia-e-descarta-especulacao-sobre-ida-de-acm-neto-para-o-partido\/\" \/>\n<meta property=\"og:site_name\" content=\"Brasil not\u00edcias\" \/>\n<meta property=\"article:published_time\" content=\"2026-02-03T14:45:49+00:00\" \/>\n<meta property=\"og:image\" content=\"https:\/\/brasilnoticias.org\/site\/wp-content\/uploads\/2026\/02\/WhatsApp-Image-2026-02-03-at-11.36.45.jpeg\" \/>\n\t<meta property=\"og:image:width\" content=\"1600\" \/>\n\t<meta property=\"og:image:height\" content=\"1066\" \/>\n\t<meta property=\"og:image:type\" content=\"image\/jpeg\" \/>\n<meta name=\"author\" content=\"Reda\u00e7\u00e3o\" \/>\n<meta name=\"twitter:card\" content=\"summary_large_image\" \/>\n<meta name=\"twitter:label1\" content=\"Escrito por\" \/>\n\t<meta name=\"twitter:data1\" content=\"Reda\u00e7\u00e3o\" \/>\n\t<meta name=\"twitter:label2\" content=\"Tempo estimado de leitura\" \/>\n\t<meta name=\"twitter:data2\" content=\"1 minuto\" \/>\n<script type=\"application\/ld+json\" class=\"yoast-schema-graph\">{\"@context\":\"https:\/\/schema.org\",\"@graph\":[{\"@type\":\"Article\",\"@id\":\"https:\/\/brasilnoticias.org\/site\/kassab-banca-otto-no-comando-do-psd-na-bahia-e-descarta-especulacao-sobre-ida-de-acm-neto-para-o-partido\/#article\",\"isPartOf\":{\"@id\":\"https:\/\/brasilnoticias.org\/site\/kassab-banca-otto-no-comando-do-psd-na-bahia-e-descarta-especulacao-sobre-ida-de-acm-neto-para-o-partido\/\"},\"author\":{\"name\":\"Reda\u00e7\u00e3o\",\"@id\":\"https:\/\/brasilnoticias.org\/site\/#\/schema\/person\/03bbbfe6c7634ad18c26444ea39049fa\"},\"headline\":\"Kassab banca Otto no comando do PSD na Bahia e descarta especula\u00e7\u00e3o sobre ida de ACM Neto para o partido\",\"datePublished\":\"2026-02-03T14:45:49+00:00\",\"mainEntityOfPage\":{\"@id\":\"https:\/\/brasilnoticias.org\/site\/kassab-banca-otto-no-comando-do-psd-na-bahia-e-descarta-especulacao-sobre-ida-de-acm-neto-para-o-partido\/\"},\"wordCount\":501,\"commentCount\":0,\"publisher\":{\"@id\":\"https:\/\/brasilnoticias.org\/site\/#organization\"},\"image\":{\"@id\":\"https:\/\/brasilnoticias.org\/site\/kassab-banca-otto-no-comando-do-psd-na-bahia-e-descarta-especulacao-sobre-ida-de-acm-neto-para-o-partido\/#primaryimage\"},\"thumbnailUrl\":\"https:\/\/brasilnoticias.org\/site\/wp-content\/uploads\/2026\/02\/WhatsApp-Image-2026-02-03-at-11.36.45.jpeg\",\"articleSection\":[\"Pol\u00edtica\",\"\u00daltimas\"],\"inLanguage\":\"pt-PT\",\"potentialAction\":[{\"@type\":\"CommentAction\",\"name\":\"Comment\",\"target\":[\"https:\/\/brasilnoticias.org\/site\/kassab-banca-otto-no-comando-do-psd-na-bahia-e-descarta-especulacao-sobre-ida-de-acm-neto-para-o-partido\/#respond\"]}]},{\"@type\":\"WebPage\",\"@id\":\"https:\/\/brasilnoticias.org\/site\/kassab-banca-otto-no-comando-do-psd-na-bahia-e-descarta-especulacao-sobre-ida-de-acm-neto-para-o-partido\/\",\"url\":\"https:\/\/brasilnoticias.org\/site\/kassab-banca-otto-no-comando-do-psd-na-bahia-e-descarta-especulacao-sobre-ida-de-acm-neto-para-o-partido\/\",\"name\":\"Kassab banca Otto no comando do PSD na Bahia e descarta especula\u00e7\u00e3o sobre ida de ACM Neto para o partido - Brasil not\u00edcias\",\"isPartOf\":{\"@id\":\"https:\/\/brasilnoticias.org\/site\/#website\"},\"primaryImageOfPage\":{\"@id\":\"https:\/\/brasilnoticias.org\/site\/kassab-banca-otto-no-comando-do-psd-na-bahia-e-descarta-especulacao-sobre-ida-de-acm-neto-para-o-partido\/#primaryimage\"},\"image\":{\"@id\":\"https:\/\/brasilnoticias.org\/site\/kassab-banca-otto-no-comando-do-psd-na-bahia-e-descarta-especulacao-sobre-ida-de-acm-neto-para-o-partido\/#primaryimage\"},\"thumbnailUrl\":\"https:\/\/brasilnoticias.org\/site\/wp-content\/uploads\/2026\/02\/WhatsApp-Image-2026-02-03-at-11.36.45.jpeg\",\"datePublished\":\"2026-02-03T14:45:49+00:00\",\"breadcrumb\":{\"@id\":\"https:\/\/brasilnoticias.org\/site\/kassab-banca-otto-no-comando-do-psd-na-bahia-e-descarta-especulacao-sobre-ida-de-acm-neto-para-o-partido\/#breadcrumb\"},\"inLanguage\":\"pt-PT\",\"potentialAction\":[{\"@type\":\"ReadAction\",\"target\":[\"https:\/\/brasilnoticias.org\/site\/kassab-banca-otto-no-comando-do-psd-na-bahia-e-descarta-especulacao-sobre-ida-de-acm-neto-para-o-partido\/\"]}]},{\"@type\":\"ImageObject\",\"inLanguage\":\"pt-PT\",\"@id\":\"https:\/\/brasilnoticias.org\/site\/kassab-banca-otto-no-comando-do-psd-na-bahia-e-descarta-especulacao-sobre-ida-de-acm-neto-para-o-partido\/#primaryimage\",\"url\":\"https:\/\/brasilnoticias.org\/site\/wp-content\/uploads\/2026\/02\/WhatsApp-Image-2026-02-03-at-11.36.45.jpeg\",\"contentUrl\":\"https:\/\/brasilnoticias.org\/site\/wp-content\/uploads\/2026\/02\/WhatsApp-Image-2026-02-03-at-11.36.45.jpeg\",\"width\":1600,\"height\":1066},{\"@type\":\"BreadcrumbList\",\"@id\":\"https:\/\/brasilnoticias.org\/site\/kassab-banca-otto-no-comando-do-psd-na-bahia-e-descarta-especulacao-sobre-ida-de-acm-neto-para-o-partido\/#breadcrumb\",\"itemListElement\":[{\"@type\":\"ListItem\",\"position\":1,\"name\":\"In\u00edcio\",\"item\":\"https:\/\/brasilnoticias.org\/site\/\"},{\"@type\":\"ListItem\",\"position\":2,\"name\":\"Kassab banca Otto no comando do PSD na Bahia e descarta especula\u00e7\u00e3o sobre ida de ACM Neto para o partido\"}]},{\"@type\":\"WebSite\",\"@id\":\"https:\/\/brasilnoticias.org\/site\/#website\",\"url\":\"https:\/\/brasilnoticias.org\/site\/\",\"name\":\"Brasil not\u00edcias\",\"description\":\"Brasil not\u00edcias\",\"publisher\":{\"@id\":\"https:\/\/brasilnoticias.org\/site\/#organization\"},\"potentialAction\":[{\"@type\":\"SearchAction\",\"target\":{\"@type\":\"EntryPoint\",\"urlTemplate\":\"https:\/\/brasilnoticias.org\/site\/?s={search_term_string}\"},\"query-input\":{\"@type\":\"PropertyValueSpecification\",\"valueRequired\":true,\"valueName\":\"search_term_string\"}}],\"inLanguage\":\"pt-PT\"},{\"@type\":\"Organization\",\"@id\":\"https:\/\/brasilnoticias.org\/site\/#organization\",\"name\":\"Brasil not\u00edcias\",\"url\":\"https:\/\/brasilnoticias.org\/site\/\",\"logo\":{\"@type\":\"ImageObject\",\"inLanguage\":\"pt-PT\",\"@id\":\"https:\/\/brasilnoticias.org\/site\/#\/schema\/logo\/image\/\",\"url\":\"https:\/\/brasilnoticias.org\/site\/wp-content\/uploads\/2022\/05\/cropped-brasilnoticias-mini.jpg\",\"contentUrl\":\"https:\/\/brasilnoticias.org\/site\/wp-content\/uploads\/2022\/05\/cropped-brasilnoticias-mini.jpg\",\"width\":314,\"height\":86,\"caption\":\"Brasil not\u00edcias\"},\"image\":{\"@id\":\"https:\/\/brasilnoticias.org\/site\/#\/schema\/logo\/image\/\"}},{\"@type\":\"Person\",\"@id\":\"https:\/\/brasilnoticias.org\/site\/#\/schema\/person\/03bbbfe6c7634ad18c26444ea39049fa\",\"name\":\"Reda\u00e7\u00e3o\",\"image\":{\"@type\":\"ImageObject\",\"inLanguage\":\"pt-PT\",\"@id\":\"https:\/\/brasilnoticias.org\/site\/#\/schema\/person\/image\/\",\"url\":\"https:\/\/secure.gravatar.com\/avatar\/9ecaf7327a696cb23ad926fedded5f1f04d7049de9e445375d55b48c001a6e42?s=96&d=mm&r=g\",\"contentUrl\":\"https:\/\/secure.gravatar.com\/avatar\/9ecaf7327a696cb23ad926fedded5f1f04d7049de9e445375d55b48c001a6e42?s=96&d=mm&r=g\",\"caption\":\"Reda\u00e7\u00e3o\"},\"url\":\"https:\/\/brasilnoticias.org\/site\/author\/henrique\/\"}]}<\/script>\n<!-- \/ Yoast SEO plugin. -->","yoast_head_json":{"title":"Kassab banca Otto no comando do PSD na Bahia e descarta especula\u00e7\u00e3o sobre ida de ACM Neto para o partido - Brasil not\u00edcias","robots":{"index":"index","follow":"follow","max-snippet":"max-snippet:-1","max-image-preview":"max-image-preview:large","max-video-preview":"max-video-preview:-1"},"canonical":"https:\/\/brasilnoticias.org\/site\/kassab-banca-otto-no-comando-do-psd-na-bahia-e-descarta-especulacao-sobre-ida-de-acm-neto-para-o-partido\/","og_locale":"pt_PT","og_type":"article","og_title":"Kassab banca Otto no comando do PSD na Bahia e descarta especula\u00e7\u00e3o sobre ida de ACM Neto para o partido - Brasil not\u00edcias","og_description":"\u201cSe ele quiser vir para o partido, tem que saber que existe um comando, que \u00e9 o de Otto Alencar.","og_url":"https:\/\/brasilnoticias.org\/site\/kassab-banca-otto-no-comando-do-psd-na-bahia-e-descarta-especulacao-sobre-ida-de-acm-neto-para-o-partido\/","og_site_name":"Brasil not\u00edcias","article_published_time":"2026-02-03T14:45:49+00:00","og_image":[{"width":1600,"height":1066,"url":"https:\/\/brasilnoticias.org\/site\/wp-content\/uploads\/2026\/02\/WhatsApp-Image-2026-02-03-at-11.36.45.jpeg","type":"image\/jpeg"}],"author":"Reda\u00e7\u00e3o","twitter_card":"summary_large_image","twitter_misc":{"Escrito por":"Reda\u00e7\u00e3o","Tempo estimado de leitura":"1 minuto"},"schema":{"@context":"https:\/\/schema.org","@graph":[{"@type":"Article","@id":"https:\/\/brasilnoticias.org\/site\/kassab-banca-otto-no-comando-do-psd-na-bahia-e-descarta-especulacao-sobre-ida-de-acm-neto-para-o-partido\/#article","isPartOf":{"@id":"https:\/\/brasilnoticias.org\/site\/kassab-banca-otto-no-comando-do-psd-na-bahia-e-descarta-especulacao-sobre-ida-de-acm-neto-para-o-partido\/"},"author":{"name":"Reda\u00e7\u00e3o","@id":"https:\/\/brasilnoticias.org\/site\/#\/schema\/person\/03bbbfe6c7634ad18c26444ea39049fa"},"headline":"Kassab banca Otto no comando do PSD na Bahia e descarta especula\u00e7\u00e3o sobre ida de ACM Neto para o partido","datePublished":"2026-02-03T14:45:49+00:00","mainEntityOfPage":{"@id":"https:\/\/brasilnoticias.org\/site\/kassab-banca-otto-no-comando-do-psd-na-bahia-e-descarta-especulacao-sobre-ida-de-acm-neto-para-o-partido\/"},"wordCount":501,"commentCount":0,"publisher":{"@id":"https:\/\/brasilnoticias.org\/site\/#organization"},"image":{"@id":"https:\/\/brasilnoticias.org\/site\/kassab-banca-otto-no-comando-do-psd-na-bahia-e-descarta-especulacao-sobre-ida-de-acm-neto-para-o-partido\/#primaryimage"},"thumbnailUrl":"https:\/\/brasilnoticias.org\/site\/wp-content\/uploads\/2026\/02\/WhatsApp-Image-2026-02-03-at-11.36.45.jpeg","articleSection":["Pol\u00edtica","\u00daltimas"],"inLanguage":"pt-PT","potentialAction":[{"@type":"CommentAction","name":"Comment","target":["https:\/\/brasilnoticias.org\/site\/kassab-banca-otto-no-comando-do-psd-na-bahia-e-descarta-especulacao-sobre-ida-de-acm-neto-para-o-partido\/#respond"]}]},{"@type":"WebPage","@id":"https:\/\/brasilnoticias.org\/site\/kassab-banca-otto-no-comando-do-psd-na-bahia-e-descarta-especulacao-sobre-ida-de-acm-neto-para-o-partido\/","url":"https:\/\/brasilnoticias.org\/site\/kassab-banca-otto-no-comando-do-psd-na-bahia-e-descarta-especulacao-sobre-ida-de-acm-neto-para-o-partido\/","name":"Kassab banca Otto no comando do PSD na Bahia e descarta especula\u00e7\u00e3o sobre ida de ACM Neto para o partido - Brasil not\u00edcias","isPartOf":{"@id":"https:\/\/brasilnoticias.org\/site\/#website"},"primaryImageOfPage":{"@id":"https:\/\/brasilnoticias.org\/site\/kassab-banca-otto-no-comando-do-psd-na-bahia-e-descarta-especulacao-sobre-ida-de-acm-neto-para-o-partido\/#primaryimage"},"image":{"@id":"https:\/\/brasilnoticias.org\/site\/kassab-banca-otto-no-comando-do-psd-na-bahia-e-descarta-especulacao-sobre-ida-de-acm-neto-para-o-partido\/#primaryimage"},"thumbnailUrl":"https:\/\/brasilnoticias.org\/site\/wp-content\/uploads\/2026\/02\/WhatsApp-Image-2026-02-03-at-11.36.45.jpeg","datePublished":"2026-02-03T14:45:49+00:00","breadcrumb":{"@id":"https:\/\/brasilnoticias.org\/site\/kassab-banca-otto-no-comando-do-psd-na-bahia-e-descarta-especulacao-sobre-ida-de-acm-neto-para-o-partido\/#breadcrumb"},"inLanguage":"pt-PT","potentialAction":[{"@type":"ReadAction","target":["https:\/\/brasilnoticias.org\/site\/kassab-banca-otto-no-comando-do-psd-na-bahia-e-descarta-especulacao-sobre-ida-de-acm-neto-para-o-partido\/"]}]},{"@type":"ImageObject","inLanguage":"pt-PT","@id":"https:\/\/brasilnoticias.org\/site\/kassab-banca-otto-no-comando-do-psd-na-bahia-e-descarta-especulacao-sobre-ida-de-acm-neto-para-o-partido\/#primaryimage","url":"https:\/\/brasilnoticias.org\/site\/wp-content\/uploads\/2026\/02\/WhatsApp-Image-2026-02-03-at-11.36.45.jpeg","contentUrl":"https:\/\/brasilnoticias.org\/site\/wp-content\/uploads\/2026\/02\/WhatsApp-Image-2026-02-03-at-11.36.45.jpeg","width":1600,"height":1066},{"@type":"BreadcrumbList","@id":"https:\/\/brasilnoticias.org\/site\/kassab-banca-otto-no-comando-do-psd-na-bahia-e-descarta-especulacao-sobre-ida-de-acm-neto-para-o-partido\/#breadcrumb","itemListElement":[{"@type":"ListItem","position":1,"name":"In\u00edcio","item":"https:\/\/brasilnoticias.org\/site\/"},{"@type":"ListItem","position":2,"name":"Kassab banca Otto no comando do PSD na Bahia e descarta especula\u00e7\u00e3o sobre ida de ACM Neto para o partido"}]},{"@type":"WebSite","@id":"https:\/\/brasilnoticias.org\/site\/#website","url":"https:\/\/brasilnoticias.org\/site\/","name":"Brasil not\u00edcias","description":"Brasil not\u00edcias","publisher":{"@id":"https:\/\/brasilnoticias.org\/site\/#organization"},"potentialAction":[{"@type":"SearchAction","target":{"@type":"EntryPoint","urlTemplate":"https:\/\/brasilnoticias.org\/site\/?s={search_term_string}"},"query-input":{"@type":"PropertyValueSpecification","valueRequired":true,"valueName":"search_term_string"}}],"inLanguage":"pt-PT"},{"@type":"Organization","@id":"https:\/\/brasilnoticias.org\/site\/#organization","name":"Brasil not\u00edcias","url":"https:\/\/brasilnoticias.org\/site\/","logo":{"@type":"ImageObject","inLanguage":"pt-PT","@id":"https:\/\/brasilnoticias.org\/site\/#\/schema\/logo\/image\/","url":"https:\/\/brasilnoticias.org\/site\/wp-content\/uploads\/2022\/05\/cropped-brasilnoticias-mini.jpg","contentUrl":"https:\/\/brasilnoticias.org\/site\/wp-content\/uploads\/2022\/05\/cropped-brasilnoticias-mini.jpg","width":314,"height":86,"caption":"Brasil not\u00edcias"},"image":{"@id":"https:\/\/brasilnoticias.org\/site\/#\/schema\/logo\/image\/"}},{"@type":"Person","@id":"https:\/\/brasilnoticias.org\/site\/#\/schema\/person\/03bbbfe6c7634ad18c26444ea39049fa","name":"Reda\u00e7\u00e3o","image":{"@type":"ImageObject","inLanguage":"pt-PT","@id":"https:\/\/brasilnoticias.org\/site\/#\/schema\/person\/image\/","url":"https:\/\/secure.gravatar.com\/avatar\/9ecaf7327a696cb23ad926fedded5f1f04d7049de9e445375d55b48c001a6e42?s=96&d=mm&r=g","contentUrl":"https:\/\/secure.gravatar.com\/avatar\/9ecaf7327a696cb23ad926fedded5f1f04d7049de9e445375d55b48c001a6e42?s=96&d=mm&r=g","caption":"Reda\u00e7\u00e3o"},"url":"https:\/\/brasilnoticias.org\/site\/author\/henrique\/"}]}},"_links":{"self":[{"href":"https:\/\/brasilnoticias.org\/site\/wp-json\/wp\/v2\/posts\/20138","targetHints":{"allow":["GET"]}}],"collection":[{"href":"https:\/\/brasilnoticias.org\/site\/wp-json\/wp\/v2\/posts"}],"about":[{"href":"https:\/\/brasilnoticias.org\/site\/wp-json\/wp\/v2\/types\/post"}],"author":[{"embeddable":true,"href":"https:\/\/brasilnoticias.org\/site\/wp-json\/wp\/v2\/users\/4"}],"replies":[{"embeddable":true,"href":"https:\/\/brasilnoticias.org\/site\/wp-json\/wp\/v2\/comments?post=20138"}],"version-history":[{"count":1,"href":"https:\/\/brasilnoticias.org\/site\/wp-json\/wp\/v2\/posts\/20138\/revisions"}],"predecessor-version":[{"id":20140,"href":"https:\/\/brasilnoticias.org\/site\/wp-json\/wp\/v2\/posts\/20138\/revisions\/20140"}],"wp:featuredmedia":[{"embeddable":true,"href":"https:\/\/brasilnoticias.org\/site\/wp-json\/wp\/v2\/media\/20139"}],"wp:attachment":[{"href":"https:\/\/brasilnoticias.org\/site\/wp-json\/wp\/v2\/media?parent=20138"}],"wp:term":[{"taxonomy":"category","embeddable":true,"href":"https:\/\/brasilnoticias.org\/site\/wp-json\/wp\/v2\/categories?post=20138"},{"taxonomy":"post_tag","embeddable":true,"href":"https:\/\/brasilnoticias.org\/site\/wp-json\/wp\/v2\/tags?post=20138"}],"curies":[{"name":"wp","href":"https:\/\/api.w.org\/{rel}","templated":true}]}}