{"id":2016,"date":"2022-10-20T07:10:22","date_gmt":"2022-10-20T10:10:22","guid":{"rendered":"https:\/\/brasilnoticias.org\/site\/?p=2016"},"modified":"2022-10-19T23:20:18","modified_gmt":"2022-10-20T02:20:18","slug":"acusado-de-trafico-foragido-e-preso-no-suburbio-ferroviario-de-salvador-durante-rondas-da-pm","status":"publish","type":"post","link":"https:\/\/brasilnoticias.org\/site\/acusado-de-trafico-foragido-e-preso-no-suburbio-ferroviario-de-salvador-durante-rondas-da-pm\/","title":{"rendered":"Acusado de tr\u00e1fico, foragido \u00e9 preso no Sub\u00farbio Ferrovi\u00e1rio de Salvador durante rondas da PM"},"content":{"rendered":"<p>Um homem que estava foraido, com mandado de pris\u00e3o pelo crime de tr\u00e1fico de drogas, foi preso nesta ter\u00e7a-feira (18) no bairro de Plataforma, no Sub\u00farbio Ferrovi\u00e1rio de Salvador. A a\u00e7\u00e3o aconteceu durante uma ronda realizada por equipes da 14\u00aaCompanhia Independente da Pol\u00edcia Militar (CIPM\/Lobato).<\/p>\n<p>Segundo a Secretaria de Seguran\u00e7a P\u00fablica (SSP), os militares passavam pela localidade conhecida como Casinhas Boiadeiro, quando um grupo correu ap\u00f3s a presen\u00e7a dos PMs. \u201cEssa \u00e9 uma \u00e1rea delicada e sempre realizamos esse patrulhamento para combater a criminalidade no local\u201d, explicou o comandante da unidade, major Roberto Cesar.<\/p>\n<p>De acordo com o major, o foragido informou que reside no bairro de Federa\u00e7\u00e3o, que estava no sub\u00farbio com a inten\u00e7\u00e3o de se esconder. Conduzido para Coordena\u00e7\u00e3o de Pol\u00edcia Interestadual (Polinter), teve o mandado v\u00e1lido e segue \u00e0 disposi\u00e7\u00e3o da Justi\u00e7a.<\/p>\n<p>Foto: Divulga\u00e7\u00e3o\/SSP-BA<\/p>\n<p>Por: Metro1<\/p>\n","protected":false},"excerpt":{"rendered":"<p>Um homem que estava foraido, com mandado de pris\u00e3o pelo crime de tr\u00e1fico de drogas, foi preso nesta ter\u00e7a-feira (18)<\/p>\n","protected":false},"author":1,"featured_media":2017,"comment_status":"open","ping_status":"open","sticky":false,"template":"","format":"standard","meta":{"colormag_page_container_layout":"default_layout","colormag_page_sidebar_layout":"default_layout","_FSMCFIC_featured_image_caption":"","_FSMCFIC_featured_image_nocaption":"","_FSMCFIC_featured_image_hide":"","footnotes":""},"categories":[3,1],"tags":[],"class_list":["post-2016","post","type-post","status-publish","format-standard","has-post-thumbnail","hentry","category-policia","category-ultimas"],"yoast_head":"<!-- This site is optimized with the Yoast SEO plugin v27.1.1 - https:\/\/yoast.com\/product\/yoast-seo-wordpress\/ -->\n<title>Acusado de tr\u00e1fico, foragido \u00e9 preso no Sub\u00farbio Ferrovi\u00e1rio de Salvador durante rondas da PM - Brasil not\u00edcias<\/title>\n<meta name=\"robots\" content=\"index, follow, max-snippet:-1, max-image-preview:large, max-video-preview:-1\" \/>\n<link rel=\"canonical\" href=\"https:\/\/brasilnoticias.org\/site\/acusado-de-trafico-foragido-e-preso-no-suburbio-ferroviario-de-salvador-durante-rondas-da-pm\/\" \/>\n<meta property=\"og:locale\" content=\"pt_PT\" \/>\n<meta property=\"og:type\" content=\"article\" \/>\n<meta property=\"og:title\" content=\"Acusado de tr\u00e1fico, foragido \u00e9 preso no Sub\u00farbio Ferrovi\u00e1rio de Salvador durante rondas da PM - Brasil not\u00edcias\" \/>\n<meta property=\"og:description\" content=\"Um homem que estava foraido, com mandado de pris\u00e3o pelo crime de tr\u00e1fico de drogas, foi preso nesta ter\u00e7a-feira (18)\" \/>\n<meta property=\"og:url\" content=\"https:\/\/brasilnoticias.org\/site\/acusado-de-trafico-foragido-e-preso-no-suburbio-ferroviario-de-salvador-durante-rondas-da-pm\/\" \/>\n<meta property=\"og:site_name\" content=\"Brasil not\u00edcias\" \/>\n<meta property=\"article:published_time\" content=\"2022-10-20T10:10:22+00:00\" \/>\n<meta property=\"og:image\" content=\"https:\/\/brasilnoticias.org\/site\/wp-content\/uploads\/2022\/10\/129517acusado-de-trafico-foragido-e-preso-no-suburbio-ferroviario-de-salvador-durante-rondas-da-pm-3.jpg\" \/>\n\t<meta property=\"og:image:width\" content=\"1600\" \/>\n\t<meta property=\"og:image:height\" content=\"752\" \/>\n\t<meta property=\"og:image:type\" content=\"image\/jpeg\" \/>\n<meta name=\"author\" content=\"Reda\u00e7\u00e3o\" \/>\n<meta name=\"twitter:card\" content=\"summary_large_image\" \/>\n<meta name=\"twitter:label1\" content=\"Escrito por\" \/>\n\t<meta name=\"twitter:data1\" content=\"Reda\u00e7\u00e3o\" \/>\n\t<meta name=\"twitter:label2\" content=\"Tempo estimado de leitura\" \/>\n\t<meta name=\"twitter:data2\" content=\"1 minuto\" \/>\n<script type=\"application\/ld+json\" class=\"yoast-schema-graph\">{\"@context\":\"https:\/\/schema.org\",\"@graph\":[{\"@type\":\"Article\",\"@id\":\"https:\/\/brasilnoticias.org\/site\/acusado-de-trafico-foragido-e-preso-no-suburbio-ferroviario-de-salvador-durante-rondas-da-pm\/#article\",\"isPartOf\":{\"@id\":\"https:\/\/brasilnoticias.org\/site\/acusado-de-trafico-foragido-e-preso-no-suburbio-ferroviario-de-salvador-durante-rondas-da-pm\/\"},\"author\":{\"name\":\"Reda\u00e7\u00e3o\",\"@id\":\"https:\/\/brasilnoticias.org\/site\/#\/schema\/person\/a0e05b973ec4d15c658d51911e53507b\"},\"headline\":\"Acusado de tr\u00e1fico, foragido \u00e9 preso no Sub\u00farbio Ferrovi\u00e1rio de Salvador durante rondas da PM\",\"datePublished\":\"2022-10-20T10:10:22+00:00\",\"mainEntityOfPage\":{\"@id\":\"https:\/\/brasilnoticias.org\/site\/acusado-de-trafico-foragido-e-preso-no-suburbio-ferroviario-de-salvador-durante-rondas-da-pm\/\"},\"wordCount\":175,\"commentCount\":0,\"publisher\":{\"@id\":\"https:\/\/brasilnoticias.org\/site\/#organization\"},\"image\":{\"@id\":\"https:\/\/brasilnoticias.org\/site\/acusado-de-trafico-foragido-e-preso-no-suburbio-ferroviario-de-salvador-durante-rondas-da-pm\/#primaryimage\"},\"thumbnailUrl\":\"https:\/\/brasilnoticias.org\/site\/wp-content\/uploads\/2022\/10\/129517acusado-de-trafico-foragido-e-preso-no-suburbio-ferroviario-de-salvador-durante-rondas-da-pm-3.jpg\",\"articleSection\":[\"Pol\u00edcia\",\"\u00daltimas\"],\"inLanguage\":\"pt-PT\",\"potentialAction\":[{\"@type\":\"CommentAction\",\"name\":\"Comment\",\"target\":[\"https:\/\/brasilnoticias.org\/site\/acusado-de-trafico-foragido-e-preso-no-suburbio-ferroviario-de-salvador-durante-rondas-da-pm\/#respond\"]}]},{\"@type\":\"WebPage\",\"@id\":\"https:\/\/brasilnoticias.org\/site\/acusado-de-trafico-foragido-e-preso-no-suburbio-ferroviario-de-salvador-durante-rondas-da-pm\/\",\"url\":\"https:\/\/brasilnoticias.org\/site\/acusado-de-trafico-foragido-e-preso-no-suburbio-ferroviario-de-salvador-durante-rondas-da-pm\/\",\"name\":\"Acusado de tr\u00e1fico, foragido \u00e9 preso no Sub\u00farbio Ferrovi\u00e1rio de Salvador durante rondas da PM - Brasil not\u00edcias\",\"isPartOf\":{\"@id\":\"https:\/\/brasilnoticias.org\/site\/#website\"},\"primaryImageOfPage\":{\"@id\":\"https:\/\/brasilnoticias.org\/site\/acusado-de-trafico-foragido-e-preso-no-suburbio-ferroviario-de-salvador-durante-rondas-da-pm\/#primaryimage\"},\"image\":{\"@id\":\"https:\/\/brasilnoticias.org\/site\/acusado-de-trafico-foragido-e-preso-no-suburbio-ferroviario-de-salvador-durante-rondas-da-pm\/#primaryimage\"},\"thumbnailUrl\":\"https:\/\/brasilnoticias.org\/site\/wp-content\/uploads\/2022\/10\/129517acusado-de-trafico-foragido-e-preso-no-suburbio-ferroviario-de-salvador-durante-rondas-da-pm-3.jpg\",\"datePublished\":\"2022-10-20T10:10:22+00:00\",\"breadcrumb\":{\"@id\":\"https:\/\/brasilnoticias.org\/site\/acusado-de-trafico-foragido-e-preso-no-suburbio-ferroviario-de-salvador-durante-rondas-da-pm\/#breadcrumb\"},\"inLanguage\":\"pt-PT\",\"potentialAction\":[{\"@type\":\"ReadAction\",\"target\":[\"https:\/\/brasilnoticias.org\/site\/acusado-de-trafico-foragido-e-preso-no-suburbio-ferroviario-de-salvador-durante-rondas-da-pm\/\"]}]},{\"@type\":\"ImageObject\",\"inLanguage\":\"pt-PT\",\"@id\":\"https:\/\/brasilnoticias.org\/site\/acusado-de-trafico-foragido-e-preso-no-suburbio-ferroviario-de-salvador-durante-rondas-da-pm\/#primaryimage\",\"url\":\"https:\/\/brasilnoticias.org\/site\/wp-content\/uploads\/2022\/10\/129517acusado-de-trafico-foragido-e-preso-no-suburbio-ferroviario-de-salvador-durante-rondas-da-pm-3.jpg\",\"contentUrl\":\"https:\/\/brasilnoticias.org\/site\/wp-content\/uploads\/2022\/10\/129517acusado-de-trafico-foragido-e-preso-no-suburbio-ferroviario-de-salvador-durante-rondas-da-pm-3.jpg\",\"width\":1600,\"height\":752},{\"@type\":\"BreadcrumbList\",\"@id\":\"https:\/\/brasilnoticias.org\/site\/acusado-de-trafico-foragido-e-preso-no-suburbio-ferroviario-de-salvador-durante-rondas-da-pm\/#breadcrumb\",\"itemListElement\":[{\"@type\":\"ListItem\",\"position\":1,\"name\":\"In\u00edcio\",\"item\":\"https:\/\/brasilnoticias.org\/site\/\"},{\"@type\":\"ListItem\",\"position\":2,\"name\":\"Acusado de tr\u00e1fico, foragido \u00e9 preso no Sub\u00farbio Ferrovi\u00e1rio de Salvador durante rondas da PM\"}]},{\"@type\":\"WebSite\",\"@id\":\"https:\/\/brasilnoticias.org\/site\/#website\",\"url\":\"https:\/\/brasilnoticias.org\/site\/\",\"name\":\"Brasil not\u00edcias\",\"description\":\"Brasil not\u00edcias\",\"publisher\":{\"@id\":\"https:\/\/brasilnoticias.org\/site\/#organization\"},\"potentialAction\":[{\"@type\":\"SearchAction\",\"target\":{\"@type\":\"EntryPoint\",\"urlTemplate\":\"https:\/\/brasilnoticias.org\/site\/?s={search_term_string}\"},\"query-input\":{\"@type\":\"PropertyValueSpecification\",\"valueRequired\":true,\"valueName\":\"search_term_string\"}}],\"inLanguage\":\"pt-PT\"},{\"@type\":\"Organization\",\"@id\":\"https:\/\/brasilnoticias.org\/site\/#organization\",\"name\":\"Brasil not\u00edcias\",\"url\":\"https:\/\/brasilnoticias.org\/site\/\",\"logo\":{\"@type\":\"ImageObject\",\"inLanguage\":\"pt-PT\",\"@id\":\"https:\/\/brasilnoticias.org\/site\/#\/schema\/logo\/image\/\",\"url\":\"https:\/\/brasilnoticias.org\/site\/wp-content\/uploads\/2022\/05\/cropped-brasilnoticias-mini.jpg\",\"contentUrl\":\"https:\/\/brasilnoticias.org\/site\/wp-content\/uploads\/2022\/05\/cropped-brasilnoticias-mini.jpg\",\"width\":314,\"height\":86,\"caption\":\"Brasil not\u00edcias\"},\"image\":{\"@id\":\"https:\/\/brasilnoticias.org\/site\/#\/schema\/logo\/image\/\"}},{\"@type\":\"Person\",\"@id\":\"https:\/\/brasilnoticias.org\/site\/#\/schema\/person\/a0e05b973ec4d15c658d51911e53507b\",\"name\":\"Reda\u00e7\u00e3o\",\"image\":{\"@type\":\"ImageObject\",\"inLanguage\":\"pt-PT\",\"@id\":\"https:\/\/brasilnoticias.org\/site\/#\/schema\/person\/image\/\",\"url\":\"https:\/\/secure.gravatar.com\/avatar\/75d8b050df2de108b08ae78dfb8e374892df24a383c67db9c46a9c604f6aee9c?s=96&d=mm&r=g\",\"contentUrl\":\"https:\/\/secure.gravatar.com\/avatar\/75d8b050df2de108b08ae78dfb8e374892df24a383c67db9c46a9c604f6aee9c?s=96&d=mm&r=g\",\"caption\":\"Reda\u00e7\u00e3o\"},\"sameAs\":[\"https:\/\/brasilnoticias.org\/site\"],\"url\":\"https:\/\/brasilnoticias.org\/site\/author\/fernandozsngmail-com\/\"}]}<\/script>\n<!-- \/ Yoast SEO plugin. -->","yoast_head_json":{"title":"Acusado de tr\u00e1fico, foragido \u00e9 preso no Sub\u00farbio Ferrovi\u00e1rio de Salvador durante rondas da PM - Brasil not\u00edcias","robots":{"index":"index","follow":"follow","max-snippet":"max-snippet:-1","max-image-preview":"max-image-preview:large","max-video-preview":"max-video-preview:-1"},"canonical":"https:\/\/brasilnoticias.org\/site\/acusado-de-trafico-foragido-e-preso-no-suburbio-ferroviario-de-salvador-durante-rondas-da-pm\/","og_locale":"pt_PT","og_type":"article","og_title":"Acusado de tr\u00e1fico, foragido \u00e9 preso no Sub\u00farbio Ferrovi\u00e1rio de Salvador durante rondas da PM - Brasil not\u00edcias","og_description":"Um homem que estava foraido, com mandado de pris\u00e3o pelo crime de tr\u00e1fico de drogas, foi preso nesta ter\u00e7a-feira (18)","og_url":"https:\/\/brasilnoticias.org\/site\/acusado-de-trafico-foragido-e-preso-no-suburbio-ferroviario-de-salvador-durante-rondas-da-pm\/","og_site_name":"Brasil not\u00edcias","article_published_time":"2022-10-20T10:10:22+00:00","og_image":[{"width":1600,"height":752,"url":"https:\/\/brasilnoticias.org\/site\/wp-content\/uploads\/2022\/10\/129517acusado-de-trafico-foragido-e-preso-no-suburbio-ferroviario-de-salvador-durante-rondas-da-pm-3.jpg","type":"image\/jpeg"}],"author":"Reda\u00e7\u00e3o","twitter_card":"summary_large_image","twitter_misc":{"Escrito por":"Reda\u00e7\u00e3o","Tempo estimado de leitura":"1 minuto"},"schema":{"@context":"https:\/\/schema.org","@graph":[{"@type":"Article","@id":"https:\/\/brasilnoticias.org\/site\/acusado-de-trafico-foragido-e-preso-no-suburbio-ferroviario-de-salvador-durante-rondas-da-pm\/#article","isPartOf":{"@id":"https:\/\/brasilnoticias.org\/site\/acusado-de-trafico-foragido-e-preso-no-suburbio-ferroviario-de-salvador-durante-rondas-da-pm\/"},"author":{"name":"Reda\u00e7\u00e3o","@id":"https:\/\/brasilnoticias.org\/site\/#\/schema\/person\/a0e05b973ec4d15c658d51911e53507b"},"headline":"Acusado de tr\u00e1fico, foragido \u00e9 preso no Sub\u00farbio Ferrovi\u00e1rio de Salvador durante rondas da PM","datePublished":"2022-10-20T10:10:22+00:00","mainEntityOfPage":{"@id":"https:\/\/brasilnoticias.org\/site\/acusado-de-trafico-foragido-e-preso-no-suburbio-ferroviario-de-salvador-durante-rondas-da-pm\/"},"wordCount":175,"commentCount":0,"publisher":{"@id":"https:\/\/brasilnoticias.org\/site\/#organization"},"image":{"@id":"https:\/\/brasilnoticias.org\/site\/acusado-de-trafico-foragido-e-preso-no-suburbio-ferroviario-de-salvador-durante-rondas-da-pm\/#primaryimage"},"thumbnailUrl":"https:\/\/brasilnoticias.org\/site\/wp-content\/uploads\/2022\/10\/129517acusado-de-trafico-foragido-e-preso-no-suburbio-ferroviario-de-salvador-durante-rondas-da-pm-3.jpg","articleSection":["Pol\u00edcia","\u00daltimas"],"inLanguage":"pt-PT","potentialAction":[{"@type":"CommentAction","name":"Comment","target":["https:\/\/brasilnoticias.org\/site\/acusado-de-trafico-foragido-e-preso-no-suburbio-ferroviario-de-salvador-durante-rondas-da-pm\/#respond"]}]},{"@type":"WebPage","@id":"https:\/\/brasilnoticias.org\/site\/acusado-de-trafico-foragido-e-preso-no-suburbio-ferroviario-de-salvador-durante-rondas-da-pm\/","url":"https:\/\/brasilnoticias.org\/site\/acusado-de-trafico-foragido-e-preso-no-suburbio-ferroviario-de-salvador-durante-rondas-da-pm\/","name":"Acusado de tr\u00e1fico, foragido \u00e9 preso no Sub\u00farbio Ferrovi\u00e1rio de Salvador durante rondas da PM - Brasil not\u00edcias","isPartOf":{"@id":"https:\/\/brasilnoticias.org\/site\/#website"},"primaryImageOfPage":{"@id":"https:\/\/brasilnoticias.org\/site\/acusado-de-trafico-foragido-e-preso-no-suburbio-ferroviario-de-salvador-durante-rondas-da-pm\/#primaryimage"},"image":{"@id":"https:\/\/brasilnoticias.org\/site\/acusado-de-trafico-foragido-e-preso-no-suburbio-ferroviario-de-salvador-durante-rondas-da-pm\/#primaryimage"},"thumbnailUrl":"https:\/\/brasilnoticias.org\/site\/wp-content\/uploads\/2022\/10\/129517acusado-de-trafico-foragido-e-preso-no-suburbio-ferroviario-de-salvador-durante-rondas-da-pm-3.jpg","datePublished":"2022-10-20T10:10:22+00:00","breadcrumb":{"@id":"https:\/\/brasilnoticias.org\/site\/acusado-de-trafico-foragido-e-preso-no-suburbio-ferroviario-de-salvador-durante-rondas-da-pm\/#breadcrumb"},"inLanguage":"pt-PT","potentialAction":[{"@type":"ReadAction","target":["https:\/\/brasilnoticias.org\/site\/acusado-de-trafico-foragido-e-preso-no-suburbio-ferroviario-de-salvador-durante-rondas-da-pm\/"]}]},{"@type":"ImageObject","inLanguage":"pt-PT","@id":"https:\/\/brasilnoticias.org\/site\/acusado-de-trafico-foragido-e-preso-no-suburbio-ferroviario-de-salvador-durante-rondas-da-pm\/#primaryimage","url":"https:\/\/brasilnoticias.org\/site\/wp-content\/uploads\/2022\/10\/129517acusado-de-trafico-foragido-e-preso-no-suburbio-ferroviario-de-salvador-durante-rondas-da-pm-3.jpg","contentUrl":"https:\/\/brasilnoticias.org\/site\/wp-content\/uploads\/2022\/10\/129517acusado-de-trafico-foragido-e-preso-no-suburbio-ferroviario-de-salvador-durante-rondas-da-pm-3.jpg","width":1600,"height":752},{"@type":"BreadcrumbList","@id":"https:\/\/brasilnoticias.org\/site\/acusado-de-trafico-foragido-e-preso-no-suburbio-ferroviario-de-salvador-durante-rondas-da-pm\/#breadcrumb","itemListElement":[{"@type":"ListItem","position":1,"name":"In\u00edcio","item":"https:\/\/brasilnoticias.org\/site\/"},{"@type":"ListItem","position":2,"name":"Acusado de tr\u00e1fico, foragido \u00e9 preso no Sub\u00farbio Ferrovi\u00e1rio de Salvador durante rondas da PM"}]},{"@type":"WebSite","@id":"https:\/\/brasilnoticias.org\/site\/#website","url":"https:\/\/brasilnoticias.org\/site\/","name":"Brasil not\u00edcias","description":"Brasil not\u00edcias","publisher":{"@id":"https:\/\/brasilnoticias.org\/site\/#organization"},"potentialAction":[{"@type":"SearchAction","target":{"@type":"EntryPoint","urlTemplate":"https:\/\/brasilnoticias.org\/site\/?s={search_term_string}"},"query-input":{"@type":"PropertyValueSpecification","valueRequired":true,"valueName":"search_term_string"}}],"inLanguage":"pt-PT"},{"@type":"Organization","@id":"https:\/\/brasilnoticias.org\/site\/#organization","name":"Brasil not\u00edcias","url":"https:\/\/brasilnoticias.org\/site\/","logo":{"@type":"ImageObject","inLanguage":"pt-PT","@id":"https:\/\/brasilnoticias.org\/site\/#\/schema\/logo\/image\/","url":"https:\/\/brasilnoticias.org\/site\/wp-content\/uploads\/2022\/05\/cropped-brasilnoticias-mini.jpg","contentUrl":"https:\/\/brasilnoticias.org\/site\/wp-content\/uploads\/2022\/05\/cropped-brasilnoticias-mini.jpg","width":314,"height":86,"caption":"Brasil not\u00edcias"},"image":{"@id":"https:\/\/brasilnoticias.org\/site\/#\/schema\/logo\/image\/"}},{"@type":"Person","@id":"https:\/\/brasilnoticias.org\/site\/#\/schema\/person\/a0e05b973ec4d15c658d51911e53507b","name":"Reda\u00e7\u00e3o","image":{"@type":"ImageObject","inLanguage":"pt-PT","@id":"https:\/\/brasilnoticias.org\/site\/#\/schema\/person\/image\/","url":"https:\/\/secure.gravatar.com\/avatar\/75d8b050df2de108b08ae78dfb8e374892df24a383c67db9c46a9c604f6aee9c?s=96&d=mm&r=g","contentUrl":"https:\/\/secure.gravatar.com\/avatar\/75d8b050df2de108b08ae78dfb8e374892df24a383c67db9c46a9c604f6aee9c?s=96&d=mm&r=g","caption":"Reda\u00e7\u00e3o"},"sameAs":["https:\/\/brasilnoticias.org\/site"],"url":"https:\/\/brasilnoticias.org\/site\/author\/fernandozsngmail-com\/"}]}},"_links":{"self":[{"href":"https:\/\/brasilnoticias.org\/site\/wp-json\/wp\/v2\/posts\/2016","targetHints":{"allow":["GET"]}}],"collection":[{"href":"https:\/\/brasilnoticias.org\/site\/wp-json\/wp\/v2\/posts"}],"about":[{"href":"https:\/\/brasilnoticias.org\/site\/wp-json\/wp\/v2\/types\/post"}],"author":[{"embeddable":true,"href":"https:\/\/brasilnoticias.org\/site\/wp-json\/wp\/v2\/users\/1"}],"replies":[{"embeddable":true,"href":"https:\/\/brasilnoticias.org\/site\/wp-json\/wp\/v2\/comments?post=2016"}],"version-history":[{"count":1,"href":"https:\/\/brasilnoticias.org\/site\/wp-json\/wp\/v2\/posts\/2016\/revisions"}],"predecessor-version":[{"id":2018,"href":"https:\/\/brasilnoticias.org\/site\/wp-json\/wp\/v2\/posts\/2016\/revisions\/2018"}],"wp:featuredmedia":[{"embeddable":true,"href":"https:\/\/brasilnoticias.org\/site\/wp-json\/wp\/v2\/media\/2017"}],"wp:attachment":[{"href":"https:\/\/brasilnoticias.org\/site\/wp-json\/wp\/v2\/media?parent=2016"}],"wp:term":[{"taxonomy":"category","embeddable":true,"href":"https:\/\/brasilnoticias.org\/site\/wp-json\/wp\/v2\/categories?post=2016"},{"taxonomy":"post_tag","embeddable":true,"href":"https:\/\/brasilnoticias.org\/site\/wp-json\/wp\/v2\/tags?post=2016"}],"curies":[{"name":"wp","href":"https:\/\/api.w.org\/{rel}","templated":true}]}}