{"id":20160,"date":"2026-02-05T06:37:44","date_gmt":"2026-02-05T09:37:44","guid":{"rendered":"https:\/\/brasilnoticias.org\/site\/?p=20160"},"modified":"2026-02-05T06:37:44","modified_gmt":"2026-02-05T09:37:44","slug":"sem-reacao-vitoria-sofre-goleada-para-o-palmeiras-pelo-brasileirao","status":"publish","type":"post","link":"https:\/\/brasilnoticias.org\/site\/sem-reacao-vitoria-sofre-goleada-para-o-palmeiras-pelo-brasileirao\/","title":{"rendered":"Sem rea\u00e7\u00e3o, Vit\u00f3ria sofre goleada para o Palmeiras pelo Brasileir\u00e3o"},"content":{"rendered":"<p>O Vit\u00f3ria conheceu sua primeira derrota no Campeonato Brasileiro de 2026. Na noite desta quarta-feira (4), o Le\u00e3o foi goleado pelo Palmeiras por 5 a 1, na Arena Barueri, pela segunda rodada da competi\u00e7\u00e3o nacional. Murilo, Gustavo G\u00f3mez e Maur\u00edcio marcaram no primeiro tempo, depois Maur\u00edcio e Ram\u00f3n Sosa fecharam a conta dos donos da casa na etapa complementar. Enquanto que Dudu diminuiu para o time baiano.<\/p>\n<p>Com o resultado os dois times trocaram de posi\u00e7\u00f5es. Estacionado nos tr\u00eas, o Rubro-Negro caiu para o 10\u00ba lugar na tabela de classifica\u00e7\u00e3o. Enquanto que o Verd\u00e3o somou quatro e saltou para a terceira coloca\u00e7\u00e3o.<\/p>\n<p>O Vit\u00f3ria volta a jogar pelo Brasileir\u00e3o na pr\u00f3xima ter\u00e7a (10), \u00e0s 21h30, para enfrentar outra pedreira, o Flamengo, mas desta vez, no Barrad\u00e3o, pela terceira rodada. Mas antes disso, o Le\u00e3o vira a chave para o Baian\u00e3o, onde ocupa o terceiro lugar na tabela com nove pontos. A equipe encara o Jequi\u00e9, que \u00e9 o segundo com 10, no s\u00e1bado (7), \u00e0s 16h, no Waldomir\u00e3o, pela s\u00e9tima jornada do estadual.<\/p>\n<p>Primeiro tempo<\/p>\n<p>Logo aos tr\u00eas minutos, Cantalapiedra teve boa chance para marcar ao receber na \u00e1rea, mas demorou para chutar e acabou sendo desarmado. O Verd\u00e3o respondeu com uma jogada perigos\u00edssima aos 10 minutos. Bola levantada na \u00e1rea do time baiano, Neris desviou para tr\u00e1s ao tentar cortar e Gustavo G\u00f3mez completa de cabe\u00e7a e a bola bate no p\u00e9 da trave de Gabriel antes de sair. Quatro minutos depois, o time paulista chegou novamente. Cruzamento de Piquerez e Allan desvia para o gol, mas Gabriel faz a defesa. O Le\u00e3o teve bom lance aos 16 minutos na bola levantada na \u00e1rea por Cantalapiedra na cobran\u00e7a de falta, mas ningu\u00e9m conseguiu desviar e a bola caiu nos bra\u00e7os de Carlos Miguel. No minuto seguinte, a equipe paulista quase marcou ap\u00f3s confus\u00e3o na \u00e1rea, a bola sobrou para Flaco L\u00f3pez que finalizou e Ca\u00edque Gon\u00e7alves salvou o Rubro-Negro ao tirar em cima da linha.<\/p>\n<p>Murilo abre o placar para o Verd\u00e3o<br \/>\nO Palmeiras saiu na frente com Murilo aos 23 minutos. Escanteio batido por Andreas Pereira e o zagueiro cabeceou, a bola ainda desviou em Z\u00e9 Marcos para matar Gabriel no lance e entrar no fundo das redes. Palmeiras 1&#215;0 Vit\u00f3ria<\/p>\n<p>Gustavo G\u00f3mes amplia para o Verd\u00e3o<br \/>\nO Palmeiras abriu 2 a 0 no placar com Gustavo G\u00f3mez aos 27 minutos. Bola levantada na \u00e1rea, Murilo desvia de cabe\u00e7a e o capit\u00e3o do time paulista toca na sa\u00edda de Gabriel para balan\u00e7ar as redes. Palmeiras 2&#215;0 Vit\u00f3ria<\/p>\n<p>O Rubro-Negro criou grande chance aos 37 minutos. Erick descolou bom passe para Cantalapiedra na \u00e1rea que finalizou, mas Carlos Miguel fez boa defesa.<\/p>\n<p>Maur\u00edcio faz o terceiro dos paulistas<br \/>\nO Palmeiras voltou a marcar com Maur\u00edcio aos 49 minutos. Andreas Pereira tocou para Piquerez, que devolveu para o camisa 8. Ele ajeitou de calcanhar para o lateral cruzar rasteiro e o meia empurrou para o fundo das redes. Palmeiras 3&#215;0 Vit\u00f3ria<\/p>\n<p>Ap\u00f3s o encerramento da etapa inicial, o t\u00e9cnico Jair Ventura recebeu cart\u00e3o amarelo por reclama\u00e7\u00e3o.<\/p>\n<p>Segundo tempo<\/p>\n<p>O Vit\u00f3ria voltou dos vesti\u00e1rios com duas modifica\u00e7\u00f5es. Jair Ventura tirou Nathan Mendes e Riccieli para as entradas de Mateus Silva e Dudu, respectivamente. Enquanto o Palmeiras manteve a mesma forma\u00e7\u00e3o. Com um minuto de bola rolando, os jogadores do Alviverde pediram p\u00eanalti apontando que a bola havia batido no bra\u00e7o de Mateus Silva. Mas o \u00e1rbitro mandou o jogo seguir. Aos dois minutos, o Le\u00e3o quase marcou o primeiro gol. Lan\u00e7amento de Gabriel para Fabri que partiu em velocidade, viu Carlos Miguel adiantado e bateu cruzado. A bola desviou nas pernas do goleiro e ia entrando, mas Khellven tirou em cima da linha.<\/p>\n<p>Dudu diminui para o Le\u00e3o<br \/>\nO Vit\u00f3ria descontou com Dudu aos 10 minutos. Jogada trabalhada pelo Rubro-Negro, o camisa 21 tabela, invade a \u00e1rea e solta uma bomba para estufar as redes. Palmeiras 3&#215;1 Vit\u00f3ria<\/p>\n<p>O Verd\u00e3o respondeu carimbando o travess\u00e3o de Gabriel no chute forte de Piquerez. Ap\u00f3s explodir na trave, a bola bate perto da linha e sai.<\/p>\n<p>Allan faz o quarto do time paulista<br \/>\nO Palmeiras transformou a vit\u00f3ria em goleada com o gol de Allan aos 17 minutos. O camisa 40 recebeu na ponta direita, carregou para o meio e bateu de fora da \u00e1rea no canto direito de Gabriel. Palmeiras 4&#215;1 Vit\u00f3ria<\/p>\n<p>Os jogadores do Verd\u00e3o pediram p\u00eanalti mais uma vez aos 28 minutos, desta vez em cima de Vitor Roque, que caiu na \u00e1rea na disputa com dois defensores do Le\u00e3o. Mas ap\u00f3s checagem do VAR, o \u00e1rbitro S\u00e1vio Pereira Sampaio mandou o jogo seguir.<\/p>\n<p>Sosa faz o quinto para os paulistas<br \/>\nO Palmeiras marcou o quinto gol com Ram\u00f3n Sosa aos 34 minutos. O atacante finalizou de fora da \u00e1rea, a bola desviou em Luan C\u00e2ndido e encobriu Gabriel. Palmeiras 5&#215;1 Vit\u00f3ria<\/p>\n<p>FICHA T\u00c9CNICA<br \/>\nPalmeiras 5&#215;1 Vit\u00f3ria<br \/>\nCampeonato Brasileiro \u2013 2\u00aa rodada<br \/>\nLocal: Arena Barueri, em Barueri (SP)<br \/>\nData: 04\/02\/2025 (quarta-feira)<br \/>\nHor\u00e1rio: 21h30<br \/>\n\u00c1rbitro: Savio Pereira Sampaio (DF)<br \/>\nAssistentes: Bruno Boschilia (PR) e Leila Naiara Moreira da Cruz (DF)<br \/>\nVAR: Daniel Nobre Bins (RS)<br \/>\nCart\u00e3o amarelo: Allan (Palmeiras) \/ Nathan Mendes, Jair Ventura, Ram\u00f3n, Z\u00e9 Marcos, Lawan (Vit\u00f3ria)<\/p>\n<p>Gols: Murilo, Gustavo G\u00f3mez, Maur\u00edcio, Allan, Ram\u00f3n Sosa (Palmeiras) \/ Dudu (Vit\u00f3ria)<\/p>\n<p>Palmeiras: Carlos Miguel; Khellven, Gustavo G\u00f3mez, Murilo e Piquerez; Marlon Freitas, Andreas Pereira (Luis Pacheco) e Mauricio (Larson); Allan (Ram\u00f3n Sosa), Flaco L\u00f3pez (Bruno Rodrigues) e Vitor Roque (Luighi). T\u00e9cnico: Abel Ferreira.<\/p>\n<p>Vit\u00f3ria: Gabriel; Nathan Mendes (Mateus Silva), Riccieli (Dudu), Neris, Z\u00e9 Marcos (Luan C\u00e2ndido) e Ram\u00f3n; Baralhas e Ca\u00edque Gon\u00e7alves; Aitor Cantalapiedra, Erick (Matheuzinho) e Fabri (Lawan). T\u00e9cnico: Jair Ventura.<\/p>\n<p>Foto: Victor Ferreira\/EC Vit\u00f3ria<br \/>\nFonte: Metro1  <\/p>\n","protected":false},"excerpt":{"rendered":"<p>O Vit\u00f3ria conheceu sua primeira derrota no Campeonato Brasileiro de 2026. Na noite desta quarta-feira (4), o Le\u00e3o foi goleado<\/p>\n","protected":false},"author":4,"featured_media":20161,"comment_status":"open","ping_status":"open","sticky":false,"template":"","format":"standard","meta":{"colormag_page_container_layout":"default_layout","colormag_page_sidebar_layout":"default_layout","_FSMCFIC_featured_image_caption":"","_FSMCFIC_featured_image_nocaption":"","_FSMCFIC_featured_image_hide":"","footnotes":""},"categories":[4,1],"tags":[],"class_list":["post-20160","post","type-post","status-publish","format-standard","has-post-thumbnail","hentry","category-esporte","category-ultimas"],"yoast_head":"<!-- This site is optimized with the Yoast SEO plugin v27.1.1 - https:\/\/yoast.com\/product\/yoast-seo-wordpress\/ -->\n<title>Sem rea\u00e7\u00e3o, Vit\u00f3ria sofre goleada para o Palmeiras pelo Brasileir\u00e3o - Brasil not\u00edcias<\/title>\n<meta name=\"robots\" content=\"index, follow, max-snippet:-1, max-image-preview:large, max-video-preview:-1\" \/>\n<link rel=\"canonical\" href=\"https:\/\/brasilnoticias.org\/site\/sem-reacao-vitoria-sofre-goleada-para-o-palmeiras-pelo-brasileirao\/\" \/>\n<meta property=\"og:locale\" content=\"pt_PT\" \/>\n<meta property=\"og:type\" content=\"article\" \/>\n<meta property=\"og:title\" content=\"Sem rea\u00e7\u00e3o, Vit\u00f3ria sofre goleada para o Palmeiras pelo Brasileir\u00e3o - Brasil not\u00edcias\" \/>\n<meta property=\"og:description\" content=\"O Vit\u00f3ria conheceu sua primeira derrota no Campeonato Brasileiro de 2026. Na noite desta quarta-feira (4), o Le\u00e3o foi goleado\" \/>\n<meta property=\"og:url\" content=\"https:\/\/brasilnoticias.org\/site\/sem-reacao-vitoria-sofre-goleada-para-o-palmeiras-pelo-brasileirao\/\" \/>\n<meta property=\"og:site_name\" content=\"Brasil not\u00edcias\" \/>\n<meta property=\"article:published_time\" content=\"2026-02-05T09:37:44+00:00\" \/>\n<meta property=\"og:image\" content=\"https:\/\/brasilnoticias.org\/site\/wp-content\/uploads\/2026\/02\/177290sem-reacao-vitoria-sofre-goleada-para-o-palmeiras-pelo-brasileirao-3.jpg\" \/>\n\t<meta property=\"og:image:width\" content=\"1600\" \/>\n\t<meta property=\"og:image:height\" content=\"752\" \/>\n\t<meta property=\"og:image:type\" content=\"image\/jpeg\" \/>\n<meta name=\"author\" content=\"Reda\u00e7\u00e3o\" \/>\n<meta name=\"twitter:card\" content=\"summary_large_image\" \/>\n<meta name=\"twitter:label1\" content=\"Escrito por\" \/>\n\t<meta name=\"twitter:data1\" content=\"Reda\u00e7\u00e3o\" \/>\n\t<meta name=\"twitter:label2\" content=\"Tempo estimado de leitura\" \/>\n\t<meta name=\"twitter:data2\" content=\"1 minuto\" \/>\n<script type=\"application\/ld+json\" class=\"yoast-schema-graph\">{\"@context\":\"https:\/\/schema.org\",\"@graph\":[{\"@type\":\"Article\",\"@id\":\"https:\/\/brasilnoticias.org\/site\/sem-reacao-vitoria-sofre-goleada-para-o-palmeiras-pelo-brasileirao\/#article\",\"isPartOf\":{\"@id\":\"https:\/\/brasilnoticias.org\/site\/sem-reacao-vitoria-sofre-goleada-para-o-palmeiras-pelo-brasileirao\/\"},\"author\":{\"name\":\"Reda\u00e7\u00e3o\",\"@id\":\"https:\/\/brasilnoticias.org\/site\/#\/schema\/person\/03bbbfe6c7634ad18c26444ea39049fa\"},\"headline\":\"Sem rea\u00e7\u00e3o, Vit\u00f3ria sofre goleada para o Palmeiras pelo Brasileir\u00e3o\",\"datePublished\":\"2026-02-05T09:37:44+00:00\",\"mainEntityOfPage\":{\"@id\":\"https:\/\/brasilnoticias.org\/site\/sem-reacao-vitoria-sofre-goleada-para-o-palmeiras-pelo-brasileirao\/\"},\"wordCount\":1020,\"commentCount\":0,\"publisher\":{\"@id\":\"https:\/\/brasilnoticias.org\/site\/#organization\"},\"image\":{\"@id\":\"https:\/\/brasilnoticias.org\/site\/sem-reacao-vitoria-sofre-goleada-para-o-palmeiras-pelo-brasileirao\/#primaryimage\"},\"thumbnailUrl\":\"https:\/\/brasilnoticias.org\/site\/wp-content\/uploads\/2026\/02\/177290sem-reacao-vitoria-sofre-goleada-para-o-palmeiras-pelo-brasileirao-3.jpg\",\"articleSection\":[\"Esporte\",\"\u00daltimas\"],\"inLanguage\":\"pt-PT\",\"potentialAction\":[{\"@type\":\"CommentAction\",\"name\":\"Comment\",\"target\":[\"https:\/\/brasilnoticias.org\/site\/sem-reacao-vitoria-sofre-goleada-para-o-palmeiras-pelo-brasileirao\/#respond\"]}]},{\"@type\":\"WebPage\",\"@id\":\"https:\/\/brasilnoticias.org\/site\/sem-reacao-vitoria-sofre-goleada-para-o-palmeiras-pelo-brasileirao\/\",\"url\":\"https:\/\/brasilnoticias.org\/site\/sem-reacao-vitoria-sofre-goleada-para-o-palmeiras-pelo-brasileirao\/\",\"name\":\"Sem rea\u00e7\u00e3o, Vit\u00f3ria sofre goleada para o Palmeiras pelo Brasileir\u00e3o - Brasil not\u00edcias\",\"isPartOf\":{\"@id\":\"https:\/\/brasilnoticias.org\/site\/#website\"},\"primaryImageOfPage\":{\"@id\":\"https:\/\/brasilnoticias.org\/site\/sem-reacao-vitoria-sofre-goleada-para-o-palmeiras-pelo-brasileirao\/#primaryimage\"},\"image\":{\"@id\":\"https:\/\/brasilnoticias.org\/site\/sem-reacao-vitoria-sofre-goleada-para-o-palmeiras-pelo-brasileirao\/#primaryimage\"},\"thumbnailUrl\":\"https:\/\/brasilnoticias.org\/site\/wp-content\/uploads\/2026\/02\/177290sem-reacao-vitoria-sofre-goleada-para-o-palmeiras-pelo-brasileirao-3.jpg\",\"datePublished\":\"2026-02-05T09:37:44+00:00\",\"breadcrumb\":{\"@id\":\"https:\/\/brasilnoticias.org\/site\/sem-reacao-vitoria-sofre-goleada-para-o-palmeiras-pelo-brasileirao\/#breadcrumb\"},\"inLanguage\":\"pt-PT\",\"potentialAction\":[{\"@type\":\"ReadAction\",\"target\":[\"https:\/\/brasilnoticias.org\/site\/sem-reacao-vitoria-sofre-goleada-para-o-palmeiras-pelo-brasileirao\/\"]}]},{\"@type\":\"ImageObject\",\"inLanguage\":\"pt-PT\",\"@id\":\"https:\/\/brasilnoticias.org\/site\/sem-reacao-vitoria-sofre-goleada-para-o-palmeiras-pelo-brasileirao\/#primaryimage\",\"url\":\"https:\/\/brasilnoticias.org\/site\/wp-content\/uploads\/2026\/02\/177290sem-reacao-vitoria-sofre-goleada-para-o-palmeiras-pelo-brasileirao-3.jpg\",\"contentUrl\":\"https:\/\/brasilnoticias.org\/site\/wp-content\/uploads\/2026\/02\/177290sem-reacao-vitoria-sofre-goleada-para-o-palmeiras-pelo-brasileirao-3.jpg\",\"width\":1600,\"height\":752},{\"@type\":\"BreadcrumbList\",\"@id\":\"https:\/\/brasilnoticias.org\/site\/sem-reacao-vitoria-sofre-goleada-para-o-palmeiras-pelo-brasileirao\/#breadcrumb\",\"itemListElement\":[{\"@type\":\"ListItem\",\"position\":1,\"name\":\"In\u00edcio\",\"item\":\"https:\/\/brasilnoticias.org\/site\/\"},{\"@type\":\"ListItem\",\"position\":2,\"name\":\"Sem rea\u00e7\u00e3o, Vit\u00f3ria sofre goleada para o Palmeiras pelo Brasileir\u00e3o\"}]},{\"@type\":\"WebSite\",\"@id\":\"https:\/\/brasilnoticias.org\/site\/#website\",\"url\":\"https:\/\/brasilnoticias.org\/site\/\",\"name\":\"Brasil not\u00edcias\",\"description\":\"Brasil not\u00edcias\",\"publisher\":{\"@id\":\"https:\/\/brasilnoticias.org\/site\/#organization\"},\"potentialAction\":[{\"@type\":\"SearchAction\",\"target\":{\"@type\":\"EntryPoint\",\"urlTemplate\":\"https:\/\/brasilnoticias.org\/site\/?s={search_term_string}\"},\"query-input\":{\"@type\":\"PropertyValueSpecification\",\"valueRequired\":true,\"valueName\":\"search_term_string\"}}],\"inLanguage\":\"pt-PT\"},{\"@type\":\"Organization\",\"@id\":\"https:\/\/brasilnoticias.org\/site\/#organization\",\"name\":\"Brasil not\u00edcias\",\"url\":\"https:\/\/brasilnoticias.org\/site\/\",\"logo\":{\"@type\":\"ImageObject\",\"inLanguage\":\"pt-PT\",\"@id\":\"https:\/\/brasilnoticias.org\/site\/#\/schema\/logo\/image\/\",\"url\":\"https:\/\/brasilnoticias.org\/site\/wp-content\/uploads\/2022\/05\/cropped-brasilnoticias-mini.jpg\",\"contentUrl\":\"https:\/\/brasilnoticias.org\/site\/wp-content\/uploads\/2022\/05\/cropped-brasilnoticias-mini.jpg\",\"width\":314,\"height\":86,\"caption\":\"Brasil not\u00edcias\"},\"image\":{\"@id\":\"https:\/\/brasilnoticias.org\/site\/#\/schema\/logo\/image\/\"}},{\"@type\":\"Person\",\"@id\":\"https:\/\/brasilnoticias.org\/site\/#\/schema\/person\/03bbbfe6c7634ad18c26444ea39049fa\",\"name\":\"Reda\u00e7\u00e3o\",\"image\":{\"@type\":\"ImageObject\",\"inLanguage\":\"pt-PT\",\"@id\":\"https:\/\/brasilnoticias.org\/site\/#\/schema\/person\/image\/\",\"url\":\"https:\/\/secure.gravatar.com\/avatar\/9ecaf7327a696cb23ad926fedded5f1f04d7049de9e445375d55b48c001a6e42?s=96&d=mm&r=g\",\"contentUrl\":\"https:\/\/secure.gravatar.com\/avatar\/9ecaf7327a696cb23ad926fedded5f1f04d7049de9e445375d55b48c001a6e42?s=96&d=mm&r=g\",\"caption\":\"Reda\u00e7\u00e3o\"},\"url\":\"https:\/\/brasilnoticias.org\/site\/author\/henrique\/\"}]}<\/script>\n<!-- \/ Yoast SEO plugin. -->","yoast_head_json":{"title":"Sem rea\u00e7\u00e3o, Vit\u00f3ria sofre goleada para o Palmeiras pelo Brasileir\u00e3o - Brasil not\u00edcias","robots":{"index":"index","follow":"follow","max-snippet":"max-snippet:-1","max-image-preview":"max-image-preview:large","max-video-preview":"max-video-preview:-1"},"canonical":"https:\/\/brasilnoticias.org\/site\/sem-reacao-vitoria-sofre-goleada-para-o-palmeiras-pelo-brasileirao\/","og_locale":"pt_PT","og_type":"article","og_title":"Sem rea\u00e7\u00e3o, Vit\u00f3ria sofre goleada para o Palmeiras pelo Brasileir\u00e3o - Brasil not\u00edcias","og_description":"O Vit\u00f3ria conheceu sua primeira derrota no Campeonato Brasileiro de 2026. Na noite desta quarta-feira (4), o Le\u00e3o foi goleado","og_url":"https:\/\/brasilnoticias.org\/site\/sem-reacao-vitoria-sofre-goleada-para-o-palmeiras-pelo-brasileirao\/","og_site_name":"Brasil not\u00edcias","article_published_time":"2026-02-05T09:37:44+00:00","og_image":[{"width":1600,"height":752,"url":"https:\/\/brasilnoticias.org\/site\/wp-content\/uploads\/2026\/02\/177290sem-reacao-vitoria-sofre-goleada-para-o-palmeiras-pelo-brasileirao-3.jpg","type":"image\/jpeg"}],"author":"Reda\u00e7\u00e3o","twitter_card":"summary_large_image","twitter_misc":{"Escrito por":"Reda\u00e7\u00e3o","Tempo estimado de leitura":"1 minuto"},"schema":{"@context":"https:\/\/schema.org","@graph":[{"@type":"Article","@id":"https:\/\/brasilnoticias.org\/site\/sem-reacao-vitoria-sofre-goleada-para-o-palmeiras-pelo-brasileirao\/#article","isPartOf":{"@id":"https:\/\/brasilnoticias.org\/site\/sem-reacao-vitoria-sofre-goleada-para-o-palmeiras-pelo-brasileirao\/"},"author":{"name":"Reda\u00e7\u00e3o","@id":"https:\/\/brasilnoticias.org\/site\/#\/schema\/person\/03bbbfe6c7634ad18c26444ea39049fa"},"headline":"Sem rea\u00e7\u00e3o, Vit\u00f3ria sofre goleada para o Palmeiras pelo Brasileir\u00e3o","datePublished":"2026-02-05T09:37:44+00:00","mainEntityOfPage":{"@id":"https:\/\/brasilnoticias.org\/site\/sem-reacao-vitoria-sofre-goleada-para-o-palmeiras-pelo-brasileirao\/"},"wordCount":1020,"commentCount":0,"publisher":{"@id":"https:\/\/brasilnoticias.org\/site\/#organization"},"image":{"@id":"https:\/\/brasilnoticias.org\/site\/sem-reacao-vitoria-sofre-goleada-para-o-palmeiras-pelo-brasileirao\/#primaryimage"},"thumbnailUrl":"https:\/\/brasilnoticias.org\/site\/wp-content\/uploads\/2026\/02\/177290sem-reacao-vitoria-sofre-goleada-para-o-palmeiras-pelo-brasileirao-3.jpg","articleSection":["Esporte","\u00daltimas"],"inLanguage":"pt-PT","potentialAction":[{"@type":"CommentAction","name":"Comment","target":["https:\/\/brasilnoticias.org\/site\/sem-reacao-vitoria-sofre-goleada-para-o-palmeiras-pelo-brasileirao\/#respond"]}]},{"@type":"WebPage","@id":"https:\/\/brasilnoticias.org\/site\/sem-reacao-vitoria-sofre-goleada-para-o-palmeiras-pelo-brasileirao\/","url":"https:\/\/brasilnoticias.org\/site\/sem-reacao-vitoria-sofre-goleada-para-o-palmeiras-pelo-brasileirao\/","name":"Sem rea\u00e7\u00e3o, Vit\u00f3ria sofre goleada para o Palmeiras pelo Brasileir\u00e3o - Brasil not\u00edcias","isPartOf":{"@id":"https:\/\/brasilnoticias.org\/site\/#website"},"primaryImageOfPage":{"@id":"https:\/\/brasilnoticias.org\/site\/sem-reacao-vitoria-sofre-goleada-para-o-palmeiras-pelo-brasileirao\/#primaryimage"},"image":{"@id":"https:\/\/brasilnoticias.org\/site\/sem-reacao-vitoria-sofre-goleada-para-o-palmeiras-pelo-brasileirao\/#primaryimage"},"thumbnailUrl":"https:\/\/brasilnoticias.org\/site\/wp-content\/uploads\/2026\/02\/177290sem-reacao-vitoria-sofre-goleada-para-o-palmeiras-pelo-brasileirao-3.jpg","datePublished":"2026-02-05T09:37:44+00:00","breadcrumb":{"@id":"https:\/\/brasilnoticias.org\/site\/sem-reacao-vitoria-sofre-goleada-para-o-palmeiras-pelo-brasileirao\/#breadcrumb"},"inLanguage":"pt-PT","potentialAction":[{"@type":"ReadAction","target":["https:\/\/brasilnoticias.org\/site\/sem-reacao-vitoria-sofre-goleada-para-o-palmeiras-pelo-brasileirao\/"]}]},{"@type":"ImageObject","inLanguage":"pt-PT","@id":"https:\/\/brasilnoticias.org\/site\/sem-reacao-vitoria-sofre-goleada-para-o-palmeiras-pelo-brasileirao\/#primaryimage","url":"https:\/\/brasilnoticias.org\/site\/wp-content\/uploads\/2026\/02\/177290sem-reacao-vitoria-sofre-goleada-para-o-palmeiras-pelo-brasileirao-3.jpg","contentUrl":"https:\/\/brasilnoticias.org\/site\/wp-content\/uploads\/2026\/02\/177290sem-reacao-vitoria-sofre-goleada-para-o-palmeiras-pelo-brasileirao-3.jpg","width":1600,"height":752},{"@type":"BreadcrumbList","@id":"https:\/\/brasilnoticias.org\/site\/sem-reacao-vitoria-sofre-goleada-para-o-palmeiras-pelo-brasileirao\/#breadcrumb","itemListElement":[{"@type":"ListItem","position":1,"name":"In\u00edcio","item":"https:\/\/brasilnoticias.org\/site\/"},{"@type":"ListItem","position":2,"name":"Sem rea\u00e7\u00e3o, Vit\u00f3ria sofre goleada para o Palmeiras pelo Brasileir\u00e3o"}]},{"@type":"WebSite","@id":"https:\/\/brasilnoticias.org\/site\/#website","url":"https:\/\/brasilnoticias.org\/site\/","name":"Brasil not\u00edcias","description":"Brasil not\u00edcias","publisher":{"@id":"https:\/\/brasilnoticias.org\/site\/#organization"},"potentialAction":[{"@type":"SearchAction","target":{"@type":"EntryPoint","urlTemplate":"https:\/\/brasilnoticias.org\/site\/?s={search_term_string}"},"query-input":{"@type":"PropertyValueSpecification","valueRequired":true,"valueName":"search_term_string"}}],"inLanguage":"pt-PT"},{"@type":"Organization","@id":"https:\/\/brasilnoticias.org\/site\/#organization","name":"Brasil not\u00edcias","url":"https:\/\/brasilnoticias.org\/site\/","logo":{"@type":"ImageObject","inLanguage":"pt-PT","@id":"https:\/\/brasilnoticias.org\/site\/#\/schema\/logo\/image\/","url":"https:\/\/brasilnoticias.org\/site\/wp-content\/uploads\/2022\/05\/cropped-brasilnoticias-mini.jpg","contentUrl":"https:\/\/brasilnoticias.org\/site\/wp-content\/uploads\/2022\/05\/cropped-brasilnoticias-mini.jpg","width":314,"height":86,"caption":"Brasil not\u00edcias"},"image":{"@id":"https:\/\/brasilnoticias.org\/site\/#\/schema\/logo\/image\/"}},{"@type":"Person","@id":"https:\/\/brasilnoticias.org\/site\/#\/schema\/person\/03bbbfe6c7634ad18c26444ea39049fa","name":"Reda\u00e7\u00e3o","image":{"@type":"ImageObject","inLanguage":"pt-PT","@id":"https:\/\/brasilnoticias.org\/site\/#\/schema\/person\/image\/","url":"https:\/\/secure.gravatar.com\/avatar\/9ecaf7327a696cb23ad926fedded5f1f04d7049de9e445375d55b48c001a6e42?s=96&d=mm&r=g","contentUrl":"https:\/\/secure.gravatar.com\/avatar\/9ecaf7327a696cb23ad926fedded5f1f04d7049de9e445375d55b48c001a6e42?s=96&d=mm&r=g","caption":"Reda\u00e7\u00e3o"},"url":"https:\/\/brasilnoticias.org\/site\/author\/henrique\/"}]}},"_links":{"self":[{"href":"https:\/\/brasilnoticias.org\/site\/wp-json\/wp\/v2\/posts\/20160","targetHints":{"allow":["GET"]}}],"collection":[{"href":"https:\/\/brasilnoticias.org\/site\/wp-json\/wp\/v2\/posts"}],"about":[{"href":"https:\/\/brasilnoticias.org\/site\/wp-json\/wp\/v2\/types\/post"}],"author":[{"embeddable":true,"href":"https:\/\/brasilnoticias.org\/site\/wp-json\/wp\/v2\/users\/4"}],"replies":[{"embeddable":true,"href":"https:\/\/brasilnoticias.org\/site\/wp-json\/wp\/v2\/comments?post=20160"}],"version-history":[{"count":1,"href":"https:\/\/brasilnoticias.org\/site\/wp-json\/wp\/v2\/posts\/20160\/revisions"}],"predecessor-version":[{"id":20162,"href":"https:\/\/brasilnoticias.org\/site\/wp-json\/wp\/v2\/posts\/20160\/revisions\/20162"}],"wp:featuredmedia":[{"embeddable":true,"href":"https:\/\/brasilnoticias.org\/site\/wp-json\/wp\/v2\/media\/20161"}],"wp:attachment":[{"href":"https:\/\/brasilnoticias.org\/site\/wp-json\/wp\/v2\/media?parent=20160"}],"wp:term":[{"taxonomy":"category","embeddable":true,"href":"https:\/\/brasilnoticias.org\/site\/wp-json\/wp\/v2\/categories?post=20160"},{"taxonomy":"post_tag","embeddable":true,"href":"https:\/\/brasilnoticias.org\/site\/wp-json\/wp\/v2\/tags?post=20160"}],"curies":[{"name":"wp","href":"https:\/\/api.w.org\/{rel}","templated":true}]}}