{"id":20166,"date":"2026-02-05T06:56:59","date_gmt":"2026-02-05T09:56:59","guid":{"rendered":"https:\/\/brasilnoticias.org\/site\/?p=20166"},"modified":"2026-02-05T06:56:59","modified_gmt":"2026-02-05T09:56:59","slug":"senador-afirma-que-nao-ha-mais-razao-para-manter-jornada-de-trabalho-6x1-e-44-horas","status":"publish","type":"post","link":"https:\/\/brasilnoticias.org\/site\/senador-afirma-que-nao-ha-mais-razao-para-manter-jornada-de-trabalho-6x1-e-44-horas\/","title":{"rendered":"Senador afirma que n\u00e3o h\u00e1 mais raz\u00e3o para manter jornada de trabalho 6\u00d71 e 44 horas"},"content":{"rendered":"<p>O senador respons\u00e1vel pela apresenta\u00e7\u00e3o de uma proposta legislativa afirmo que n\u00e3o existe mais raz\u00e3o para manter a jornada de trabalho no Brasil organizada na forma **6\u00d71** com uma carga de **44 horas semanais**. A declara\u00e7\u00e3o foi feita durante debates no Congresso Nacional que tratam da moderniza\u00e7\u00e3o das leis trabalhistas, com foco em ampliar direitos e flexibilizar o funcionamento do mercado de trabalho no pa\u00eds.<\/p>\n<p>Segundo o parlamentar, o sistema atual, adotado h\u00e1 d\u00e9cadas, n\u00e3o acompanha as transforma\u00e7\u00f5es do mundo contempor\u00e2neo, em que modelos h\u00edbridos, tecnologia e novas formas de organiza\u00e7\u00e3o de atividades profissionais tornaram obsoletas determinadas rotinas tradicionais de trabalho. Para ele, a jornada de 44 horas associada ao ciclo de seis dias seguidos de servi\u00e7o por um de descanso n\u00e3o condiz mais com a realidade de muitas categorias.<\/p>\n<p>O senador destacou que outros pa\u00edses j\u00e1 se movimentaram em dire\u00e7\u00e3o \u00e0 flexibiliza\u00e7\u00e3o de jornadas ou adotaram semanas de trabalho menores sem preju\u00edzo da produtividade, o que tem impulsionado debates e pesquisas no Brasil sobre como adaptar a legisla\u00e7\u00e3o para valorizar tanto os direitos dos trabalhadores quanto o desempenho das empresas. Em sua avalia\u00e7\u00e3o, a revis\u00e3o do 6\u00d71 pode gerar mais qualidade de vida, redu\u00e7\u00e3o de impactos sobre a sa\u00fade do trabalhador e at\u00e9 mesmo maior competitividade para o setor produtivo.<\/p>\n<p>A proposta que est\u00e1 sendo discutida ainda precisa passar por comiss\u00f5es tem\u00e1ticas no Senado e depois seguir para vota\u00e7\u00e3o em plen\u00e1rio. Parlamentares favor\u00e1veis afirmam que o tema pode ganhar apoio em raz\u00e3o de mudan\u00e7as no mercado, enquanto opositores defendem a manuten\u00e7\u00e3o das garantias trabalhistas atuais, argumentando que a prote\u00e7\u00e3o ao trabalhador n\u00e3o pode ser reduzida em nome de maior flexibilidade.<\/p>\n<p>Os debates seguem em curso, com participa\u00e7\u00e3o de representantes de sindicatos, especialistas em direito do trabalho e entidades patronais, que tentam equilibrar os diferentes interesses envolvidos.<\/p>\n<p>Fonte: Ag\u00eancia Brasil<br \/>\nFoto: Rafa Neddermeyer\/Ag\u00eancia Brasil<\/p>\n","protected":false},"excerpt":{"rendered":"<p>O senador respons\u00e1vel pela apresenta\u00e7\u00e3o de uma proposta legislativa afirmo que n\u00e3o existe mais raz\u00e3o para manter a jornada de<\/p>\n","protected":false},"author":4,"featured_media":20167,"comment_status":"open","ping_status":"open","sticky":false,"template":"","format":"standard","meta":{"colormag_page_container_layout":"default_layout","colormag_page_sidebar_layout":"default_layout","_FSMCFIC_featured_image_caption":"","_FSMCFIC_featured_image_nocaption":"","_FSMCFIC_featured_image_hide":"","footnotes":""},"categories":[2,1],"tags":[],"class_list":["post-20166","post","type-post","status-publish","format-standard","has-post-thumbnail","hentry","category-noticias","category-ultimas"],"yoast_head":"<!-- This site is optimized with the Yoast SEO plugin v27.1.1 - https:\/\/yoast.com\/product\/yoast-seo-wordpress\/ -->\n<title>Senador afirma que n\u00e3o h\u00e1 mais raz\u00e3o para manter jornada de trabalho 6\u00d71 e 44 horas - Brasil not\u00edcias<\/title>\n<meta name=\"robots\" content=\"index, follow, max-snippet:-1, max-image-preview:large, max-video-preview:-1\" \/>\n<link rel=\"canonical\" href=\"https:\/\/brasilnoticias.org\/site\/senador-afirma-que-nao-ha-mais-razao-para-manter-jornada-de-trabalho-6x1-e-44-horas\/\" \/>\n<meta property=\"og:locale\" content=\"pt_PT\" \/>\n<meta property=\"og:type\" content=\"article\" \/>\n<meta property=\"og:title\" content=\"Senador afirma que n\u00e3o h\u00e1 mais raz\u00e3o para manter jornada de trabalho 6\u00d71 e 44 horas - Brasil not\u00edcias\" \/>\n<meta property=\"og:description\" content=\"O senador respons\u00e1vel pela apresenta\u00e7\u00e3o de uma proposta legislativa afirmo que n\u00e3o existe mais raz\u00e3o para manter a jornada de\" \/>\n<meta property=\"og:url\" content=\"https:\/\/brasilnoticias.org\/site\/senador-afirma-que-nao-ha-mais-razao-para-manter-jornada-de-trabalho-6x1-e-44-horas\/\" \/>\n<meta property=\"og:site_name\" content=\"Brasil not\u00edcias\" \/>\n<meta property=\"article:published_time\" content=\"2026-02-05T09:56:59+00:00\" \/>\n<meta property=\"og:image\" content=\"https:\/\/brasilnoticias.org\/site\/wp-content\/uploads\/2026\/02\/raf1209.webp\" \/>\n\t<meta property=\"og:image:width\" content=\"1170\" \/>\n\t<meta property=\"og:image:height\" content=\"700\" \/>\n\t<meta property=\"og:image:type\" content=\"image\/webp\" \/>\n<meta name=\"author\" content=\"Reda\u00e7\u00e3o\" \/>\n<meta name=\"twitter:card\" content=\"summary_large_image\" \/>\n<meta name=\"twitter:label1\" content=\"Escrito por\" \/>\n\t<meta name=\"twitter:data1\" content=\"Reda\u00e7\u00e3o\" \/>\n\t<meta name=\"twitter:label2\" content=\"Tempo estimado de leitura\" \/>\n\t<meta name=\"twitter:data2\" content=\"1 minuto\" \/>\n<script type=\"application\/ld+json\" class=\"yoast-schema-graph\">{\"@context\":\"https:\/\/schema.org\",\"@graph\":[{\"@type\":\"Article\",\"@id\":\"https:\/\/brasilnoticias.org\/site\/senador-afirma-que-nao-ha-mais-razao-para-manter-jornada-de-trabalho-6x1-e-44-horas\/#article\",\"isPartOf\":{\"@id\":\"https:\/\/brasilnoticias.org\/site\/senador-afirma-que-nao-ha-mais-razao-para-manter-jornada-de-trabalho-6x1-e-44-horas\/\"},\"author\":{\"name\":\"Reda\u00e7\u00e3o\",\"@id\":\"https:\/\/brasilnoticias.org\/site\/#\/schema\/person\/03bbbfe6c7634ad18c26444ea39049fa\"},\"headline\":\"Senador afirma que n\u00e3o h\u00e1 mais raz\u00e3o para manter jornada de trabalho 6\u00d71 e 44 horas\",\"datePublished\":\"2026-02-05T09:56:59+00:00\",\"mainEntityOfPage\":{\"@id\":\"https:\/\/brasilnoticias.org\/site\/senador-afirma-que-nao-ha-mais-razao-para-manter-jornada-de-trabalho-6x1-e-44-horas\/\"},\"wordCount\":353,\"commentCount\":0,\"publisher\":{\"@id\":\"https:\/\/brasilnoticias.org\/site\/#organization\"},\"image\":{\"@id\":\"https:\/\/brasilnoticias.org\/site\/senador-afirma-que-nao-ha-mais-razao-para-manter-jornada-de-trabalho-6x1-e-44-horas\/#primaryimage\"},\"thumbnailUrl\":\"https:\/\/brasilnoticias.org\/site\/wp-content\/uploads\/2026\/02\/raf1209.webp\",\"articleSection\":[\"Not\u00edcias\",\"\u00daltimas\"],\"inLanguage\":\"pt-PT\",\"potentialAction\":[{\"@type\":\"CommentAction\",\"name\":\"Comment\",\"target\":[\"https:\/\/brasilnoticias.org\/site\/senador-afirma-que-nao-ha-mais-razao-para-manter-jornada-de-trabalho-6x1-e-44-horas\/#respond\"]}]},{\"@type\":\"WebPage\",\"@id\":\"https:\/\/brasilnoticias.org\/site\/senador-afirma-que-nao-ha-mais-razao-para-manter-jornada-de-trabalho-6x1-e-44-horas\/\",\"url\":\"https:\/\/brasilnoticias.org\/site\/senador-afirma-que-nao-ha-mais-razao-para-manter-jornada-de-trabalho-6x1-e-44-horas\/\",\"name\":\"Senador afirma que n\u00e3o h\u00e1 mais raz\u00e3o para manter jornada de trabalho 6\u00d71 e 44 horas - Brasil not\u00edcias\",\"isPartOf\":{\"@id\":\"https:\/\/brasilnoticias.org\/site\/#website\"},\"primaryImageOfPage\":{\"@id\":\"https:\/\/brasilnoticias.org\/site\/senador-afirma-que-nao-ha-mais-razao-para-manter-jornada-de-trabalho-6x1-e-44-horas\/#primaryimage\"},\"image\":{\"@id\":\"https:\/\/brasilnoticias.org\/site\/senador-afirma-que-nao-ha-mais-razao-para-manter-jornada-de-trabalho-6x1-e-44-horas\/#primaryimage\"},\"thumbnailUrl\":\"https:\/\/brasilnoticias.org\/site\/wp-content\/uploads\/2026\/02\/raf1209.webp\",\"datePublished\":\"2026-02-05T09:56:59+00:00\",\"breadcrumb\":{\"@id\":\"https:\/\/brasilnoticias.org\/site\/senador-afirma-que-nao-ha-mais-razao-para-manter-jornada-de-trabalho-6x1-e-44-horas\/#breadcrumb\"},\"inLanguage\":\"pt-PT\",\"potentialAction\":[{\"@type\":\"ReadAction\",\"target\":[\"https:\/\/brasilnoticias.org\/site\/senador-afirma-que-nao-ha-mais-razao-para-manter-jornada-de-trabalho-6x1-e-44-horas\/\"]}]},{\"@type\":\"ImageObject\",\"inLanguage\":\"pt-PT\",\"@id\":\"https:\/\/brasilnoticias.org\/site\/senador-afirma-que-nao-ha-mais-razao-para-manter-jornada-de-trabalho-6x1-e-44-horas\/#primaryimage\",\"url\":\"https:\/\/brasilnoticias.org\/site\/wp-content\/uploads\/2026\/02\/raf1209.webp\",\"contentUrl\":\"https:\/\/brasilnoticias.org\/site\/wp-content\/uploads\/2026\/02\/raf1209.webp\",\"width\":1170,\"height\":700},{\"@type\":\"BreadcrumbList\",\"@id\":\"https:\/\/brasilnoticias.org\/site\/senador-afirma-que-nao-ha-mais-razao-para-manter-jornada-de-trabalho-6x1-e-44-horas\/#breadcrumb\",\"itemListElement\":[{\"@type\":\"ListItem\",\"position\":1,\"name\":\"In\u00edcio\",\"item\":\"https:\/\/brasilnoticias.org\/site\/\"},{\"@type\":\"ListItem\",\"position\":2,\"name\":\"Senador afirma que n\u00e3o h\u00e1 mais raz\u00e3o para manter jornada de trabalho 6\u00d71 e 44 horas\"}]},{\"@type\":\"WebSite\",\"@id\":\"https:\/\/brasilnoticias.org\/site\/#website\",\"url\":\"https:\/\/brasilnoticias.org\/site\/\",\"name\":\"Brasil not\u00edcias\",\"description\":\"Brasil not\u00edcias\",\"publisher\":{\"@id\":\"https:\/\/brasilnoticias.org\/site\/#organization\"},\"potentialAction\":[{\"@type\":\"SearchAction\",\"target\":{\"@type\":\"EntryPoint\",\"urlTemplate\":\"https:\/\/brasilnoticias.org\/site\/?s={search_term_string}\"},\"query-input\":{\"@type\":\"PropertyValueSpecification\",\"valueRequired\":true,\"valueName\":\"search_term_string\"}}],\"inLanguage\":\"pt-PT\"},{\"@type\":\"Organization\",\"@id\":\"https:\/\/brasilnoticias.org\/site\/#organization\",\"name\":\"Brasil not\u00edcias\",\"url\":\"https:\/\/brasilnoticias.org\/site\/\",\"logo\":{\"@type\":\"ImageObject\",\"inLanguage\":\"pt-PT\",\"@id\":\"https:\/\/brasilnoticias.org\/site\/#\/schema\/logo\/image\/\",\"url\":\"https:\/\/brasilnoticias.org\/site\/wp-content\/uploads\/2022\/05\/cropped-brasilnoticias-mini.jpg\",\"contentUrl\":\"https:\/\/brasilnoticias.org\/site\/wp-content\/uploads\/2022\/05\/cropped-brasilnoticias-mini.jpg\",\"width\":314,\"height\":86,\"caption\":\"Brasil not\u00edcias\"},\"image\":{\"@id\":\"https:\/\/brasilnoticias.org\/site\/#\/schema\/logo\/image\/\"}},{\"@type\":\"Person\",\"@id\":\"https:\/\/brasilnoticias.org\/site\/#\/schema\/person\/03bbbfe6c7634ad18c26444ea39049fa\",\"name\":\"Reda\u00e7\u00e3o\",\"image\":{\"@type\":\"ImageObject\",\"inLanguage\":\"pt-PT\",\"@id\":\"https:\/\/brasilnoticias.org\/site\/#\/schema\/person\/image\/\",\"url\":\"https:\/\/secure.gravatar.com\/avatar\/9ecaf7327a696cb23ad926fedded5f1f04d7049de9e445375d55b48c001a6e42?s=96&d=mm&r=g\",\"contentUrl\":\"https:\/\/secure.gravatar.com\/avatar\/9ecaf7327a696cb23ad926fedded5f1f04d7049de9e445375d55b48c001a6e42?s=96&d=mm&r=g\",\"caption\":\"Reda\u00e7\u00e3o\"},\"url\":\"https:\/\/brasilnoticias.org\/site\/author\/henrique\/\"}]}<\/script>\n<!-- \/ Yoast SEO plugin. -->","yoast_head_json":{"title":"Senador afirma que n\u00e3o h\u00e1 mais raz\u00e3o para manter jornada de trabalho 6\u00d71 e 44 horas - Brasil not\u00edcias","robots":{"index":"index","follow":"follow","max-snippet":"max-snippet:-1","max-image-preview":"max-image-preview:large","max-video-preview":"max-video-preview:-1"},"canonical":"https:\/\/brasilnoticias.org\/site\/senador-afirma-que-nao-ha-mais-razao-para-manter-jornada-de-trabalho-6x1-e-44-horas\/","og_locale":"pt_PT","og_type":"article","og_title":"Senador afirma que n\u00e3o h\u00e1 mais raz\u00e3o para manter jornada de trabalho 6\u00d71 e 44 horas - Brasil not\u00edcias","og_description":"O senador respons\u00e1vel pela apresenta\u00e7\u00e3o de uma proposta legislativa afirmo que n\u00e3o existe mais raz\u00e3o para manter a jornada de","og_url":"https:\/\/brasilnoticias.org\/site\/senador-afirma-que-nao-ha-mais-razao-para-manter-jornada-de-trabalho-6x1-e-44-horas\/","og_site_name":"Brasil not\u00edcias","article_published_time":"2026-02-05T09:56:59+00:00","og_image":[{"width":1170,"height":700,"url":"https:\/\/brasilnoticias.org\/site\/wp-content\/uploads\/2026\/02\/raf1209.webp","type":"image\/webp"}],"author":"Reda\u00e7\u00e3o","twitter_card":"summary_large_image","twitter_misc":{"Escrito por":"Reda\u00e7\u00e3o","Tempo estimado de leitura":"1 minuto"},"schema":{"@context":"https:\/\/schema.org","@graph":[{"@type":"Article","@id":"https:\/\/brasilnoticias.org\/site\/senador-afirma-que-nao-ha-mais-razao-para-manter-jornada-de-trabalho-6x1-e-44-horas\/#article","isPartOf":{"@id":"https:\/\/brasilnoticias.org\/site\/senador-afirma-que-nao-ha-mais-razao-para-manter-jornada-de-trabalho-6x1-e-44-horas\/"},"author":{"name":"Reda\u00e7\u00e3o","@id":"https:\/\/brasilnoticias.org\/site\/#\/schema\/person\/03bbbfe6c7634ad18c26444ea39049fa"},"headline":"Senador afirma que n\u00e3o h\u00e1 mais raz\u00e3o para manter jornada de trabalho 6\u00d71 e 44 horas","datePublished":"2026-02-05T09:56:59+00:00","mainEntityOfPage":{"@id":"https:\/\/brasilnoticias.org\/site\/senador-afirma-que-nao-ha-mais-razao-para-manter-jornada-de-trabalho-6x1-e-44-horas\/"},"wordCount":353,"commentCount":0,"publisher":{"@id":"https:\/\/brasilnoticias.org\/site\/#organization"},"image":{"@id":"https:\/\/brasilnoticias.org\/site\/senador-afirma-que-nao-ha-mais-razao-para-manter-jornada-de-trabalho-6x1-e-44-horas\/#primaryimage"},"thumbnailUrl":"https:\/\/brasilnoticias.org\/site\/wp-content\/uploads\/2026\/02\/raf1209.webp","articleSection":["Not\u00edcias","\u00daltimas"],"inLanguage":"pt-PT","potentialAction":[{"@type":"CommentAction","name":"Comment","target":["https:\/\/brasilnoticias.org\/site\/senador-afirma-que-nao-ha-mais-razao-para-manter-jornada-de-trabalho-6x1-e-44-horas\/#respond"]}]},{"@type":"WebPage","@id":"https:\/\/brasilnoticias.org\/site\/senador-afirma-que-nao-ha-mais-razao-para-manter-jornada-de-trabalho-6x1-e-44-horas\/","url":"https:\/\/brasilnoticias.org\/site\/senador-afirma-que-nao-ha-mais-razao-para-manter-jornada-de-trabalho-6x1-e-44-horas\/","name":"Senador afirma que n\u00e3o h\u00e1 mais raz\u00e3o para manter jornada de trabalho 6\u00d71 e 44 horas - Brasil not\u00edcias","isPartOf":{"@id":"https:\/\/brasilnoticias.org\/site\/#website"},"primaryImageOfPage":{"@id":"https:\/\/brasilnoticias.org\/site\/senador-afirma-que-nao-ha-mais-razao-para-manter-jornada-de-trabalho-6x1-e-44-horas\/#primaryimage"},"image":{"@id":"https:\/\/brasilnoticias.org\/site\/senador-afirma-que-nao-ha-mais-razao-para-manter-jornada-de-trabalho-6x1-e-44-horas\/#primaryimage"},"thumbnailUrl":"https:\/\/brasilnoticias.org\/site\/wp-content\/uploads\/2026\/02\/raf1209.webp","datePublished":"2026-02-05T09:56:59+00:00","breadcrumb":{"@id":"https:\/\/brasilnoticias.org\/site\/senador-afirma-que-nao-ha-mais-razao-para-manter-jornada-de-trabalho-6x1-e-44-horas\/#breadcrumb"},"inLanguage":"pt-PT","potentialAction":[{"@type":"ReadAction","target":["https:\/\/brasilnoticias.org\/site\/senador-afirma-que-nao-ha-mais-razao-para-manter-jornada-de-trabalho-6x1-e-44-horas\/"]}]},{"@type":"ImageObject","inLanguage":"pt-PT","@id":"https:\/\/brasilnoticias.org\/site\/senador-afirma-que-nao-ha-mais-razao-para-manter-jornada-de-trabalho-6x1-e-44-horas\/#primaryimage","url":"https:\/\/brasilnoticias.org\/site\/wp-content\/uploads\/2026\/02\/raf1209.webp","contentUrl":"https:\/\/brasilnoticias.org\/site\/wp-content\/uploads\/2026\/02\/raf1209.webp","width":1170,"height":700},{"@type":"BreadcrumbList","@id":"https:\/\/brasilnoticias.org\/site\/senador-afirma-que-nao-ha-mais-razao-para-manter-jornada-de-trabalho-6x1-e-44-horas\/#breadcrumb","itemListElement":[{"@type":"ListItem","position":1,"name":"In\u00edcio","item":"https:\/\/brasilnoticias.org\/site\/"},{"@type":"ListItem","position":2,"name":"Senador afirma que n\u00e3o h\u00e1 mais raz\u00e3o para manter jornada de trabalho 6\u00d71 e 44 horas"}]},{"@type":"WebSite","@id":"https:\/\/brasilnoticias.org\/site\/#website","url":"https:\/\/brasilnoticias.org\/site\/","name":"Brasil not\u00edcias","description":"Brasil not\u00edcias","publisher":{"@id":"https:\/\/brasilnoticias.org\/site\/#organization"},"potentialAction":[{"@type":"SearchAction","target":{"@type":"EntryPoint","urlTemplate":"https:\/\/brasilnoticias.org\/site\/?s={search_term_string}"},"query-input":{"@type":"PropertyValueSpecification","valueRequired":true,"valueName":"search_term_string"}}],"inLanguage":"pt-PT"},{"@type":"Organization","@id":"https:\/\/brasilnoticias.org\/site\/#organization","name":"Brasil not\u00edcias","url":"https:\/\/brasilnoticias.org\/site\/","logo":{"@type":"ImageObject","inLanguage":"pt-PT","@id":"https:\/\/brasilnoticias.org\/site\/#\/schema\/logo\/image\/","url":"https:\/\/brasilnoticias.org\/site\/wp-content\/uploads\/2022\/05\/cropped-brasilnoticias-mini.jpg","contentUrl":"https:\/\/brasilnoticias.org\/site\/wp-content\/uploads\/2022\/05\/cropped-brasilnoticias-mini.jpg","width":314,"height":86,"caption":"Brasil not\u00edcias"},"image":{"@id":"https:\/\/brasilnoticias.org\/site\/#\/schema\/logo\/image\/"}},{"@type":"Person","@id":"https:\/\/brasilnoticias.org\/site\/#\/schema\/person\/03bbbfe6c7634ad18c26444ea39049fa","name":"Reda\u00e7\u00e3o","image":{"@type":"ImageObject","inLanguage":"pt-PT","@id":"https:\/\/brasilnoticias.org\/site\/#\/schema\/person\/image\/","url":"https:\/\/secure.gravatar.com\/avatar\/9ecaf7327a696cb23ad926fedded5f1f04d7049de9e445375d55b48c001a6e42?s=96&d=mm&r=g","contentUrl":"https:\/\/secure.gravatar.com\/avatar\/9ecaf7327a696cb23ad926fedded5f1f04d7049de9e445375d55b48c001a6e42?s=96&d=mm&r=g","caption":"Reda\u00e7\u00e3o"},"url":"https:\/\/brasilnoticias.org\/site\/author\/henrique\/"}]}},"_links":{"self":[{"href":"https:\/\/brasilnoticias.org\/site\/wp-json\/wp\/v2\/posts\/20166","targetHints":{"allow":["GET"]}}],"collection":[{"href":"https:\/\/brasilnoticias.org\/site\/wp-json\/wp\/v2\/posts"}],"about":[{"href":"https:\/\/brasilnoticias.org\/site\/wp-json\/wp\/v2\/types\/post"}],"author":[{"embeddable":true,"href":"https:\/\/brasilnoticias.org\/site\/wp-json\/wp\/v2\/users\/4"}],"replies":[{"embeddable":true,"href":"https:\/\/brasilnoticias.org\/site\/wp-json\/wp\/v2\/comments?post=20166"}],"version-history":[{"count":1,"href":"https:\/\/brasilnoticias.org\/site\/wp-json\/wp\/v2\/posts\/20166\/revisions"}],"predecessor-version":[{"id":20168,"href":"https:\/\/brasilnoticias.org\/site\/wp-json\/wp\/v2\/posts\/20166\/revisions\/20168"}],"wp:featuredmedia":[{"embeddable":true,"href":"https:\/\/brasilnoticias.org\/site\/wp-json\/wp\/v2\/media\/20167"}],"wp:attachment":[{"href":"https:\/\/brasilnoticias.org\/site\/wp-json\/wp\/v2\/media?parent=20166"}],"wp:term":[{"taxonomy":"category","embeddable":true,"href":"https:\/\/brasilnoticias.org\/site\/wp-json\/wp\/v2\/categories?post=20166"},{"taxonomy":"post_tag","embeddable":true,"href":"https:\/\/brasilnoticias.org\/site\/wp-json\/wp\/v2\/tags?post=20166"}],"curies":[{"name":"wp","href":"https:\/\/api.w.org\/{rel}","templated":true}]}}