{"id":20170,"date":"2026-02-05T07:08:04","date_gmt":"2026-02-05T10:08:04","guid":{"rendered":"https:\/\/brasilnoticias.org\/site\/?p=20170"},"modified":"2026-02-05T07:08:04","modified_gmt":"2026-02-05T10:08:04","slug":"lula-reune-base-em-salvador-e-prepara-anuncio-da-chapa-puro-sangue-do-pt-na-bahia","status":"publish","type":"post","link":"https:\/\/brasilnoticias.org\/site\/lula-reune-base-em-salvador-e-prepara-anuncio-da-chapa-puro-sangue-do-pt-na-bahia\/","title":{"rendered":"Lula re\u00fane base em Salvador e prepara an\u00fancio da chapa &#8216;puro sangue&#8217; do PT na Bahia"},"content":{"rendered":"<p>O presidente Luiz In\u00e1cio Lula da Silva desembarca em Salvador nesta sexta-feira (6) em meio a uma agenda que vai al\u00e9m do compromisso oficial do governo federal e tem forte peso eleitoral.<\/p>\n<p>Embora participe pela manh\u00e3 da entrega de ambul\u00e2ncias e equipamentos de sa\u00fade do Servi\u00e7o de Atendimento M\u00f3vel de Urg\u00eancia dentro do Novo PAC Sa\u00fade, o centro das aten\u00e7\u00f5es est\u00e1 mesmo na articula\u00e7\u00e3o pol\u00edtica.<\/p>\n<p>Nesta quinta (5), ao meio-dia, o governador Jer\u00f4nimo Rodrigues se re\u00fane com o conselho pol\u00edtico do governo da Bahia e dirigentes dos partidos da base aliada para comunicar a formata\u00e7\u00e3o da chapa majorit\u00e1ria de 2026. A tend\u00eancia \u00e9 consolidar a chamada composi\u00e7\u00e3o \u201cpuro sangue\u201d do Partido dos Trabalhadores, com o pr\u00f3prio chefe do Executivo estadual candidato \u00e0 reelei\u00e7\u00e3o, al\u00e9m do ministro da Casa Civil Rui Costa e o senador Jaques Wagner na disputa pelas duas vagas \u00e0 C\u00e2mara Alta do Congresso.<\/p>\n<p>O an\u00fancio p\u00fablico deve ocorrer no s\u00e1bado (7), durante o Encontro Nacional do PT, tamb\u00e9m em Salvador.<\/p>\n<p>A \u00fanica pe\u00e7a ainda indefinida \u00e9 a vice. O MDB, que ocupa hoje o posto, pressiona para manter espa\u00e7o. O ex-ministro Geddel Vieira Lima j\u00e1 avisou que o partido n\u00e3o abre m\u00e3o da indica\u00e7\u00e3o, seja para reconduzir Geraldo J\u00fanior ou emplacar a secret\u00e1ria de Recursos H\u00eddricos Larissa Moraes.<\/p>\n<p>Por outro lado, o PSD tamb\u00e9m entrou na disputa ap\u00f3s o rompimento do senador Angelo Coronel com a base governista, o que abriu espa\u00e7o para uma eventual recomposi\u00e7\u00e3o do partido dentro da chapa.<\/p>\n<p>Esta n\u00e3o \u00e9 a primeira movimenta\u00e7\u00e3o eleitoral recente de Lula na capital baiana. No m\u00eas passado, o presidente j\u00e1 havia anunciado a sua pr\u00e9-candidatura \u00e0 reelei\u00e7\u00e3o durante evento de anivers\u00e1rio do Movimento dos Trabalhadores Rurais Sem Terra, tamb\u00e9m em Salvador, o que refor\u00e7a o simbolismo pol\u00edtico da Bahia no tabuleiro nacional do PT.<\/p>\n<p>A expectativa \u00e9 de que a reuni\u00e3o desta quinta-feira reduza ru\u00eddos e alinhe publicamente os aliados antes do an\u00fancio oficial.<\/p>\n<p>Fonte: <a href=\"https:\/\/www.blogdovila.com.br\/noticia\/lula-chapa\">Blog do Vila<\/a><br \/>\nFoto: Divulga\u00e7\u00e3o<\/p>\n","protected":false},"excerpt":{"rendered":"<p>O presidente Luiz In\u00e1cio Lula da Silva desembarca em Salvador nesta sexta-feira (6) em meio a uma agenda que vai<\/p>\n","protected":false},"author":4,"featured_media":20171,"comment_status":"open","ping_status":"open","sticky":false,"template":"","format":"standard","meta":{"colormag_page_container_layout":"default_layout","colormag_page_sidebar_layout":"default_layout","_FSMCFIC_featured_image_caption":"","_FSMCFIC_featured_image_nocaption":"","_FSMCFIC_featured_image_hide":"","footnotes":""},"categories":[5,1],"tags":[],"class_list":["post-20170","post","type-post","status-publish","format-standard","has-post-thumbnail","hentry","category-politica","category-ultimas"],"yoast_head":"<!-- This site is optimized with the Yoast SEO plugin v27.1.1 - https:\/\/yoast.com\/product\/yoast-seo-wordpress\/ -->\n<title>Lula re\u00fane base em Salvador e prepara an\u00fancio da chapa &#039;puro sangue&#039; do PT na Bahia - Brasil not\u00edcias<\/title>\n<meta name=\"robots\" content=\"index, follow, max-snippet:-1, max-image-preview:large, max-video-preview:-1\" \/>\n<link rel=\"canonical\" href=\"https:\/\/brasilnoticias.org\/site\/lula-reune-base-em-salvador-e-prepara-anuncio-da-chapa-puro-sangue-do-pt-na-bahia\/\" \/>\n<meta property=\"og:locale\" content=\"pt_PT\" \/>\n<meta property=\"og:type\" content=\"article\" \/>\n<meta property=\"og:title\" content=\"Lula re\u00fane base em Salvador e prepara an\u00fancio da chapa &#039;puro sangue&#039; do PT na Bahia - Brasil not\u00edcias\" \/>\n<meta property=\"og:description\" content=\"O presidente Luiz In\u00e1cio Lula da Silva desembarca em Salvador nesta sexta-feira (6) em meio a uma agenda que vai\" \/>\n<meta property=\"og:url\" content=\"https:\/\/brasilnoticias.org\/site\/lula-reune-base-em-salvador-e-prepara-anuncio-da-chapa-puro-sangue-do-pt-na-bahia\/\" \/>\n<meta property=\"og:site_name\" content=\"Brasil not\u00edcias\" \/>\n<meta property=\"article:published_time\" content=\"2026-02-05T10:08:04+00:00\" \/>\n<meta property=\"og:image\" content=\"https:\/\/brasilnoticias.org\/site\/wp-content\/uploads\/2026\/02\/lula-chapa.jpg\" \/>\n\t<meta property=\"og:image:width\" content=\"1600\" \/>\n\t<meta property=\"og:image:height\" content=\"752\" \/>\n\t<meta property=\"og:image:type\" content=\"image\/jpeg\" \/>\n<meta name=\"author\" content=\"Reda\u00e7\u00e3o\" \/>\n<meta name=\"twitter:card\" content=\"summary_large_image\" \/>\n<meta name=\"twitter:label1\" content=\"Escrito por\" \/>\n\t<meta name=\"twitter:data1\" content=\"Reda\u00e7\u00e3o\" \/>\n\t<meta name=\"twitter:label2\" content=\"Tempo estimado de leitura\" \/>\n\t<meta name=\"twitter:data2\" content=\"1 minuto\" \/>\n<script type=\"application\/ld+json\" class=\"yoast-schema-graph\">{\"@context\":\"https:\/\/schema.org\",\"@graph\":[{\"@type\":\"Article\",\"@id\":\"https:\/\/brasilnoticias.org\/site\/lula-reune-base-em-salvador-e-prepara-anuncio-da-chapa-puro-sangue-do-pt-na-bahia\/#article\",\"isPartOf\":{\"@id\":\"https:\/\/brasilnoticias.org\/site\/lula-reune-base-em-salvador-e-prepara-anuncio-da-chapa-puro-sangue-do-pt-na-bahia\/\"},\"author\":{\"name\":\"Reda\u00e7\u00e3o\",\"@id\":\"https:\/\/brasilnoticias.org\/site\/#\/schema\/person\/03bbbfe6c7634ad18c26444ea39049fa\"},\"headline\":\"Lula re\u00fane base em Salvador e prepara an\u00fancio da chapa &#8216;puro sangue&#8217; do PT na Bahia\",\"datePublished\":\"2026-02-05T10:08:04+00:00\",\"mainEntityOfPage\":{\"@id\":\"https:\/\/brasilnoticias.org\/site\/lula-reune-base-em-salvador-e-prepara-anuncio-da-chapa-puro-sangue-do-pt-na-bahia\/\"},\"wordCount\":381,\"commentCount\":0,\"publisher\":{\"@id\":\"https:\/\/brasilnoticias.org\/site\/#organization\"},\"image\":{\"@id\":\"https:\/\/brasilnoticias.org\/site\/lula-reune-base-em-salvador-e-prepara-anuncio-da-chapa-puro-sangue-do-pt-na-bahia\/#primaryimage\"},\"thumbnailUrl\":\"https:\/\/brasilnoticias.org\/site\/wp-content\/uploads\/2026\/02\/lula-chapa.jpg\",\"articleSection\":[\"Pol\u00edtica\",\"\u00daltimas\"],\"inLanguage\":\"pt-PT\",\"potentialAction\":[{\"@type\":\"CommentAction\",\"name\":\"Comment\",\"target\":[\"https:\/\/brasilnoticias.org\/site\/lula-reune-base-em-salvador-e-prepara-anuncio-da-chapa-puro-sangue-do-pt-na-bahia\/#respond\"]}]},{\"@type\":\"WebPage\",\"@id\":\"https:\/\/brasilnoticias.org\/site\/lula-reune-base-em-salvador-e-prepara-anuncio-da-chapa-puro-sangue-do-pt-na-bahia\/\",\"url\":\"https:\/\/brasilnoticias.org\/site\/lula-reune-base-em-salvador-e-prepara-anuncio-da-chapa-puro-sangue-do-pt-na-bahia\/\",\"name\":\"Lula re\u00fane base em Salvador e prepara an\u00fancio da chapa 'puro sangue' do PT na Bahia - Brasil not\u00edcias\",\"isPartOf\":{\"@id\":\"https:\/\/brasilnoticias.org\/site\/#website\"},\"primaryImageOfPage\":{\"@id\":\"https:\/\/brasilnoticias.org\/site\/lula-reune-base-em-salvador-e-prepara-anuncio-da-chapa-puro-sangue-do-pt-na-bahia\/#primaryimage\"},\"image\":{\"@id\":\"https:\/\/brasilnoticias.org\/site\/lula-reune-base-em-salvador-e-prepara-anuncio-da-chapa-puro-sangue-do-pt-na-bahia\/#primaryimage\"},\"thumbnailUrl\":\"https:\/\/brasilnoticias.org\/site\/wp-content\/uploads\/2026\/02\/lula-chapa.jpg\",\"datePublished\":\"2026-02-05T10:08:04+00:00\",\"breadcrumb\":{\"@id\":\"https:\/\/brasilnoticias.org\/site\/lula-reune-base-em-salvador-e-prepara-anuncio-da-chapa-puro-sangue-do-pt-na-bahia\/#breadcrumb\"},\"inLanguage\":\"pt-PT\",\"potentialAction\":[{\"@type\":\"ReadAction\",\"target\":[\"https:\/\/brasilnoticias.org\/site\/lula-reune-base-em-salvador-e-prepara-anuncio-da-chapa-puro-sangue-do-pt-na-bahia\/\"]}]},{\"@type\":\"ImageObject\",\"inLanguage\":\"pt-PT\",\"@id\":\"https:\/\/brasilnoticias.org\/site\/lula-reune-base-em-salvador-e-prepara-anuncio-da-chapa-puro-sangue-do-pt-na-bahia\/#primaryimage\",\"url\":\"https:\/\/brasilnoticias.org\/site\/wp-content\/uploads\/2026\/02\/lula-chapa.jpg\",\"contentUrl\":\"https:\/\/brasilnoticias.org\/site\/wp-content\/uploads\/2026\/02\/lula-chapa.jpg\",\"width\":1600,\"height\":752},{\"@type\":\"BreadcrumbList\",\"@id\":\"https:\/\/brasilnoticias.org\/site\/lula-reune-base-em-salvador-e-prepara-anuncio-da-chapa-puro-sangue-do-pt-na-bahia\/#breadcrumb\",\"itemListElement\":[{\"@type\":\"ListItem\",\"position\":1,\"name\":\"In\u00edcio\",\"item\":\"https:\/\/brasilnoticias.org\/site\/\"},{\"@type\":\"ListItem\",\"position\":2,\"name\":\"Lula re\u00fane base em Salvador e prepara an\u00fancio da chapa &#8216;puro sangue&#8217; do PT na Bahia\"}]},{\"@type\":\"WebSite\",\"@id\":\"https:\/\/brasilnoticias.org\/site\/#website\",\"url\":\"https:\/\/brasilnoticias.org\/site\/\",\"name\":\"Brasil not\u00edcias\",\"description\":\"Brasil not\u00edcias\",\"publisher\":{\"@id\":\"https:\/\/brasilnoticias.org\/site\/#organization\"},\"potentialAction\":[{\"@type\":\"SearchAction\",\"target\":{\"@type\":\"EntryPoint\",\"urlTemplate\":\"https:\/\/brasilnoticias.org\/site\/?s={search_term_string}\"},\"query-input\":{\"@type\":\"PropertyValueSpecification\",\"valueRequired\":true,\"valueName\":\"search_term_string\"}}],\"inLanguage\":\"pt-PT\"},{\"@type\":\"Organization\",\"@id\":\"https:\/\/brasilnoticias.org\/site\/#organization\",\"name\":\"Brasil not\u00edcias\",\"url\":\"https:\/\/brasilnoticias.org\/site\/\",\"logo\":{\"@type\":\"ImageObject\",\"inLanguage\":\"pt-PT\",\"@id\":\"https:\/\/brasilnoticias.org\/site\/#\/schema\/logo\/image\/\",\"url\":\"https:\/\/brasilnoticias.org\/site\/wp-content\/uploads\/2022\/05\/cropped-brasilnoticias-mini.jpg\",\"contentUrl\":\"https:\/\/brasilnoticias.org\/site\/wp-content\/uploads\/2022\/05\/cropped-brasilnoticias-mini.jpg\",\"width\":314,\"height\":86,\"caption\":\"Brasil not\u00edcias\"},\"image\":{\"@id\":\"https:\/\/brasilnoticias.org\/site\/#\/schema\/logo\/image\/\"}},{\"@type\":\"Person\",\"@id\":\"https:\/\/brasilnoticias.org\/site\/#\/schema\/person\/03bbbfe6c7634ad18c26444ea39049fa\",\"name\":\"Reda\u00e7\u00e3o\",\"image\":{\"@type\":\"ImageObject\",\"inLanguage\":\"pt-PT\",\"@id\":\"https:\/\/brasilnoticias.org\/site\/#\/schema\/person\/image\/\",\"url\":\"https:\/\/secure.gravatar.com\/avatar\/9ecaf7327a696cb23ad926fedded5f1f04d7049de9e445375d55b48c001a6e42?s=96&d=mm&r=g\",\"contentUrl\":\"https:\/\/secure.gravatar.com\/avatar\/9ecaf7327a696cb23ad926fedded5f1f04d7049de9e445375d55b48c001a6e42?s=96&d=mm&r=g\",\"caption\":\"Reda\u00e7\u00e3o\"},\"url\":\"https:\/\/brasilnoticias.org\/site\/author\/henrique\/\"}]}<\/script>\n<!-- \/ Yoast SEO plugin. -->","yoast_head_json":{"title":"Lula re\u00fane base em Salvador e prepara an\u00fancio da chapa 'puro sangue' do PT na Bahia - Brasil not\u00edcias","robots":{"index":"index","follow":"follow","max-snippet":"max-snippet:-1","max-image-preview":"max-image-preview:large","max-video-preview":"max-video-preview:-1"},"canonical":"https:\/\/brasilnoticias.org\/site\/lula-reune-base-em-salvador-e-prepara-anuncio-da-chapa-puro-sangue-do-pt-na-bahia\/","og_locale":"pt_PT","og_type":"article","og_title":"Lula re\u00fane base em Salvador e prepara an\u00fancio da chapa 'puro sangue' do PT na Bahia - Brasil not\u00edcias","og_description":"O presidente Luiz In\u00e1cio Lula da Silva desembarca em Salvador nesta sexta-feira (6) em meio a uma agenda que vai","og_url":"https:\/\/brasilnoticias.org\/site\/lula-reune-base-em-salvador-e-prepara-anuncio-da-chapa-puro-sangue-do-pt-na-bahia\/","og_site_name":"Brasil not\u00edcias","article_published_time":"2026-02-05T10:08:04+00:00","og_image":[{"width":1600,"height":752,"url":"https:\/\/brasilnoticias.org\/site\/wp-content\/uploads\/2026\/02\/lula-chapa.jpg","type":"image\/jpeg"}],"author":"Reda\u00e7\u00e3o","twitter_card":"summary_large_image","twitter_misc":{"Escrito por":"Reda\u00e7\u00e3o","Tempo estimado de leitura":"1 minuto"},"schema":{"@context":"https:\/\/schema.org","@graph":[{"@type":"Article","@id":"https:\/\/brasilnoticias.org\/site\/lula-reune-base-em-salvador-e-prepara-anuncio-da-chapa-puro-sangue-do-pt-na-bahia\/#article","isPartOf":{"@id":"https:\/\/brasilnoticias.org\/site\/lula-reune-base-em-salvador-e-prepara-anuncio-da-chapa-puro-sangue-do-pt-na-bahia\/"},"author":{"name":"Reda\u00e7\u00e3o","@id":"https:\/\/brasilnoticias.org\/site\/#\/schema\/person\/03bbbfe6c7634ad18c26444ea39049fa"},"headline":"Lula re\u00fane base em Salvador e prepara an\u00fancio da chapa &#8216;puro sangue&#8217; do PT na Bahia","datePublished":"2026-02-05T10:08:04+00:00","mainEntityOfPage":{"@id":"https:\/\/brasilnoticias.org\/site\/lula-reune-base-em-salvador-e-prepara-anuncio-da-chapa-puro-sangue-do-pt-na-bahia\/"},"wordCount":381,"commentCount":0,"publisher":{"@id":"https:\/\/brasilnoticias.org\/site\/#organization"},"image":{"@id":"https:\/\/brasilnoticias.org\/site\/lula-reune-base-em-salvador-e-prepara-anuncio-da-chapa-puro-sangue-do-pt-na-bahia\/#primaryimage"},"thumbnailUrl":"https:\/\/brasilnoticias.org\/site\/wp-content\/uploads\/2026\/02\/lula-chapa.jpg","articleSection":["Pol\u00edtica","\u00daltimas"],"inLanguage":"pt-PT","potentialAction":[{"@type":"CommentAction","name":"Comment","target":["https:\/\/brasilnoticias.org\/site\/lula-reune-base-em-salvador-e-prepara-anuncio-da-chapa-puro-sangue-do-pt-na-bahia\/#respond"]}]},{"@type":"WebPage","@id":"https:\/\/brasilnoticias.org\/site\/lula-reune-base-em-salvador-e-prepara-anuncio-da-chapa-puro-sangue-do-pt-na-bahia\/","url":"https:\/\/brasilnoticias.org\/site\/lula-reune-base-em-salvador-e-prepara-anuncio-da-chapa-puro-sangue-do-pt-na-bahia\/","name":"Lula re\u00fane base em Salvador e prepara an\u00fancio da chapa 'puro sangue' do PT na Bahia - Brasil not\u00edcias","isPartOf":{"@id":"https:\/\/brasilnoticias.org\/site\/#website"},"primaryImageOfPage":{"@id":"https:\/\/brasilnoticias.org\/site\/lula-reune-base-em-salvador-e-prepara-anuncio-da-chapa-puro-sangue-do-pt-na-bahia\/#primaryimage"},"image":{"@id":"https:\/\/brasilnoticias.org\/site\/lula-reune-base-em-salvador-e-prepara-anuncio-da-chapa-puro-sangue-do-pt-na-bahia\/#primaryimage"},"thumbnailUrl":"https:\/\/brasilnoticias.org\/site\/wp-content\/uploads\/2026\/02\/lula-chapa.jpg","datePublished":"2026-02-05T10:08:04+00:00","breadcrumb":{"@id":"https:\/\/brasilnoticias.org\/site\/lula-reune-base-em-salvador-e-prepara-anuncio-da-chapa-puro-sangue-do-pt-na-bahia\/#breadcrumb"},"inLanguage":"pt-PT","potentialAction":[{"@type":"ReadAction","target":["https:\/\/brasilnoticias.org\/site\/lula-reune-base-em-salvador-e-prepara-anuncio-da-chapa-puro-sangue-do-pt-na-bahia\/"]}]},{"@type":"ImageObject","inLanguage":"pt-PT","@id":"https:\/\/brasilnoticias.org\/site\/lula-reune-base-em-salvador-e-prepara-anuncio-da-chapa-puro-sangue-do-pt-na-bahia\/#primaryimage","url":"https:\/\/brasilnoticias.org\/site\/wp-content\/uploads\/2026\/02\/lula-chapa.jpg","contentUrl":"https:\/\/brasilnoticias.org\/site\/wp-content\/uploads\/2026\/02\/lula-chapa.jpg","width":1600,"height":752},{"@type":"BreadcrumbList","@id":"https:\/\/brasilnoticias.org\/site\/lula-reune-base-em-salvador-e-prepara-anuncio-da-chapa-puro-sangue-do-pt-na-bahia\/#breadcrumb","itemListElement":[{"@type":"ListItem","position":1,"name":"In\u00edcio","item":"https:\/\/brasilnoticias.org\/site\/"},{"@type":"ListItem","position":2,"name":"Lula re\u00fane base em Salvador e prepara an\u00fancio da chapa &#8216;puro sangue&#8217; do PT na Bahia"}]},{"@type":"WebSite","@id":"https:\/\/brasilnoticias.org\/site\/#website","url":"https:\/\/brasilnoticias.org\/site\/","name":"Brasil not\u00edcias","description":"Brasil not\u00edcias","publisher":{"@id":"https:\/\/brasilnoticias.org\/site\/#organization"},"potentialAction":[{"@type":"SearchAction","target":{"@type":"EntryPoint","urlTemplate":"https:\/\/brasilnoticias.org\/site\/?s={search_term_string}"},"query-input":{"@type":"PropertyValueSpecification","valueRequired":true,"valueName":"search_term_string"}}],"inLanguage":"pt-PT"},{"@type":"Organization","@id":"https:\/\/brasilnoticias.org\/site\/#organization","name":"Brasil not\u00edcias","url":"https:\/\/brasilnoticias.org\/site\/","logo":{"@type":"ImageObject","inLanguage":"pt-PT","@id":"https:\/\/brasilnoticias.org\/site\/#\/schema\/logo\/image\/","url":"https:\/\/brasilnoticias.org\/site\/wp-content\/uploads\/2022\/05\/cropped-brasilnoticias-mini.jpg","contentUrl":"https:\/\/brasilnoticias.org\/site\/wp-content\/uploads\/2022\/05\/cropped-brasilnoticias-mini.jpg","width":314,"height":86,"caption":"Brasil not\u00edcias"},"image":{"@id":"https:\/\/brasilnoticias.org\/site\/#\/schema\/logo\/image\/"}},{"@type":"Person","@id":"https:\/\/brasilnoticias.org\/site\/#\/schema\/person\/03bbbfe6c7634ad18c26444ea39049fa","name":"Reda\u00e7\u00e3o","image":{"@type":"ImageObject","inLanguage":"pt-PT","@id":"https:\/\/brasilnoticias.org\/site\/#\/schema\/person\/image\/","url":"https:\/\/secure.gravatar.com\/avatar\/9ecaf7327a696cb23ad926fedded5f1f04d7049de9e445375d55b48c001a6e42?s=96&d=mm&r=g","contentUrl":"https:\/\/secure.gravatar.com\/avatar\/9ecaf7327a696cb23ad926fedded5f1f04d7049de9e445375d55b48c001a6e42?s=96&d=mm&r=g","caption":"Reda\u00e7\u00e3o"},"url":"https:\/\/brasilnoticias.org\/site\/author\/henrique\/"}]}},"_links":{"self":[{"href":"https:\/\/brasilnoticias.org\/site\/wp-json\/wp\/v2\/posts\/20170","targetHints":{"allow":["GET"]}}],"collection":[{"href":"https:\/\/brasilnoticias.org\/site\/wp-json\/wp\/v2\/posts"}],"about":[{"href":"https:\/\/brasilnoticias.org\/site\/wp-json\/wp\/v2\/types\/post"}],"author":[{"embeddable":true,"href":"https:\/\/brasilnoticias.org\/site\/wp-json\/wp\/v2\/users\/4"}],"replies":[{"embeddable":true,"href":"https:\/\/brasilnoticias.org\/site\/wp-json\/wp\/v2\/comments?post=20170"}],"version-history":[{"count":1,"href":"https:\/\/brasilnoticias.org\/site\/wp-json\/wp\/v2\/posts\/20170\/revisions"}],"predecessor-version":[{"id":20172,"href":"https:\/\/brasilnoticias.org\/site\/wp-json\/wp\/v2\/posts\/20170\/revisions\/20172"}],"wp:featuredmedia":[{"embeddable":true,"href":"https:\/\/brasilnoticias.org\/site\/wp-json\/wp\/v2\/media\/20171"}],"wp:attachment":[{"href":"https:\/\/brasilnoticias.org\/site\/wp-json\/wp\/v2\/media?parent=20170"}],"wp:term":[{"taxonomy":"category","embeddable":true,"href":"https:\/\/brasilnoticias.org\/site\/wp-json\/wp\/v2\/categories?post=20170"},{"taxonomy":"post_tag","embeddable":true,"href":"https:\/\/brasilnoticias.org\/site\/wp-json\/wp\/v2\/tags?post=20170"}],"curies":[{"name":"wp","href":"https:\/\/api.w.org\/{rel}","templated":true}]}}