{"id":20184,"date":"2026-02-06T06:44:32","date_gmt":"2026-02-06T09:44:32","guid":{"rendered":"https:\/\/brasilnoticias.org\/site\/?p=20184"},"modified":"2026-02-06T06:44:32","modified_gmt":"2026-02-06T09:44:32","slug":"expulso-contra-o-fluminense-dell-desfalca-o-bahia-diante-do-vasco-pelo-brasileirao","status":"publish","type":"post","link":"https:\/\/brasilnoticias.org\/site\/expulso-contra-o-fluminense-dell-desfalca-o-bahia-diante-do-vasco-pelo-brasileirao\/","title":{"rendered":"Expulso contra o Fluminense, Dell desfalca o Bahia diante do Vasco pelo Brasileir\u00e3o"},"content":{"rendered":"<p>O Esporte Clube Bahia n\u00e3o poder\u00e1 contar com o volante Dell na pr\u00f3xima rodada do Campeonato Brasileiro. O jogador foi expulso na partida contra o Fluminense e est\u00e1 automaticamente suspenso para o confronto diante do Vasco, que acontece na sequ\u00eancia da competi\u00e7\u00e3o nacional.<\/p>\n<p>A expuls\u00e3o ocorreu durante o duelo contra a equipe carioca, em um lance que gerou reclama\u00e7\u00f5es por parte dos jogadores e da comiss\u00e3o t\u00e9cnica do Bahia. A aus\u00eancia de Dell foi sentida ainda no decorrer da partida, j\u00e1 que o atleta vinha sendo pe\u00e7a importante no sistema defensivo e na organiza\u00e7\u00e3o do meio-campo tricolor.<\/p>\n<p>Com a suspens\u00e3o confirmada, a comiss\u00e3o t\u00e9cnica ter\u00e1 de promover mudan\u00e7as na equipe titular para o jogo contra o Vasco. A tend\u00eancia \u00e9 que o treinador avalie alternativas dentro do elenco, seja com a entrada de um jogador de caracter\u00edsticas semelhantes ou com uma mudan\u00e7a t\u00e1tica para suprir a aus\u00eancia do volante.<\/p>\n<p>Dell vinha acumulando boas atua\u00e7\u00f5es no Campeonato Brasileiro, sendo respons\u00e1vel por proteger a defesa, ajudar na sa\u00edda de bola e dar equil\u00edbrio ao time em momentos de press\u00e3o. Sua aus\u00eancia obriga o Bahia a reorganizar o setor de meio-campo em um momento considerado importante da competi\u00e7\u00e3o.<\/p>\n<p>O confronto contra o Vasco \u00e9 visto internamente como decisivo para a sequ\u00eancia do Bahia no Brasileir\u00e3o, j\u00e1 que o clube busca somar pontos para se afastar das posi\u00e7\u00f5es inc\u00f4modas da tabela e ganhar confian\u00e7a na competi\u00e7\u00e3o. A expectativa \u00e9 de um jogo disputado, com aten\u00e7\u00e3o redobrada no setor que ficar\u00e1 desfalcado.<\/p>\n<p>Apesar do desfalque, o Bahia aposta no elenco e no apoio da torcida para tentar conquistar um resultado positivo e manter a regularidade no campeonato. A comiss\u00e3o t\u00e9cnica deve definir o substituto de Dell apenas nos treinos que antecedem a partida.<\/p>\n<p>Fonte: Bahia Not\u00edcias<br \/>\nFoto: Maur\u00edcia da Matta \/ Bahia Not\u00edcias<\/p>\n","protected":false},"excerpt":{"rendered":"<p>O Esporte Clube Bahia n\u00e3o poder\u00e1 contar com o volante Dell na pr\u00f3xima rodada do Campeonato Brasileiro. O jogador foi<\/p>\n","protected":false},"author":4,"featured_media":20187,"comment_status":"open","ping_status":"open","sticky":false,"template":"","format":"standard","meta":{"colormag_page_container_layout":"default_layout","colormag_page_sidebar_layout":"default_layout","_FSMCFIC_featured_image_caption":"","_FSMCFIC_featured_image_nocaption":"","_FSMCFIC_featured_image_hide":"","footnotes":""},"categories":[4,1],"tags":[],"class_list":["post-20184","post","type-post","status-publish","format-standard","has-post-thumbnail","hentry","category-esporte","category-ultimas"],"yoast_head":"<!-- This site is optimized with the Yoast SEO plugin v27.1.1 - https:\/\/yoast.com\/product\/yoast-seo-wordpress\/ -->\n<title>Expulso contra o Fluminense, Dell desfalca o Bahia diante do Vasco pelo Brasileir\u00e3o - Brasil not\u00edcias<\/title>\n<meta name=\"robots\" content=\"index, follow, max-snippet:-1, max-image-preview:large, max-video-preview:-1\" \/>\n<link rel=\"canonical\" href=\"https:\/\/brasilnoticias.org\/site\/expulso-contra-o-fluminense-dell-desfalca-o-bahia-diante-do-vasco-pelo-brasileirao\/\" \/>\n<meta property=\"og:locale\" content=\"pt_PT\" \/>\n<meta property=\"og:type\" content=\"article\" \/>\n<meta property=\"og:title\" content=\"Expulso contra o Fluminense, Dell desfalca o Bahia diante do Vasco pelo Brasileir\u00e3o - Brasil not\u00edcias\" \/>\n<meta property=\"og:description\" content=\"O Esporte Clube Bahia n\u00e3o poder\u00e1 contar com o volante Dell na pr\u00f3xima rodada do Campeonato Brasileiro. O jogador foi\" \/>\n<meta property=\"og:url\" content=\"https:\/\/brasilnoticias.org\/site\/expulso-contra-o-fluminense-dell-desfalca-o-bahia-diante-do-vasco-pelo-brasileirao\/\" \/>\n<meta property=\"og:site_name\" content=\"Brasil not\u00edcias\" \/>\n<meta property=\"article:published_time\" content=\"2026-02-06T09:44:32+00:00\" \/>\n<meta property=\"og:image\" content=\"https:\/\/brasilnoticias.org\/site\/wp-content\/uploads\/2026\/02\/IMAGEM_BAHIA_9.webp\" \/>\n\t<meta property=\"og:image:width\" content=\"1200\" \/>\n\t<meta property=\"og:image:height\" content=\"630\" \/>\n\t<meta property=\"og:image:type\" content=\"image\/webp\" \/>\n<meta name=\"author\" content=\"Reda\u00e7\u00e3o\" \/>\n<meta name=\"twitter:card\" content=\"summary_large_image\" \/>\n<meta name=\"twitter:label1\" content=\"Escrito por\" \/>\n\t<meta name=\"twitter:data1\" content=\"Reda\u00e7\u00e3o\" \/>\n\t<meta name=\"twitter:label2\" content=\"Tempo estimado de leitura\" \/>\n\t<meta name=\"twitter:data2\" content=\"1 minuto\" \/>\n<script type=\"application\/ld+json\" class=\"yoast-schema-graph\">{\"@context\":\"https:\/\/schema.org\",\"@graph\":[{\"@type\":\"Article\",\"@id\":\"https:\/\/brasilnoticias.org\/site\/expulso-contra-o-fluminense-dell-desfalca-o-bahia-diante-do-vasco-pelo-brasileirao\/#article\",\"isPartOf\":{\"@id\":\"https:\/\/brasilnoticias.org\/site\/expulso-contra-o-fluminense-dell-desfalca-o-bahia-diante-do-vasco-pelo-brasileirao\/\"},\"author\":{\"name\":\"Reda\u00e7\u00e3o\",\"@id\":\"https:\/\/brasilnoticias.org\/site\/#\/schema\/person\/03bbbfe6c7634ad18c26444ea39049fa\"},\"headline\":\"Expulso contra o Fluminense, Dell desfalca o Bahia diante do Vasco pelo Brasileir\u00e3o\",\"datePublished\":\"2026-02-06T09:44:32+00:00\",\"mainEntityOfPage\":{\"@id\":\"https:\/\/brasilnoticias.org\/site\/expulso-contra-o-fluminense-dell-desfalca-o-bahia-diante-do-vasco-pelo-brasileirao\/\"},\"wordCount\":347,\"commentCount\":0,\"publisher\":{\"@id\":\"https:\/\/brasilnoticias.org\/site\/#organization\"},\"image\":{\"@id\":\"https:\/\/brasilnoticias.org\/site\/expulso-contra-o-fluminense-dell-desfalca-o-bahia-diante-do-vasco-pelo-brasileirao\/#primaryimage\"},\"thumbnailUrl\":\"https:\/\/brasilnoticias.org\/site\/wp-content\/uploads\/2026\/02\/IMAGEM_BAHIA_9.webp\",\"articleSection\":[\"Esporte\",\"\u00daltimas\"],\"inLanguage\":\"pt-PT\",\"potentialAction\":[{\"@type\":\"CommentAction\",\"name\":\"Comment\",\"target\":[\"https:\/\/brasilnoticias.org\/site\/expulso-contra-o-fluminense-dell-desfalca-o-bahia-diante-do-vasco-pelo-brasileirao\/#respond\"]}]},{\"@type\":\"WebPage\",\"@id\":\"https:\/\/brasilnoticias.org\/site\/expulso-contra-o-fluminense-dell-desfalca-o-bahia-diante-do-vasco-pelo-brasileirao\/\",\"url\":\"https:\/\/brasilnoticias.org\/site\/expulso-contra-o-fluminense-dell-desfalca-o-bahia-diante-do-vasco-pelo-brasileirao\/\",\"name\":\"Expulso contra o Fluminense, Dell desfalca o Bahia diante do Vasco pelo Brasileir\u00e3o - Brasil not\u00edcias\",\"isPartOf\":{\"@id\":\"https:\/\/brasilnoticias.org\/site\/#website\"},\"primaryImageOfPage\":{\"@id\":\"https:\/\/brasilnoticias.org\/site\/expulso-contra-o-fluminense-dell-desfalca-o-bahia-diante-do-vasco-pelo-brasileirao\/#primaryimage\"},\"image\":{\"@id\":\"https:\/\/brasilnoticias.org\/site\/expulso-contra-o-fluminense-dell-desfalca-o-bahia-diante-do-vasco-pelo-brasileirao\/#primaryimage\"},\"thumbnailUrl\":\"https:\/\/brasilnoticias.org\/site\/wp-content\/uploads\/2026\/02\/IMAGEM_BAHIA_9.webp\",\"datePublished\":\"2026-02-06T09:44:32+00:00\",\"breadcrumb\":{\"@id\":\"https:\/\/brasilnoticias.org\/site\/expulso-contra-o-fluminense-dell-desfalca-o-bahia-diante-do-vasco-pelo-brasileirao\/#breadcrumb\"},\"inLanguage\":\"pt-PT\",\"potentialAction\":[{\"@type\":\"ReadAction\",\"target\":[\"https:\/\/brasilnoticias.org\/site\/expulso-contra-o-fluminense-dell-desfalca-o-bahia-diante-do-vasco-pelo-brasileirao\/\"]}]},{\"@type\":\"ImageObject\",\"inLanguage\":\"pt-PT\",\"@id\":\"https:\/\/brasilnoticias.org\/site\/expulso-contra-o-fluminense-dell-desfalca-o-bahia-diante-do-vasco-pelo-brasileirao\/#primaryimage\",\"url\":\"https:\/\/brasilnoticias.org\/site\/wp-content\/uploads\/2026\/02\/IMAGEM_BAHIA_9.webp\",\"contentUrl\":\"https:\/\/brasilnoticias.org\/site\/wp-content\/uploads\/2026\/02\/IMAGEM_BAHIA_9.webp\",\"width\":1200,\"height\":630},{\"@type\":\"BreadcrumbList\",\"@id\":\"https:\/\/brasilnoticias.org\/site\/expulso-contra-o-fluminense-dell-desfalca-o-bahia-diante-do-vasco-pelo-brasileirao\/#breadcrumb\",\"itemListElement\":[{\"@type\":\"ListItem\",\"position\":1,\"name\":\"In\u00edcio\",\"item\":\"https:\/\/brasilnoticias.org\/site\/\"},{\"@type\":\"ListItem\",\"position\":2,\"name\":\"Expulso contra o Fluminense, Dell desfalca o Bahia diante do Vasco pelo Brasileir\u00e3o\"}]},{\"@type\":\"WebSite\",\"@id\":\"https:\/\/brasilnoticias.org\/site\/#website\",\"url\":\"https:\/\/brasilnoticias.org\/site\/\",\"name\":\"Brasil not\u00edcias\",\"description\":\"Brasil not\u00edcias\",\"publisher\":{\"@id\":\"https:\/\/brasilnoticias.org\/site\/#organization\"},\"potentialAction\":[{\"@type\":\"SearchAction\",\"target\":{\"@type\":\"EntryPoint\",\"urlTemplate\":\"https:\/\/brasilnoticias.org\/site\/?s={search_term_string}\"},\"query-input\":{\"@type\":\"PropertyValueSpecification\",\"valueRequired\":true,\"valueName\":\"search_term_string\"}}],\"inLanguage\":\"pt-PT\"},{\"@type\":\"Organization\",\"@id\":\"https:\/\/brasilnoticias.org\/site\/#organization\",\"name\":\"Brasil not\u00edcias\",\"url\":\"https:\/\/brasilnoticias.org\/site\/\",\"logo\":{\"@type\":\"ImageObject\",\"inLanguage\":\"pt-PT\",\"@id\":\"https:\/\/brasilnoticias.org\/site\/#\/schema\/logo\/image\/\",\"url\":\"https:\/\/brasilnoticias.org\/site\/wp-content\/uploads\/2022\/05\/cropped-brasilnoticias-mini.jpg\",\"contentUrl\":\"https:\/\/brasilnoticias.org\/site\/wp-content\/uploads\/2022\/05\/cropped-brasilnoticias-mini.jpg\",\"width\":314,\"height\":86,\"caption\":\"Brasil not\u00edcias\"},\"image\":{\"@id\":\"https:\/\/brasilnoticias.org\/site\/#\/schema\/logo\/image\/\"}},{\"@type\":\"Person\",\"@id\":\"https:\/\/brasilnoticias.org\/site\/#\/schema\/person\/03bbbfe6c7634ad18c26444ea39049fa\",\"name\":\"Reda\u00e7\u00e3o\",\"image\":{\"@type\":\"ImageObject\",\"inLanguage\":\"pt-PT\",\"@id\":\"https:\/\/brasilnoticias.org\/site\/#\/schema\/person\/image\/\",\"url\":\"https:\/\/secure.gravatar.com\/avatar\/9ecaf7327a696cb23ad926fedded5f1f04d7049de9e445375d55b48c001a6e42?s=96&d=mm&r=g\",\"contentUrl\":\"https:\/\/secure.gravatar.com\/avatar\/9ecaf7327a696cb23ad926fedded5f1f04d7049de9e445375d55b48c001a6e42?s=96&d=mm&r=g\",\"caption\":\"Reda\u00e7\u00e3o\"},\"url\":\"https:\/\/brasilnoticias.org\/site\/author\/henrique\/\"}]}<\/script>\n<!-- \/ Yoast SEO plugin. -->","yoast_head_json":{"title":"Expulso contra o Fluminense, Dell desfalca o Bahia diante do Vasco pelo Brasileir\u00e3o - Brasil not\u00edcias","robots":{"index":"index","follow":"follow","max-snippet":"max-snippet:-1","max-image-preview":"max-image-preview:large","max-video-preview":"max-video-preview:-1"},"canonical":"https:\/\/brasilnoticias.org\/site\/expulso-contra-o-fluminense-dell-desfalca-o-bahia-diante-do-vasco-pelo-brasileirao\/","og_locale":"pt_PT","og_type":"article","og_title":"Expulso contra o Fluminense, Dell desfalca o Bahia diante do Vasco pelo Brasileir\u00e3o - Brasil not\u00edcias","og_description":"O Esporte Clube Bahia n\u00e3o poder\u00e1 contar com o volante Dell na pr\u00f3xima rodada do Campeonato Brasileiro. O jogador foi","og_url":"https:\/\/brasilnoticias.org\/site\/expulso-contra-o-fluminense-dell-desfalca-o-bahia-diante-do-vasco-pelo-brasileirao\/","og_site_name":"Brasil not\u00edcias","article_published_time":"2026-02-06T09:44:32+00:00","og_image":[{"width":1200,"height":630,"url":"https:\/\/brasilnoticias.org\/site\/wp-content\/uploads\/2026\/02\/IMAGEM_BAHIA_9.webp","type":"image\/webp"}],"author":"Reda\u00e7\u00e3o","twitter_card":"summary_large_image","twitter_misc":{"Escrito por":"Reda\u00e7\u00e3o","Tempo estimado de leitura":"1 minuto"},"schema":{"@context":"https:\/\/schema.org","@graph":[{"@type":"Article","@id":"https:\/\/brasilnoticias.org\/site\/expulso-contra-o-fluminense-dell-desfalca-o-bahia-diante-do-vasco-pelo-brasileirao\/#article","isPartOf":{"@id":"https:\/\/brasilnoticias.org\/site\/expulso-contra-o-fluminense-dell-desfalca-o-bahia-diante-do-vasco-pelo-brasileirao\/"},"author":{"name":"Reda\u00e7\u00e3o","@id":"https:\/\/brasilnoticias.org\/site\/#\/schema\/person\/03bbbfe6c7634ad18c26444ea39049fa"},"headline":"Expulso contra o Fluminense, Dell desfalca o Bahia diante do Vasco pelo Brasileir\u00e3o","datePublished":"2026-02-06T09:44:32+00:00","mainEntityOfPage":{"@id":"https:\/\/brasilnoticias.org\/site\/expulso-contra-o-fluminense-dell-desfalca-o-bahia-diante-do-vasco-pelo-brasileirao\/"},"wordCount":347,"commentCount":0,"publisher":{"@id":"https:\/\/brasilnoticias.org\/site\/#organization"},"image":{"@id":"https:\/\/brasilnoticias.org\/site\/expulso-contra-o-fluminense-dell-desfalca-o-bahia-diante-do-vasco-pelo-brasileirao\/#primaryimage"},"thumbnailUrl":"https:\/\/brasilnoticias.org\/site\/wp-content\/uploads\/2026\/02\/IMAGEM_BAHIA_9.webp","articleSection":["Esporte","\u00daltimas"],"inLanguage":"pt-PT","potentialAction":[{"@type":"CommentAction","name":"Comment","target":["https:\/\/brasilnoticias.org\/site\/expulso-contra-o-fluminense-dell-desfalca-o-bahia-diante-do-vasco-pelo-brasileirao\/#respond"]}]},{"@type":"WebPage","@id":"https:\/\/brasilnoticias.org\/site\/expulso-contra-o-fluminense-dell-desfalca-o-bahia-diante-do-vasco-pelo-brasileirao\/","url":"https:\/\/brasilnoticias.org\/site\/expulso-contra-o-fluminense-dell-desfalca-o-bahia-diante-do-vasco-pelo-brasileirao\/","name":"Expulso contra o Fluminense, Dell desfalca o Bahia diante do Vasco pelo Brasileir\u00e3o - Brasil not\u00edcias","isPartOf":{"@id":"https:\/\/brasilnoticias.org\/site\/#website"},"primaryImageOfPage":{"@id":"https:\/\/brasilnoticias.org\/site\/expulso-contra-o-fluminense-dell-desfalca-o-bahia-diante-do-vasco-pelo-brasileirao\/#primaryimage"},"image":{"@id":"https:\/\/brasilnoticias.org\/site\/expulso-contra-o-fluminense-dell-desfalca-o-bahia-diante-do-vasco-pelo-brasileirao\/#primaryimage"},"thumbnailUrl":"https:\/\/brasilnoticias.org\/site\/wp-content\/uploads\/2026\/02\/IMAGEM_BAHIA_9.webp","datePublished":"2026-02-06T09:44:32+00:00","breadcrumb":{"@id":"https:\/\/brasilnoticias.org\/site\/expulso-contra-o-fluminense-dell-desfalca-o-bahia-diante-do-vasco-pelo-brasileirao\/#breadcrumb"},"inLanguage":"pt-PT","potentialAction":[{"@type":"ReadAction","target":["https:\/\/brasilnoticias.org\/site\/expulso-contra-o-fluminense-dell-desfalca-o-bahia-diante-do-vasco-pelo-brasileirao\/"]}]},{"@type":"ImageObject","inLanguage":"pt-PT","@id":"https:\/\/brasilnoticias.org\/site\/expulso-contra-o-fluminense-dell-desfalca-o-bahia-diante-do-vasco-pelo-brasileirao\/#primaryimage","url":"https:\/\/brasilnoticias.org\/site\/wp-content\/uploads\/2026\/02\/IMAGEM_BAHIA_9.webp","contentUrl":"https:\/\/brasilnoticias.org\/site\/wp-content\/uploads\/2026\/02\/IMAGEM_BAHIA_9.webp","width":1200,"height":630},{"@type":"BreadcrumbList","@id":"https:\/\/brasilnoticias.org\/site\/expulso-contra-o-fluminense-dell-desfalca-o-bahia-diante-do-vasco-pelo-brasileirao\/#breadcrumb","itemListElement":[{"@type":"ListItem","position":1,"name":"In\u00edcio","item":"https:\/\/brasilnoticias.org\/site\/"},{"@type":"ListItem","position":2,"name":"Expulso contra o Fluminense, Dell desfalca o Bahia diante do Vasco pelo Brasileir\u00e3o"}]},{"@type":"WebSite","@id":"https:\/\/brasilnoticias.org\/site\/#website","url":"https:\/\/brasilnoticias.org\/site\/","name":"Brasil not\u00edcias","description":"Brasil not\u00edcias","publisher":{"@id":"https:\/\/brasilnoticias.org\/site\/#organization"},"potentialAction":[{"@type":"SearchAction","target":{"@type":"EntryPoint","urlTemplate":"https:\/\/brasilnoticias.org\/site\/?s={search_term_string}"},"query-input":{"@type":"PropertyValueSpecification","valueRequired":true,"valueName":"search_term_string"}}],"inLanguage":"pt-PT"},{"@type":"Organization","@id":"https:\/\/brasilnoticias.org\/site\/#organization","name":"Brasil not\u00edcias","url":"https:\/\/brasilnoticias.org\/site\/","logo":{"@type":"ImageObject","inLanguage":"pt-PT","@id":"https:\/\/brasilnoticias.org\/site\/#\/schema\/logo\/image\/","url":"https:\/\/brasilnoticias.org\/site\/wp-content\/uploads\/2022\/05\/cropped-brasilnoticias-mini.jpg","contentUrl":"https:\/\/brasilnoticias.org\/site\/wp-content\/uploads\/2022\/05\/cropped-brasilnoticias-mini.jpg","width":314,"height":86,"caption":"Brasil not\u00edcias"},"image":{"@id":"https:\/\/brasilnoticias.org\/site\/#\/schema\/logo\/image\/"}},{"@type":"Person","@id":"https:\/\/brasilnoticias.org\/site\/#\/schema\/person\/03bbbfe6c7634ad18c26444ea39049fa","name":"Reda\u00e7\u00e3o","image":{"@type":"ImageObject","inLanguage":"pt-PT","@id":"https:\/\/brasilnoticias.org\/site\/#\/schema\/person\/image\/","url":"https:\/\/secure.gravatar.com\/avatar\/9ecaf7327a696cb23ad926fedded5f1f04d7049de9e445375d55b48c001a6e42?s=96&d=mm&r=g","contentUrl":"https:\/\/secure.gravatar.com\/avatar\/9ecaf7327a696cb23ad926fedded5f1f04d7049de9e445375d55b48c001a6e42?s=96&d=mm&r=g","caption":"Reda\u00e7\u00e3o"},"url":"https:\/\/brasilnoticias.org\/site\/author\/henrique\/"}]}},"_links":{"self":[{"href":"https:\/\/brasilnoticias.org\/site\/wp-json\/wp\/v2\/posts\/20184","targetHints":{"allow":["GET"]}}],"collection":[{"href":"https:\/\/brasilnoticias.org\/site\/wp-json\/wp\/v2\/posts"}],"about":[{"href":"https:\/\/brasilnoticias.org\/site\/wp-json\/wp\/v2\/types\/post"}],"author":[{"embeddable":true,"href":"https:\/\/brasilnoticias.org\/site\/wp-json\/wp\/v2\/users\/4"}],"replies":[{"embeddable":true,"href":"https:\/\/brasilnoticias.org\/site\/wp-json\/wp\/v2\/comments?post=20184"}],"version-history":[{"count":1,"href":"https:\/\/brasilnoticias.org\/site\/wp-json\/wp\/v2\/posts\/20184\/revisions"}],"predecessor-version":[{"id":20188,"href":"https:\/\/brasilnoticias.org\/site\/wp-json\/wp\/v2\/posts\/20184\/revisions\/20188"}],"wp:featuredmedia":[{"embeddable":true,"href":"https:\/\/brasilnoticias.org\/site\/wp-json\/wp\/v2\/media\/20187"}],"wp:attachment":[{"href":"https:\/\/brasilnoticias.org\/site\/wp-json\/wp\/v2\/media?parent=20184"}],"wp:term":[{"taxonomy":"category","embeddable":true,"href":"https:\/\/brasilnoticias.org\/site\/wp-json\/wp\/v2\/categories?post=20184"},{"taxonomy":"post_tag","embeddable":true,"href":"https:\/\/brasilnoticias.org\/site\/wp-json\/wp\/v2\/tags?post=20184"}],"curies":[{"name":"wp","href":"https:\/\/api.w.org\/{rel}","templated":true}]}}